{"id":21691,"date":"2016-03-22T21:45:31","date_gmt":"2016-03-22T21:45:31","guid":{"rendered":"https:\/\/abarevegan.com.br\/index.php\/2016\/03\/22\/seap-e-embrapa-unidas-contra-a-sigatoka-negra\/"},"modified":"2016-03-22T21:45:31","modified_gmt":"2016-03-22T21:45:31","slug":"seap-e-embrapa-unidas-contra-a-sigatoka-negra","status":"publish","type":"post","link":"https:\/\/nk7-testes.com.br\/agazeta\/seap-e-embrapa-unidas-contra-a-sigatoka-negra\/","title":{"rendered":"Seap e Embrapa: unidas contra a sigatoka-negra"},"content":{"rendered":"<p style=\"text-align: justify;\">Praga resiste e prejudica produtividade do agricultor<\/p>\n<p style=\"text-align: justify;\">O Acre produz 77 mil toneladas de banana por ano, em 7,3 mil hectares. Os maiores produtores do estado s\u00e3o os munic\u00edpios de Acrel\u00e2ndia, Porto Acre e Pl\u00e1cido de Castro.<\/p>\n<p style=\"text-align: justify;\">Mas, esse n\u00famero \u00e9 considerado baixo para a Empresa Brasileira de Pesquisa Agropecu\u00e1ria (Embrapa). Por aqui, ainda \u00e9 preciso importar a banana de estados como a Bahia: 40% do cultivo local s\u00e3o vendidos para o Amazonas.<\/p>\n<p style=\"text-align: justify;\">\u201cA gente sabe que o nosso estado \u00e9 um grande produtor de banana. O que n\u00f3s estamos precisando agora \u00e9 aprimorar a t\u00e9cnica,\u201d disse o Secret\u00e1rio de Estado de Agropecu\u00e1ria, Jos\u00e9 Carlos Reis.<\/p>\n<p style=\"text-align: justify;\">Um dos motivos para essa venda m\u00ednima e a necessidade de compra de outros estados diz respeito \u00e0 doen\u00e7a sigatoka-negra, que prejudica a planta. Elas ficam com as folhas secas e assim desencadeia a perda de 100% da fruta.<\/p>\n<p style=\"text-align: justify;\">Esse tipo de praga \u00e9 comum nas bananas compridas do Acre. Os outros estados realizam uma barreira sanit\u00e1ria para impedir que o produto contamine o cultivo dessas regi\u00f5es, assim n\u00e3o h\u00e1 aceita\u00e7\u00e3o em outros mercados.<\/p>\n<p style=\"text-align: justify;\">Pensando nisso, a Embrapa desenvolveu um m\u00e9todo de combate \u00e0 doen\u00e7a com a aplica\u00e7\u00e3o de uma pequena quantidade de fungicida na bananeira, que funciona como uma esp\u00e9cie de vacina e assim protege a planta do fungo.<\/p>\n<p style=\"text-align: justify;\">Essa iniciativa vem sendo estudada h\u00e1 3 anos e aumentou em 35% a produ\u00e7\u00e3o no estado. \u201cA base \u00e9 experimenta\u00e7\u00e3o. A partir dos estudos dos pesquisadores, voc\u00ea trabalha m\u00e9todos de controle e tamb\u00e9m esp\u00e9cies resistentes. Hoje a Embrapa tem essas tecnologias nessas duas vias\u201d, explicou o chefe geral da Embrapa\/AC, Eufran Amaral.<\/p>\n<p style=\"text-align: justify;\">Para aplicar esse experimento em toda produ\u00e7\u00e3o, extensionistas da Secretaria Estadual de Agropecu\u00e1ria (Seap) recebem o treinamento dos pesquisadores da Embrapa. O objetivo \u00e9 diminuir as perdas e controlar a sigatoka-negra.<\/p>\n<p style=\"text-align: justify;\">\u201cA ideia \u00e9 adquirir o conhecimento e transferir para os produtores, verificando as necessidades para que eles possam se adequar as novas tecnologias, aumentando a produtividade e consequentemente a renda dessas fam\u00edlias\u201d, completou o engenheiro florestal da Seap, Igor Honorato.<\/p>\n","protected":false},"excerpt":{"rendered":"<p style=\"text-align: justify;\">Praga resiste e prejudica produtividade do agricultor<\/p>\n","protected":false},"author":4,"featured_media":21690,"comment_status":"open","ping_status":"open","sticky":false,"template":"","format":"standard","meta":{"jnews-multi-image_gallery":[],"jnews_single_post":[],"jnews_primary_category":[],"jnews_social_meta":[],"jnews_review":[],"enable_review":"","type":"","name":"","summary":"","brand":"","sku":"","good":[],"bad":[],"score_override":"","override_value":"","rating":[],"price":[],"footnotes":""},"categories":[54],"tags":[],"class_list":["post-21691","post","type-post","status-publish","format-standard","has-post-thumbnail","hentry","category-cotidiano"],"yoast_head":"<!-- This site is optimized with the Yoast SEO plugin v26.5 - https:\/\/yoast.com\/wordpress\/plugins\/seo\/ -->\n<title>Seap e Embrapa: unidas contra a sigatoka-negra - Agazeta.net<\/title>\n<meta name=\"robots\" content=\"index, follow, max-snippet:-1, max-image-preview:large, max-video-preview:-1\" \/>\n<link rel=\"canonical\" href=\"https:\/\/nk7-testes.com.br\/agazeta\/seap-e-embrapa-unidas-contra-a-sigatoka-negra\/\" \/>\n<meta property=\"og:locale\" content=\"pt_BR\" \/>\n<meta property=\"og:type\" content=\"article\" \/>\n<meta property=\"og:title\" content=\"Seap e Embrapa: unidas contra a sigatoka-negra - Agazeta.net\" \/>\n<meta property=\"og:description\" content=\"Praga resiste e prejudica produtividade do agricultor\" \/>\n<meta property=\"og:url\" content=\"https:\/\/nk7-testes.com.br\/agazeta\/seap-e-embrapa-unidas-contra-a-sigatoka-negra\/\" \/>\n<meta property=\"og:site_name\" content=\"Agazeta.net\" \/>\n<meta property=\"article:published_time\" content=\"2016-03-22T21:45:31+00:00\" \/>\n<meta property=\"og:image\" content=\"https:\/\/nk7-testes.com.br\/agazeta\/wp-content\/uploads\/2016\/03\/220316-cotidiano-banana-tvgazeta.jpg\" \/>\n\t<meta property=\"og:image:width\" content=\"458\" \/>\n\t<meta property=\"og:image:height\" content=\"340\" \/>\n\t<meta property=\"og:image:type\" content=\"image\/jpeg\" \/>\n<meta name=\"author\" content=\"Agazeta.Net\" \/>\n<meta name=\"twitter:card\" content=\"summary_large_image\" \/>\n<meta name=\"twitter:label1\" content=\"Escrito por\" \/>\n\t<meta name=\"twitter:data1\" content=\"Agazeta.Net\" \/>\n\t<meta name=\"twitter:label2\" content=\"Est. tempo de leitura\" \/>\n\t<meta name=\"twitter:data2\" content=\"2 minutos\" \/>\n<script type=\"application\/ld+json\" class=\"yoast-schema-graph\">{\"@context\":\"https:\/\/schema.org\",\"@graph\":[{\"@type\":\"WebPage\",\"@id\":\"https:\/\/nk7-testes.com.br\/agazeta\/seap-e-embrapa-unidas-contra-a-sigatoka-negra\/\",\"url\":\"https:\/\/nk7-testes.com.br\/agazeta\/seap-e-embrapa-unidas-contra-a-sigatoka-negra\/\",\"name\":\"Seap e Embrapa: unidas contra a sigatoka-negra - Agazeta.net\",\"isPartOf\":{\"@id\":\"https:\/\/nk7-testes.com.br\/agazeta\/#website\"},\"primaryImageOfPage\":{\"@id\":\"https:\/\/nk7-testes.com.br\/agazeta\/seap-e-embrapa-unidas-contra-a-sigatoka-negra\/#primaryimage\"},\"image\":{\"@id\":\"https:\/\/nk7-testes.com.br\/agazeta\/seap-e-embrapa-unidas-contra-a-sigatoka-negra\/#primaryimage\"},\"thumbnailUrl\":\"https:\/\/nk7-testes.com.br\/agazeta\/wp-content\/uploads\/2016\/03\/220316-cotidiano-banana-tvgazeta.jpg\",\"datePublished\":\"2016-03-22T21:45:31+00:00\",\"author\":{\"@id\":\"https:\/\/nk7-testes.com.br\/agazeta\/#\/schema\/person\/6d6e25cb0435eb4a02fd44d30b4e3020\"},\"breadcrumb\":{\"@id\":\"https:\/\/nk7-testes.com.br\/agazeta\/seap-e-embrapa-unidas-contra-a-sigatoka-negra\/#breadcrumb\"},\"inLanguage\":\"pt-BR\",\"potentialAction\":[{\"@type\":\"ReadAction\",\"target\":[\"https:\/\/nk7-testes.com.br\/agazeta\/seap-e-embrapa-unidas-contra-a-sigatoka-negra\/\"]}]},{\"@type\":\"ImageObject\",\"inLanguage\":\"pt-BR\",\"@id\":\"https:\/\/nk7-testes.com.br\/agazeta\/seap-e-embrapa-unidas-contra-a-sigatoka-negra\/#primaryimage\",\"url\":\"https:\/\/nk7-testes.com.br\/agazeta\/wp-content\/uploads\/2016\/03\/220316-cotidiano-banana-tvgazeta.jpg\",\"contentUrl\":\"https:\/\/nk7-testes.com.br\/agazeta\/wp-content\/uploads\/2016\/03\/220316-cotidiano-banana-tvgazeta.jpg\",\"width\":458,\"height\":340,\"caption\":\"220316-cotidiano-banana-tvgazeta\"},{\"@type\":\"BreadcrumbList\",\"@id\":\"https:\/\/nk7-testes.com.br\/agazeta\/seap-e-embrapa-unidas-contra-a-sigatoka-negra\/#breadcrumb\",\"itemListElement\":[{\"@type\":\"ListItem\",\"position\":1,\"name\":\"In\u00edcio\",\"item\":\"https:\/\/nk7-testes.com.br\/agazeta\/\"},{\"@type\":\"ListItem\",\"position\":2,\"name\":\"Seap e Embrapa: unidas contra a sigatoka-negra\"}]},{\"@type\":\"WebSite\",\"@id\":\"https:\/\/nk7-testes.com.br\/agazeta\/#website\",\"url\":\"https:\/\/nk7-testes.com.br\/agazeta\/\",\"name\":\"Agazeta.net\",\"description\":\"Agazeta.net - Not\u00edcias de Rio Branco\/AC\",\"potentialAction\":[{\"@type\":\"SearchAction\",\"target\":{\"@type\":\"EntryPoint\",\"urlTemplate\":\"https:\/\/nk7-testes.com.br\/agazeta\/?s={search_term_string}\"},\"query-input\":{\"@type\":\"PropertyValueSpecification\",\"valueRequired\":true,\"valueName\":\"search_term_string\"}}],\"inLanguage\":\"pt-BR\"},{\"@type\":\"Person\",\"@id\":\"https:\/\/nk7-testes.com.br\/agazeta\/#\/schema\/person\/6d6e25cb0435eb4a02fd44d30b4e3020\",\"name\":\"Agazeta.Net\",\"url\":\"https:\/\/nk7-testes.com.br\/agazeta\/author\/agazeta\/\"}]}<\/script>\n<!-- \/ Yoast SEO plugin. -->","yoast_head_json":{"title":"Seap e Embrapa: unidas contra a sigatoka-negra - Agazeta.net","robots":{"index":"index","follow":"follow","max-snippet":"max-snippet:-1","max-image-preview":"max-image-preview:large","max-video-preview":"max-video-preview:-1"},"canonical":"https:\/\/nk7-testes.com.br\/agazeta\/seap-e-embrapa-unidas-contra-a-sigatoka-negra\/","og_locale":"pt_BR","og_type":"article","og_title":"Seap e Embrapa: unidas contra a sigatoka-negra - Agazeta.net","og_description":"Praga resiste e prejudica produtividade do agricultor","og_url":"https:\/\/nk7-testes.com.br\/agazeta\/seap-e-embrapa-unidas-contra-a-sigatoka-negra\/","og_site_name":"Agazeta.net","article_published_time":"2016-03-22T21:45:31+00:00","og_image":[{"width":458,"height":340,"url":"https:\/\/nk7-testes.com.br\/agazeta\/wp-content\/uploads\/2016\/03\/220316-cotidiano-banana-tvgazeta.jpg","type":"image\/jpeg"}],"author":"Agazeta.Net","twitter_card":"summary_large_image","twitter_misc":{"Escrito por":"Agazeta.Net","Est. tempo de leitura":"2 minutos"},"schema":{"@context":"https:\/\/schema.org","@graph":[{"@type":"WebPage","@id":"https:\/\/nk7-testes.com.br\/agazeta\/seap-e-embrapa-unidas-contra-a-sigatoka-negra\/","url":"https:\/\/nk7-testes.com.br\/agazeta\/seap-e-embrapa-unidas-contra-a-sigatoka-negra\/","name":"Seap e Embrapa: unidas contra a sigatoka-negra - Agazeta.net","isPartOf":{"@id":"https:\/\/nk7-testes.com.br\/agazeta\/#website"},"primaryImageOfPage":{"@id":"https:\/\/nk7-testes.com.br\/agazeta\/seap-e-embrapa-unidas-contra-a-sigatoka-negra\/#primaryimage"},"image":{"@id":"https:\/\/nk7-testes.com.br\/agazeta\/seap-e-embrapa-unidas-contra-a-sigatoka-negra\/#primaryimage"},"thumbnailUrl":"https:\/\/nk7-testes.com.br\/agazeta\/wp-content\/uploads\/2016\/03\/220316-cotidiano-banana-tvgazeta.jpg","datePublished":"2016-03-22T21:45:31+00:00","author":{"@id":"https:\/\/nk7-testes.com.br\/agazeta\/#\/schema\/person\/6d6e25cb0435eb4a02fd44d30b4e3020"},"breadcrumb":{"@id":"https:\/\/nk7-testes.com.br\/agazeta\/seap-e-embrapa-unidas-contra-a-sigatoka-negra\/#breadcrumb"},"inLanguage":"pt-BR","potentialAction":[{"@type":"ReadAction","target":["https:\/\/nk7-testes.com.br\/agazeta\/seap-e-embrapa-unidas-contra-a-sigatoka-negra\/"]}]},{"@type":"ImageObject","inLanguage":"pt-BR","@id":"https:\/\/nk7-testes.com.br\/agazeta\/seap-e-embrapa-unidas-contra-a-sigatoka-negra\/#primaryimage","url":"https:\/\/nk7-testes.com.br\/agazeta\/wp-content\/uploads\/2016\/03\/220316-cotidiano-banana-tvgazeta.jpg","contentUrl":"https:\/\/nk7-testes.com.br\/agazeta\/wp-content\/uploads\/2016\/03\/220316-cotidiano-banana-tvgazeta.jpg","width":458,"height":340,"caption":"220316-cotidiano-banana-tvgazeta"},{"@type":"BreadcrumbList","@id":"https:\/\/nk7-testes.com.br\/agazeta\/seap-e-embrapa-unidas-contra-a-sigatoka-negra\/#breadcrumb","itemListElement":[{"@type":"ListItem","position":1,"name":"In\u00edcio","item":"https:\/\/nk7-testes.com.br\/agazeta\/"},{"@type":"ListItem","position":2,"name":"Seap e Embrapa: unidas contra a sigatoka-negra"}]},{"@type":"WebSite","@id":"https:\/\/nk7-testes.com.br\/agazeta\/#website","url":"https:\/\/nk7-testes.com.br\/agazeta\/","name":"Agazeta.net","description":"Agazeta.net - Not\u00edcias de Rio Branco\/AC","potentialAction":[{"@type":"SearchAction","target":{"@type":"EntryPoint","urlTemplate":"https:\/\/nk7-testes.com.br\/agazeta\/?s={search_term_string}"},"query-input":{"@type":"PropertyValueSpecification","valueRequired":true,"valueName":"search_term_string"}}],"inLanguage":"pt-BR"},{"@type":"Person","@id":"https:\/\/nk7-testes.com.br\/agazeta\/#\/schema\/person\/6d6e25cb0435eb4a02fd44d30b4e3020","name":"Agazeta.Net","url":"https:\/\/nk7-testes.com.br\/agazeta\/author\/agazeta\/"}]}},"_links":{"self":[{"href":"https:\/\/nk7-testes.com.br\/agazeta\/wp-json\/wp\/v2\/posts\/21691","targetHints":{"allow":["GET"]}}],"collection":[{"href":"https:\/\/nk7-testes.com.br\/agazeta\/wp-json\/wp\/v2\/posts"}],"about":[{"href":"https:\/\/nk7-testes.com.br\/agazeta\/wp-json\/wp\/v2\/types\/post"}],"author":[{"embeddable":true,"href":"https:\/\/nk7-testes.com.br\/agazeta\/wp-json\/wp\/v2\/users\/4"}],"replies":[{"embeddable":true,"href":"https:\/\/nk7-testes.com.br\/agazeta\/wp-json\/wp\/v2\/comments?post=21691"}],"version-history":[{"count":0,"href":"https:\/\/nk7-testes.com.br\/agazeta\/wp-json\/wp\/v2\/posts\/21691\/revisions"}],"wp:featuredmedia":[{"embeddable":true,"href":"https:\/\/nk7-testes.com.br\/agazeta\/wp-json\/wp\/v2\/media\/21690"}],"wp:attachment":[{"href":"https:\/\/nk7-testes.com.br\/agazeta\/wp-json\/wp\/v2\/media?parent=21691"}],"wp:term":[{"taxonomy":"category","embeddable":true,"href":"https:\/\/nk7-testes.com.br\/agazeta\/wp-json\/wp\/v2\/categories?post=21691"},{"taxonomy":"post_tag","embeddable":true,"href":"https:\/\/nk7-testes.com.br\/agazeta\/wp-json\/wp\/v2\/tags?post=21691"}],"curies":[{"name":"wp","href":"https:\/\/api.w.org\/{rel}","templated":true}]}}