{"id":21682,"date":"2016-03-22T17:51:18","date_gmt":"2016-03-22T17:51:18","guid":{"rendered":"https:\/\/abarevegan.com.br\/index.php\/2016\/03\/22\/fecomercio-55-dos-acreanos-conseguem-pagar-as-dividas\/"},"modified":"2016-03-22T17:51:18","modified_gmt":"2016-03-22T17:51:18","slug":"fecomercio-55-dos-acreanos-conseguem-pagar-as-dividas","status":"publish","type":"post","link":"https:\/\/nk7-testes.com.br\/agazeta\/fecomercio-55-dos-acreanos-conseguem-pagar-as-dividas\/","title":{"rendered":"Fecom\u00e9rcio: 55% dos acreanos conseguem pagar as d\u00edvidas"},"content":{"rendered":"<p style=\"text-align: justify;\">Embora paguem as contas, n\u00e3o sobra nada<\/p>\n<p style=\"text-align: justify;\">Segundo dados de pesquisa realizada pela Federa\u00e7\u00e3o do Com\u00e9rcio de Bens, Servi\u00e7os e Turismo do Acre (Fecom\u00e9rcio\/AC), por meio do Instituto Fecom\u00e9rcio de Pesquisas Empresariais do Acre (Ifepac), aproximadamente 55% da popula\u00e7\u00e3o local economicamente ocupada consegue pagar suas contas mensais, mas sem sobra de valores. Os dados foram colhidos junto a 392 consumidores entre os dias 8 e 15 de mar\u00e7o.<\/p>\n<p style=\"text-align: justify;\">Ainda de acordo com o levantamento, 14% costumam planejar o uso mensal dos recursos financeiros, chegando, inclusive, a finalizar o m\u00eas com saldo positivo; 14% sempre recorre ao limite de cr\u00e9dito para pagamentos; 8% n\u00e3o conseguem pagar as contas, mas n\u00e3o recorrem a financiamentos e; 8% sempre recorrem a financiamento para pagamentos parciais de d\u00edvidas.<\/p>\n<p style=\"text-align: justify;\">Quando questionados acerca da atitude do consumidor com \u201cor\u00e7amento apertado\u201d frente a duas contas importantes com vencimento da data, 34% entendem sobre a conveni\u00eancia de pagar primeira a conta cujo atraso implica em interrup\u00e7\u00e3o autom\u00e1tica de fornecimento de servi\u00e7os, como luz, telefone e internet. Outros 22% dizem priorizar o pagamento da conta que \u201cnegativa o nome do devedor\u201d em um menor espa\u00e7o de tempo.<\/p>\n<p style=\"text-align: justify;\">Em rela\u00e7\u00e3o ao esfor\u00e7o para o reequil\u00edbrio financeiro, 39% dos entrevistados afirmam que a melhor estrat\u00e9gia \u00e9 evitar gastos com lazer, enquanto outros 24% acreditam que a sa\u00edda \u00e9 diminuir o uso do cart\u00e3o de cr\u00e9dito. Al\u00e9m disso, a pesquisa de endividamento do consumidor aponta que 77% dos rio-branquenses t\u00eam obriga\u00e7\u00f5es com d\u00edvidas para os pr\u00f3ximos seis meses e, dentre estas d\u00edvidas, 30% s\u00e3o relativas a cart\u00e3o de cr\u00e9dito e, 18%, a contas de empr\u00e9stimos banc\u00e1rios.<\/p>\n<p style=\"text-align: justify;\">O levantamento aponta ainda que 31% dos consumidores do Acre comprometem entre 51% e 70% da respectiva renda mensal com pagamento de d\u00edvidas, sendo que 11% comprometem at\u00e9 82%. A pesquisa afirma tamb\u00e9m que, dos consumidores com d\u00edvidas, 45% informam responsabilidades com pend\u00eancia relativa e, dos endividados com d\u00edvidas em atraso, 27% contam com menos de 30 dias; e 17%, com tempo entre 31 a 60 dias.<\/p>\n<p style=\"text-align: justify;\">Falta de planejamento<\/p>\n<p style=\"text-align: justify;\">Segundo a pesquisa, dentre os fatores que podem comprometer a liquidez do devedor em rela\u00e7\u00e3o \u00e0s d\u00edvidas assumidas, a falta de planejamento para o uso dos recursos financeiros se faz presente junto a 46% dos consumidores locais, seguido pelo descontrole financeiro, alegado por 23%. Por\u00e9m, 86% da popula\u00e7\u00e3o economicamente ativa no Acre acredita que a renda mensal \u00e9 insuficiente para o atendimento das necessidades dom\u00e9sticas.<\/p>\n","protected":false},"excerpt":{"rendered":"<p style=\"text-align: justify;\">Embora paguem as contas, n\u00e3o sobra nada<\/p>\n","protected":false},"author":4,"featured_media":21681,"comment_status":"open","ping_status":"open","sticky":false,"template":"","format":"standard","meta":{"jnews-multi-image_gallery":[],"jnews_single_post":[],"jnews_primary_category":[],"jnews_social_meta":[],"jnews_review":[],"enable_review":"","type":"","name":"","summary":"","brand":"","sku":"","good":[],"bad":[],"score_override":"","override_value":"","rating":[],"price":[],"footnotes":""},"categories":[54],"tags":[],"class_list":["post-21682","post","type-post","status-publish","format-standard","has-post-thumbnail","hentry","category-cotidiano"],"yoast_head":"<!-- This site is optimized with the Yoast SEO plugin v26.5 - https:\/\/yoast.com\/wordpress\/plugins\/seo\/ -->\n<title>Fecom\u00e9rcio: 55% dos acreanos conseguem pagar as d\u00edvidas - Agazeta.net<\/title>\n<meta name=\"robots\" content=\"index, follow, max-snippet:-1, max-image-preview:large, max-video-preview:-1\" \/>\n<link rel=\"canonical\" href=\"https:\/\/nk7-testes.com.br\/agazeta\/fecomercio-55-dos-acreanos-conseguem-pagar-as-dividas\/\" \/>\n<meta property=\"og:locale\" content=\"pt_BR\" \/>\n<meta property=\"og:type\" content=\"article\" \/>\n<meta property=\"og:title\" content=\"Fecom\u00e9rcio: 55% dos acreanos conseguem pagar as d\u00edvidas - Agazeta.net\" \/>\n<meta property=\"og:description\" content=\"Embora paguem as contas, n\u00e3o sobra nada\" \/>\n<meta property=\"og:url\" content=\"https:\/\/nk7-testes.com.br\/agazeta\/fecomercio-55-dos-acreanos-conseguem-pagar-as-dividas\/\" \/>\n<meta property=\"og:site_name\" content=\"Agazeta.net\" \/>\n<meta property=\"article:published_time\" content=\"2016-03-22T17:51:18+00:00\" \/>\n<meta property=\"og:image\" content=\"https:\/\/nk7-testes.com.br\/agazeta\/wp-content\/uploads\/2016\/03\/220316-cotidiano-dividas.jpg\" \/>\n\t<meta property=\"og:image:width\" content=\"458\" \/>\n\t<meta property=\"og:image:height\" content=\"340\" \/>\n\t<meta property=\"og:image:type\" content=\"image\/jpeg\" \/>\n<meta name=\"author\" content=\"Agazeta.Net\" \/>\n<meta name=\"twitter:card\" content=\"summary_large_image\" \/>\n<meta name=\"twitter:label1\" content=\"Escrito por\" \/>\n\t<meta name=\"twitter:data1\" content=\"Agazeta.Net\" \/>\n\t<meta name=\"twitter:label2\" content=\"Est. tempo de leitura\" \/>\n\t<meta name=\"twitter:data2\" content=\"2 minutos\" \/>\n<script type=\"application\/ld+json\" class=\"yoast-schema-graph\">{\"@context\":\"https:\/\/schema.org\",\"@graph\":[{\"@type\":\"WebPage\",\"@id\":\"https:\/\/nk7-testes.com.br\/agazeta\/fecomercio-55-dos-acreanos-conseguem-pagar-as-dividas\/\",\"url\":\"https:\/\/nk7-testes.com.br\/agazeta\/fecomercio-55-dos-acreanos-conseguem-pagar-as-dividas\/\",\"name\":\"Fecom\u00e9rcio: 55% dos acreanos conseguem pagar as d\u00edvidas - Agazeta.net\",\"isPartOf\":{\"@id\":\"https:\/\/nk7-testes.com.br\/agazeta\/#website\"},\"primaryImageOfPage\":{\"@id\":\"https:\/\/nk7-testes.com.br\/agazeta\/fecomercio-55-dos-acreanos-conseguem-pagar-as-dividas\/#primaryimage\"},\"image\":{\"@id\":\"https:\/\/nk7-testes.com.br\/agazeta\/fecomercio-55-dos-acreanos-conseguem-pagar-as-dividas\/#primaryimage\"},\"thumbnailUrl\":\"https:\/\/nk7-testes.com.br\/agazeta\/wp-content\/uploads\/2016\/03\/220316-cotidiano-dividas.jpg\",\"datePublished\":\"2016-03-22T17:51:18+00:00\",\"author\":{\"@id\":\"https:\/\/nk7-testes.com.br\/agazeta\/#\/schema\/person\/6d6e25cb0435eb4a02fd44d30b4e3020\"},\"breadcrumb\":{\"@id\":\"https:\/\/nk7-testes.com.br\/agazeta\/fecomercio-55-dos-acreanos-conseguem-pagar-as-dividas\/#breadcrumb\"},\"inLanguage\":\"pt-BR\",\"potentialAction\":[{\"@type\":\"ReadAction\",\"target\":[\"https:\/\/nk7-testes.com.br\/agazeta\/fecomercio-55-dos-acreanos-conseguem-pagar-as-dividas\/\"]}]},{\"@type\":\"ImageObject\",\"inLanguage\":\"pt-BR\",\"@id\":\"https:\/\/nk7-testes.com.br\/agazeta\/fecomercio-55-dos-acreanos-conseguem-pagar-as-dividas\/#primaryimage\",\"url\":\"https:\/\/nk7-testes.com.br\/agazeta\/wp-content\/uploads\/2016\/03\/220316-cotidiano-dividas.jpg\",\"contentUrl\":\"https:\/\/nk7-testes.com.br\/agazeta\/wp-content\/uploads\/2016\/03\/220316-cotidiano-dividas.jpg\",\"width\":458,\"height\":340,\"caption\":\"220316-cotidiano-dividas\"},{\"@type\":\"BreadcrumbList\",\"@id\":\"https:\/\/nk7-testes.com.br\/agazeta\/fecomercio-55-dos-acreanos-conseguem-pagar-as-dividas\/#breadcrumb\",\"itemListElement\":[{\"@type\":\"ListItem\",\"position\":1,\"name\":\"In\u00edcio\",\"item\":\"https:\/\/nk7-testes.com.br\/agazeta\/\"},{\"@type\":\"ListItem\",\"position\":2,\"name\":\"Fecom\u00e9rcio: 55% dos acreanos conseguem pagar as d\u00edvidas\"}]},{\"@type\":\"WebSite\",\"@id\":\"https:\/\/nk7-testes.com.br\/agazeta\/#website\",\"url\":\"https:\/\/nk7-testes.com.br\/agazeta\/\",\"name\":\"Agazeta.net\",\"description\":\"Agazeta.net - Not\u00edcias de Rio Branco\/AC\",\"potentialAction\":[{\"@type\":\"SearchAction\",\"target\":{\"@type\":\"EntryPoint\",\"urlTemplate\":\"https:\/\/nk7-testes.com.br\/agazeta\/?s={search_term_string}\"},\"query-input\":{\"@type\":\"PropertyValueSpecification\",\"valueRequired\":true,\"valueName\":\"search_term_string\"}}],\"inLanguage\":\"pt-BR\"},{\"@type\":\"Person\",\"@id\":\"https:\/\/nk7-testes.com.br\/agazeta\/#\/schema\/person\/6d6e25cb0435eb4a02fd44d30b4e3020\",\"name\":\"Agazeta.Net\",\"url\":\"https:\/\/nk7-testes.com.br\/agazeta\/author\/agazeta\/\"}]}<\/script>\n<!-- \/ Yoast SEO plugin. -->","yoast_head_json":{"title":"Fecom\u00e9rcio: 55% dos acreanos conseguem pagar as d\u00edvidas - Agazeta.net","robots":{"index":"index","follow":"follow","max-snippet":"max-snippet:-1","max-image-preview":"max-image-preview:large","max-video-preview":"max-video-preview:-1"},"canonical":"https:\/\/nk7-testes.com.br\/agazeta\/fecomercio-55-dos-acreanos-conseguem-pagar-as-dividas\/","og_locale":"pt_BR","og_type":"article","og_title":"Fecom\u00e9rcio: 55% dos acreanos conseguem pagar as d\u00edvidas - Agazeta.net","og_description":"Embora paguem as contas, n\u00e3o sobra nada","og_url":"https:\/\/nk7-testes.com.br\/agazeta\/fecomercio-55-dos-acreanos-conseguem-pagar-as-dividas\/","og_site_name":"Agazeta.net","article_published_time":"2016-03-22T17:51:18+00:00","og_image":[{"width":458,"height":340,"url":"https:\/\/nk7-testes.com.br\/agazeta\/wp-content\/uploads\/2016\/03\/220316-cotidiano-dividas.jpg","type":"image\/jpeg"}],"author":"Agazeta.Net","twitter_card":"summary_large_image","twitter_misc":{"Escrito por":"Agazeta.Net","Est. tempo de leitura":"2 minutos"},"schema":{"@context":"https:\/\/schema.org","@graph":[{"@type":"WebPage","@id":"https:\/\/nk7-testes.com.br\/agazeta\/fecomercio-55-dos-acreanos-conseguem-pagar-as-dividas\/","url":"https:\/\/nk7-testes.com.br\/agazeta\/fecomercio-55-dos-acreanos-conseguem-pagar-as-dividas\/","name":"Fecom\u00e9rcio: 55% dos acreanos conseguem pagar as d\u00edvidas - Agazeta.net","isPartOf":{"@id":"https:\/\/nk7-testes.com.br\/agazeta\/#website"},"primaryImageOfPage":{"@id":"https:\/\/nk7-testes.com.br\/agazeta\/fecomercio-55-dos-acreanos-conseguem-pagar-as-dividas\/#primaryimage"},"image":{"@id":"https:\/\/nk7-testes.com.br\/agazeta\/fecomercio-55-dos-acreanos-conseguem-pagar-as-dividas\/#primaryimage"},"thumbnailUrl":"https:\/\/nk7-testes.com.br\/agazeta\/wp-content\/uploads\/2016\/03\/220316-cotidiano-dividas.jpg","datePublished":"2016-03-22T17:51:18+00:00","author":{"@id":"https:\/\/nk7-testes.com.br\/agazeta\/#\/schema\/person\/6d6e25cb0435eb4a02fd44d30b4e3020"},"breadcrumb":{"@id":"https:\/\/nk7-testes.com.br\/agazeta\/fecomercio-55-dos-acreanos-conseguem-pagar-as-dividas\/#breadcrumb"},"inLanguage":"pt-BR","potentialAction":[{"@type":"ReadAction","target":["https:\/\/nk7-testes.com.br\/agazeta\/fecomercio-55-dos-acreanos-conseguem-pagar-as-dividas\/"]}]},{"@type":"ImageObject","inLanguage":"pt-BR","@id":"https:\/\/nk7-testes.com.br\/agazeta\/fecomercio-55-dos-acreanos-conseguem-pagar-as-dividas\/#primaryimage","url":"https:\/\/nk7-testes.com.br\/agazeta\/wp-content\/uploads\/2016\/03\/220316-cotidiano-dividas.jpg","contentUrl":"https:\/\/nk7-testes.com.br\/agazeta\/wp-content\/uploads\/2016\/03\/220316-cotidiano-dividas.jpg","width":458,"height":340,"caption":"220316-cotidiano-dividas"},{"@type":"BreadcrumbList","@id":"https:\/\/nk7-testes.com.br\/agazeta\/fecomercio-55-dos-acreanos-conseguem-pagar-as-dividas\/#breadcrumb","itemListElement":[{"@type":"ListItem","position":1,"name":"In\u00edcio","item":"https:\/\/nk7-testes.com.br\/agazeta\/"},{"@type":"ListItem","position":2,"name":"Fecom\u00e9rcio: 55% dos acreanos conseguem pagar as d\u00edvidas"}]},{"@type":"WebSite","@id":"https:\/\/nk7-testes.com.br\/agazeta\/#website","url":"https:\/\/nk7-testes.com.br\/agazeta\/","name":"Agazeta.net","description":"Agazeta.net - Not\u00edcias de Rio Branco\/AC","potentialAction":[{"@type":"SearchAction","target":{"@type":"EntryPoint","urlTemplate":"https:\/\/nk7-testes.com.br\/agazeta\/?s={search_term_string}"},"query-input":{"@type":"PropertyValueSpecification","valueRequired":true,"valueName":"search_term_string"}}],"inLanguage":"pt-BR"},{"@type":"Person","@id":"https:\/\/nk7-testes.com.br\/agazeta\/#\/schema\/person\/6d6e25cb0435eb4a02fd44d30b4e3020","name":"Agazeta.Net","url":"https:\/\/nk7-testes.com.br\/agazeta\/author\/agazeta\/"}]}},"_links":{"self":[{"href":"https:\/\/nk7-testes.com.br\/agazeta\/wp-json\/wp\/v2\/posts\/21682","targetHints":{"allow":["GET"]}}],"collection":[{"href":"https:\/\/nk7-testes.com.br\/agazeta\/wp-json\/wp\/v2\/posts"}],"about":[{"href":"https:\/\/nk7-testes.com.br\/agazeta\/wp-json\/wp\/v2\/types\/post"}],"author":[{"embeddable":true,"href":"https:\/\/nk7-testes.com.br\/agazeta\/wp-json\/wp\/v2\/users\/4"}],"replies":[{"embeddable":true,"href":"https:\/\/nk7-testes.com.br\/agazeta\/wp-json\/wp\/v2\/comments?post=21682"}],"version-history":[{"count":0,"href":"https:\/\/nk7-testes.com.br\/agazeta\/wp-json\/wp\/v2\/posts\/21682\/revisions"}],"wp:featuredmedia":[{"embeddable":true,"href":"https:\/\/nk7-testes.com.br\/agazeta\/wp-json\/wp\/v2\/media\/21681"}],"wp:attachment":[{"href":"https:\/\/nk7-testes.com.br\/agazeta\/wp-json\/wp\/v2\/media?parent=21682"}],"wp:term":[{"taxonomy":"category","embeddable":true,"href":"https:\/\/nk7-testes.com.br\/agazeta\/wp-json\/wp\/v2\/categories?post=21682"},{"taxonomy":"post_tag","embeddable":true,"href":"https:\/\/nk7-testes.com.br\/agazeta\/wp-json\/wp\/v2\/tags?post=21682"}],"curies":[{"name":"wp","href":"https:\/\/api.w.org\/{rel}","templated":true}]}}