{"id":21680,"date":"2016-03-22T16:10:28","date_gmt":"2016-03-22T16:10:28","guid":{"rendered":"https:\/\/abarevegan.com.br\/index.php\/2016\/03\/22\/ladroes-fazem-empresario-refem-que-esta-desaparecido\/"},"modified":"2016-03-22T16:10:28","modified_gmt":"2016-03-22T16:10:28","slug":"ladroes-fazem-empresario-refem-que-esta-desaparecido","status":"publish","type":"post","link":"https:\/\/nk7-testes.com.br\/agazeta\/ladroes-fazem-empresario-refem-que-esta-desaparecido\/","title":{"rendered":"Ladr\u00f5es fazem empres\u00e1rio ref\u00e9m que est\u00e1 desaparecido"},"content":{"rendered":"<p style=\"text-align: justify;\">Caminhonete foi encontrada em Guajar\u00e1 Mirim<\/p>\n<p style=\"text-align: justify;\">La\u00e9cio Jos\u00e9 dos Santos, 42, \u00e9 empres\u00e1rio que trabalha com geoprocessamento. Estava fazendo um servi\u00e7o pr\u00f3ximo \u00e0 Unidade de Tratamento de Res\u00edduo S\u00f3lidos. Os bandidos o fizeram de ref\u00e9m.<\/p>\n<p style=\"text-align: justify;\">Levaram a caminhonete para a cidade de Guajar\u00e1 Mirim (RO). A Pol\u00edcia Militar de Rond\u00f4nia encontrou a caminhonete com v\u00e1rias pe\u00e7as de tr\u00eas motocicletas na carroceria, onde havia tamb\u00e9m muito sangue.<\/p>\n<p style=\"text-align: justify;\">Bope, Pelot\u00e3o Ambiental e Corpo de Bombeiros est\u00e3o \u00e0 procura do empres\u00e1rio. Os bandidos informaram que deixaram o homem \u201camarrado em uma \u00e1rvore pr\u00f3ximo de uma ponte na BR-364\u201d entre a Utre e a Vila Campinas.<\/p>\n","protected":false},"excerpt":{"rendered":"<p style=\"text-align: justify;\">Caminhonete foi encontrada em Guajar\u00e1 Mirim<\/p>\n","protected":false},"author":4,"featured_media":21679,"comment_status":"open","ping_status":"open","sticky":false,"template":"","format":"standard","meta":{"jnews-multi-image_gallery":[],"jnews_single_post":[],"jnews_primary_category":[],"jnews_social_meta":[],"jnews_review":[],"enable_review":"","type":"","name":"","summary":"","brand":"","sku":"","good":[],"bad":[],"score_override":"","override_value":"","rating":[],"price":[],"footnotes":""},"categories":[44],"tags":[],"class_list":["post-21680","post","type-post","status-publish","format-standard","has-post-thumbnail","hentry","category-policia"],"yoast_head":"<!-- This site is optimized with the Yoast SEO plugin v26.5 - https:\/\/yoast.com\/wordpress\/plugins\/seo\/ -->\n<title>Ladr\u00f5es fazem empres\u00e1rio ref\u00e9m que est\u00e1 desaparecido - Agazeta.net<\/title>\n<meta name=\"robots\" content=\"index, follow, max-snippet:-1, max-image-preview:large, max-video-preview:-1\" \/>\n<link rel=\"canonical\" href=\"https:\/\/nk7-testes.com.br\/agazeta\/ladroes-fazem-empresario-refem-que-esta-desaparecido\/\" \/>\n<meta property=\"og:locale\" content=\"pt_BR\" \/>\n<meta property=\"og:type\" content=\"article\" \/>\n<meta property=\"og:title\" content=\"Ladr\u00f5es fazem empres\u00e1rio ref\u00e9m que est\u00e1 desaparecido - Agazeta.net\" \/>\n<meta property=\"og:description\" content=\"Caminhonete foi encontrada em Guajar\u00e1 Mirim\" \/>\n<meta property=\"og:url\" content=\"https:\/\/nk7-testes.com.br\/agazeta\/ladroes-fazem-empresario-refem-que-esta-desaparecido\/\" \/>\n<meta property=\"og:site_name\" content=\"Agazeta.net\" \/>\n<meta property=\"article:published_time\" content=\"2016-03-22T16:10:28+00:00\" \/>\n<meta property=\"og:image\" content=\"https:\/\/nk7-testes.com.br\/agazeta\/wp-content\/uploads\/2016\/03\/220316-policia-caminhonete-cedida.jpg\" \/>\n\t<meta property=\"og:image:width\" content=\"458\" \/>\n\t<meta property=\"og:image:height\" content=\"340\" \/>\n\t<meta property=\"og:image:type\" content=\"image\/jpeg\" \/>\n<meta name=\"author\" content=\"Agazeta.Net\" \/>\n<meta name=\"twitter:card\" content=\"summary_large_image\" \/>\n<meta name=\"twitter:label1\" content=\"Escrito por\" \/>\n\t<meta name=\"twitter:data1\" content=\"Agazeta.Net\" \/>\n\t<meta name=\"twitter:label2\" content=\"Est. tempo de leitura\" \/>\n\t<meta name=\"twitter:data2\" content=\"1 minuto\" \/>\n<script type=\"application\/ld+json\" class=\"yoast-schema-graph\">{\"@context\":\"https:\/\/schema.org\",\"@graph\":[{\"@type\":\"WebPage\",\"@id\":\"https:\/\/nk7-testes.com.br\/agazeta\/ladroes-fazem-empresario-refem-que-esta-desaparecido\/\",\"url\":\"https:\/\/nk7-testes.com.br\/agazeta\/ladroes-fazem-empresario-refem-que-esta-desaparecido\/\",\"name\":\"Ladr\u00f5es fazem empres\u00e1rio ref\u00e9m que est\u00e1 desaparecido - Agazeta.net\",\"isPartOf\":{\"@id\":\"https:\/\/nk7-testes.com.br\/agazeta\/#website\"},\"primaryImageOfPage\":{\"@id\":\"https:\/\/nk7-testes.com.br\/agazeta\/ladroes-fazem-empresario-refem-que-esta-desaparecido\/#primaryimage\"},\"image\":{\"@id\":\"https:\/\/nk7-testes.com.br\/agazeta\/ladroes-fazem-empresario-refem-que-esta-desaparecido\/#primaryimage\"},\"thumbnailUrl\":\"https:\/\/nk7-testes.com.br\/agazeta\/wp-content\/uploads\/2016\/03\/220316-policia-caminhonete-cedida.jpg\",\"datePublished\":\"2016-03-22T16:10:28+00:00\",\"author\":{\"@id\":\"https:\/\/nk7-testes.com.br\/agazeta\/#\/schema\/person\/6d6e25cb0435eb4a02fd44d30b4e3020\"},\"breadcrumb\":{\"@id\":\"https:\/\/nk7-testes.com.br\/agazeta\/ladroes-fazem-empresario-refem-que-esta-desaparecido\/#breadcrumb\"},\"inLanguage\":\"pt-BR\",\"potentialAction\":[{\"@type\":\"ReadAction\",\"target\":[\"https:\/\/nk7-testes.com.br\/agazeta\/ladroes-fazem-empresario-refem-que-esta-desaparecido\/\"]}]},{\"@type\":\"ImageObject\",\"inLanguage\":\"pt-BR\",\"@id\":\"https:\/\/nk7-testes.com.br\/agazeta\/ladroes-fazem-empresario-refem-que-esta-desaparecido\/#primaryimage\",\"url\":\"https:\/\/nk7-testes.com.br\/agazeta\/wp-content\/uploads\/2016\/03\/220316-policia-caminhonete-cedida.jpg\",\"contentUrl\":\"https:\/\/nk7-testes.com.br\/agazeta\/wp-content\/uploads\/2016\/03\/220316-policia-caminhonete-cedida.jpg\",\"width\":458,\"height\":340,\"caption\":\"220316-policia-caminhonete-cedida\"},{\"@type\":\"BreadcrumbList\",\"@id\":\"https:\/\/nk7-testes.com.br\/agazeta\/ladroes-fazem-empresario-refem-que-esta-desaparecido\/#breadcrumb\",\"itemListElement\":[{\"@type\":\"ListItem\",\"position\":1,\"name\":\"In\u00edcio\",\"item\":\"https:\/\/nk7-testes.com.br\/agazeta\/\"},{\"@type\":\"ListItem\",\"position\":2,\"name\":\"Ladr\u00f5es fazem empres\u00e1rio ref\u00e9m que est\u00e1 desaparecido\"}]},{\"@type\":\"WebSite\",\"@id\":\"https:\/\/nk7-testes.com.br\/agazeta\/#website\",\"url\":\"https:\/\/nk7-testes.com.br\/agazeta\/\",\"name\":\"Agazeta.net\",\"description\":\"Agazeta.net - Not\u00edcias de Rio Branco\/AC\",\"potentialAction\":[{\"@type\":\"SearchAction\",\"target\":{\"@type\":\"EntryPoint\",\"urlTemplate\":\"https:\/\/nk7-testes.com.br\/agazeta\/?s={search_term_string}\"},\"query-input\":{\"@type\":\"PropertyValueSpecification\",\"valueRequired\":true,\"valueName\":\"search_term_string\"}}],\"inLanguage\":\"pt-BR\"},{\"@type\":\"Person\",\"@id\":\"https:\/\/nk7-testes.com.br\/agazeta\/#\/schema\/person\/6d6e25cb0435eb4a02fd44d30b4e3020\",\"name\":\"Agazeta.Net\",\"url\":\"https:\/\/nk7-testes.com.br\/agazeta\/author\/agazeta\/\"}]}<\/script>\n<!-- \/ Yoast SEO plugin. -->","yoast_head_json":{"title":"Ladr\u00f5es fazem empres\u00e1rio ref\u00e9m que est\u00e1 desaparecido - Agazeta.net","robots":{"index":"index","follow":"follow","max-snippet":"max-snippet:-1","max-image-preview":"max-image-preview:large","max-video-preview":"max-video-preview:-1"},"canonical":"https:\/\/nk7-testes.com.br\/agazeta\/ladroes-fazem-empresario-refem-que-esta-desaparecido\/","og_locale":"pt_BR","og_type":"article","og_title":"Ladr\u00f5es fazem empres\u00e1rio ref\u00e9m que est\u00e1 desaparecido - Agazeta.net","og_description":"Caminhonete foi encontrada em Guajar\u00e1 Mirim","og_url":"https:\/\/nk7-testes.com.br\/agazeta\/ladroes-fazem-empresario-refem-que-esta-desaparecido\/","og_site_name":"Agazeta.net","article_published_time":"2016-03-22T16:10:28+00:00","og_image":[{"width":458,"height":340,"url":"https:\/\/nk7-testes.com.br\/agazeta\/wp-content\/uploads\/2016\/03\/220316-policia-caminhonete-cedida.jpg","type":"image\/jpeg"}],"author":"Agazeta.Net","twitter_card":"summary_large_image","twitter_misc":{"Escrito por":"Agazeta.Net","Est. tempo de leitura":"1 minuto"},"schema":{"@context":"https:\/\/schema.org","@graph":[{"@type":"WebPage","@id":"https:\/\/nk7-testes.com.br\/agazeta\/ladroes-fazem-empresario-refem-que-esta-desaparecido\/","url":"https:\/\/nk7-testes.com.br\/agazeta\/ladroes-fazem-empresario-refem-que-esta-desaparecido\/","name":"Ladr\u00f5es fazem empres\u00e1rio ref\u00e9m que est\u00e1 desaparecido - Agazeta.net","isPartOf":{"@id":"https:\/\/nk7-testes.com.br\/agazeta\/#website"},"primaryImageOfPage":{"@id":"https:\/\/nk7-testes.com.br\/agazeta\/ladroes-fazem-empresario-refem-que-esta-desaparecido\/#primaryimage"},"image":{"@id":"https:\/\/nk7-testes.com.br\/agazeta\/ladroes-fazem-empresario-refem-que-esta-desaparecido\/#primaryimage"},"thumbnailUrl":"https:\/\/nk7-testes.com.br\/agazeta\/wp-content\/uploads\/2016\/03\/220316-policia-caminhonete-cedida.jpg","datePublished":"2016-03-22T16:10:28+00:00","author":{"@id":"https:\/\/nk7-testes.com.br\/agazeta\/#\/schema\/person\/6d6e25cb0435eb4a02fd44d30b4e3020"},"breadcrumb":{"@id":"https:\/\/nk7-testes.com.br\/agazeta\/ladroes-fazem-empresario-refem-que-esta-desaparecido\/#breadcrumb"},"inLanguage":"pt-BR","potentialAction":[{"@type":"ReadAction","target":["https:\/\/nk7-testes.com.br\/agazeta\/ladroes-fazem-empresario-refem-que-esta-desaparecido\/"]}]},{"@type":"ImageObject","inLanguage":"pt-BR","@id":"https:\/\/nk7-testes.com.br\/agazeta\/ladroes-fazem-empresario-refem-que-esta-desaparecido\/#primaryimage","url":"https:\/\/nk7-testes.com.br\/agazeta\/wp-content\/uploads\/2016\/03\/220316-policia-caminhonete-cedida.jpg","contentUrl":"https:\/\/nk7-testes.com.br\/agazeta\/wp-content\/uploads\/2016\/03\/220316-policia-caminhonete-cedida.jpg","width":458,"height":340,"caption":"220316-policia-caminhonete-cedida"},{"@type":"BreadcrumbList","@id":"https:\/\/nk7-testes.com.br\/agazeta\/ladroes-fazem-empresario-refem-que-esta-desaparecido\/#breadcrumb","itemListElement":[{"@type":"ListItem","position":1,"name":"In\u00edcio","item":"https:\/\/nk7-testes.com.br\/agazeta\/"},{"@type":"ListItem","position":2,"name":"Ladr\u00f5es fazem empres\u00e1rio ref\u00e9m que est\u00e1 desaparecido"}]},{"@type":"WebSite","@id":"https:\/\/nk7-testes.com.br\/agazeta\/#website","url":"https:\/\/nk7-testes.com.br\/agazeta\/","name":"Agazeta.net","description":"Agazeta.net - Not\u00edcias de Rio Branco\/AC","potentialAction":[{"@type":"SearchAction","target":{"@type":"EntryPoint","urlTemplate":"https:\/\/nk7-testes.com.br\/agazeta\/?s={search_term_string}"},"query-input":{"@type":"PropertyValueSpecification","valueRequired":true,"valueName":"search_term_string"}}],"inLanguage":"pt-BR"},{"@type":"Person","@id":"https:\/\/nk7-testes.com.br\/agazeta\/#\/schema\/person\/6d6e25cb0435eb4a02fd44d30b4e3020","name":"Agazeta.Net","url":"https:\/\/nk7-testes.com.br\/agazeta\/author\/agazeta\/"}]}},"_links":{"self":[{"href":"https:\/\/nk7-testes.com.br\/agazeta\/wp-json\/wp\/v2\/posts\/21680","targetHints":{"allow":["GET"]}}],"collection":[{"href":"https:\/\/nk7-testes.com.br\/agazeta\/wp-json\/wp\/v2\/posts"}],"about":[{"href":"https:\/\/nk7-testes.com.br\/agazeta\/wp-json\/wp\/v2\/types\/post"}],"author":[{"embeddable":true,"href":"https:\/\/nk7-testes.com.br\/agazeta\/wp-json\/wp\/v2\/users\/4"}],"replies":[{"embeddable":true,"href":"https:\/\/nk7-testes.com.br\/agazeta\/wp-json\/wp\/v2\/comments?post=21680"}],"version-history":[{"count":0,"href":"https:\/\/nk7-testes.com.br\/agazeta\/wp-json\/wp\/v2\/posts\/21680\/revisions"}],"wp:featuredmedia":[{"embeddable":true,"href":"https:\/\/nk7-testes.com.br\/agazeta\/wp-json\/wp\/v2\/media\/21679"}],"wp:attachment":[{"href":"https:\/\/nk7-testes.com.br\/agazeta\/wp-json\/wp\/v2\/media?parent=21680"}],"wp:term":[{"taxonomy":"category","embeddable":true,"href":"https:\/\/nk7-testes.com.br\/agazeta\/wp-json\/wp\/v2\/categories?post=21680"},{"taxonomy":"post_tag","embeddable":true,"href":"https:\/\/nk7-testes.com.br\/agazeta\/wp-json\/wp\/v2\/tags?post=21680"}],"curies":[{"name":"wp","href":"https:\/\/api.w.org\/{rel}","templated":true}]}}