{"id":21670,"date":"2016-03-21T20:00:25","date_gmt":"2016-03-21T20:00:25","guid":{"rendered":"https:\/\/abarevegan.com.br\/index.php\/2016\/03\/21\/acusado-nega-assassinato-de-delegado\/"},"modified":"2016-03-21T20:00:25","modified_gmt":"2016-03-21T20:00:25","slug":"acusado-nega-assassinato-de-delegado","status":"publish","type":"post","link":"https:\/\/nk7-testes.com.br\/agazeta\/acusado-nega-assassinato-de-delegado\/","title":{"rendered":"Acusado nega assassinato de delegado"},"content":{"rendered":"<p style=\"text-align: justify;\">Delegado foi atingido com tiro na nunca na Estrada Transacreana<\/p>\n<p style=\"text-align: justify;\">Os dois homens acusados de matar o delegado aposentado F\u00e9lix Alberto da Costa, foram presos na madrugada de domingo e nessa segunda-feira levados para o pres\u00eddio Francisco de Oliveira Conde.<\/p>\n<p style=\"text-align: justify;\">No s\u00e1bado, por volta das 11:00hs, F\u00e9lix chegava \u00e0 propriedade rural que possuia, na Estrada Transacreana, quando foi alvejado na nuca por tiro de espingarda. O crime aconteceu quando a v\u00edtima descia do carro para abrir a porteira.<\/p>\n<p style=\"text-align: justify;\">O caseiro que estava pr\u00f3ximo ao local do crime, disse \u00e0 policia que viu correndo no meio do mato Ant\u00f4nio Raimundo dos Santos da Concei\u00e7\u00e3o, conhecido na regi\u00e3o como \u201cNeg\u00e3o da Socorro\u201d.<\/p>\n<p style=\"text-align: justify;\">Segundo a pol\u00edcia, ele estava de tocaia, escondido na vegeta\u00e7\u00e3o do outro lado da estrada. O outro envolvido, Valderli Oliveira de Souza, cunhado de \u201cNeg\u00e3o da Socorro\u201d, ajudou na fuga.<\/p>\n<p style=\"text-align: justify;\">Segundo o delegado S\u00e9rgio Lopes, F\u00e9lix j\u00e1 tinha registrado queixa contra \u201cNeg\u00e3o\u201d, acusado de furtar gado. Por causa disso, houve v\u00e1rios desentendimentos. \u201cQuando chegamos \u00e0 casa onde o acusado reside, encontramos uma espingarda calibre 28, o mesmo usado para matar o delegado aposentado\u201d, explicou.<\/p>\n<p style=\"text-align: justify;\">O delegado aposentado F\u00e9lix foi agente da Pol\u00edcia Federal e trabalhou como delegado de pol\u00edcia por mais de 20 anos. Chegou a ser diretor de Pol\u00edcia Civil entre os anos de 1999 e 2001, quando prendeu v\u00e1rios membros do Esquadr\u00e3o da Morte.<br \/>No dia em que foi assassinado, estava com um rev\u00f3lver no bolso da cal\u00e7a e uma pistola numa bolsa dentro do carro.<\/p>\n<p style=\"text-align: justify;\">Os dois acusados negaram que participaram do crime. \u201cNeg\u00e3o da Socorro\u201d tem sete passagens pela pol\u00edcia, inclusive come\u00e7aria a cumprir essa semana uma senten\u00e7a de homic\u00eddio praticado h\u00e1 dois anos. Valderli tamb\u00e9m tem passagens pela pol\u00edcia.<\/p>\n","protected":false},"excerpt":{"rendered":"<p style=\"text-align: justify;\">Delegado foi atingido com tiro na nunca na Estrada Transacreana<\/p>\n","protected":false},"author":4,"featured_media":21669,"comment_status":"open","ping_status":"open","sticky":false,"template":"","format":"standard","meta":{"jnews-multi-image_gallery":[],"jnews_single_post":[],"jnews_primary_category":[],"jnews_social_meta":[],"jnews_review":[],"enable_review":"","type":"","name":"","summary":"","brand":"","sku":"","good":[],"bad":[],"score_override":"","override_value":"","rating":[],"price":[],"footnotes":""},"categories":[44],"tags":[],"class_list":["post-21670","post","type-post","status-publish","format-standard","has-post-thumbnail","hentry","category-policia"],"yoast_head":"<!-- This site is optimized with the Yoast SEO plugin v26.5 - https:\/\/yoast.com\/wordpress\/plugins\/seo\/ -->\n<title>Acusado nega assassinato de delegado - Agazeta.net<\/title>\n<meta name=\"robots\" content=\"index, follow, max-snippet:-1, max-image-preview:large, max-video-preview:-1\" \/>\n<link rel=\"canonical\" href=\"https:\/\/nk7-testes.com.br\/agazeta\/acusado-nega-assassinato-de-delegado\/\" \/>\n<meta property=\"og:locale\" content=\"pt_BR\" \/>\n<meta property=\"og:type\" content=\"article\" \/>\n<meta property=\"og:title\" content=\"Acusado nega assassinato de delegado - Agazeta.net\" \/>\n<meta property=\"og:description\" content=\"Delegado foi atingido com tiro na nunca na Estrada Transacreana\" \/>\n<meta property=\"og:url\" content=\"https:\/\/nk7-testes.com.br\/agazeta\/acusado-nega-assassinato-de-delegado\/\" \/>\n<meta property=\"og:site_name\" content=\"Agazeta.net\" \/>\n<meta property=\"article:published_time\" content=\"2016-03-21T20:00:25+00:00\" \/>\n<meta property=\"og:image\" content=\"https:\/\/nk7-testes.com.br\/agazeta\/wp-content\/uploads\/2016\/03\/210316-policia-mortedelegado-cedida.jpg\" \/>\n\t<meta property=\"og:image:width\" content=\"458\" \/>\n\t<meta property=\"og:image:height\" content=\"340\" \/>\n\t<meta property=\"og:image:type\" content=\"image\/jpeg\" \/>\n<meta name=\"author\" content=\"Agazeta.Net\" \/>\n<meta name=\"twitter:card\" content=\"summary_large_image\" \/>\n<meta name=\"twitter:label1\" content=\"Escrito por\" \/>\n\t<meta name=\"twitter:data1\" content=\"Agazeta.Net\" \/>\n\t<meta name=\"twitter:label2\" content=\"Est. tempo de leitura\" \/>\n\t<meta name=\"twitter:data2\" content=\"2 minutos\" \/>\n<script type=\"application\/ld+json\" class=\"yoast-schema-graph\">{\"@context\":\"https:\/\/schema.org\",\"@graph\":[{\"@type\":\"WebPage\",\"@id\":\"https:\/\/nk7-testes.com.br\/agazeta\/acusado-nega-assassinato-de-delegado\/\",\"url\":\"https:\/\/nk7-testes.com.br\/agazeta\/acusado-nega-assassinato-de-delegado\/\",\"name\":\"Acusado nega assassinato de delegado - Agazeta.net\",\"isPartOf\":{\"@id\":\"https:\/\/nk7-testes.com.br\/agazeta\/#website\"},\"primaryImageOfPage\":{\"@id\":\"https:\/\/nk7-testes.com.br\/agazeta\/acusado-nega-assassinato-de-delegado\/#primaryimage\"},\"image\":{\"@id\":\"https:\/\/nk7-testes.com.br\/agazeta\/acusado-nega-assassinato-de-delegado\/#primaryimage\"},\"thumbnailUrl\":\"https:\/\/nk7-testes.com.br\/agazeta\/wp-content\/uploads\/2016\/03\/210316-policia-mortedelegado-cedida.jpg\",\"datePublished\":\"2016-03-21T20:00:25+00:00\",\"author\":{\"@id\":\"https:\/\/nk7-testes.com.br\/agazeta\/#\/schema\/person\/6d6e25cb0435eb4a02fd44d30b4e3020\"},\"breadcrumb\":{\"@id\":\"https:\/\/nk7-testes.com.br\/agazeta\/acusado-nega-assassinato-de-delegado\/#breadcrumb\"},\"inLanguage\":\"pt-BR\",\"potentialAction\":[{\"@type\":\"ReadAction\",\"target\":[\"https:\/\/nk7-testes.com.br\/agazeta\/acusado-nega-assassinato-de-delegado\/\"]}]},{\"@type\":\"ImageObject\",\"inLanguage\":\"pt-BR\",\"@id\":\"https:\/\/nk7-testes.com.br\/agazeta\/acusado-nega-assassinato-de-delegado\/#primaryimage\",\"url\":\"https:\/\/nk7-testes.com.br\/agazeta\/wp-content\/uploads\/2016\/03\/210316-policia-mortedelegado-cedida.jpg\",\"contentUrl\":\"https:\/\/nk7-testes.com.br\/agazeta\/wp-content\/uploads\/2016\/03\/210316-policia-mortedelegado-cedida.jpg\",\"width\":458,\"height\":340,\"caption\":\"210316-policia-mortedelegado-cedida\"},{\"@type\":\"BreadcrumbList\",\"@id\":\"https:\/\/nk7-testes.com.br\/agazeta\/acusado-nega-assassinato-de-delegado\/#breadcrumb\",\"itemListElement\":[{\"@type\":\"ListItem\",\"position\":1,\"name\":\"In\u00edcio\",\"item\":\"https:\/\/nk7-testes.com.br\/agazeta\/\"},{\"@type\":\"ListItem\",\"position\":2,\"name\":\"Acusado nega assassinato de delegado\"}]},{\"@type\":\"WebSite\",\"@id\":\"https:\/\/nk7-testes.com.br\/agazeta\/#website\",\"url\":\"https:\/\/nk7-testes.com.br\/agazeta\/\",\"name\":\"Agazeta.net\",\"description\":\"Agazeta.net - Not\u00edcias de Rio Branco\/AC\",\"potentialAction\":[{\"@type\":\"SearchAction\",\"target\":{\"@type\":\"EntryPoint\",\"urlTemplate\":\"https:\/\/nk7-testes.com.br\/agazeta\/?s={search_term_string}\"},\"query-input\":{\"@type\":\"PropertyValueSpecification\",\"valueRequired\":true,\"valueName\":\"search_term_string\"}}],\"inLanguage\":\"pt-BR\"},{\"@type\":\"Person\",\"@id\":\"https:\/\/nk7-testes.com.br\/agazeta\/#\/schema\/person\/6d6e25cb0435eb4a02fd44d30b4e3020\",\"name\":\"Agazeta.Net\",\"url\":\"https:\/\/nk7-testes.com.br\/agazeta\/author\/agazeta\/\"}]}<\/script>\n<!-- \/ Yoast SEO plugin. -->","yoast_head_json":{"title":"Acusado nega assassinato de delegado - Agazeta.net","robots":{"index":"index","follow":"follow","max-snippet":"max-snippet:-1","max-image-preview":"max-image-preview:large","max-video-preview":"max-video-preview:-1"},"canonical":"https:\/\/nk7-testes.com.br\/agazeta\/acusado-nega-assassinato-de-delegado\/","og_locale":"pt_BR","og_type":"article","og_title":"Acusado nega assassinato de delegado - Agazeta.net","og_description":"Delegado foi atingido com tiro na nunca na Estrada Transacreana","og_url":"https:\/\/nk7-testes.com.br\/agazeta\/acusado-nega-assassinato-de-delegado\/","og_site_name":"Agazeta.net","article_published_time":"2016-03-21T20:00:25+00:00","og_image":[{"width":458,"height":340,"url":"https:\/\/nk7-testes.com.br\/agazeta\/wp-content\/uploads\/2016\/03\/210316-policia-mortedelegado-cedida.jpg","type":"image\/jpeg"}],"author":"Agazeta.Net","twitter_card":"summary_large_image","twitter_misc":{"Escrito por":"Agazeta.Net","Est. tempo de leitura":"2 minutos"},"schema":{"@context":"https:\/\/schema.org","@graph":[{"@type":"WebPage","@id":"https:\/\/nk7-testes.com.br\/agazeta\/acusado-nega-assassinato-de-delegado\/","url":"https:\/\/nk7-testes.com.br\/agazeta\/acusado-nega-assassinato-de-delegado\/","name":"Acusado nega assassinato de delegado - Agazeta.net","isPartOf":{"@id":"https:\/\/nk7-testes.com.br\/agazeta\/#website"},"primaryImageOfPage":{"@id":"https:\/\/nk7-testes.com.br\/agazeta\/acusado-nega-assassinato-de-delegado\/#primaryimage"},"image":{"@id":"https:\/\/nk7-testes.com.br\/agazeta\/acusado-nega-assassinato-de-delegado\/#primaryimage"},"thumbnailUrl":"https:\/\/nk7-testes.com.br\/agazeta\/wp-content\/uploads\/2016\/03\/210316-policia-mortedelegado-cedida.jpg","datePublished":"2016-03-21T20:00:25+00:00","author":{"@id":"https:\/\/nk7-testes.com.br\/agazeta\/#\/schema\/person\/6d6e25cb0435eb4a02fd44d30b4e3020"},"breadcrumb":{"@id":"https:\/\/nk7-testes.com.br\/agazeta\/acusado-nega-assassinato-de-delegado\/#breadcrumb"},"inLanguage":"pt-BR","potentialAction":[{"@type":"ReadAction","target":["https:\/\/nk7-testes.com.br\/agazeta\/acusado-nega-assassinato-de-delegado\/"]}]},{"@type":"ImageObject","inLanguage":"pt-BR","@id":"https:\/\/nk7-testes.com.br\/agazeta\/acusado-nega-assassinato-de-delegado\/#primaryimage","url":"https:\/\/nk7-testes.com.br\/agazeta\/wp-content\/uploads\/2016\/03\/210316-policia-mortedelegado-cedida.jpg","contentUrl":"https:\/\/nk7-testes.com.br\/agazeta\/wp-content\/uploads\/2016\/03\/210316-policia-mortedelegado-cedida.jpg","width":458,"height":340,"caption":"210316-policia-mortedelegado-cedida"},{"@type":"BreadcrumbList","@id":"https:\/\/nk7-testes.com.br\/agazeta\/acusado-nega-assassinato-de-delegado\/#breadcrumb","itemListElement":[{"@type":"ListItem","position":1,"name":"In\u00edcio","item":"https:\/\/nk7-testes.com.br\/agazeta\/"},{"@type":"ListItem","position":2,"name":"Acusado nega assassinato de delegado"}]},{"@type":"WebSite","@id":"https:\/\/nk7-testes.com.br\/agazeta\/#website","url":"https:\/\/nk7-testes.com.br\/agazeta\/","name":"Agazeta.net","description":"Agazeta.net - Not\u00edcias de Rio Branco\/AC","potentialAction":[{"@type":"SearchAction","target":{"@type":"EntryPoint","urlTemplate":"https:\/\/nk7-testes.com.br\/agazeta\/?s={search_term_string}"},"query-input":{"@type":"PropertyValueSpecification","valueRequired":true,"valueName":"search_term_string"}}],"inLanguage":"pt-BR"},{"@type":"Person","@id":"https:\/\/nk7-testes.com.br\/agazeta\/#\/schema\/person\/6d6e25cb0435eb4a02fd44d30b4e3020","name":"Agazeta.Net","url":"https:\/\/nk7-testes.com.br\/agazeta\/author\/agazeta\/"}]}},"_links":{"self":[{"href":"https:\/\/nk7-testes.com.br\/agazeta\/wp-json\/wp\/v2\/posts\/21670","targetHints":{"allow":["GET"]}}],"collection":[{"href":"https:\/\/nk7-testes.com.br\/agazeta\/wp-json\/wp\/v2\/posts"}],"about":[{"href":"https:\/\/nk7-testes.com.br\/agazeta\/wp-json\/wp\/v2\/types\/post"}],"author":[{"embeddable":true,"href":"https:\/\/nk7-testes.com.br\/agazeta\/wp-json\/wp\/v2\/users\/4"}],"replies":[{"embeddable":true,"href":"https:\/\/nk7-testes.com.br\/agazeta\/wp-json\/wp\/v2\/comments?post=21670"}],"version-history":[{"count":0,"href":"https:\/\/nk7-testes.com.br\/agazeta\/wp-json\/wp\/v2\/posts\/21670\/revisions"}],"wp:featuredmedia":[{"embeddable":true,"href":"https:\/\/nk7-testes.com.br\/agazeta\/wp-json\/wp\/v2\/media\/21669"}],"wp:attachment":[{"href":"https:\/\/nk7-testes.com.br\/agazeta\/wp-json\/wp\/v2\/media?parent=21670"}],"wp:term":[{"taxonomy":"category","embeddable":true,"href":"https:\/\/nk7-testes.com.br\/agazeta\/wp-json\/wp\/v2\/categories?post=21670"},{"taxonomy":"post_tag","embeddable":true,"href":"https:\/\/nk7-testes.com.br\/agazeta\/wp-json\/wp\/v2\/tags?post=21670"}],"curies":[{"name":"wp","href":"https:\/\/api.w.org\/{rel}","templated":true}]}}