{"id":21662,"date":"2016-03-21T16:42:43","date_gmt":"2016-03-21T16:42:43","guid":{"rendered":"https:\/\/abarevegan.com.br\/index.php\/2016\/03\/21\/policia-civil-elucida-morte-do-delegado-felix\/"},"modified":"2016-03-21T16:42:43","modified_gmt":"2016-03-21T16:42:43","slug":"policia-civil-elucida-morte-do-delegado-felix","status":"publish","type":"post","link":"https:\/\/nk7-testes.com.br\/agazeta\/policia-civil-elucida-morte-do-delegado-felix\/","title":{"rendered":"Pol\u00edcia Civil elucida morte do delegado F\u00e9lix"},"content":{"rendered":"<p style=\"text-align: justify;\">Suspeitos foram presos na Transacreana<\/p>\n<p style=\"text-align: justify;\">Policiais da Divis\u00e3o de Investiga\u00e7\u00f5es Criminais (DIC), em conjunto com o Departamento de Pol\u00edcia da Capital e do Interior, prenderam em flagrante Ant\u00f4nio Raimundo dos Santos da Concei\u00e7\u00e3o, 25, conhecido como \u201cNeg\u00e3o da Socorro\u201d e Valderlir Oliveira de Souza, 28.<\/p>\n<p style=\"text-align: justify;\">Os dois s\u00e3o suspeitos da morte do delegado aposentado de Pol\u00edcia Civil, Felix Alberto da Costa, 64, crime ocorrido durante uma emboscada no \u00faltimo s\u00e1bado, 19.<br \/>Segundo a Pol\u00edcia Civil, os criminosos atacaram o delegado em uma das porteiras da fazenda que possuia, situada no Km 90 da rodovia estadual Transacreana, por volta de meio-dia.<\/p>\n<p style=\"text-align: justify;\">De acordo com a investiga\u00e7\u00e3o, \u201cNeg\u00e3o da Socorro\u201d foi quem efetuou o disparo contra F\u00e9lix Alberto porque a v\u00edtima [delegado] havia registrado boletim de ocorr\u00eancia na 3\u00aa Regional de Pol\u00edcia em virtude de furto de gado da propriedade.<\/p>\n<p style=\"text-align: justify;\">Uma espingarda de ca\u00e7a calibre 28, com registro vencido h\u00e1 mais de quatro anos, pertencente \u00e0 m\u00e3e de Ant\u00f4nio Raimundo, teria sido a arma usada para matar o delegado. Valderlir Oliveira, que \u00e9 cunhado do \u201cNeg\u00e3o da Socorro\u201d, teria ajudado no planejamento da cilada.<\/p>\n<p style=\"text-align: justify;\">A arma foi apreendida e ser\u00e1 encaminhada para os procedimentos periciais no Instituto de An\u00e1lise Forense. \u201cO crime est\u00e1 elucidado. Outras dilig\u00eancias est\u00e3o em curso, haja vista, que ap\u00f3s a pris\u00e3o do Ant\u00f4nio Raimundo dos Santos da Concei\u00e7\u00e3o outras pessoas, moradoras da \u00e1rea se queixam de terem sido amea\u00e7adas de morte pelo investigado. Quanto ao Valderlir Oliveira de Souza, tamb\u00e9m tem passagem por tentativa de homic\u00eddio\u201d, destacou S\u00e9rgio Lopes, delegado respons\u00e1vel pelas investiga\u00e7\u00f5es.<\/p>\n<p style=\"text-align: justify;\">F\u00e9lix Alberto da Costa trabalhou em todos os departamentos policiais da capital, tendo, inclusive, alcan\u00e7ado o posto de delegado-geral, al\u00e9m de subsecret\u00e1rio de Seguran\u00e7a P\u00fablica.<\/p>\n","protected":false},"excerpt":{"rendered":"<p style=\"text-align: justify;\">Suspeitos foram presos na Transacreana<\/p>\n","protected":false},"author":4,"featured_media":21661,"comment_status":"open","ping_status":"open","sticky":false,"template":"","format":"standard","meta":{"jnews-multi-image_gallery":[],"jnews_single_post":[],"jnews_primary_category":[],"jnews_social_meta":[],"jnews_review":[],"enable_review":"","type":"","name":"","summary":"","brand":"","sku":"","good":[],"bad":[],"score_override":"","override_value":"","rating":[],"price":[],"footnotes":""},"categories":[44],"tags":[],"class_list":["post-21662","post","type-post","status-publish","format-standard","has-post-thumbnail","hentry","category-policia"],"yoast_head":"<!-- This site is optimized with the Yoast SEO plugin v26.5 - https:\/\/yoast.com\/wordpress\/plugins\/seo\/ -->\n<title>Pol\u00edcia Civil elucida morte do delegado F\u00e9lix - Agazeta.net<\/title>\n<meta name=\"robots\" content=\"index, follow, max-snippet:-1, max-image-preview:large, max-video-preview:-1\" \/>\n<link rel=\"canonical\" href=\"https:\/\/nk7-testes.com.br\/agazeta\/policia-civil-elucida-morte-do-delegado-felix\/\" \/>\n<meta property=\"og:locale\" content=\"pt_BR\" \/>\n<meta property=\"og:type\" content=\"article\" \/>\n<meta property=\"og:title\" content=\"Pol\u00edcia Civil elucida morte do delegado F\u00e9lix - Agazeta.net\" \/>\n<meta property=\"og:description\" content=\"Suspeitos foram presos na Transacreana\" \/>\n<meta property=\"og:url\" content=\"https:\/\/nk7-testes.com.br\/agazeta\/policia-civil-elucida-morte-do-delegado-felix\/\" \/>\n<meta property=\"og:site_name\" content=\"Agazeta.net\" \/>\n<meta property=\"article:published_time\" content=\"2016-03-21T16:42:43+00:00\" \/>\n<meta property=\"og:image\" content=\"https:\/\/nk7-testes.com.br\/agazeta\/wp-content\/uploads\/2016\/03\/210316-policia-duplapresa-cedida.jpg\" \/>\n\t<meta property=\"og:image:width\" content=\"458\" \/>\n\t<meta property=\"og:image:height\" content=\"340\" \/>\n\t<meta property=\"og:image:type\" content=\"image\/jpeg\" \/>\n<meta name=\"author\" content=\"Agazeta.Net\" \/>\n<meta name=\"twitter:card\" content=\"summary_large_image\" \/>\n<meta name=\"twitter:label1\" content=\"Escrito por\" \/>\n\t<meta name=\"twitter:data1\" content=\"Agazeta.Net\" \/>\n\t<meta name=\"twitter:label2\" content=\"Est. tempo de leitura\" \/>\n\t<meta name=\"twitter:data2\" content=\"2 minutos\" \/>\n<script type=\"application\/ld+json\" class=\"yoast-schema-graph\">{\"@context\":\"https:\/\/schema.org\",\"@graph\":[{\"@type\":\"WebPage\",\"@id\":\"https:\/\/nk7-testes.com.br\/agazeta\/policia-civil-elucida-morte-do-delegado-felix\/\",\"url\":\"https:\/\/nk7-testes.com.br\/agazeta\/policia-civil-elucida-morte-do-delegado-felix\/\",\"name\":\"Pol\u00edcia Civil elucida morte do delegado F\u00e9lix - Agazeta.net\",\"isPartOf\":{\"@id\":\"https:\/\/nk7-testes.com.br\/agazeta\/#website\"},\"primaryImageOfPage\":{\"@id\":\"https:\/\/nk7-testes.com.br\/agazeta\/policia-civil-elucida-morte-do-delegado-felix\/#primaryimage\"},\"image\":{\"@id\":\"https:\/\/nk7-testes.com.br\/agazeta\/policia-civil-elucida-morte-do-delegado-felix\/#primaryimage\"},\"thumbnailUrl\":\"https:\/\/nk7-testes.com.br\/agazeta\/wp-content\/uploads\/2016\/03\/210316-policia-duplapresa-cedida.jpg\",\"datePublished\":\"2016-03-21T16:42:43+00:00\",\"author\":{\"@id\":\"https:\/\/nk7-testes.com.br\/agazeta\/#\/schema\/person\/6d6e25cb0435eb4a02fd44d30b4e3020\"},\"breadcrumb\":{\"@id\":\"https:\/\/nk7-testes.com.br\/agazeta\/policia-civil-elucida-morte-do-delegado-felix\/#breadcrumb\"},\"inLanguage\":\"pt-BR\",\"potentialAction\":[{\"@type\":\"ReadAction\",\"target\":[\"https:\/\/nk7-testes.com.br\/agazeta\/policia-civil-elucida-morte-do-delegado-felix\/\"]}]},{\"@type\":\"ImageObject\",\"inLanguage\":\"pt-BR\",\"@id\":\"https:\/\/nk7-testes.com.br\/agazeta\/policia-civil-elucida-morte-do-delegado-felix\/#primaryimage\",\"url\":\"https:\/\/nk7-testes.com.br\/agazeta\/wp-content\/uploads\/2016\/03\/210316-policia-duplapresa-cedida.jpg\",\"contentUrl\":\"https:\/\/nk7-testes.com.br\/agazeta\/wp-content\/uploads\/2016\/03\/210316-policia-duplapresa-cedida.jpg\",\"width\":458,\"height\":340,\"caption\":\"210316-policia-duplapresa-cedida\"},{\"@type\":\"BreadcrumbList\",\"@id\":\"https:\/\/nk7-testes.com.br\/agazeta\/policia-civil-elucida-morte-do-delegado-felix\/#breadcrumb\",\"itemListElement\":[{\"@type\":\"ListItem\",\"position\":1,\"name\":\"In\u00edcio\",\"item\":\"https:\/\/nk7-testes.com.br\/agazeta\/\"},{\"@type\":\"ListItem\",\"position\":2,\"name\":\"Pol\u00edcia Civil elucida morte do delegado F\u00e9lix\"}]},{\"@type\":\"WebSite\",\"@id\":\"https:\/\/nk7-testes.com.br\/agazeta\/#website\",\"url\":\"https:\/\/nk7-testes.com.br\/agazeta\/\",\"name\":\"Agazeta.net\",\"description\":\"Agazeta.net - Not\u00edcias de Rio Branco\/AC\",\"potentialAction\":[{\"@type\":\"SearchAction\",\"target\":{\"@type\":\"EntryPoint\",\"urlTemplate\":\"https:\/\/nk7-testes.com.br\/agazeta\/?s={search_term_string}\"},\"query-input\":{\"@type\":\"PropertyValueSpecification\",\"valueRequired\":true,\"valueName\":\"search_term_string\"}}],\"inLanguage\":\"pt-BR\"},{\"@type\":\"Person\",\"@id\":\"https:\/\/nk7-testes.com.br\/agazeta\/#\/schema\/person\/6d6e25cb0435eb4a02fd44d30b4e3020\",\"name\":\"Agazeta.Net\",\"url\":\"https:\/\/nk7-testes.com.br\/agazeta\/author\/agazeta\/\"}]}<\/script>\n<!-- \/ Yoast SEO plugin. -->","yoast_head_json":{"title":"Pol\u00edcia Civil elucida morte do delegado F\u00e9lix - Agazeta.net","robots":{"index":"index","follow":"follow","max-snippet":"max-snippet:-1","max-image-preview":"max-image-preview:large","max-video-preview":"max-video-preview:-1"},"canonical":"https:\/\/nk7-testes.com.br\/agazeta\/policia-civil-elucida-morte-do-delegado-felix\/","og_locale":"pt_BR","og_type":"article","og_title":"Pol\u00edcia Civil elucida morte do delegado F\u00e9lix - Agazeta.net","og_description":"Suspeitos foram presos na Transacreana","og_url":"https:\/\/nk7-testes.com.br\/agazeta\/policia-civil-elucida-morte-do-delegado-felix\/","og_site_name":"Agazeta.net","article_published_time":"2016-03-21T16:42:43+00:00","og_image":[{"width":458,"height":340,"url":"https:\/\/nk7-testes.com.br\/agazeta\/wp-content\/uploads\/2016\/03\/210316-policia-duplapresa-cedida.jpg","type":"image\/jpeg"}],"author":"Agazeta.Net","twitter_card":"summary_large_image","twitter_misc":{"Escrito por":"Agazeta.Net","Est. tempo de leitura":"2 minutos"},"schema":{"@context":"https:\/\/schema.org","@graph":[{"@type":"WebPage","@id":"https:\/\/nk7-testes.com.br\/agazeta\/policia-civil-elucida-morte-do-delegado-felix\/","url":"https:\/\/nk7-testes.com.br\/agazeta\/policia-civil-elucida-morte-do-delegado-felix\/","name":"Pol\u00edcia Civil elucida morte do delegado F\u00e9lix - Agazeta.net","isPartOf":{"@id":"https:\/\/nk7-testes.com.br\/agazeta\/#website"},"primaryImageOfPage":{"@id":"https:\/\/nk7-testes.com.br\/agazeta\/policia-civil-elucida-morte-do-delegado-felix\/#primaryimage"},"image":{"@id":"https:\/\/nk7-testes.com.br\/agazeta\/policia-civil-elucida-morte-do-delegado-felix\/#primaryimage"},"thumbnailUrl":"https:\/\/nk7-testes.com.br\/agazeta\/wp-content\/uploads\/2016\/03\/210316-policia-duplapresa-cedida.jpg","datePublished":"2016-03-21T16:42:43+00:00","author":{"@id":"https:\/\/nk7-testes.com.br\/agazeta\/#\/schema\/person\/6d6e25cb0435eb4a02fd44d30b4e3020"},"breadcrumb":{"@id":"https:\/\/nk7-testes.com.br\/agazeta\/policia-civil-elucida-morte-do-delegado-felix\/#breadcrumb"},"inLanguage":"pt-BR","potentialAction":[{"@type":"ReadAction","target":["https:\/\/nk7-testes.com.br\/agazeta\/policia-civil-elucida-morte-do-delegado-felix\/"]}]},{"@type":"ImageObject","inLanguage":"pt-BR","@id":"https:\/\/nk7-testes.com.br\/agazeta\/policia-civil-elucida-morte-do-delegado-felix\/#primaryimage","url":"https:\/\/nk7-testes.com.br\/agazeta\/wp-content\/uploads\/2016\/03\/210316-policia-duplapresa-cedida.jpg","contentUrl":"https:\/\/nk7-testes.com.br\/agazeta\/wp-content\/uploads\/2016\/03\/210316-policia-duplapresa-cedida.jpg","width":458,"height":340,"caption":"210316-policia-duplapresa-cedida"},{"@type":"BreadcrumbList","@id":"https:\/\/nk7-testes.com.br\/agazeta\/policia-civil-elucida-morte-do-delegado-felix\/#breadcrumb","itemListElement":[{"@type":"ListItem","position":1,"name":"In\u00edcio","item":"https:\/\/nk7-testes.com.br\/agazeta\/"},{"@type":"ListItem","position":2,"name":"Pol\u00edcia Civil elucida morte do delegado F\u00e9lix"}]},{"@type":"WebSite","@id":"https:\/\/nk7-testes.com.br\/agazeta\/#website","url":"https:\/\/nk7-testes.com.br\/agazeta\/","name":"Agazeta.net","description":"Agazeta.net - Not\u00edcias de Rio Branco\/AC","potentialAction":[{"@type":"SearchAction","target":{"@type":"EntryPoint","urlTemplate":"https:\/\/nk7-testes.com.br\/agazeta\/?s={search_term_string}"},"query-input":{"@type":"PropertyValueSpecification","valueRequired":true,"valueName":"search_term_string"}}],"inLanguage":"pt-BR"},{"@type":"Person","@id":"https:\/\/nk7-testes.com.br\/agazeta\/#\/schema\/person\/6d6e25cb0435eb4a02fd44d30b4e3020","name":"Agazeta.Net","url":"https:\/\/nk7-testes.com.br\/agazeta\/author\/agazeta\/"}]}},"_links":{"self":[{"href":"https:\/\/nk7-testes.com.br\/agazeta\/wp-json\/wp\/v2\/posts\/21662","targetHints":{"allow":["GET"]}}],"collection":[{"href":"https:\/\/nk7-testes.com.br\/agazeta\/wp-json\/wp\/v2\/posts"}],"about":[{"href":"https:\/\/nk7-testes.com.br\/agazeta\/wp-json\/wp\/v2\/types\/post"}],"author":[{"embeddable":true,"href":"https:\/\/nk7-testes.com.br\/agazeta\/wp-json\/wp\/v2\/users\/4"}],"replies":[{"embeddable":true,"href":"https:\/\/nk7-testes.com.br\/agazeta\/wp-json\/wp\/v2\/comments?post=21662"}],"version-history":[{"count":0,"href":"https:\/\/nk7-testes.com.br\/agazeta\/wp-json\/wp\/v2\/posts\/21662\/revisions"}],"wp:featuredmedia":[{"embeddable":true,"href":"https:\/\/nk7-testes.com.br\/agazeta\/wp-json\/wp\/v2\/media\/21661"}],"wp:attachment":[{"href":"https:\/\/nk7-testes.com.br\/agazeta\/wp-json\/wp\/v2\/media?parent=21662"}],"wp:term":[{"taxonomy":"category","embeddable":true,"href":"https:\/\/nk7-testes.com.br\/agazeta\/wp-json\/wp\/v2\/categories?post=21662"},{"taxonomy":"post_tag","embeddable":true,"href":"https:\/\/nk7-testes.com.br\/agazeta\/wp-json\/wp\/v2\/tags?post=21662"}],"curies":[{"name":"wp","href":"https:\/\/api.w.org\/{rel}","templated":true}]}}