{"id":21642,"date":"2016-03-18T23:25:08","date_gmt":"2016-03-18T23:25:08","guid":{"rendered":"https:\/\/abarevegan.com.br\/index.php\/2016\/03\/18\/iapen-inaugura-ala-psiquiatrica-em-presidio-da-capital\/"},"modified":"2016-03-18T23:25:08","modified_gmt":"2016-03-18T23:25:08","slug":"iapen-inaugura-ala-psiquiatrica-em-presidio-da-capital","status":"publish","type":"post","link":"https:\/\/nk7-testes.com.br\/agazeta\/iapen-inaugura-ala-psiquiatrica-em-presidio-da-capital\/","title":{"rendered":"Iapen inaugura ala psiqui\u00e1trica em pres\u00eddio da Capital"},"content":{"rendered":"<p style=\"text-align: justify;\">\u00c1rea tem espa\u00e7o para 12 reeducandos<\/p>\n<p style=\"text-align: justify;\">O Instituto de Administra\u00e7\u00e3o Penitenci\u00e1ria do Acre (Iapen\/AC) entregou nesta sexta-feira, 18, a ala psiqui\u00e1trica do regime fechado na capital. O investimento totaliza R$328,152,08 com recursos oriundos do Minist\u00e9rio da Justi\u00e7a (governo federal). De imediato, 12 reeducandos, com mandado de seguran\u00e7a para cumprimento de pena em local adequado, ser\u00e3o transferidos para as novas celas.<\/p>\n<p style=\"text-align: justify;\">A nova unidade contar\u00e1 com uma equipe espec\u00edfica de profissionais atuando diretamente na Sa\u00fade Mental. S\u00e3o eles: t\u00e9cnicos de enfermagem, enfermeiros, psic\u00f3loga, psiquiatra e assistente social, al\u00e9m dos agentes penitenci\u00e1rios.<\/p>\n<p style=\"text-align: justify;\">\u201cIsso aqui \u00e9 a realiza\u00e7\u00e3o de um sonho, adequando-se, aos poucos, \u00e0 lei da reforma psiqui\u00e1trica. Aqui teremos todo o acompanhamento m\u00e9dico, desde o tratamento medicamentoso ao psicossocial\u201d, explicou a psic\u00f3loga e coordenadora da unidade, Samara Lopes.<\/p>\n<p style=\"text-align: justify;\">A medida visa humanizar o atendimento \u00e0s pessoas que cometeram crimes na sociedade e possuem algum tipo de problema psiqui\u00e1trico e necessitam de tratamento m\u00e9dico.<\/p>\n<p style=\"text-align: justify;\">\u201cCom isso, conseguimos abrir mais vagas na enfermaria comum e tamb\u00e9m no regime fechado que, hoje, possuem algumas celas destinadas especificamente para esses reeducandos, mas que n\u00e3o era o local mais adequado para essas pessoas que possuem transtornos\u201d, concluiu o diretor-presidente do Iapen\/AC, Martin Hessel.<\/p>\n","protected":false},"excerpt":{"rendered":"<p style=\"text-align: justify;\">\u00c1rea tem espa\u00e7o para 12 reeducandos<\/p>\n","protected":false},"author":4,"featured_media":21641,"comment_status":"open","ping_status":"open","sticky":false,"template":"","format":"standard","meta":{"jnews-multi-image_gallery":[],"jnews_single_post":[],"jnews_primary_category":[],"jnews_social_meta":[],"jnews_review":[],"enable_review":"","type":"","name":"","summary":"","brand":"","sku":"","good":[],"bad":[],"score_override":"","override_value":"","rating":[],"price":[],"footnotes":""},"categories":[44],"tags":[],"class_list":["post-21642","post","type-post","status-publish","format-standard","has-post-thumbnail","hentry","category-policia"],"yoast_head":"<!-- This site is optimized with the Yoast SEO plugin v26.5 - https:\/\/yoast.com\/wordpress\/plugins\/seo\/ -->\n<title>Iapen inaugura ala psiqui\u00e1trica em pres\u00eddio da Capital - Agazeta.net<\/title>\n<meta name=\"robots\" content=\"index, follow, max-snippet:-1, max-image-preview:large, max-video-preview:-1\" \/>\n<link rel=\"canonical\" href=\"https:\/\/nk7-testes.com.br\/agazeta\/iapen-inaugura-ala-psiquiatrica-em-presidio-da-capital\/\" \/>\n<meta property=\"og:locale\" content=\"pt_BR\" \/>\n<meta property=\"og:type\" content=\"article\" \/>\n<meta property=\"og:title\" content=\"Iapen inaugura ala psiqui\u00e1trica em pres\u00eddio da Capital - Agazeta.net\" \/>\n<meta property=\"og:description\" content=\"\u00c1rea tem espa\u00e7o para 12 reeducandos\" \/>\n<meta property=\"og:url\" content=\"https:\/\/nk7-testes.com.br\/agazeta\/iapen-inaugura-ala-psiquiatrica-em-presidio-da-capital\/\" \/>\n<meta property=\"og:site_name\" content=\"Agazeta.net\" \/>\n<meta property=\"article:published_time\" content=\"2016-03-18T23:25:08+00:00\" \/>\n<meta property=\"og:image\" content=\"https:\/\/nk7-testes.com.br\/agazeta\/wp-content\/uploads\/2016\/03\/180316-policia-alapsiquiatrica-cedida.jpg\" \/>\n\t<meta property=\"og:image:width\" content=\"458\" \/>\n\t<meta property=\"og:image:height\" content=\"340\" \/>\n\t<meta property=\"og:image:type\" content=\"image\/jpeg\" \/>\n<meta name=\"author\" content=\"Agazeta.Net\" \/>\n<meta name=\"twitter:card\" content=\"summary_large_image\" \/>\n<meta name=\"twitter:label1\" content=\"Escrito por\" \/>\n\t<meta name=\"twitter:data1\" content=\"Agazeta.Net\" \/>\n\t<meta name=\"twitter:label2\" content=\"Est. tempo de leitura\" \/>\n\t<meta name=\"twitter:data2\" content=\"1 minuto\" \/>\n<script type=\"application\/ld+json\" class=\"yoast-schema-graph\">{\"@context\":\"https:\/\/schema.org\",\"@graph\":[{\"@type\":\"WebPage\",\"@id\":\"https:\/\/nk7-testes.com.br\/agazeta\/iapen-inaugura-ala-psiquiatrica-em-presidio-da-capital\/\",\"url\":\"https:\/\/nk7-testes.com.br\/agazeta\/iapen-inaugura-ala-psiquiatrica-em-presidio-da-capital\/\",\"name\":\"Iapen inaugura ala psiqui\u00e1trica em pres\u00eddio da Capital - Agazeta.net\",\"isPartOf\":{\"@id\":\"https:\/\/nk7-testes.com.br\/agazeta\/#website\"},\"primaryImageOfPage\":{\"@id\":\"https:\/\/nk7-testes.com.br\/agazeta\/iapen-inaugura-ala-psiquiatrica-em-presidio-da-capital\/#primaryimage\"},\"image\":{\"@id\":\"https:\/\/nk7-testes.com.br\/agazeta\/iapen-inaugura-ala-psiquiatrica-em-presidio-da-capital\/#primaryimage\"},\"thumbnailUrl\":\"https:\/\/nk7-testes.com.br\/agazeta\/wp-content\/uploads\/2016\/03\/180316-policia-alapsiquiatrica-cedida.jpg\",\"datePublished\":\"2016-03-18T23:25:08+00:00\",\"author\":{\"@id\":\"https:\/\/nk7-testes.com.br\/agazeta\/#\/schema\/person\/6d6e25cb0435eb4a02fd44d30b4e3020\"},\"breadcrumb\":{\"@id\":\"https:\/\/nk7-testes.com.br\/agazeta\/iapen-inaugura-ala-psiquiatrica-em-presidio-da-capital\/#breadcrumb\"},\"inLanguage\":\"pt-BR\",\"potentialAction\":[{\"@type\":\"ReadAction\",\"target\":[\"https:\/\/nk7-testes.com.br\/agazeta\/iapen-inaugura-ala-psiquiatrica-em-presidio-da-capital\/\"]}]},{\"@type\":\"ImageObject\",\"inLanguage\":\"pt-BR\",\"@id\":\"https:\/\/nk7-testes.com.br\/agazeta\/iapen-inaugura-ala-psiquiatrica-em-presidio-da-capital\/#primaryimage\",\"url\":\"https:\/\/nk7-testes.com.br\/agazeta\/wp-content\/uploads\/2016\/03\/180316-policia-alapsiquiatrica-cedida.jpg\",\"contentUrl\":\"https:\/\/nk7-testes.com.br\/agazeta\/wp-content\/uploads\/2016\/03\/180316-policia-alapsiquiatrica-cedida.jpg\",\"width\":458,\"height\":340,\"caption\":\"180316-policia-alapsiquiatrica-cedida\"},{\"@type\":\"BreadcrumbList\",\"@id\":\"https:\/\/nk7-testes.com.br\/agazeta\/iapen-inaugura-ala-psiquiatrica-em-presidio-da-capital\/#breadcrumb\",\"itemListElement\":[{\"@type\":\"ListItem\",\"position\":1,\"name\":\"In\u00edcio\",\"item\":\"https:\/\/nk7-testes.com.br\/agazeta\/\"},{\"@type\":\"ListItem\",\"position\":2,\"name\":\"Iapen inaugura ala psiqui\u00e1trica em pres\u00eddio da Capital\"}]},{\"@type\":\"WebSite\",\"@id\":\"https:\/\/nk7-testes.com.br\/agazeta\/#website\",\"url\":\"https:\/\/nk7-testes.com.br\/agazeta\/\",\"name\":\"Agazeta.net\",\"description\":\"Agazeta.net - Not\u00edcias de Rio Branco\/AC\",\"potentialAction\":[{\"@type\":\"SearchAction\",\"target\":{\"@type\":\"EntryPoint\",\"urlTemplate\":\"https:\/\/nk7-testes.com.br\/agazeta\/?s={search_term_string}\"},\"query-input\":{\"@type\":\"PropertyValueSpecification\",\"valueRequired\":true,\"valueName\":\"search_term_string\"}}],\"inLanguage\":\"pt-BR\"},{\"@type\":\"Person\",\"@id\":\"https:\/\/nk7-testes.com.br\/agazeta\/#\/schema\/person\/6d6e25cb0435eb4a02fd44d30b4e3020\",\"name\":\"Agazeta.Net\",\"url\":\"https:\/\/nk7-testes.com.br\/agazeta\/author\/agazeta\/\"}]}<\/script>\n<!-- \/ Yoast SEO plugin. -->","yoast_head_json":{"title":"Iapen inaugura ala psiqui\u00e1trica em pres\u00eddio da Capital - Agazeta.net","robots":{"index":"index","follow":"follow","max-snippet":"max-snippet:-1","max-image-preview":"max-image-preview:large","max-video-preview":"max-video-preview:-1"},"canonical":"https:\/\/nk7-testes.com.br\/agazeta\/iapen-inaugura-ala-psiquiatrica-em-presidio-da-capital\/","og_locale":"pt_BR","og_type":"article","og_title":"Iapen inaugura ala psiqui\u00e1trica em pres\u00eddio da Capital - Agazeta.net","og_description":"\u00c1rea tem espa\u00e7o para 12 reeducandos","og_url":"https:\/\/nk7-testes.com.br\/agazeta\/iapen-inaugura-ala-psiquiatrica-em-presidio-da-capital\/","og_site_name":"Agazeta.net","article_published_time":"2016-03-18T23:25:08+00:00","og_image":[{"width":458,"height":340,"url":"https:\/\/nk7-testes.com.br\/agazeta\/wp-content\/uploads\/2016\/03\/180316-policia-alapsiquiatrica-cedida.jpg","type":"image\/jpeg"}],"author":"Agazeta.Net","twitter_card":"summary_large_image","twitter_misc":{"Escrito por":"Agazeta.Net","Est. tempo de leitura":"1 minuto"},"schema":{"@context":"https:\/\/schema.org","@graph":[{"@type":"WebPage","@id":"https:\/\/nk7-testes.com.br\/agazeta\/iapen-inaugura-ala-psiquiatrica-em-presidio-da-capital\/","url":"https:\/\/nk7-testes.com.br\/agazeta\/iapen-inaugura-ala-psiquiatrica-em-presidio-da-capital\/","name":"Iapen inaugura ala psiqui\u00e1trica em pres\u00eddio da Capital - Agazeta.net","isPartOf":{"@id":"https:\/\/nk7-testes.com.br\/agazeta\/#website"},"primaryImageOfPage":{"@id":"https:\/\/nk7-testes.com.br\/agazeta\/iapen-inaugura-ala-psiquiatrica-em-presidio-da-capital\/#primaryimage"},"image":{"@id":"https:\/\/nk7-testes.com.br\/agazeta\/iapen-inaugura-ala-psiquiatrica-em-presidio-da-capital\/#primaryimage"},"thumbnailUrl":"https:\/\/nk7-testes.com.br\/agazeta\/wp-content\/uploads\/2016\/03\/180316-policia-alapsiquiatrica-cedida.jpg","datePublished":"2016-03-18T23:25:08+00:00","author":{"@id":"https:\/\/nk7-testes.com.br\/agazeta\/#\/schema\/person\/6d6e25cb0435eb4a02fd44d30b4e3020"},"breadcrumb":{"@id":"https:\/\/nk7-testes.com.br\/agazeta\/iapen-inaugura-ala-psiquiatrica-em-presidio-da-capital\/#breadcrumb"},"inLanguage":"pt-BR","potentialAction":[{"@type":"ReadAction","target":["https:\/\/nk7-testes.com.br\/agazeta\/iapen-inaugura-ala-psiquiatrica-em-presidio-da-capital\/"]}]},{"@type":"ImageObject","inLanguage":"pt-BR","@id":"https:\/\/nk7-testes.com.br\/agazeta\/iapen-inaugura-ala-psiquiatrica-em-presidio-da-capital\/#primaryimage","url":"https:\/\/nk7-testes.com.br\/agazeta\/wp-content\/uploads\/2016\/03\/180316-policia-alapsiquiatrica-cedida.jpg","contentUrl":"https:\/\/nk7-testes.com.br\/agazeta\/wp-content\/uploads\/2016\/03\/180316-policia-alapsiquiatrica-cedida.jpg","width":458,"height":340,"caption":"180316-policia-alapsiquiatrica-cedida"},{"@type":"BreadcrumbList","@id":"https:\/\/nk7-testes.com.br\/agazeta\/iapen-inaugura-ala-psiquiatrica-em-presidio-da-capital\/#breadcrumb","itemListElement":[{"@type":"ListItem","position":1,"name":"In\u00edcio","item":"https:\/\/nk7-testes.com.br\/agazeta\/"},{"@type":"ListItem","position":2,"name":"Iapen inaugura ala psiqui\u00e1trica em pres\u00eddio da Capital"}]},{"@type":"WebSite","@id":"https:\/\/nk7-testes.com.br\/agazeta\/#website","url":"https:\/\/nk7-testes.com.br\/agazeta\/","name":"Agazeta.net","description":"Agazeta.net - Not\u00edcias de Rio Branco\/AC","potentialAction":[{"@type":"SearchAction","target":{"@type":"EntryPoint","urlTemplate":"https:\/\/nk7-testes.com.br\/agazeta\/?s={search_term_string}"},"query-input":{"@type":"PropertyValueSpecification","valueRequired":true,"valueName":"search_term_string"}}],"inLanguage":"pt-BR"},{"@type":"Person","@id":"https:\/\/nk7-testes.com.br\/agazeta\/#\/schema\/person\/6d6e25cb0435eb4a02fd44d30b4e3020","name":"Agazeta.Net","url":"https:\/\/nk7-testes.com.br\/agazeta\/author\/agazeta\/"}]}},"_links":{"self":[{"href":"https:\/\/nk7-testes.com.br\/agazeta\/wp-json\/wp\/v2\/posts\/21642","targetHints":{"allow":["GET"]}}],"collection":[{"href":"https:\/\/nk7-testes.com.br\/agazeta\/wp-json\/wp\/v2\/posts"}],"about":[{"href":"https:\/\/nk7-testes.com.br\/agazeta\/wp-json\/wp\/v2\/types\/post"}],"author":[{"embeddable":true,"href":"https:\/\/nk7-testes.com.br\/agazeta\/wp-json\/wp\/v2\/users\/4"}],"replies":[{"embeddable":true,"href":"https:\/\/nk7-testes.com.br\/agazeta\/wp-json\/wp\/v2\/comments?post=21642"}],"version-history":[{"count":0,"href":"https:\/\/nk7-testes.com.br\/agazeta\/wp-json\/wp\/v2\/posts\/21642\/revisions"}],"wp:featuredmedia":[{"embeddable":true,"href":"https:\/\/nk7-testes.com.br\/agazeta\/wp-json\/wp\/v2\/media\/21641"}],"wp:attachment":[{"href":"https:\/\/nk7-testes.com.br\/agazeta\/wp-json\/wp\/v2\/media?parent=21642"}],"wp:term":[{"taxonomy":"category","embeddable":true,"href":"https:\/\/nk7-testes.com.br\/agazeta\/wp-json\/wp\/v2\/categories?post=21642"},{"taxonomy":"post_tag","embeddable":true,"href":"https:\/\/nk7-testes.com.br\/agazeta\/wp-json\/wp\/v2\/tags?post=21642"}],"curies":[{"name":"wp","href":"https:\/\/api.w.org\/{rel}","templated":true}]}}