{"id":21608,"date":"2016-03-17T18:40:35","date_gmt":"2016-03-17T18:40:35","guid":{"rendered":"https:\/\/abarevegan.com.br\/index.php\/2016\/03\/17\/delegacia-antiassalto-prende-duas-pessoas-do-semiaberto\/"},"modified":"2016-03-17T18:40:35","modified_gmt":"2016-03-17T18:40:35","slug":"delegacia-antiassalto-prende-duas-pessoas-do-semiaberto","status":"publish","type":"post","link":"https:\/\/nk7-testes.com.br\/agazeta\/delegacia-antiassalto-prende-duas-pessoas-do-semiaberto\/","title":{"rendered":"Delegacia Antiassalto prende duas pessoas do semiaberto"},"content":{"rendered":"<p style=\"text-align: justify;\">Paulo e Jeferson s\u00e3o suspeitos de roubo<\/p>\n<p style=\"text-align: justify;\">Agentes da Delegacia Antiassalto da Pol\u00edcia Civil (Dapc) comandados pelo delegado S\u00e9rgio Lopes, prenderam na manh\u00e3 desta quinta-feira (17) no bairro Montanh\u00eas, Paulo S\u00e9rgio Ribeira Freire, 34, e Jeferson Gomes Galv\u00e3o, 33, ambos evadidos do Sistema Penitenci\u00e1rio.<\/p>\n<p style=\"text-align: justify;\">Contra Paulo S\u00e9rgio, vulgo &#8220;Zumbi&#8221;, h\u00e1 um mandado de pris\u00e3o preventiva decretado por roubo. Ele foi preso na Travessa Brasil, bairro Montanh\u00eas, local em que reside. Tamb\u00e9m no mesmo bairro foi preso em flagrante Jefferson Gomes. Ele portava uma c\u00e9dula de identidade falsa em nome de Gleison Arruda de Farias, tamb\u00e9m com passagem pela pol\u00edcia.<\/p>\n<p style=\"text-align: justify;\">Jefferson, que responde a crimes no Mato Grosso, tamb\u00e9m \u00e9 condenado a nove anos, um m\u00eas e nove dias, e estava em regime semiaberto por crime de assalto \u00e0 m\u00e3o armada, cometido em 2012 no munic\u00edpio de Cruzeiro do Sul. Conforme a Pol\u00edcia Civil, as pris\u00f5es s\u00e3o resultado de dois meses de investiga\u00e7\u00e3o e, de acordo com o apurado, os detidos n\u00e3o agiam juntos.<\/p>\n<p style=\"text-align: justify;\">&#8220;A pol\u00edcia vem intensificando suas a\u00e7\u00f5es e as pris\u00f5es s\u00e3o resultados desse esfor\u00e7o que envolve investiga\u00e7\u00e3o. Eles s\u00e3o suspeitos de praticar outros delitos na cidade. Ambos v\u00e3o prestar depoimento e iremos dar continuidade \u00e0s investiga\u00e7\u00f5es para que mais pessoas em conflito com a lei sejam tiradas de circula\u00e7\u00e3o e possam cumprir com suas respectivas penas estabelecidas pela justi\u00e7a&#8221;, observou delegado S\u00e9rgio Lopes.<\/p>\n<p style=\"text-align: justify;\">O delegado pediu tamb\u00e9m que, quem reconhecer os suspeitos pela pr\u00e1tica de outros crimes, basta comparecer \u00e0 Divis\u00e3o de Investiga\u00e7\u00f5es Criminais (DIC), localizada na Rua Henrique Dias, bairro Bosque, pr\u00f3ximo \u00e0 Avenida Get\u00falio Vargas. Caso a pessoa tenha medo, basta ligar para o Disque Den\u00fancia 181, onde n\u00e3o h\u00e1 a necessidade de se identificar.<\/p>\n","protected":false},"excerpt":{"rendered":"<p style=\"text-align: justify;\">Paulo e Jeferson s\u00e3o suspeitos de roubo<\/p>\n","protected":false},"author":4,"featured_media":21607,"comment_status":"open","ping_status":"open","sticky":false,"template":"","format":"standard","meta":{"jnews-multi-image_gallery":[],"jnews_single_post":[],"jnews_primary_category":[],"jnews_social_meta":[],"jnews_review":[],"enable_review":"","type":"","name":"","summary":"","brand":"","sku":"","good":[],"bad":[],"score_override":"","override_value":"","rating":[],"price":[],"footnotes":""},"categories":[44],"tags":[],"class_list":["post-21608","post","type-post","status-publish","format-standard","has-post-thumbnail","hentry","category-policia"],"yoast_head":"<!-- This site is optimized with the Yoast SEO plugin v26.5 - https:\/\/yoast.com\/wordpress\/plugins\/seo\/ -->\n<title>Delegacia Antiassalto prende duas pessoas do semiaberto - Agazeta.net<\/title>\n<meta name=\"robots\" content=\"index, follow, max-snippet:-1, max-image-preview:large, max-video-preview:-1\" \/>\n<link rel=\"canonical\" href=\"https:\/\/nk7-testes.com.br\/agazeta\/delegacia-antiassalto-prende-duas-pessoas-do-semiaberto\/\" \/>\n<meta property=\"og:locale\" content=\"pt_BR\" \/>\n<meta property=\"og:type\" content=\"article\" \/>\n<meta property=\"og:title\" content=\"Delegacia Antiassalto prende duas pessoas do semiaberto - Agazeta.net\" \/>\n<meta property=\"og:description\" content=\"Paulo e Jeferson s\u00e3o suspeitos de roubo\" \/>\n<meta property=\"og:url\" content=\"https:\/\/nk7-testes.com.br\/agazeta\/delegacia-antiassalto-prende-duas-pessoas-do-semiaberto\/\" \/>\n<meta property=\"og:site_name\" content=\"Agazeta.net\" \/>\n<meta property=\"article:published_time\" content=\"2016-03-17T18:40:35+00:00\" \/>\n<meta property=\"og:image\" content=\"https:\/\/nk7-testes.com.br\/agazeta\/wp-content\/uploads\/2016\/03\/170316-policia-presossemiaberto.jpg\" \/>\n\t<meta property=\"og:image:width\" content=\"458\" \/>\n\t<meta property=\"og:image:height\" content=\"340\" \/>\n\t<meta property=\"og:image:type\" content=\"image\/jpeg\" \/>\n<meta name=\"author\" content=\"Agazeta.Net\" \/>\n<meta name=\"twitter:card\" content=\"summary_large_image\" \/>\n<meta name=\"twitter:label1\" content=\"Escrito por\" \/>\n\t<meta name=\"twitter:data1\" content=\"Agazeta.Net\" \/>\n\t<meta name=\"twitter:label2\" content=\"Est. tempo de leitura\" \/>\n\t<meta name=\"twitter:data2\" content=\"2 minutos\" \/>\n<script type=\"application\/ld+json\" class=\"yoast-schema-graph\">{\"@context\":\"https:\/\/schema.org\",\"@graph\":[{\"@type\":\"WebPage\",\"@id\":\"https:\/\/nk7-testes.com.br\/agazeta\/delegacia-antiassalto-prende-duas-pessoas-do-semiaberto\/\",\"url\":\"https:\/\/nk7-testes.com.br\/agazeta\/delegacia-antiassalto-prende-duas-pessoas-do-semiaberto\/\",\"name\":\"Delegacia Antiassalto prende duas pessoas do semiaberto - Agazeta.net\",\"isPartOf\":{\"@id\":\"https:\/\/nk7-testes.com.br\/agazeta\/#website\"},\"primaryImageOfPage\":{\"@id\":\"https:\/\/nk7-testes.com.br\/agazeta\/delegacia-antiassalto-prende-duas-pessoas-do-semiaberto\/#primaryimage\"},\"image\":{\"@id\":\"https:\/\/nk7-testes.com.br\/agazeta\/delegacia-antiassalto-prende-duas-pessoas-do-semiaberto\/#primaryimage\"},\"thumbnailUrl\":\"https:\/\/nk7-testes.com.br\/agazeta\/wp-content\/uploads\/2016\/03\/170316-policia-presossemiaberto.jpg\",\"datePublished\":\"2016-03-17T18:40:35+00:00\",\"author\":{\"@id\":\"https:\/\/nk7-testes.com.br\/agazeta\/#\/schema\/person\/6d6e25cb0435eb4a02fd44d30b4e3020\"},\"breadcrumb\":{\"@id\":\"https:\/\/nk7-testes.com.br\/agazeta\/delegacia-antiassalto-prende-duas-pessoas-do-semiaberto\/#breadcrumb\"},\"inLanguage\":\"pt-BR\",\"potentialAction\":[{\"@type\":\"ReadAction\",\"target\":[\"https:\/\/nk7-testes.com.br\/agazeta\/delegacia-antiassalto-prende-duas-pessoas-do-semiaberto\/\"]}]},{\"@type\":\"ImageObject\",\"inLanguage\":\"pt-BR\",\"@id\":\"https:\/\/nk7-testes.com.br\/agazeta\/delegacia-antiassalto-prende-duas-pessoas-do-semiaberto\/#primaryimage\",\"url\":\"https:\/\/nk7-testes.com.br\/agazeta\/wp-content\/uploads\/2016\/03\/170316-policia-presossemiaberto.jpg\",\"contentUrl\":\"https:\/\/nk7-testes.com.br\/agazeta\/wp-content\/uploads\/2016\/03\/170316-policia-presossemiaberto.jpg\",\"width\":458,\"height\":340,\"caption\":\"170316-policia-presossemiaberto\"},{\"@type\":\"BreadcrumbList\",\"@id\":\"https:\/\/nk7-testes.com.br\/agazeta\/delegacia-antiassalto-prende-duas-pessoas-do-semiaberto\/#breadcrumb\",\"itemListElement\":[{\"@type\":\"ListItem\",\"position\":1,\"name\":\"In\u00edcio\",\"item\":\"https:\/\/nk7-testes.com.br\/agazeta\/\"},{\"@type\":\"ListItem\",\"position\":2,\"name\":\"Delegacia Antiassalto prende duas pessoas do semiaberto\"}]},{\"@type\":\"WebSite\",\"@id\":\"https:\/\/nk7-testes.com.br\/agazeta\/#website\",\"url\":\"https:\/\/nk7-testes.com.br\/agazeta\/\",\"name\":\"Agazeta.net\",\"description\":\"Agazeta.net - Not\u00edcias de Rio Branco\/AC\",\"potentialAction\":[{\"@type\":\"SearchAction\",\"target\":{\"@type\":\"EntryPoint\",\"urlTemplate\":\"https:\/\/nk7-testes.com.br\/agazeta\/?s={search_term_string}\"},\"query-input\":{\"@type\":\"PropertyValueSpecification\",\"valueRequired\":true,\"valueName\":\"search_term_string\"}}],\"inLanguage\":\"pt-BR\"},{\"@type\":\"Person\",\"@id\":\"https:\/\/nk7-testes.com.br\/agazeta\/#\/schema\/person\/6d6e25cb0435eb4a02fd44d30b4e3020\",\"name\":\"Agazeta.Net\",\"url\":\"https:\/\/nk7-testes.com.br\/agazeta\/author\/agazeta\/\"}]}<\/script>\n<!-- \/ Yoast SEO plugin. -->","yoast_head_json":{"title":"Delegacia Antiassalto prende duas pessoas do semiaberto - Agazeta.net","robots":{"index":"index","follow":"follow","max-snippet":"max-snippet:-1","max-image-preview":"max-image-preview:large","max-video-preview":"max-video-preview:-1"},"canonical":"https:\/\/nk7-testes.com.br\/agazeta\/delegacia-antiassalto-prende-duas-pessoas-do-semiaberto\/","og_locale":"pt_BR","og_type":"article","og_title":"Delegacia Antiassalto prende duas pessoas do semiaberto - Agazeta.net","og_description":"Paulo e Jeferson s\u00e3o suspeitos de roubo","og_url":"https:\/\/nk7-testes.com.br\/agazeta\/delegacia-antiassalto-prende-duas-pessoas-do-semiaberto\/","og_site_name":"Agazeta.net","article_published_time":"2016-03-17T18:40:35+00:00","og_image":[{"width":458,"height":340,"url":"https:\/\/nk7-testes.com.br\/agazeta\/wp-content\/uploads\/2016\/03\/170316-policia-presossemiaberto.jpg","type":"image\/jpeg"}],"author":"Agazeta.Net","twitter_card":"summary_large_image","twitter_misc":{"Escrito por":"Agazeta.Net","Est. tempo de leitura":"2 minutos"},"schema":{"@context":"https:\/\/schema.org","@graph":[{"@type":"WebPage","@id":"https:\/\/nk7-testes.com.br\/agazeta\/delegacia-antiassalto-prende-duas-pessoas-do-semiaberto\/","url":"https:\/\/nk7-testes.com.br\/agazeta\/delegacia-antiassalto-prende-duas-pessoas-do-semiaberto\/","name":"Delegacia Antiassalto prende duas pessoas do semiaberto - Agazeta.net","isPartOf":{"@id":"https:\/\/nk7-testes.com.br\/agazeta\/#website"},"primaryImageOfPage":{"@id":"https:\/\/nk7-testes.com.br\/agazeta\/delegacia-antiassalto-prende-duas-pessoas-do-semiaberto\/#primaryimage"},"image":{"@id":"https:\/\/nk7-testes.com.br\/agazeta\/delegacia-antiassalto-prende-duas-pessoas-do-semiaberto\/#primaryimage"},"thumbnailUrl":"https:\/\/nk7-testes.com.br\/agazeta\/wp-content\/uploads\/2016\/03\/170316-policia-presossemiaberto.jpg","datePublished":"2016-03-17T18:40:35+00:00","author":{"@id":"https:\/\/nk7-testes.com.br\/agazeta\/#\/schema\/person\/6d6e25cb0435eb4a02fd44d30b4e3020"},"breadcrumb":{"@id":"https:\/\/nk7-testes.com.br\/agazeta\/delegacia-antiassalto-prende-duas-pessoas-do-semiaberto\/#breadcrumb"},"inLanguage":"pt-BR","potentialAction":[{"@type":"ReadAction","target":["https:\/\/nk7-testes.com.br\/agazeta\/delegacia-antiassalto-prende-duas-pessoas-do-semiaberto\/"]}]},{"@type":"ImageObject","inLanguage":"pt-BR","@id":"https:\/\/nk7-testes.com.br\/agazeta\/delegacia-antiassalto-prende-duas-pessoas-do-semiaberto\/#primaryimage","url":"https:\/\/nk7-testes.com.br\/agazeta\/wp-content\/uploads\/2016\/03\/170316-policia-presossemiaberto.jpg","contentUrl":"https:\/\/nk7-testes.com.br\/agazeta\/wp-content\/uploads\/2016\/03\/170316-policia-presossemiaberto.jpg","width":458,"height":340,"caption":"170316-policia-presossemiaberto"},{"@type":"BreadcrumbList","@id":"https:\/\/nk7-testes.com.br\/agazeta\/delegacia-antiassalto-prende-duas-pessoas-do-semiaberto\/#breadcrumb","itemListElement":[{"@type":"ListItem","position":1,"name":"In\u00edcio","item":"https:\/\/nk7-testes.com.br\/agazeta\/"},{"@type":"ListItem","position":2,"name":"Delegacia Antiassalto prende duas pessoas do semiaberto"}]},{"@type":"WebSite","@id":"https:\/\/nk7-testes.com.br\/agazeta\/#website","url":"https:\/\/nk7-testes.com.br\/agazeta\/","name":"Agazeta.net","description":"Agazeta.net - Not\u00edcias de Rio Branco\/AC","potentialAction":[{"@type":"SearchAction","target":{"@type":"EntryPoint","urlTemplate":"https:\/\/nk7-testes.com.br\/agazeta\/?s={search_term_string}"},"query-input":{"@type":"PropertyValueSpecification","valueRequired":true,"valueName":"search_term_string"}}],"inLanguage":"pt-BR"},{"@type":"Person","@id":"https:\/\/nk7-testes.com.br\/agazeta\/#\/schema\/person\/6d6e25cb0435eb4a02fd44d30b4e3020","name":"Agazeta.Net","url":"https:\/\/nk7-testes.com.br\/agazeta\/author\/agazeta\/"}]}},"_links":{"self":[{"href":"https:\/\/nk7-testes.com.br\/agazeta\/wp-json\/wp\/v2\/posts\/21608","targetHints":{"allow":["GET"]}}],"collection":[{"href":"https:\/\/nk7-testes.com.br\/agazeta\/wp-json\/wp\/v2\/posts"}],"about":[{"href":"https:\/\/nk7-testes.com.br\/agazeta\/wp-json\/wp\/v2\/types\/post"}],"author":[{"embeddable":true,"href":"https:\/\/nk7-testes.com.br\/agazeta\/wp-json\/wp\/v2\/users\/4"}],"replies":[{"embeddable":true,"href":"https:\/\/nk7-testes.com.br\/agazeta\/wp-json\/wp\/v2\/comments?post=21608"}],"version-history":[{"count":0,"href":"https:\/\/nk7-testes.com.br\/agazeta\/wp-json\/wp\/v2\/posts\/21608\/revisions"}],"wp:featuredmedia":[{"embeddable":true,"href":"https:\/\/nk7-testes.com.br\/agazeta\/wp-json\/wp\/v2\/media\/21607"}],"wp:attachment":[{"href":"https:\/\/nk7-testes.com.br\/agazeta\/wp-json\/wp\/v2\/media?parent=21608"}],"wp:term":[{"taxonomy":"category","embeddable":true,"href":"https:\/\/nk7-testes.com.br\/agazeta\/wp-json\/wp\/v2\/categories?post=21608"},{"taxonomy":"post_tag","embeddable":true,"href":"https:\/\/nk7-testes.com.br\/agazeta\/wp-json\/wp\/v2\/tags?post=21608"}],"curies":[{"name":"wp","href":"https:\/\/api.w.org\/{rel}","templated":true}]}}