{"id":21585,"date":"2016-03-16T17:22:15","date_gmt":"2016-03-16T17:22:15","guid":{"rendered":"https:\/\/abarevegan.com.br\/index.php\/2016\/03\/16\/em-1-mes-operacao-cerco-tatico-prende-40-pessoas\/"},"modified":"2016-03-16T17:22:15","modified_gmt":"2016-03-16T17:22:15","slug":"em-1-mes-operacao-cerco-tatico-prende-40-pessoas","status":"publish","type":"post","link":"https:\/\/nk7-testes.com.br\/agazeta\/em-1-mes-operacao-cerco-tatico-prende-40-pessoas\/","title":{"rendered":"Em 1 m\u00eas opera\u00e7\u00e3o Cerco T\u00e1tico prende 40 pessoas"},"content":{"rendered":"<p style=\"text-align: justify;\">6 foram presos somente nesta ter\u00e7a<\/p>\n<p style=\"text-align: justify;\">Iniciada em 22 de fevereiro deste ano, a opera\u00e7\u00e3o &#8220;Cerco T\u00e1tico&#8221; do Grupo Especial de Capturas da Pol\u00edcia Civil (Gecapc) j\u00e1 retirou de circula\u00e7\u00e3o cerca de 40 pessoas em conflito com a lei. O n\u00famero foi divulgado na manh\u00e3 desta quarta-feira, 16, pelo coordenador do Gecapc, delegado Fabrizzio Sobeira, durante apresenta\u00e7\u00e3o de outros seis criminosos que foram presos ontem, 15.<\/p>\n<p style=\"text-align: justify;\">Diego dos Santos Andrade, de 23 anos, capturado na Cidade Nova, havia sido sentenciado a cinco anos e quatro meses por roubo, estava no regime semiaberto, mas quebrou o benef\u00edcio. Emerson Wesley da Silva Nascimento, de 21 anos, teve a pris\u00e3o preventiva decretada tamb\u00e9m pela pr\u00e1tica de roubo e foi preso pela pol\u00edcia no Terminal Urbano.<\/p>\n<p style=\"text-align: justify;\">Carlos Henrique da Silva Monteiro, 33, foi preso no bairro Vila Ivonete pelo crime de homic\u00eddio. J\u00e1 Ant\u00f4nio Fernandes da Rocha, tamb\u00e9m de 33 anos, foi preso no bairro Ilson Ribeiro, regi\u00e3o do Calafate, por tentativa de homic\u00eddio.<\/p>\n<p style=\"text-align: justify;\">\u201cNosso objetivo \u00e9 espec\u00edfico, prender as pessoas que t\u00eam mandados de pris\u00e3o em aberto, mas est\u00e3o em liberdade. Existe um refor\u00e7o no Grupo de Capturas, capacitado e realizando dilig\u00eancias investigativas, objetivando t\u00e3o somente a pris\u00e3o dessas pessoas\u201d, pontuou o delegado Fabr\u00edzzio Sobreira.<\/p>\n<p style=\"text-align: justify;\">Entre os capturados, h\u00e1 tamb\u00e9m duas mulheres: Jaqueline de Almeida Lima, de 22 anos, e Julineide de Souza Le\u00e3o, de 27. Elas tiveram as pris\u00f5es decretadas pela justi\u00e7a, ap\u00f3s tentarem entrar na penitenci\u00e1ria com drogas, em 2015. Al\u00e9m delas, as pessoas que receberiam esse material, dentro do pres\u00eddio, tamb\u00e9m foram identificadas e responsabilizadas criminalmente.<\/p>\n","protected":false},"excerpt":{"rendered":"<p style=\"text-align: justify;\">6 foram presos somente nesta ter\u00e7a<\/p>\n","protected":false},"author":4,"featured_media":21584,"comment_status":"open","ping_status":"open","sticky":false,"template":"","format":"standard","meta":{"jnews-multi-image_gallery":[],"jnews_single_post":[],"jnews_primary_category":[],"jnews_social_meta":[],"jnews_review":[],"enable_review":"","type":"","name":"","summary":"","brand":"","sku":"","good":[],"bad":[],"score_override":"","override_value":"","rating":[],"price":[],"footnotes":""},"categories":[44],"tags":[],"class_list":["post-21585","post","type-post","status-publish","format-standard","has-post-thumbnail","hentry","category-policia"],"yoast_head":"<!-- This site is optimized with the Yoast SEO plugin v26.5 - https:\/\/yoast.com\/wordpress\/plugins\/seo\/ -->\n<title>Em 1 m\u00eas opera\u00e7\u00e3o Cerco T\u00e1tico prende 40 pessoas - Agazeta.net<\/title>\n<meta name=\"robots\" content=\"index, follow, max-snippet:-1, max-image-preview:large, max-video-preview:-1\" \/>\n<link rel=\"canonical\" href=\"https:\/\/nk7-testes.com.br\/agazeta\/em-1-mes-operacao-cerco-tatico-prende-40-pessoas\/\" \/>\n<meta property=\"og:locale\" content=\"pt_BR\" \/>\n<meta property=\"og:type\" content=\"article\" \/>\n<meta property=\"og:title\" content=\"Em 1 m\u00eas opera\u00e7\u00e3o Cerco T\u00e1tico prende 40 pessoas - Agazeta.net\" \/>\n<meta property=\"og:description\" content=\"6 foram presos somente nesta ter\u00e7a\" \/>\n<meta property=\"og:url\" content=\"https:\/\/nk7-testes.com.br\/agazeta\/em-1-mes-operacao-cerco-tatico-prende-40-pessoas\/\" \/>\n<meta property=\"og:site_name\" content=\"Agazeta.net\" \/>\n<meta property=\"article:published_time\" content=\"2016-03-16T17:22:15+00:00\" \/>\n<meta property=\"og:image\" content=\"https:\/\/nk7-testes.com.br\/agazeta\/wp-content\/uploads\/2016\/03\/160316-policia-presoscercotatico.jpg\" \/>\n\t<meta property=\"og:image:width\" content=\"458\" \/>\n\t<meta property=\"og:image:height\" content=\"340\" \/>\n\t<meta property=\"og:image:type\" content=\"image\/jpeg\" \/>\n<meta name=\"author\" content=\"Agazeta.Net\" \/>\n<meta name=\"twitter:card\" content=\"summary_large_image\" \/>\n<meta name=\"twitter:label1\" content=\"Escrito por\" \/>\n\t<meta name=\"twitter:data1\" content=\"Agazeta.Net\" \/>\n\t<meta name=\"twitter:label2\" content=\"Est. tempo de leitura\" \/>\n\t<meta name=\"twitter:data2\" content=\"1 minuto\" \/>\n<script type=\"application\/ld+json\" class=\"yoast-schema-graph\">{\"@context\":\"https:\/\/schema.org\",\"@graph\":[{\"@type\":\"WebPage\",\"@id\":\"https:\/\/nk7-testes.com.br\/agazeta\/em-1-mes-operacao-cerco-tatico-prende-40-pessoas\/\",\"url\":\"https:\/\/nk7-testes.com.br\/agazeta\/em-1-mes-operacao-cerco-tatico-prende-40-pessoas\/\",\"name\":\"Em 1 m\u00eas opera\u00e7\u00e3o Cerco T\u00e1tico prende 40 pessoas - Agazeta.net\",\"isPartOf\":{\"@id\":\"https:\/\/nk7-testes.com.br\/agazeta\/#website\"},\"primaryImageOfPage\":{\"@id\":\"https:\/\/nk7-testes.com.br\/agazeta\/em-1-mes-operacao-cerco-tatico-prende-40-pessoas\/#primaryimage\"},\"image\":{\"@id\":\"https:\/\/nk7-testes.com.br\/agazeta\/em-1-mes-operacao-cerco-tatico-prende-40-pessoas\/#primaryimage\"},\"thumbnailUrl\":\"https:\/\/nk7-testes.com.br\/agazeta\/wp-content\/uploads\/2016\/03\/160316-policia-presoscercotatico.jpg\",\"datePublished\":\"2016-03-16T17:22:15+00:00\",\"author\":{\"@id\":\"https:\/\/nk7-testes.com.br\/agazeta\/#\/schema\/person\/6d6e25cb0435eb4a02fd44d30b4e3020\"},\"breadcrumb\":{\"@id\":\"https:\/\/nk7-testes.com.br\/agazeta\/em-1-mes-operacao-cerco-tatico-prende-40-pessoas\/#breadcrumb\"},\"inLanguage\":\"pt-BR\",\"potentialAction\":[{\"@type\":\"ReadAction\",\"target\":[\"https:\/\/nk7-testes.com.br\/agazeta\/em-1-mes-operacao-cerco-tatico-prende-40-pessoas\/\"]}]},{\"@type\":\"ImageObject\",\"inLanguage\":\"pt-BR\",\"@id\":\"https:\/\/nk7-testes.com.br\/agazeta\/em-1-mes-operacao-cerco-tatico-prende-40-pessoas\/#primaryimage\",\"url\":\"https:\/\/nk7-testes.com.br\/agazeta\/wp-content\/uploads\/2016\/03\/160316-policia-presoscercotatico.jpg\",\"contentUrl\":\"https:\/\/nk7-testes.com.br\/agazeta\/wp-content\/uploads\/2016\/03\/160316-policia-presoscercotatico.jpg\",\"width\":458,\"height\":340,\"caption\":\"160316-policia-presoscercotatico\"},{\"@type\":\"BreadcrumbList\",\"@id\":\"https:\/\/nk7-testes.com.br\/agazeta\/em-1-mes-operacao-cerco-tatico-prende-40-pessoas\/#breadcrumb\",\"itemListElement\":[{\"@type\":\"ListItem\",\"position\":1,\"name\":\"In\u00edcio\",\"item\":\"https:\/\/nk7-testes.com.br\/agazeta\/\"},{\"@type\":\"ListItem\",\"position\":2,\"name\":\"Em 1 m\u00eas opera\u00e7\u00e3o Cerco T\u00e1tico prende 40 pessoas\"}]},{\"@type\":\"WebSite\",\"@id\":\"https:\/\/nk7-testes.com.br\/agazeta\/#website\",\"url\":\"https:\/\/nk7-testes.com.br\/agazeta\/\",\"name\":\"Agazeta.net\",\"description\":\"Agazeta.net - Not\u00edcias de Rio Branco\/AC\",\"potentialAction\":[{\"@type\":\"SearchAction\",\"target\":{\"@type\":\"EntryPoint\",\"urlTemplate\":\"https:\/\/nk7-testes.com.br\/agazeta\/?s={search_term_string}\"},\"query-input\":{\"@type\":\"PropertyValueSpecification\",\"valueRequired\":true,\"valueName\":\"search_term_string\"}}],\"inLanguage\":\"pt-BR\"},{\"@type\":\"Person\",\"@id\":\"https:\/\/nk7-testes.com.br\/agazeta\/#\/schema\/person\/6d6e25cb0435eb4a02fd44d30b4e3020\",\"name\":\"Agazeta.Net\",\"url\":\"https:\/\/nk7-testes.com.br\/agazeta\/author\/agazeta\/\"}]}<\/script>\n<!-- \/ Yoast SEO plugin. -->","yoast_head_json":{"title":"Em 1 m\u00eas opera\u00e7\u00e3o Cerco T\u00e1tico prende 40 pessoas - Agazeta.net","robots":{"index":"index","follow":"follow","max-snippet":"max-snippet:-1","max-image-preview":"max-image-preview:large","max-video-preview":"max-video-preview:-1"},"canonical":"https:\/\/nk7-testes.com.br\/agazeta\/em-1-mes-operacao-cerco-tatico-prende-40-pessoas\/","og_locale":"pt_BR","og_type":"article","og_title":"Em 1 m\u00eas opera\u00e7\u00e3o Cerco T\u00e1tico prende 40 pessoas - Agazeta.net","og_description":"6 foram presos somente nesta ter\u00e7a","og_url":"https:\/\/nk7-testes.com.br\/agazeta\/em-1-mes-operacao-cerco-tatico-prende-40-pessoas\/","og_site_name":"Agazeta.net","article_published_time":"2016-03-16T17:22:15+00:00","og_image":[{"width":458,"height":340,"url":"https:\/\/nk7-testes.com.br\/agazeta\/wp-content\/uploads\/2016\/03\/160316-policia-presoscercotatico.jpg","type":"image\/jpeg"}],"author":"Agazeta.Net","twitter_card":"summary_large_image","twitter_misc":{"Escrito por":"Agazeta.Net","Est. tempo de leitura":"1 minuto"},"schema":{"@context":"https:\/\/schema.org","@graph":[{"@type":"WebPage","@id":"https:\/\/nk7-testes.com.br\/agazeta\/em-1-mes-operacao-cerco-tatico-prende-40-pessoas\/","url":"https:\/\/nk7-testes.com.br\/agazeta\/em-1-mes-operacao-cerco-tatico-prende-40-pessoas\/","name":"Em 1 m\u00eas opera\u00e7\u00e3o Cerco T\u00e1tico prende 40 pessoas - Agazeta.net","isPartOf":{"@id":"https:\/\/nk7-testes.com.br\/agazeta\/#website"},"primaryImageOfPage":{"@id":"https:\/\/nk7-testes.com.br\/agazeta\/em-1-mes-operacao-cerco-tatico-prende-40-pessoas\/#primaryimage"},"image":{"@id":"https:\/\/nk7-testes.com.br\/agazeta\/em-1-mes-operacao-cerco-tatico-prende-40-pessoas\/#primaryimage"},"thumbnailUrl":"https:\/\/nk7-testes.com.br\/agazeta\/wp-content\/uploads\/2016\/03\/160316-policia-presoscercotatico.jpg","datePublished":"2016-03-16T17:22:15+00:00","author":{"@id":"https:\/\/nk7-testes.com.br\/agazeta\/#\/schema\/person\/6d6e25cb0435eb4a02fd44d30b4e3020"},"breadcrumb":{"@id":"https:\/\/nk7-testes.com.br\/agazeta\/em-1-mes-operacao-cerco-tatico-prende-40-pessoas\/#breadcrumb"},"inLanguage":"pt-BR","potentialAction":[{"@type":"ReadAction","target":["https:\/\/nk7-testes.com.br\/agazeta\/em-1-mes-operacao-cerco-tatico-prende-40-pessoas\/"]}]},{"@type":"ImageObject","inLanguage":"pt-BR","@id":"https:\/\/nk7-testes.com.br\/agazeta\/em-1-mes-operacao-cerco-tatico-prende-40-pessoas\/#primaryimage","url":"https:\/\/nk7-testes.com.br\/agazeta\/wp-content\/uploads\/2016\/03\/160316-policia-presoscercotatico.jpg","contentUrl":"https:\/\/nk7-testes.com.br\/agazeta\/wp-content\/uploads\/2016\/03\/160316-policia-presoscercotatico.jpg","width":458,"height":340,"caption":"160316-policia-presoscercotatico"},{"@type":"BreadcrumbList","@id":"https:\/\/nk7-testes.com.br\/agazeta\/em-1-mes-operacao-cerco-tatico-prende-40-pessoas\/#breadcrumb","itemListElement":[{"@type":"ListItem","position":1,"name":"In\u00edcio","item":"https:\/\/nk7-testes.com.br\/agazeta\/"},{"@type":"ListItem","position":2,"name":"Em 1 m\u00eas opera\u00e7\u00e3o Cerco T\u00e1tico prende 40 pessoas"}]},{"@type":"WebSite","@id":"https:\/\/nk7-testes.com.br\/agazeta\/#website","url":"https:\/\/nk7-testes.com.br\/agazeta\/","name":"Agazeta.net","description":"Agazeta.net - Not\u00edcias de Rio Branco\/AC","potentialAction":[{"@type":"SearchAction","target":{"@type":"EntryPoint","urlTemplate":"https:\/\/nk7-testes.com.br\/agazeta\/?s={search_term_string}"},"query-input":{"@type":"PropertyValueSpecification","valueRequired":true,"valueName":"search_term_string"}}],"inLanguage":"pt-BR"},{"@type":"Person","@id":"https:\/\/nk7-testes.com.br\/agazeta\/#\/schema\/person\/6d6e25cb0435eb4a02fd44d30b4e3020","name":"Agazeta.Net","url":"https:\/\/nk7-testes.com.br\/agazeta\/author\/agazeta\/"}]}},"_links":{"self":[{"href":"https:\/\/nk7-testes.com.br\/agazeta\/wp-json\/wp\/v2\/posts\/21585","targetHints":{"allow":["GET"]}}],"collection":[{"href":"https:\/\/nk7-testes.com.br\/agazeta\/wp-json\/wp\/v2\/posts"}],"about":[{"href":"https:\/\/nk7-testes.com.br\/agazeta\/wp-json\/wp\/v2\/types\/post"}],"author":[{"embeddable":true,"href":"https:\/\/nk7-testes.com.br\/agazeta\/wp-json\/wp\/v2\/users\/4"}],"replies":[{"embeddable":true,"href":"https:\/\/nk7-testes.com.br\/agazeta\/wp-json\/wp\/v2\/comments?post=21585"}],"version-history":[{"count":0,"href":"https:\/\/nk7-testes.com.br\/agazeta\/wp-json\/wp\/v2\/posts\/21585\/revisions"}],"wp:featuredmedia":[{"embeddable":true,"href":"https:\/\/nk7-testes.com.br\/agazeta\/wp-json\/wp\/v2\/media\/21584"}],"wp:attachment":[{"href":"https:\/\/nk7-testes.com.br\/agazeta\/wp-json\/wp\/v2\/media?parent=21585"}],"wp:term":[{"taxonomy":"category","embeddable":true,"href":"https:\/\/nk7-testes.com.br\/agazeta\/wp-json\/wp\/v2\/categories?post=21585"},{"taxonomy":"post_tag","embeddable":true,"href":"https:\/\/nk7-testes.com.br\/agazeta\/wp-json\/wp\/v2\/tags?post=21585"}],"curies":[{"name":"wp","href":"https:\/\/api.w.org\/{rel}","templated":true}]}}