{"id":21579,"date":"2016-03-15T22:52:21","date_gmt":"2016-03-15T22:52:21","guid":{"rendered":"https:\/\/abarevegan.com.br\/index.php\/2016\/03\/15\/governo-aciona-justica-para-impedir-paralisacao-de-medicos\/"},"modified":"2016-03-15T22:52:21","modified_gmt":"2016-03-15T22:52:21","slug":"governo-aciona-justica-para-impedir-paralisacao-de-medicos","status":"publish","type":"post","link":"https:\/\/nk7-testes.com.br\/agazeta\/governo-aciona-justica-para-impedir-paralisacao-de-medicos\/","title":{"rendered":"Governo aciona Justi\u00e7a para impedir paralisa\u00e7\u00e3o de m\u00e9dicos"},"content":{"rendered":"<p style=\"text-align: justify;\">Nota do governo apela para o \u201cbom senso\u201d<\/p>\n<p style=\"text-align: justify;\">O Governo do Acre divulgou nota oficial informando que vai acionar a Justi\u00e7a para impedir que os m\u00e9dicos realizem paralisa\u00e7\u00e3o programada para esta quarta-feira, dia 16 de mar\u00e7o.<\/p>\n<p style=\"text-align: justify;\">A nota lembra o per\u00edodo de surto de doen\u00e7as tropicais como dengue, febre chikungunya e zika v\u00edrus e da import\u00e2ncia do trabalho da classe m\u00e9dica nesse per\u00edodo.<\/p>\n<p style=\"text-align: justify;\">A paralisa\u00e7\u00e3o j\u00e1 havia sido anunciada pela Sindicato dos M\u00e9dicos do Acre motivada por uma s\u00e9rie de reivindica\u00e7\u00f5es n\u00e3o atendidas pelo Governo. Entre estas reinvindica\u00e7\u00f5es podem ser pontuadas: contrata\u00e7\u00e3o de m\u00e9dicos, melhores condi\u00e7\u00f5es de trabalho e reestrutura\u00e7\u00e3o do Plano de Cargos, Carreira e Sal\u00e1rio, convoca\u00e7\u00e3o de profissionais aprovados em concurso p\u00fablico.<\/p>\n<p style=\"text-align: justify;\"><strong>GOVERNO DO ESTADO DO ACRE<\/strong><\/p>\n<p style=\"text-align: justify;\"><strong>SECRETARIA DE ESTADO DE SA\u00daDE<\/strong><\/p>\n<p style=\"text-align: justify;\"><em>Nota de Esclarecimento<\/em><\/p>\n<p style=\"text-align: justify;\">A Secretaria de Estado de Sa\u00fade do Acre (Sesacre) considera a paralisa\u00e7\u00e3o proposta pelo Sindicato dos M\u00e9dicos do Acre (Sindmed) extempor\u00e2nea e inconsequente, tendo em vista que o governo do Estado jamais se recusou negociar com a categoria.<\/p>\n<p style=\"text-align: justify;\">A Sesacre esclarece que, no tocante \u00e0s pautas discutidas em 2015, o governo acenou positivamente, tendo, inclusive, implementado alguns pontos reivindicados. Nas \u00faltimas semanas, a Sesacre manteve as negocia\u00e7\u00f5es abertas, contudo, nas tr\u00eas vezes que foram agendadas reuni\u00f5es com o sindicato, a dire\u00e7\u00e3o desmarcou ou n\u00e3o compareceu.<\/p>\n<p style=\"text-align: justify;\">\u00c9 importante ressaltar que o pa\u00eds vive um momento epidemiol\u00f3gico delicado, diante dos surtos de dengue, chikungunya e zika v\u00edrus, precisando, portanto, do apoio e dedica\u00e7\u00e3o da classe m\u00e9dica e dos demais trabalhadores que atuam na \u00e1rea de sa\u00fade p\u00fablica, a fim de garantir os servi\u00e7os de que a popula\u00e7\u00e3o precisa e que lhes s\u00e3o assegurados pela Constitui\u00e7\u00e3o.<\/p>\n<p style=\"text-align: justify;\">Diante disso, a Secretaria de Sa\u00fade est\u00e1 recorrendo aos meios jur\u00eddicos, por meio da Procuradoria-Geral do Estado, e entrando com mandado de seguran\u00e7a solicitando liminar para que seja assegurado que n\u00e3o haja preju\u00edzos aos servi\u00e7os prestados \u00e0 popula\u00e7\u00e3o.<\/p>\n<p style=\"text-align: justify;\">O governo do Estado acredita no bom senso por parte da dire\u00e7\u00e3o do sindicato e que retorne ao di\u00e1logo, abandonando a postura radical e intransigente que assumiu nas \u00faltimas tentativas de negocia\u00e7\u00e3o.<\/p>\n<p style=\"text-align: justify;\">Por fim, a Sesacre frisa que est\u00e1 fazendo o poss\u00edvel e necess\u00e1rio para que n\u00e3o haja nenhum preju\u00edzo aos cidad\u00e3os que usam os servi\u00e7os p\u00fablicos de sa\u00fade.<\/p>\n<p style=\"text-align: justify;\"><strong>Gemil de Abreu J\u00fanior<\/strong><\/p>\n<p style=\"text-align: justify;\"><em>Secret\u00e1rio de Estado de Sa\u00fade<\/em><\/p>\n","protected":false},"excerpt":{"rendered":"<p style=\"text-align: justify;\">Nota do governo apela para o \u201cbom senso\u201d<\/p>\n","protected":false},"author":4,"featured_media":21227,"comment_status":"open","ping_status":"open","sticky":false,"template":"","format":"standard","meta":{"jnews-multi-image_gallery":[],"jnews_single_post":[],"jnews_primary_category":[],"jnews_social_meta":[],"jnews_review":[],"enable_review":"","type":"","name":"","summary":"","brand":"","sku":"","good":[],"bad":[],"score_override":"","override_value":"","rating":[],"price":[],"footnotes":""},"categories":[54],"tags":[],"class_list":["post-21579","post","type-post","status-publish","format-standard","has-post-thumbnail","hentry","category-cotidiano"],"yoast_head":"<!-- This site is optimized with the Yoast SEO plugin v26.5 - https:\/\/yoast.com\/wordpress\/plugins\/seo\/ -->\n<title>Governo aciona Justi\u00e7a para impedir paralisa\u00e7\u00e3o de m\u00e9dicos - Agazeta.net<\/title>\n<meta name=\"robots\" content=\"index, follow, max-snippet:-1, max-image-preview:large, max-video-preview:-1\" \/>\n<link rel=\"canonical\" href=\"https:\/\/nk7-testes.com.br\/agazeta\/governo-aciona-justica-para-impedir-paralisacao-de-medicos\/\" \/>\n<meta property=\"og:locale\" content=\"pt_BR\" \/>\n<meta property=\"og:type\" content=\"article\" \/>\n<meta property=\"og:title\" content=\"Governo aciona Justi\u00e7a para impedir paralisa\u00e7\u00e3o de m\u00e9dicos - Agazeta.net\" \/>\n<meta property=\"og:description\" content=\"Nota do governo apela para o \u201cbom senso\u201d\" \/>\n<meta property=\"og:url\" content=\"https:\/\/nk7-testes.com.br\/agazeta\/governo-aciona-justica-para-impedir-paralisacao-de-medicos\/\" \/>\n<meta property=\"og:site_name\" content=\"Agazeta.net\" \/>\n<meta property=\"article:published_time\" content=\"2016-03-15T22:52:21+00:00\" \/>\n<meta property=\"og:image\" content=\"https:\/\/nk7-testes.com.br\/agazeta\/wp-content\/uploads\/2016\/02\/230216-politica-sesacre-tvgazeta.jpg\" \/>\n\t<meta property=\"og:image:width\" content=\"458\" \/>\n\t<meta property=\"og:image:height\" content=\"340\" \/>\n\t<meta property=\"og:image:type\" content=\"image\/jpeg\" \/>\n<meta name=\"author\" content=\"Agazeta.Net\" \/>\n<meta name=\"twitter:card\" content=\"summary_large_image\" \/>\n<meta name=\"twitter:label1\" content=\"Escrito por\" \/>\n\t<meta name=\"twitter:data1\" content=\"Agazeta.Net\" \/>\n\t<meta name=\"twitter:label2\" content=\"Est. tempo de leitura\" \/>\n\t<meta name=\"twitter:data2\" content=\"2 minutos\" \/>\n<script type=\"application\/ld+json\" class=\"yoast-schema-graph\">{\"@context\":\"https:\/\/schema.org\",\"@graph\":[{\"@type\":\"WebPage\",\"@id\":\"https:\/\/nk7-testes.com.br\/agazeta\/governo-aciona-justica-para-impedir-paralisacao-de-medicos\/\",\"url\":\"https:\/\/nk7-testes.com.br\/agazeta\/governo-aciona-justica-para-impedir-paralisacao-de-medicos\/\",\"name\":\"Governo aciona Justi\u00e7a para impedir paralisa\u00e7\u00e3o de m\u00e9dicos - Agazeta.net\",\"isPartOf\":{\"@id\":\"https:\/\/nk7-testes.com.br\/agazeta\/#website\"},\"primaryImageOfPage\":{\"@id\":\"https:\/\/nk7-testes.com.br\/agazeta\/governo-aciona-justica-para-impedir-paralisacao-de-medicos\/#primaryimage\"},\"image\":{\"@id\":\"https:\/\/nk7-testes.com.br\/agazeta\/governo-aciona-justica-para-impedir-paralisacao-de-medicos\/#primaryimage\"},\"thumbnailUrl\":\"https:\/\/nk7-testes.com.br\/agazeta\/wp-content\/uploads\/2016\/02\/230216-politica-sesacre-tvgazeta.jpg\",\"datePublished\":\"2016-03-15T22:52:21+00:00\",\"author\":{\"@id\":\"https:\/\/nk7-testes.com.br\/agazeta\/#\/schema\/person\/6d6e25cb0435eb4a02fd44d30b4e3020\"},\"breadcrumb\":{\"@id\":\"https:\/\/nk7-testes.com.br\/agazeta\/governo-aciona-justica-para-impedir-paralisacao-de-medicos\/#breadcrumb\"},\"inLanguage\":\"pt-BR\",\"potentialAction\":[{\"@type\":\"ReadAction\",\"target\":[\"https:\/\/nk7-testes.com.br\/agazeta\/governo-aciona-justica-para-impedir-paralisacao-de-medicos\/\"]}]},{\"@type\":\"ImageObject\",\"inLanguage\":\"pt-BR\",\"@id\":\"https:\/\/nk7-testes.com.br\/agazeta\/governo-aciona-justica-para-impedir-paralisacao-de-medicos\/#primaryimage\",\"url\":\"https:\/\/nk7-testes.com.br\/agazeta\/wp-content\/uploads\/2016\/02\/230216-politica-sesacre-tvgazeta.jpg\",\"contentUrl\":\"https:\/\/nk7-testes.com.br\/agazeta\/wp-content\/uploads\/2016\/02\/230216-politica-sesacre-tvgazeta.jpg\",\"width\":458,\"height\":340,\"caption\":\"230216-politica-sesacre-tvgazeta\"},{\"@type\":\"BreadcrumbList\",\"@id\":\"https:\/\/nk7-testes.com.br\/agazeta\/governo-aciona-justica-para-impedir-paralisacao-de-medicos\/#breadcrumb\",\"itemListElement\":[{\"@type\":\"ListItem\",\"position\":1,\"name\":\"In\u00edcio\",\"item\":\"https:\/\/nk7-testes.com.br\/agazeta\/\"},{\"@type\":\"ListItem\",\"position\":2,\"name\":\"Governo aciona Justi\u00e7a para impedir paralisa\u00e7\u00e3o de m\u00e9dicos\"}]},{\"@type\":\"WebSite\",\"@id\":\"https:\/\/nk7-testes.com.br\/agazeta\/#website\",\"url\":\"https:\/\/nk7-testes.com.br\/agazeta\/\",\"name\":\"Agazeta.net\",\"description\":\"Agazeta.net - Not\u00edcias de Rio Branco\/AC\",\"potentialAction\":[{\"@type\":\"SearchAction\",\"target\":{\"@type\":\"EntryPoint\",\"urlTemplate\":\"https:\/\/nk7-testes.com.br\/agazeta\/?s={search_term_string}\"},\"query-input\":{\"@type\":\"PropertyValueSpecification\",\"valueRequired\":true,\"valueName\":\"search_term_string\"}}],\"inLanguage\":\"pt-BR\"},{\"@type\":\"Person\",\"@id\":\"https:\/\/nk7-testes.com.br\/agazeta\/#\/schema\/person\/6d6e25cb0435eb4a02fd44d30b4e3020\",\"name\":\"Agazeta.Net\",\"url\":\"https:\/\/nk7-testes.com.br\/agazeta\/author\/agazeta\/\"}]}<\/script>\n<!-- \/ Yoast SEO plugin. -->","yoast_head_json":{"title":"Governo aciona Justi\u00e7a para impedir paralisa\u00e7\u00e3o de m\u00e9dicos - Agazeta.net","robots":{"index":"index","follow":"follow","max-snippet":"max-snippet:-1","max-image-preview":"max-image-preview:large","max-video-preview":"max-video-preview:-1"},"canonical":"https:\/\/nk7-testes.com.br\/agazeta\/governo-aciona-justica-para-impedir-paralisacao-de-medicos\/","og_locale":"pt_BR","og_type":"article","og_title":"Governo aciona Justi\u00e7a para impedir paralisa\u00e7\u00e3o de m\u00e9dicos - Agazeta.net","og_description":"Nota do governo apela para o \u201cbom senso\u201d","og_url":"https:\/\/nk7-testes.com.br\/agazeta\/governo-aciona-justica-para-impedir-paralisacao-de-medicos\/","og_site_name":"Agazeta.net","article_published_time":"2016-03-15T22:52:21+00:00","og_image":[{"width":458,"height":340,"url":"https:\/\/nk7-testes.com.br\/agazeta\/wp-content\/uploads\/2016\/02\/230216-politica-sesacre-tvgazeta.jpg","type":"image\/jpeg"}],"author":"Agazeta.Net","twitter_card":"summary_large_image","twitter_misc":{"Escrito por":"Agazeta.Net","Est. tempo de leitura":"2 minutos"},"schema":{"@context":"https:\/\/schema.org","@graph":[{"@type":"WebPage","@id":"https:\/\/nk7-testes.com.br\/agazeta\/governo-aciona-justica-para-impedir-paralisacao-de-medicos\/","url":"https:\/\/nk7-testes.com.br\/agazeta\/governo-aciona-justica-para-impedir-paralisacao-de-medicos\/","name":"Governo aciona Justi\u00e7a para impedir paralisa\u00e7\u00e3o de m\u00e9dicos - Agazeta.net","isPartOf":{"@id":"https:\/\/nk7-testes.com.br\/agazeta\/#website"},"primaryImageOfPage":{"@id":"https:\/\/nk7-testes.com.br\/agazeta\/governo-aciona-justica-para-impedir-paralisacao-de-medicos\/#primaryimage"},"image":{"@id":"https:\/\/nk7-testes.com.br\/agazeta\/governo-aciona-justica-para-impedir-paralisacao-de-medicos\/#primaryimage"},"thumbnailUrl":"https:\/\/nk7-testes.com.br\/agazeta\/wp-content\/uploads\/2016\/02\/230216-politica-sesacre-tvgazeta.jpg","datePublished":"2016-03-15T22:52:21+00:00","author":{"@id":"https:\/\/nk7-testes.com.br\/agazeta\/#\/schema\/person\/6d6e25cb0435eb4a02fd44d30b4e3020"},"breadcrumb":{"@id":"https:\/\/nk7-testes.com.br\/agazeta\/governo-aciona-justica-para-impedir-paralisacao-de-medicos\/#breadcrumb"},"inLanguage":"pt-BR","potentialAction":[{"@type":"ReadAction","target":["https:\/\/nk7-testes.com.br\/agazeta\/governo-aciona-justica-para-impedir-paralisacao-de-medicos\/"]}]},{"@type":"ImageObject","inLanguage":"pt-BR","@id":"https:\/\/nk7-testes.com.br\/agazeta\/governo-aciona-justica-para-impedir-paralisacao-de-medicos\/#primaryimage","url":"https:\/\/nk7-testes.com.br\/agazeta\/wp-content\/uploads\/2016\/02\/230216-politica-sesacre-tvgazeta.jpg","contentUrl":"https:\/\/nk7-testes.com.br\/agazeta\/wp-content\/uploads\/2016\/02\/230216-politica-sesacre-tvgazeta.jpg","width":458,"height":340,"caption":"230216-politica-sesacre-tvgazeta"},{"@type":"BreadcrumbList","@id":"https:\/\/nk7-testes.com.br\/agazeta\/governo-aciona-justica-para-impedir-paralisacao-de-medicos\/#breadcrumb","itemListElement":[{"@type":"ListItem","position":1,"name":"In\u00edcio","item":"https:\/\/nk7-testes.com.br\/agazeta\/"},{"@type":"ListItem","position":2,"name":"Governo aciona Justi\u00e7a para impedir paralisa\u00e7\u00e3o de m\u00e9dicos"}]},{"@type":"WebSite","@id":"https:\/\/nk7-testes.com.br\/agazeta\/#website","url":"https:\/\/nk7-testes.com.br\/agazeta\/","name":"Agazeta.net","description":"Agazeta.net - Not\u00edcias de Rio Branco\/AC","potentialAction":[{"@type":"SearchAction","target":{"@type":"EntryPoint","urlTemplate":"https:\/\/nk7-testes.com.br\/agazeta\/?s={search_term_string}"},"query-input":{"@type":"PropertyValueSpecification","valueRequired":true,"valueName":"search_term_string"}}],"inLanguage":"pt-BR"},{"@type":"Person","@id":"https:\/\/nk7-testes.com.br\/agazeta\/#\/schema\/person\/6d6e25cb0435eb4a02fd44d30b4e3020","name":"Agazeta.Net","url":"https:\/\/nk7-testes.com.br\/agazeta\/author\/agazeta\/"}]}},"_links":{"self":[{"href":"https:\/\/nk7-testes.com.br\/agazeta\/wp-json\/wp\/v2\/posts\/21579","targetHints":{"allow":["GET"]}}],"collection":[{"href":"https:\/\/nk7-testes.com.br\/agazeta\/wp-json\/wp\/v2\/posts"}],"about":[{"href":"https:\/\/nk7-testes.com.br\/agazeta\/wp-json\/wp\/v2\/types\/post"}],"author":[{"embeddable":true,"href":"https:\/\/nk7-testes.com.br\/agazeta\/wp-json\/wp\/v2\/users\/4"}],"replies":[{"embeddable":true,"href":"https:\/\/nk7-testes.com.br\/agazeta\/wp-json\/wp\/v2\/comments?post=21579"}],"version-history":[{"count":0,"href":"https:\/\/nk7-testes.com.br\/agazeta\/wp-json\/wp\/v2\/posts\/21579\/revisions"}],"wp:featuredmedia":[{"embeddable":true,"href":"https:\/\/nk7-testes.com.br\/agazeta\/wp-json\/wp\/v2\/media\/21227"}],"wp:attachment":[{"href":"https:\/\/nk7-testes.com.br\/agazeta\/wp-json\/wp\/v2\/media?parent=21579"}],"wp:term":[{"taxonomy":"category","embeddable":true,"href":"https:\/\/nk7-testes.com.br\/agazeta\/wp-json\/wp\/v2\/categories?post=21579"},{"taxonomy":"post_tag","embeddable":true,"href":"https:\/\/nk7-testes.com.br\/agazeta\/wp-json\/wp\/v2\/tags?post=21579"}],"curies":[{"name":"wp","href":"https:\/\/api.w.org\/{rel}","templated":true}]}}