{"id":21575,"date":"2016-03-15T20:18:54","date_gmt":"2016-03-15T20:18:54","guid":{"rendered":"https:\/\/abarevegan.com.br\/index.php\/2016\/03\/15\/pesquisador-aponta-que-acre-pode-sofrer-forte-seca-em-2016\/"},"modified":"2016-03-15T20:18:54","modified_gmt":"2016-03-15T20:18:54","slug":"pesquisador-aponta-que-acre-pode-sofrer-forte-seca-em-2016","status":"publish","type":"post","link":"https:\/\/nk7-testes.com.br\/agazeta\/pesquisador-aponta-que-acre-pode-sofrer-forte-seca-em-2016\/","title":{"rendered":"Pesquisador aponta que Acre pode sofrer forte seca em 2016"},"content":{"rendered":"<p style=\"text-align: justify;\">Fevereiro foi o m\u00eas mais quente desde 1880&nbsp;<\/p>\n<p style=\"text-align: justify;\">O morador do Acre deve se preparar para enfrentar o per\u00edodo mais quente de toda a hist\u00f3ria. Os seis pr\u00f3ximos meses podem ser os mais secos j\u00e1 registrados afetando inclusive a floresta que ficar\u00e1 mais suscet\u00edvel as queimadas.<\/p>\n<p style=\"text-align: justify;\">O alerta \u00e9 do professor e pesquisador Foster Brown, da Universidade Federal do Acre (Ufac). Junto com os dados do pesquisador v\u00ea as manchetes dos jornais mundiais. Nesta ter\u00e7a-feira (15) a NASA divulgou um dado onde 2015 foi o mais quente em 136 anos.&nbsp;<\/p>\n<p style=\"text-align: justify;\">Com os mapas e \u00edndices de aquecimento global, Foster Brown, mostra que em janeiro de 2016 a temperatura aumentou e fevereiro bateu recorde, foi o m\u00eas mais quente da hist\u00f3ria desde 1880, quando come\u00e7aram as pesquisas.<\/p>\n<p style=\"text-align: justify;\">No mapa mundial a regi\u00e3o onde fica o \u00c1rtico est\u00e1 marcada com tinta escura. Esse \u00e9 o registro onde se concentra o maior aquecimento, chegando \u00e0 diferen\u00e7a de 11 graus Celsius. O fen\u00f4meno vem provocando degelo e o consequente aumento do volume de \u00e1gua nos oceanos.&nbsp;<\/p>\n<p style=\"text-align: justify;\">Nas Am\u00e9ricas Latina e do Sul estamos com um grau mais quente que a m\u00e9dia. Para a ONU, chegando aos dois graus enfrentaremos extremos problemas clim\u00e1ticos. \u201c\u00c9 preciso uma mudan\u00e7a de comportamento urgente para evitar o pior no futuro. Por enquanto sabemos que ser\u00e1 um per\u00edodo de forte seca, onde o processo h\u00eddrico vai reduzir deixando a floresta e os rios mais secos\u201d, explicou Brown.<\/p>\n<p style=\"text-align: justify;\">Para o pesquisador o fen\u00f4meno El Ni\u00f1o, que leva as \u00e1guas quentes do Pac\u00edfico para as Am\u00e9ricas do Sul e do Norte \u00e9 o respons\u00e1vel por parte do aquecimento. Mas, o grande vil\u00e3o \u00e9 a quantidade de g\u00e1s carb\u00f4nico jogado na atmosfera. As pesquisas apontam que a terra pode ter as maiores temperaturas j\u00e1 registradas e isso pode trazer fome e doen\u00e7as.<\/p>\n<p style=\"text-align: justify;\">Na Amaz\u00f4nia pode ocorrer o inesperado: uma grande seca de propor\u00e7\u00f5es inimagin\u00e1veis. \u201cAs pesquisas apontam uma redu\u00e7\u00e3o das chuvas entre 2015 e 2016 colocando o El Ni\u00f1o como respons\u00e1vel pela mudan\u00e7a clim\u00e1tica. O que ainda pode salvar a Amaz\u00f4nia de uma seca hist\u00f3rica s\u00e3o as chuvas fora de per\u00edodo como ocorreu no ano passado, evitando que os rios baixassem mais ainda seus volumes\u201d completou o pesquisador.<\/p>\n<div id=\"_mcePaste\" class=\"mcePaste\" data-mce-bogus=\"1\" style=\"position: absolute; left: 0px; top: -25px; width: 1px; height: 1px; overflow: hidden;\">\n<p class=\"MsoNormal\" style=\"text-align: justify;\">Pesquisador aponta que Acre pode sofrer forte seca em 2016<o:p><\/o:p><\/p>\n<p class=\"MsoNormal\" style=\"text-align: justify;\">Fevereiro foi o m\u00eas mais quente desde 1880 <o:p><\/o:p><\/p>\n<p class=\"MsoNormal\" style=\"text-align: justify;\"><o:p>&nbsp;<\/o:p><\/p>\n<p class=\"MsoNormal\" style=\"text-align: justify;\">O morador do Acre deve se preparar para enfrentar o per\u00edodo mais quente de toda a hist\u00f3ria. Os seis pr\u00f3ximos meses podem ser os mais secos j\u00e1 registrados afetando inclusive a floresta que ficar\u00e1 mais suscet\u00edvel as queimadas.<o:p><\/o:p><\/p>\n<p class=\"MsoNormal\" style=\"text-align: justify;\">O alerta \u00e9 do professor e pesquisador Foster Brown, da Universidade Federal do Acre (Ufac). Junto com os dados do pesquisador v\u00ea as manchetes dos jornais mundiais. Nesta ter\u00e7a-feira (15) a NASA divulgou um dado onde 2015 foi o mais quente em 136 anos. <o:p><\/o:p><\/p>\n<p class=\"MsoNormal\" style=\"text-align: justify;\">Com os mapas e \u00edndices de aquecimento global, Foster Brown, mostra que em janeiro de 2016 a temperatura aumentou e fevereiro bateu recorde, foi o m\u00eas mais quente da hist\u00f3ria desde 1880, quando come\u00e7aram as pesquisas.<o:p><\/o:p><\/p>\n<p class=\"MsoNormal\" style=\"text-align: justify;\">No mapa mundial a regi\u00e3o onde fica o \u00c1rtico est\u00e1 marcada com tinta escura. Esse \u00e9 o registro onde se concentra o maior aquecimento, chegando \u00e0 diferen\u00e7a de 11 graus Celsius. O fen\u00f4meno vem provocando degelo e o consequente aumento do volume de \u00e1gua nos oceanos. <o:p><\/o:p><\/p>\n<p class=\"MsoNormal\" style=\"text-align: justify;\">Nas Am\u00e9ricas Latina e do Sul estamos com um grau mais quente que a m\u00e9dia. Para a ONU, chegando aos dois graus enfrentaremos extremos problemas clim\u00e1ticos. \u201c\u00c9 preciso uma mudan\u00e7a de comportamento urgente para evitar o pior no futuro. Por enquanto sabemos que ser\u00e1 um per\u00edodo de forte seca, onde o processo h\u00eddrico vai reduzir deixando a floresta e os rios mais secos\u201d, explicou Brown.<o:p><\/o:p><\/p>\n<p class=\"MsoNormal\" style=\"text-align: justify;\">Para o pesquisador o fen\u00f4meno El Ni\u00f1o, que leva as \u00e1guas quentes do Pac\u00edfico para as Am\u00e9ricas do Sul e do Norte \u00e9 o respons\u00e1vel por parte do aquecimento. Mas, o grande vil\u00e3o \u00e9 a quantidade de g\u00e1s carb\u00f4nico jogado na atmosfera. As pesquisas apontam que a terra pode ter as maiores temperaturas j\u00e1 registradas e isso pode trazer fome e doen\u00e7as.<o:p><\/o:p><\/p>\n<p class=\"MsoNormal\" style=\"text-align: justify;\">Na Amaz\u00f4nia pode ocorrer o inesperado: uma grande seca de propor\u00e7\u00f5es inimagin\u00e1veis. \u201cAs pesquisas apontam uma redu\u00e7\u00e3o das chuvas entre 2015 e 2016 colocando o El Ni\u00f1o como respons\u00e1vel pela mudan\u00e7a clim\u00e1tica. O que ainda pode salvar a Amaz\u00f4nia de uma seca hist\u00f3rica s\u00e3o as chuvas fora de per\u00edodo como ocorreu no ano passado, evitando que os rios baixassem mais ainda seus volumes\u201d completou o pesquisador.<o:p><\/o:p><\/p>\n<p class=\"MsoNormal\" style=\"text-align: justify;\"><o:p>&nbsp;<\/o:p><\/p>\n<p class=\"MsoNormal\" style=\"text-align: justify;\"><o:p>&nbsp;<\/o:p><\/p>\n<\/p><\/div>\n","protected":false},"excerpt":{"rendered":"<p style=\"text-align: justify;\">Fevereiro foi o m\u00eas mais quente desde 1880&nbsp;<\/p>\n","protected":false},"author":4,"featured_media":21574,"comment_status":"open","ping_status":"open","sticky":false,"template":"","format":"standard","meta":{"jnews-multi-image_gallery":[],"jnews_single_post":[],"jnews_primary_category":[],"jnews_social_meta":[],"jnews_review":[],"enable_review":"","type":"","name":"","summary":"","brand":"","sku":"","good":[],"bad":[],"score_override":"","override_value":"","rating":[],"price":[],"footnotes":""},"categories":[54],"tags":[],"class_list":["post-21575","post","type-post","status-publish","format-standard","has-post-thumbnail","hentry","category-cotidiano"],"yoast_head":"<!-- This site is optimized with the Yoast SEO plugin v26.5 - https:\/\/yoast.com\/wordpress\/plugins\/seo\/ -->\n<title>Pesquisador aponta que Acre pode sofrer forte seca em 2016 - Agazeta.net<\/title>\n<meta name=\"robots\" content=\"index, follow, max-snippet:-1, max-image-preview:large, max-video-preview:-1\" \/>\n<link rel=\"canonical\" href=\"https:\/\/nk7-testes.com.br\/agazeta\/pesquisador-aponta-que-acre-pode-sofrer-forte-seca-em-2016\/\" \/>\n<meta property=\"og:locale\" content=\"pt_BR\" \/>\n<meta property=\"og:type\" content=\"article\" \/>\n<meta property=\"og:title\" content=\"Pesquisador aponta que Acre pode sofrer forte seca em 2016 - Agazeta.net\" \/>\n<meta property=\"og:description\" content=\"Fevereiro foi o m\u00eas mais quente desde 1880&nbsp;\" \/>\n<meta property=\"og:url\" content=\"https:\/\/nk7-testes.com.br\/agazeta\/pesquisador-aponta-que-acre-pode-sofrer-forte-seca-em-2016\/\" \/>\n<meta property=\"og:site_name\" content=\"Agazeta.net\" \/>\n<meta property=\"article:published_time\" content=\"2016-03-15T20:18:54+00:00\" \/>\n<meta property=\"og:image\" content=\"https:\/\/nk7-testes.com.br\/agazeta\/wp-content\/uploads\/2016\/03\/150316-cotidiano-mudanca-clima.jpg\" \/>\n\t<meta property=\"og:image:width\" content=\"458\" \/>\n\t<meta property=\"og:image:height\" content=\"340\" \/>\n\t<meta property=\"og:image:type\" content=\"image\/jpeg\" \/>\n<meta name=\"author\" content=\"Agazeta.Net\" \/>\n<meta name=\"twitter:card\" content=\"summary_large_image\" \/>\n<meta name=\"twitter:label1\" content=\"Escrito por\" \/>\n\t<meta name=\"twitter:data1\" content=\"Agazeta.Net\" \/>\n\t<meta name=\"twitter:label2\" content=\"Est. tempo de leitura\" \/>\n\t<meta name=\"twitter:data2\" content=\"4 minutos\" \/>\n<script type=\"application\/ld+json\" class=\"yoast-schema-graph\">{\"@context\":\"https:\/\/schema.org\",\"@graph\":[{\"@type\":\"WebPage\",\"@id\":\"https:\/\/nk7-testes.com.br\/agazeta\/pesquisador-aponta-que-acre-pode-sofrer-forte-seca-em-2016\/\",\"url\":\"https:\/\/nk7-testes.com.br\/agazeta\/pesquisador-aponta-que-acre-pode-sofrer-forte-seca-em-2016\/\",\"name\":\"Pesquisador aponta que Acre pode sofrer forte seca em 2016 - Agazeta.net\",\"isPartOf\":{\"@id\":\"https:\/\/nk7-testes.com.br\/agazeta\/#website\"},\"primaryImageOfPage\":{\"@id\":\"https:\/\/nk7-testes.com.br\/agazeta\/pesquisador-aponta-que-acre-pode-sofrer-forte-seca-em-2016\/#primaryimage\"},\"image\":{\"@id\":\"https:\/\/nk7-testes.com.br\/agazeta\/pesquisador-aponta-que-acre-pode-sofrer-forte-seca-em-2016\/#primaryimage\"},\"thumbnailUrl\":\"https:\/\/nk7-testes.com.br\/agazeta\/wp-content\/uploads\/2016\/03\/150316-cotidiano-mudanca-clima.jpg\",\"datePublished\":\"2016-03-15T20:18:54+00:00\",\"author\":{\"@id\":\"https:\/\/nk7-testes.com.br\/agazeta\/#\/schema\/person\/6d6e25cb0435eb4a02fd44d30b4e3020\"},\"breadcrumb\":{\"@id\":\"https:\/\/nk7-testes.com.br\/agazeta\/pesquisador-aponta-que-acre-pode-sofrer-forte-seca-em-2016\/#breadcrumb\"},\"inLanguage\":\"pt-BR\",\"potentialAction\":[{\"@type\":\"ReadAction\",\"target\":[\"https:\/\/nk7-testes.com.br\/agazeta\/pesquisador-aponta-que-acre-pode-sofrer-forte-seca-em-2016\/\"]}]},{\"@type\":\"ImageObject\",\"inLanguage\":\"pt-BR\",\"@id\":\"https:\/\/nk7-testes.com.br\/agazeta\/pesquisador-aponta-que-acre-pode-sofrer-forte-seca-em-2016\/#primaryimage\",\"url\":\"https:\/\/nk7-testes.com.br\/agazeta\/wp-content\/uploads\/2016\/03\/150316-cotidiano-mudanca-clima.jpg\",\"contentUrl\":\"https:\/\/nk7-testes.com.br\/agazeta\/wp-content\/uploads\/2016\/03\/150316-cotidiano-mudanca-clima.jpg\",\"width\":458,\"height\":340,\"caption\":\"150316-cotidiano-mudanca-clima\"},{\"@type\":\"BreadcrumbList\",\"@id\":\"https:\/\/nk7-testes.com.br\/agazeta\/pesquisador-aponta-que-acre-pode-sofrer-forte-seca-em-2016\/#breadcrumb\",\"itemListElement\":[{\"@type\":\"ListItem\",\"position\":1,\"name\":\"In\u00edcio\",\"item\":\"https:\/\/nk7-testes.com.br\/agazeta\/\"},{\"@type\":\"ListItem\",\"position\":2,\"name\":\"Pesquisador aponta que Acre pode sofrer forte seca em 2016\"}]},{\"@type\":\"WebSite\",\"@id\":\"https:\/\/nk7-testes.com.br\/agazeta\/#website\",\"url\":\"https:\/\/nk7-testes.com.br\/agazeta\/\",\"name\":\"Agazeta.net\",\"description\":\"Agazeta.net - Not\u00edcias de Rio Branco\/AC\",\"potentialAction\":[{\"@type\":\"SearchAction\",\"target\":{\"@type\":\"EntryPoint\",\"urlTemplate\":\"https:\/\/nk7-testes.com.br\/agazeta\/?s={search_term_string}\"},\"query-input\":{\"@type\":\"PropertyValueSpecification\",\"valueRequired\":true,\"valueName\":\"search_term_string\"}}],\"inLanguage\":\"pt-BR\"},{\"@type\":\"Person\",\"@id\":\"https:\/\/nk7-testes.com.br\/agazeta\/#\/schema\/person\/6d6e25cb0435eb4a02fd44d30b4e3020\",\"name\":\"Agazeta.Net\",\"url\":\"https:\/\/nk7-testes.com.br\/agazeta\/author\/agazeta\/\"}]}<\/script>\n<!-- \/ Yoast SEO plugin. -->","yoast_head_json":{"title":"Pesquisador aponta que Acre pode sofrer forte seca em 2016 - Agazeta.net","robots":{"index":"index","follow":"follow","max-snippet":"max-snippet:-1","max-image-preview":"max-image-preview:large","max-video-preview":"max-video-preview:-1"},"canonical":"https:\/\/nk7-testes.com.br\/agazeta\/pesquisador-aponta-que-acre-pode-sofrer-forte-seca-em-2016\/","og_locale":"pt_BR","og_type":"article","og_title":"Pesquisador aponta que Acre pode sofrer forte seca em 2016 - Agazeta.net","og_description":"Fevereiro foi o m\u00eas mais quente desde 1880&nbsp;","og_url":"https:\/\/nk7-testes.com.br\/agazeta\/pesquisador-aponta-que-acre-pode-sofrer-forte-seca-em-2016\/","og_site_name":"Agazeta.net","article_published_time":"2016-03-15T20:18:54+00:00","og_image":[{"width":458,"height":340,"url":"https:\/\/nk7-testes.com.br\/agazeta\/wp-content\/uploads\/2016\/03\/150316-cotidiano-mudanca-clima.jpg","type":"image\/jpeg"}],"author":"Agazeta.Net","twitter_card":"summary_large_image","twitter_misc":{"Escrito por":"Agazeta.Net","Est. tempo de leitura":"4 minutos"},"schema":{"@context":"https:\/\/schema.org","@graph":[{"@type":"WebPage","@id":"https:\/\/nk7-testes.com.br\/agazeta\/pesquisador-aponta-que-acre-pode-sofrer-forte-seca-em-2016\/","url":"https:\/\/nk7-testes.com.br\/agazeta\/pesquisador-aponta-que-acre-pode-sofrer-forte-seca-em-2016\/","name":"Pesquisador aponta que Acre pode sofrer forte seca em 2016 - Agazeta.net","isPartOf":{"@id":"https:\/\/nk7-testes.com.br\/agazeta\/#website"},"primaryImageOfPage":{"@id":"https:\/\/nk7-testes.com.br\/agazeta\/pesquisador-aponta-que-acre-pode-sofrer-forte-seca-em-2016\/#primaryimage"},"image":{"@id":"https:\/\/nk7-testes.com.br\/agazeta\/pesquisador-aponta-que-acre-pode-sofrer-forte-seca-em-2016\/#primaryimage"},"thumbnailUrl":"https:\/\/nk7-testes.com.br\/agazeta\/wp-content\/uploads\/2016\/03\/150316-cotidiano-mudanca-clima.jpg","datePublished":"2016-03-15T20:18:54+00:00","author":{"@id":"https:\/\/nk7-testes.com.br\/agazeta\/#\/schema\/person\/6d6e25cb0435eb4a02fd44d30b4e3020"},"breadcrumb":{"@id":"https:\/\/nk7-testes.com.br\/agazeta\/pesquisador-aponta-que-acre-pode-sofrer-forte-seca-em-2016\/#breadcrumb"},"inLanguage":"pt-BR","potentialAction":[{"@type":"ReadAction","target":["https:\/\/nk7-testes.com.br\/agazeta\/pesquisador-aponta-que-acre-pode-sofrer-forte-seca-em-2016\/"]}]},{"@type":"ImageObject","inLanguage":"pt-BR","@id":"https:\/\/nk7-testes.com.br\/agazeta\/pesquisador-aponta-que-acre-pode-sofrer-forte-seca-em-2016\/#primaryimage","url":"https:\/\/nk7-testes.com.br\/agazeta\/wp-content\/uploads\/2016\/03\/150316-cotidiano-mudanca-clima.jpg","contentUrl":"https:\/\/nk7-testes.com.br\/agazeta\/wp-content\/uploads\/2016\/03\/150316-cotidiano-mudanca-clima.jpg","width":458,"height":340,"caption":"150316-cotidiano-mudanca-clima"},{"@type":"BreadcrumbList","@id":"https:\/\/nk7-testes.com.br\/agazeta\/pesquisador-aponta-que-acre-pode-sofrer-forte-seca-em-2016\/#breadcrumb","itemListElement":[{"@type":"ListItem","position":1,"name":"In\u00edcio","item":"https:\/\/nk7-testes.com.br\/agazeta\/"},{"@type":"ListItem","position":2,"name":"Pesquisador aponta que Acre pode sofrer forte seca em 2016"}]},{"@type":"WebSite","@id":"https:\/\/nk7-testes.com.br\/agazeta\/#website","url":"https:\/\/nk7-testes.com.br\/agazeta\/","name":"Agazeta.net","description":"Agazeta.net - Not\u00edcias de Rio Branco\/AC","potentialAction":[{"@type":"SearchAction","target":{"@type":"EntryPoint","urlTemplate":"https:\/\/nk7-testes.com.br\/agazeta\/?s={search_term_string}"},"query-input":{"@type":"PropertyValueSpecification","valueRequired":true,"valueName":"search_term_string"}}],"inLanguage":"pt-BR"},{"@type":"Person","@id":"https:\/\/nk7-testes.com.br\/agazeta\/#\/schema\/person\/6d6e25cb0435eb4a02fd44d30b4e3020","name":"Agazeta.Net","url":"https:\/\/nk7-testes.com.br\/agazeta\/author\/agazeta\/"}]}},"_links":{"self":[{"href":"https:\/\/nk7-testes.com.br\/agazeta\/wp-json\/wp\/v2\/posts\/21575","targetHints":{"allow":["GET"]}}],"collection":[{"href":"https:\/\/nk7-testes.com.br\/agazeta\/wp-json\/wp\/v2\/posts"}],"about":[{"href":"https:\/\/nk7-testes.com.br\/agazeta\/wp-json\/wp\/v2\/types\/post"}],"author":[{"embeddable":true,"href":"https:\/\/nk7-testes.com.br\/agazeta\/wp-json\/wp\/v2\/users\/4"}],"replies":[{"embeddable":true,"href":"https:\/\/nk7-testes.com.br\/agazeta\/wp-json\/wp\/v2\/comments?post=21575"}],"version-history":[{"count":0,"href":"https:\/\/nk7-testes.com.br\/agazeta\/wp-json\/wp\/v2\/posts\/21575\/revisions"}],"wp:featuredmedia":[{"embeddable":true,"href":"https:\/\/nk7-testes.com.br\/agazeta\/wp-json\/wp\/v2\/media\/21574"}],"wp:attachment":[{"href":"https:\/\/nk7-testes.com.br\/agazeta\/wp-json\/wp\/v2\/media?parent=21575"}],"wp:term":[{"taxonomy":"category","embeddable":true,"href":"https:\/\/nk7-testes.com.br\/agazeta\/wp-json\/wp\/v2\/categories?post=21575"},{"taxonomy":"post_tag","embeddable":true,"href":"https:\/\/nk7-testes.com.br\/agazeta\/wp-json\/wp\/v2\/tags?post=21575"}],"curies":[{"name":"wp","href":"https:\/\/api.w.org\/{rel}","templated":true}]}}