{"id":21563,"date":"2016-03-15T14:37:36","date_gmt":"2016-03-15T14:37:36","guid":{"rendered":"https:\/\/abarevegan.com.br\/index.php\/2016\/03\/15\/moradores-da-invasao-do-universitario-tem-que-sair\/"},"modified":"2016-03-15T14:37:36","modified_gmt":"2016-03-15T14:37:36","slug":"moradores-da-invasao-do-universitario-tem-que-sair","status":"publish","type":"post","link":"https:\/\/nk7-testes.com.br\/agazeta\/moradores-da-invasao-do-universitario-tem-que-sair\/","title":{"rendered":"Moradores da invas\u00e3o do Universit\u00e1rio t\u00eam que sair"},"content":{"rendered":"<p style=\"text-align: justify;\">\u00c1rea tem propriet\u00e1rio com documenta\u00e7\u00e3o<\/p>\n<p style=\"text-align: justify;\">A \u00e1rea invadida possui 23 hectares e fica na regi\u00e3o do bairro Universit\u00e1rio 3. Quinze fam\u00edlias ocuparam o local h\u00e1 tr\u00eas meses, mas foram expulsos por um homem que disse ser dono da terra.<\/p>\n<p style=\"text-align: justify;\">Essa mulher reclama que estava gr\u00e1vida e chegou a perder o filho em um dos embates com o homem. Ela at\u00e9 a ergueu uma casa, mas tudo foi derrubado em seguida. A pol\u00edcia j\u00e1 retirou as fam\u00edlias por pelo menos tr\u00eas vezes.<\/p>\n<p style=\"text-align: justify;\">A l\u00edder do movimento disse que as fam\u00edlias moram de aluguel e n\u00e3o t\u00eam aonde ir. Eles alegam que a \u00e1rea \u00e9 da prefeitura e, por isso, decidiram ocupar o espa\u00e7o.<\/p>\n<p style=\"text-align: justify;\">Essa dona de casa tamb\u00e9m est\u00e1 com problemas. H\u00e1 tr\u00eas anos, ela comprou o terreno onde fica essa casa, mas o propriet\u00e1rio da terra colocou a mulher na Justi\u00e7a porque disse que tamb\u00e9m pertence a ele.<\/p>\n<p style=\"text-align: justify;\">Conforme o secret\u00e1rio de Urbanismo de Rio Branco, o local n\u00e3o \u00e9 da prefeitura e o propriet\u00e1rio j\u00e1 apresentou a documenta\u00e7\u00e3o do terreno. Ricardo Ara\u00fajo informou que as fam\u00edlias n\u00e3o poder\u00e3o continuar ocupando a \u00e1rea.<\/p>\n<p style=\"text-align: justify;\">As fam\u00edlias dizem que n\u00e3o t\u00eam aonde ir. J\u00e1 o secret\u00e1rio relatou que todas foram encaminhadas para a Assist\u00eancia Social do munic\u00edpio.<\/p>\n","protected":false},"excerpt":{"rendered":"<p style=\"text-align: justify;\">\u00c1rea tem propriet\u00e1rio com documenta\u00e7\u00e3o<\/p>\n","protected":false},"author":4,"featured_media":21562,"comment_status":"open","ping_status":"open","sticky":false,"template":"","format":"standard","meta":{"jnews-multi-image_gallery":[],"jnews_single_post":[],"jnews_primary_category":[],"jnews_social_meta":[],"jnews_review":[],"enable_review":"","type":"","name":"","summary":"","brand":"","sku":"","good":[],"bad":[],"score_override":"","override_value":"","rating":[],"price":[],"footnotes":""},"categories":[54],"tags":[],"class_list":["post-21563","post","type-post","status-publish","format-standard","has-post-thumbnail","hentry","category-cotidiano"],"yoast_head":"<!-- This site is optimized with the Yoast SEO plugin v26.5 - https:\/\/yoast.com\/wordpress\/plugins\/seo\/ -->\n<title>Moradores da invas\u00e3o do Universit\u00e1rio t\u00eam que sair - Agazeta.net<\/title>\n<meta name=\"robots\" content=\"index, follow, max-snippet:-1, max-image-preview:large, max-video-preview:-1\" \/>\n<link rel=\"canonical\" href=\"https:\/\/nk7-testes.com.br\/agazeta\/moradores-da-invasao-do-universitario-tem-que-sair\/\" \/>\n<meta property=\"og:locale\" content=\"pt_BR\" \/>\n<meta property=\"og:type\" content=\"article\" \/>\n<meta property=\"og:title\" content=\"Moradores da invas\u00e3o do Universit\u00e1rio t\u00eam que sair - Agazeta.net\" \/>\n<meta property=\"og:description\" content=\"\u00c1rea tem propriet\u00e1rio com documenta\u00e7\u00e3o\" \/>\n<meta property=\"og:url\" content=\"https:\/\/nk7-testes.com.br\/agazeta\/moradores-da-invasao-do-universitario-tem-que-sair\/\" \/>\n<meta property=\"og:site_name\" content=\"Agazeta.net\" \/>\n<meta property=\"article:published_time\" content=\"2016-03-15T14:37:36+00:00\" \/>\n<meta property=\"og:image\" content=\"https:\/\/nk7-testes.com.br\/agazeta\/wp-content\/uploads\/2016\/03\/150316-cotidiano-invasoresuniversitario-tvgazeta.jpg\" \/>\n\t<meta property=\"og:image:width\" content=\"458\" \/>\n\t<meta property=\"og:image:height\" content=\"340\" \/>\n\t<meta property=\"og:image:type\" content=\"image\/jpeg\" \/>\n<meta name=\"author\" content=\"Agazeta.Net\" \/>\n<meta name=\"twitter:card\" content=\"summary_large_image\" \/>\n<meta name=\"twitter:label1\" content=\"Escrito por\" \/>\n\t<meta name=\"twitter:data1\" content=\"Agazeta.Net\" \/>\n\t<meta name=\"twitter:label2\" content=\"Est. tempo de leitura\" \/>\n\t<meta name=\"twitter:data2\" content=\"1 minuto\" \/>\n<script type=\"application\/ld+json\" class=\"yoast-schema-graph\">{\"@context\":\"https:\/\/schema.org\",\"@graph\":[{\"@type\":\"WebPage\",\"@id\":\"https:\/\/nk7-testes.com.br\/agazeta\/moradores-da-invasao-do-universitario-tem-que-sair\/\",\"url\":\"https:\/\/nk7-testes.com.br\/agazeta\/moradores-da-invasao-do-universitario-tem-que-sair\/\",\"name\":\"Moradores da invas\u00e3o do Universit\u00e1rio t\u00eam que sair - Agazeta.net\",\"isPartOf\":{\"@id\":\"https:\/\/nk7-testes.com.br\/agazeta\/#website\"},\"primaryImageOfPage\":{\"@id\":\"https:\/\/nk7-testes.com.br\/agazeta\/moradores-da-invasao-do-universitario-tem-que-sair\/#primaryimage\"},\"image\":{\"@id\":\"https:\/\/nk7-testes.com.br\/agazeta\/moradores-da-invasao-do-universitario-tem-que-sair\/#primaryimage\"},\"thumbnailUrl\":\"https:\/\/nk7-testes.com.br\/agazeta\/wp-content\/uploads\/2016\/03\/150316-cotidiano-invasoresuniversitario-tvgazeta.jpg\",\"datePublished\":\"2016-03-15T14:37:36+00:00\",\"author\":{\"@id\":\"https:\/\/nk7-testes.com.br\/agazeta\/#\/schema\/person\/6d6e25cb0435eb4a02fd44d30b4e3020\"},\"breadcrumb\":{\"@id\":\"https:\/\/nk7-testes.com.br\/agazeta\/moradores-da-invasao-do-universitario-tem-que-sair\/#breadcrumb\"},\"inLanguage\":\"pt-BR\",\"potentialAction\":[{\"@type\":\"ReadAction\",\"target\":[\"https:\/\/nk7-testes.com.br\/agazeta\/moradores-da-invasao-do-universitario-tem-que-sair\/\"]}]},{\"@type\":\"ImageObject\",\"inLanguage\":\"pt-BR\",\"@id\":\"https:\/\/nk7-testes.com.br\/agazeta\/moradores-da-invasao-do-universitario-tem-que-sair\/#primaryimage\",\"url\":\"https:\/\/nk7-testes.com.br\/agazeta\/wp-content\/uploads\/2016\/03\/150316-cotidiano-invasoresuniversitario-tvgazeta.jpg\",\"contentUrl\":\"https:\/\/nk7-testes.com.br\/agazeta\/wp-content\/uploads\/2016\/03\/150316-cotidiano-invasoresuniversitario-tvgazeta.jpg\",\"width\":458,\"height\":340,\"caption\":\"150316-cotidiano-invasoresuniversitario-tvgazeta\"},{\"@type\":\"BreadcrumbList\",\"@id\":\"https:\/\/nk7-testes.com.br\/agazeta\/moradores-da-invasao-do-universitario-tem-que-sair\/#breadcrumb\",\"itemListElement\":[{\"@type\":\"ListItem\",\"position\":1,\"name\":\"In\u00edcio\",\"item\":\"https:\/\/nk7-testes.com.br\/agazeta\/\"},{\"@type\":\"ListItem\",\"position\":2,\"name\":\"Moradores da invas\u00e3o do Universit\u00e1rio t\u00eam que sair\"}]},{\"@type\":\"WebSite\",\"@id\":\"https:\/\/nk7-testes.com.br\/agazeta\/#website\",\"url\":\"https:\/\/nk7-testes.com.br\/agazeta\/\",\"name\":\"Agazeta.net\",\"description\":\"Agazeta.net - Not\u00edcias de Rio Branco\/AC\",\"potentialAction\":[{\"@type\":\"SearchAction\",\"target\":{\"@type\":\"EntryPoint\",\"urlTemplate\":\"https:\/\/nk7-testes.com.br\/agazeta\/?s={search_term_string}\"},\"query-input\":{\"@type\":\"PropertyValueSpecification\",\"valueRequired\":true,\"valueName\":\"search_term_string\"}}],\"inLanguage\":\"pt-BR\"},{\"@type\":\"Person\",\"@id\":\"https:\/\/nk7-testes.com.br\/agazeta\/#\/schema\/person\/6d6e25cb0435eb4a02fd44d30b4e3020\",\"name\":\"Agazeta.Net\",\"url\":\"https:\/\/nk7-testes.com.br\/agazeta\/author\/agazeta\/\"}]}<\/script>\n<!-- \/ Yoast SEO plugin. -->","yoast_head_json":{"title":"Moradores da invas\u00e3o do Universit\u00e1rio t\u00eam que sair - Agazeta.net","robots":{"index":"index","follow":"follow","max-snippet":"max-snippet:-1","max-image-preview":"max-image-preview:large","max-video-preview":"max-video-preview:-1"},"canonical":"https:\/\/nk7-testes.com.br\/agazeta\/moradores-da-invasao-do-universitario-tem-que-sair\/","og_locale":"pt_BR","og_type":"article","og_title":"Moradores da invas\u00e3o do Universit\u00e1rio t\u00eam que sair - Agazeta.net","og_description":"\u00c1rea tem propriet\u00e1rio com documenta\u00e7\u00e3o","og_url":"https:\/\/nk7-testes.com.br\/agazeta\/moradores-da-invasao-do-universitario-tem-que-sair\/","og_site_name":"Agazeta.net","article_published_time":"2016-03-15T14:37:36+00:00","og_image":[{"width":458,"height":340,"url":"https:\/\/nk7-testes.com.br\/agazeta\/wp-content\/uploads\/2016\/03\/150316-cotidiano-invasoresuniversitario-tvgazeta.jpg","type":"image\/jpeg"}],"author":"Agazeta.Net","twitter_card":"summary_large_image","twitter_misc":{"Escrito por":"Agazeta.Net","Est. tempo de leitura":"1 minuto"},"schema":{"@context":"https:\/\/schema.org","@graph":[{"@type":"WebPage","@id":"https:\/\/nk7-testes.com.br\/agazeta\/moradores-da-invasao-do-universitario-tem-que-sair\/","url":"https:\/\/nk7-testes.com.br\/agazeta\/moradores-da-invasao-do-universitario-tem-que-sair\/","name":"Moradores da invas\u00e3o do Universit\u00e1rio t\u00eam que sair - Agazeta.net","isPartOf":{"@id":"https:\/\/nk7-testes.com.br\/agazeta\/#website"},"primaryImageOfPage":{"@id":"https:\/\/nk7-testes.com.br\/agazeta\/moradores-da-invasao-do-universitario-tem-que-sair\/#primaryimage"},"image":{"@id":"https:\/\/nk7-testes.com.br\/agazeta\/moradores-da-invasao-do-universitario-tem-que-sair\/#primaryimage"},"thumbnailUrl":"https:\/\/nk7-testes.com.br\/agazeta\/wp-content\/uploads\/2016\/03\/150316-cotidiano-invasoresuniversitario-tvgazeta.jpg","datePublished":"2016-03-15T14:37:36+00:00","author":{"@id":"https:\/\/nk7-testes.com.br\/agazeta\/#\/schema\/person\/6d6e25cb0435eb4a02fd44d30b4e3020"},"breadcrumb":{"@id":"https:\/\/nk7-testes.com.br\/agazeta\/moradores-da-invasao-do-universitario-tem-que-sair\/#breadcrumb"},"inLanguage":"pt-BR","potentialAction":[{"@type":"ReadAction","target":["https:\/\/nk7-testes.com.br\/agazeta\/moradores-da-invasao-do-universitario-tem-que-sair\/"]}]},{"@type":"ImageObject","inLanguage":"pt-BR","@id":"https:\/\/nk7-testes.com.br\/agazeta\/moradores-da-invasao-do-universitario-tem-que-sair\/#primaryimage","url":"https:\/\/nk7-testes.com.br\/agazeta\/wp-content\/uploads\/2016\/03\/150316-cotidiano-invasoresuniversitario-tvgazeta.jpg","contentUrl":"https:\/\/nk7-testes.com.br\/agazeta\/wp-content\/uploads\/2016\/03\/150316-cotidiano-invasoresuniversitario-tvgazeta.jpg","width":458,"height":340,"caption":"150316-cotidiano-invasoresuniversitario-tvgazeta"},{"@type":"BreadcrumbList","@id":"https:\/\/nk7-testes.com.br\/agazeta\/moradores-da-invasao-do-universitario-tem-que-sair\/#breadcrumb","itemListElement":[{"@type":"ListItem","position":1,"name":"In\u00edcio","item":"https:\/\/nk7-testes.com.br\/agazeta\/"},{"@type":"ListItem","position":2,"name":"Moradores da invas\u00e3o do Universit\u00e1rio t\u00eam que sair"}]},{"@type":"WebSite","@id":"https:\/\/nk7-testes.com.br\/agazeta\/#website","url":"https:\/\/nk7-testes.com.br\/agazeta\/","name":"Agazeta.net","description":"Agazeta.net - Not\u00edcias de Rio Branco\/AC","potentialAction":[{"@type":"SearchAction","target":{"@type":"EntryPoint","urlTemplate":"https:\/\/nk7-testes.com.br\/agazeta\/?s={search_term_string}"},"query-input":{"@type":"PropertyValueSpecification","valueRequired":true,"valueName":"search_term_string"}}],"inLanguage":"pt-BR"},{"@type":"Person","@id":"https:\/\/nk7-testes.com.br\/agazeta\/#\/schema\/person\/6d6e25cb0435eb4a02fd44d30b4e3020","name":"Agazeta.Net","url":"https:\/\/nk7-testes.com.br\/agazeta\/author\/agazeta\/"}]}},"_links":{"self":[{"href":"https:\/\/nk7-testes.com.br\/agazeta\/wp-json\/wp\/v2\/posts\/21563","targetHints":{"allow":["GET"]}}],"collection":[{"href":"https:\/\/nk7-testes.com.br\/agazeta\/wp-json\/wp\/v2\/posts"}],"about":[{"href":"https:\/\/nk7-testes.com.br\/agazeta\/wp-json\/wp\/v2\/types\/post"}],"author":[{"embeddable":true,"href":"https:\/\/nk7-testes.com.br\/agazeta\/wp-json\/wp\/v2\/users\/4"}],"replies":[{"embeddable":true,"href":"https:\/\/nk7-testes.com.br\/agazeta\/wp-json\/wp\/v2\/comments?post=21563"}],"version-history":[{"count":0,"href":"https:\/\/nk7-testes.com.br\/agazeta\/wp-json\/wp\/v2\/posts\/21563\/revisions"}],"wp:featuredmedia":[{"embeddable":true,"href":"https:\/\/nk7-testes.com.br\/agazeta\/wp-json\/wp\/v2\/media\/21562"}],"wp:attachment":[{"href":"https:\/\/nk7-testes.com.br\/agazeta\/wp-json\/wp\/v2\/media?parent=21563"}],"wp:term":[{"taxonomy":"category","embeddable":true,"href":"https:\/\/nk7-testes.com.br\/agazeta\/wp-json\/wp\/v2\/categories?post=21563"},{"taxonomy":"post_tag","embeddable":true,"href":"https:\/\/nk7-testes.com.br\/agazeta\/wp-json\/wp\/v2\/tags?post=21563"}],"curies":[{"name":"wp","href":"https:\/\/api.w.org\/{rel}","templated":true}]}}