{"id":21555,"date":"2016-03-14T20:37:14","date_gmt":"2016-03-14T20:37:14","guid":{"rendered":"https:\/\/abarevegan.com.br\/index.php\/2016\/03\/14\/preco-da-cesta-basica-aumenta-em-13-capitais-e-diminui-em-14\/"},"modified":"2016-03-14T20:37:14","modified_gmt":"2016-03-14T20:37:14","slug":"preco-da-cesta-basica-aumenta-em-13-capitais-e-diminui-em-14","status":"publish","type":"post","link":"https:\/\/nk7-testes.com.br\/agazeta\/preco-da-cesta-basica-aumenta-em-13-capitais-e-diminui-em-14\/","title":{"rendered":"Pre\u00e7o da cesta b\u00e1sica aumenta em 13 capitais e diminui em 14"},"content":{"rendered":"<p style=\"text-align: justify;\">Em Rio Branco o aumento foi de 2,25%<\/p>\n<p style=\"text-align: justify;\">O custo da cesta b\u00e1sica aumentou em fevereiro em 13 capitais do Brasil e diminuiu em 14, de acordo com a Pesquisa Nacional da Cesta B\u00e1sica de Alimentos, feita pelo Departamento Intersindical de Estat\u00edstica e Estudos Socioecon\u00f4micos (Dieese). As maiores altas foram registradas em Macap\u00e1 (8,93%), Bel\u00e9m (8,64%) e Manaus (7,92%). As quedas mais significativas ocorreram em Vit\u00f3ria (-8,45%), Palmas (-7,80%) e Campo Grande (-6%).<\/p>\n<p style=\"text-align: justify;\">De acordo com o levantamento a cesta b\u00e1sica em Rio Branco aumentou 2,25%, entre janeiro e fevereiro, e custou R$ 349,22. Mesmo com o aumento, foi a quarta capital com menor custo da cesta, em compara\u00e7\u00e3o com as 27 cidades pesquisadas pelo DIEESE.<\/p>\n<p style=\"text-align: justify;\">Nos primeiros dois meses do ano, a cesta acumulou alta de 12,30%. Em fevereiro, as altas foram registradas no feij\u00e3o carioquinha (8,96%), banana (8,86%), \u00f3leo de soja (7,65%), arroz agulhinha (4,43%), a\u00e7\u00facar cristal (3,78%), p\u00e3o franc\u00eas (1,52%), leite integral (1,45%), manteiga (1,25%), carne bovina de primeira (0,65%), caf\u00e9 em p\u00f3 (0,36%). O pre\u00e7o do tomate diminuiu (-1,20%) e o da farinha de mandioca n\u00e3o variou.<\/p>\n<p style=\"text-align: justify;\">O trabalhador rio-branquense cuja remunera\u00e7\u00e3o equivale ao sal\u00e1rio m\u00ednimo necessitou cumprir, em fevereiro, jornada de 87 horas e 19 minutos, maior do que as 85 horas e 23 minutos registradas em janeiro. Em fevereiro de 2016, o custo da cesta em Rio Branco comprometeu 43,13% do sal\u00e1rio m\u00ednimo l\u00edquido, isto \u00e9, ap\u00f3s os descontos previdenci\u00e1rios. Em janeiro, o percentual exigido era de 42,19%.<\/p>\n<p style=\"text-align: justify;\">De acordo com os dados, S\u00e3o Paulo foi a capital onde o pre\u00e7o da cesta b\u00e1sica ficou mais alto (R$ 443,40). Em seguida, v\u00eam Bras\u00edlia (R$ 438,69), Manaus (R$ 437,86) e Florian\u00f3polis (R$ 430,69). Os menores valores foram observados em Natal (R$ 331,79), Salvador (R$ 337,84), Macei\u00f3 (R$ 347,38) e Rio Branco (R$ 349,22).<\/p>\n","protected":false},"excerpt":{"rendered":"<p style=\"text-align: justify;\">Em Rio Branco o aumento foi de 2,25%<\/p>\n","protected":false},"author":4,"featured_media":21554,"comment_status":"open","ping_status":"open","sticky":false,"template":"","format":"standard","meta":{"jnews-multi-image_gallery":[],"jnews_single_post":[],"jnews_primary_category":[],"jnews_social_meta":[],"jnews_review":[],"enable_review":"","type":"","name":"","summary":"","brand":"","sku":"","good":[],"bad":[],"score_override":"","override_value":"","rating":[],"price":[],"footnotes":""},"categories":[54],"tags":[],"class_list":["post-21555","post","type-post","status-publish","format-standard","has-post-thumbnail","hentry","category-cotidiano"],"yoast_head":"<!-- This site is optimized with the Yoast SEO plugin v26.5 - https:\/\/yoast.com\/wordpress\/plugins\/seo\/ -->\n<title>Pre\u00e7o da cesta b\u00e1sica aumenta em 13 capitais e diminui em 14 - Agazeta.net<\/title>\n<meta name=\"robots\" content=\"index, follow, max-snippet:-1, max-image-preview:large, max-video-preview:-1\" \/>\n<link rel=\"canonical\" href=\"https:\/\/nk7-testes.com.br\/agazeta\/preco-da-cesta-basica-aumenta-em-13-capitais-e-diminui-em-14\/\" \/>\n<meta property=\"og:locale\" content=\"pt_BR\" \/>\n<meta property=\"og:type\" content=\"article\" \/>\n<meta property=\"og:title\" content=\"Pre\u00e7o da cesta b\u00e1sica aumenta em 13 capitais e diminui em 14 - Agazeta.net\" \/>\n<meta property=\"og:description\" content=\"Em Rio Branco o aumento foi de 2,25%\" \/>\n<meta property=\"og:url\" content=\"https:\/\/nk7-testes.com.br\/agazeta\/preco-da-cesta-basica-aumenta-em-13-capitais-e-diminui-em-14\/\" \/>\n<meta property=\"og:site_name\" content=\"Agazeta.net\" \/>\n<meta property=\"article:published_time\" content=\"2016-03-14T20:37:14+00:00\" \/>\n<meta property=\"og:image\" content=\"https:\/\/nk7-testes.com.br\/agazeta\/wp-content\/uploads\/2016\/03\/140316-cotidiano-cestabasica-aumento.jpg\" \/>\n\t<meta property=\"og:image:width\" content=\"458\" \/>\n\t<meta property=\"og:image:height\" content=\"340\" \/>\n\t<meta property=\"og:image:type\" content=\"image\/jpeg\" \/>\n<meta name=\"author\" content=\"Agazeta.Net\" \/>\n<meta name=\"twitter:card\" content=\"summary_large_image\" \/>\n<meta name=\"twitter:label1\" content=\"Escrito por\" \/>\n\t<meta name=\"twitter:data1\" content=\"Agazeta.Net\" \/>\n\t<meta name=\"twitter:label2\" content=\"Est. tempo de leitura\" \/>\n\t<meta name=\"twitter:data2\" content=\"1 minuto\" \/>\n<script type=\"application\/ld+json\" class=\"yoast-schema-graph\">{\"@context\":\"https:\/\/schema.org\",\"@graph\":[{\"@type\":\"WebPage\",\"@id\":\"https:\/\/nk7-testes.com.br\/agazeta\/preco-da-cesta-basica-aumenta-em-13-capitais-e-diminui-em-14\/\",\"url\":\"https:\/\/nk7-testes.com.br\/agazeta\/preco-da-cesta-basica-aumenta-em-13-capitais-e-diminui-em-14\/\",\"name\":\"Pre\u00e7o da cesta b\u00e1sica aumenta em 13 capitais e diminui em 14 - Agazeta.net\",\"isPartOf\":{\"@id\":\"https:\/\/nk7-testes.com.br\/agazeta\/#website\"},\"primaryImageOfPage\":{\"@id\":\"https:\/\/nk7-testes.com.br\/agazeta\/preco-da-cesta-basica-aumenta-em-13-capitais-e-diminui-em-14\/#primaryimage\"},\"image\":{\"@id\":\"https:\/\/nk7-testes.com.br\/agazeta\/preco-da-cesta-basica-aumenta-em-13-capitais-e-diminui-em-14\/#primaryimage\"},\"thumbnailUrl\":\"https:\/\/nk7-testes.com.br\/agazeta\/wp-content\/uploads\/2016\/03\/140316-cotidiano-cestabasica-aumento.jpg\",\"datePublished\":\"2016-03-14T20:37:14+00:00\",\"author\":{\"@id\":\"https:\/\/nk7-testes.com.br\/agazeta\/#\/schema\/person\/6d6e25cb0435eb4a02fd44d30b4e3020\"},\"breadcrumb\":{\"@id\":\"https:\/\/nk7-testes.com.br\/agazeta\/preco-da-cesta-basica-aumenta-em-13-capitais-e-diminui-em-14\/#breadcrumb\"},\"inLanguage\":\"pt-BR\",\"potentialAction\":[{\"@type\":\"ReadAction\",\"target\":[\"https:\/\/nk7-testes.com.br\/agazeta\/preco-da-cesta-basica-aumenta-em-13-capitais-e-diminui-em-14\/\"]}]},{\"@type\":\"ImageObject\",\"inLanguage\":\"pt-BR\",\"@id\":\"https:\/\/nk7-testes.com.br\/agazeta\/preco-da-cesta-basica-aumenta-em-13-capitais-e-diminui-em-14\/#primaryimage\",\"url\":\"https:\/\/nk7-testes.com.br\/agazeta\/wp-content\/uploads\/2016\/03\/140316-cotidiano-cestabasica-aumento.jpg\",\"contentUrl\":\"https:\/\/nk7-testes.com.br\/agazeta\/wp-content\/uploads\/2016\/03\/140316-cotidiano-cestabasica-aumento.jpg\",\"width\":458,\"height\":340,\"caption\":\"140316-cotidiano-cestabasica-aumento\"},{\"@type\":\"BreadcrumbList\",\"@id\":\"https:\/\/nk7-testes.com.br\/agazeta\/preco-da-cesta-basica-aumenta-em-13-capitais-e-diminui-em-14\/#breadcrumb\",\"itemListElement\":[{\"@type\":\"ListItem\",\"position\":1,\"name\":\"In\u00edcio\",\"item\":\"https:\/\/nk7-testes.com.br\/agazeta\/\"},{\"@type\":\"ListItem\",\"position\":2,\"name\":\"Pre\u00e7o da cesta b\u00e1sica aumenta em 13 capitais e diminui em 14\"}]},{\"@type\":\"WebSite\",\"@id\":\"https:\/\/nk7-testes.com.br\/agazeta\/#website\",\"url\":\"https:\/\/nk7-testes.com.br\/agazeta\/\",\"name\":\"Agazeta.net\",\"description\":\"Agazeta.net - Not\u00edcias de Rio Branco\/AC\",\"potentialAction\":[{\"@type\":\"SearchAction\",\"target\":{\"@type\":\"EntryPoint\",\"urlTemplate\":\"https:\/\/nk7-testes.com.br\/agazeta\/?s={search_term_string}\"},\"query-input\":{\"@type\":\"PropertyValueSpecification\",\"valueRequired\":true,\"valueName\":\"search_term_string\"}}],\"inLanguage\":\"pt-BR\"},{\"@type\":\"Person\",\"@id\":\"https:\/\/nk7-testes.com.br\/agazeta\/#\/schema\/person\/6d6e25cb0435eb4a02fd44d30b4e3020\",\"name\":\"Agazeta.Net\",\"url\":\"https:\/\/nk7-testes.com.br\/agazeta\/author\/agazeta\/\"}]}<\/script>\n<!-- \/ Yoast SEO plugin. -->","yoast_head_json":{"title":"Pre\u00e7o da cesta b\u00e1sica aumenta em 13 capitais e diminui em 14 - Agazeta.net","robots":{"index":"index","follow":"follow","max-snippet":"max-snippet:-1","max-image-preview":"max-image-preview:large","max-video-preview":"max-video-preview:-1"},"canonical":"https:\/\/nk7-testes.com.br\/agazeta\/preco-da-cesta-basica-aumenta-em-13-capitais-e-diminui-em-14\/","og_locale":"pt_BR","og_type":"article","og_title":"Pre\u00e7o da cesta b\u00e1sica aumenta em 13 capitais e diminui em 14 - Agazeta.net","og_description":"Em Rio Branco o aumento foi de 2,25%","og_url":"https:\/\/nk7-testes.com.br\/agazeta\/preco-da-cesta-basica-aumenta-em-13-capitais-e-diminui-em-14\/","og_site_name":"Agazeta.net","article_published_time":"2016-03-14T20:37:14+00:00","og_image":[{"width":458,"height":340,"url":"https:\/\/nk7-testes.com.br\/agazeta\/wp-content\/uploads\/2016\/03\/140316-cotidiano-cestabasica-aumento.jpg","type":"image\/jpeg"}],"author":"Agazeta.Net","twitter_card":"summary_large_image","twitter_misc":{"Escrito por":"Agazeta.Net","Est. tempo de leitura":"1 minuto"},"schema":{"@context":"https:\/\/schema.org","@graph":[{"@type":"WebPage","@id":"https:\/\/nk7-testes.com.br\/agazeta\/preco-da-cesta-basica-aumenta-em-13-capitais-e-diminui-em-14\/","url":"https:\/\/nk7-testes.com.br\/agazeta\/preco-da-cesta-basica-aumenta-em-13-capitais-e-diminui-em-14\/","name":"Pre\u00e7o da cesta b\u00e1sica aumenta em 13 capitais e diminui em 14 - Agazeta.net","isPartOf":{"@id":"https:\/\/nk7-testes.com.br\/agazeta\/#website"},"primaryImageOfPage":{"@id":"https:\/\/nk7-testes.com.br\/agazeta\/preco-da-cesta-basica-aumenta-em-13-capitais-e-diminui-em-14\/#primaryimage"},"image":{"@id":"https:\/\/nk7-testes.com.br\/agazeta\/preco-da-cesta-basica-aumenta-em-13-capitais-e-diminui-em-14\/#primaryimage"},"thumbnailUrl":"https:\/\/nk7-testes.com.br\/agazeta\/wp-content\/uploads\/2016\/03\/140316-cotidiano-cestabasica-aumento.jpg","datePublished":"2016-03-14T20:37:14+00:00","author":{"@id":"https:\/\/nk7-testes.com.br\/agazeta\/#\/schema\/person\/6d6e25cb0435eb4a02fd44d30b4e3020"},"breadcrumb":{"@id":"https:\/\/nk7-testes.com.br\/agazeta\/preco-da-cesta-basica-aumenta-em-13-capitais-e-diminui-em-14\/#breadcrumb"},"inLanguage":"pt-BR","potentialAction":[{"@type":"ReadAction","target":["https:\/\/nk7-testes.com.br\/agazeta\/preco-da-cesta-basica-aumenta-em-13-capitais-e-diminui-em-14\/"]}]},{"@type":"ImageObject","inLanguage":"pt-BR","@id":"https:\/\/nk7-testes.com.br\/agazeta\/preco-da-cesta-basica-aumenta-em-13-capitais-e-diminui-em-14\/#primaryimage","url":"https:\/\/nk7-testes.com.br\/agazeta\/wp-content\/uploads\/2016\/03\/140316-cotidiano-cestabasica-aumento.jpg","contentUrl":"https:\/\/nk7-testes.com.br\/agazeta\/wp-content\/uploads\/2016\/03\/140316-cotidiano-cestabasica-aumento.jpg","width":458,"height":340,"caption":"140316-cotidiano-cestabasica-aumento"},{"@type":"BreadcrumbList","@id":"https:\/\/nk7-testes.com.br\/agazeta\/preco-da-cesta-basica-aumenta-em-13-capitais-e-diminui-em-14\/#breadcrumb","itemListElement":[{"@type":"ListItem","position":1,"name":"In\u00edcio","item":"https:\/\/nk7-testes.com.br\/agazeta\/"},{"@type":"ListItem","position":2,"name":"Pre\u00e7o da cesta b\u00e1sica aumenta em 13 capitais e diminui em 14"}]},{"@type":"WebSite","@id":"https:\/\/nk7-testes.com.br\/agazeta\/#website","url":"https:\/\/nk7-testes.com.br\/agazeta\/","name":"Agazeta.net","description":"Agazeta.net - Not\u00edcias de Rio Branco\/AC","potentialAction":[{"@type":"SearchAction","target":{"@type":"EntryPoint","urlTemplate":"https:\/\/nk7-testes.com.br\/agazeta\/?s={search_term_string}"},"query-input":{"@type":"PropertyValueSpecification","valueRequired":true,"valueName":"search_term_string"}}],"inLanguage":"pt-BR"},{"@type":"Person","@id":"https:\/\/nk7-testes.com.br\/agazeta\/#\/schema\/person\/6d6e25cb0435eb4a02fd44d30b4e3020","name":"Agazeta.Net","url":"https:\/\/nk7-testes.com.br\/agazeta\/author\/agazeta\/"}]}},"_links":{"self":[{"href":"https:\/\/nk7-testes.com.br\/agazeta\/wp-json\/wp\/v2\/posts\/21555","targetHints":{"allow":["GET"]}}],"collection":[{"href":"https:\/\/nk7-testes.com.br\/agazeta\/wp-json\/wp\/v2\/posts"}],"about":[{"href":"https:\/\/nk7-testes.com.br\/agazeta\/wp-json\/wp\/v2\/types\/post"}],"author":[{"embeddable":true,"href":"https:\/\/nk7-testes.com.br\/agazeta\/wp-json\/wp\/v2\/users\/4"}],"replies":[{"embeddable":true,"href":"https:\/\/nk7-testes.com.br\/agazeta\/wp-json\/wp\/v2\/comments?post=21555"}],"version-history":[{"count":0,"href":"https:\/\/nk7-testes.com.br\/agazeta\/wp-json\/wp\/v2\/posts\/21555\/revisions"}],"wp:featuredmedia":[{"embeddable":true,"href":"https:\/\/nk7-testes.com.br\/agazeta\/wp-json\/wp\/v2\/media\/21554"}],"wp:attachment":[{"href":"https:\/\/nk7-testes.com.br\/agazeta\/wp-json\/wp\/v2\/media?parent=21555"}],"wp:term":[{"taxonomy":"category","embeddable":true,"href":"https:\/\/nk7-testes.com.br\/agazeta\/wp-json\/wp\/v2\/categories?post=21555"},{"taxonomy":"post_tag","embeddable":true,"href":"https:\/\/nk7-testes.com.br\/agazeta\/wp-json\/wp\/v2\/tags?post=21555"}],"curies":[{"name":"wp","href":"https:\/\/api.w.org\/{rel}","templated":true}]}}