{"id":21550,"date":"2016-03-14T19:56:17","date_gmt":"2016-03-14T19:56:17","guid":{"rendered":"https:\/\/abarevegan.com.br\/index.php\/2016\/03\/14\/governo-do-acre-descarta-isolamento-pelo-madeira\/"},"modified":"2016-03-14T19:56:17","modified_gmt":"2016-03-14T19:56:17","slug":"governo-do-acre-descarta-isolamento-pelo-madeira","status":"publish","type":"post","link":"https:\/\/nk7-testes.com.br\/agazeta\/governo-do-acre-descarta-isolamento-pelo-madeira\/","title":{"rendered":"Governo do Acre descarta isolamento pelo Madeira"},"content":{"rendered":"<p style=\"text-align: justify;\">Em mar\u00e7o de 2014, a estrada era um detalhe na \u00e1gua<\/p>\n<p style=\"text-align: justify;\">O Corpo de Bombeiros do Acre acredita que a cheia do Rio Madeira n\u00e3o v\u00e1 atingir a BR-364. Quem passa pela rodovia nota que os rios e igarap\u00e9s da regi\u00e3o est\u00e3o pr\u00f3ximos da estrada, mas, segundo o coronel Batista, que esteve nesses locais na semana passada, o risco de chegar at\u00e9 a pista \u00e9 pequeno.<\/p>\n<p style=\"text-align: justify;\">O oficial, que monitora o Madeira, explicou que historicamente o rio sobe o m\u00eas de mar\u00e7o e come\u00e7a a baixar em abril, e as previs\u00f5es indicam poucas chuvas para a regi\u00e3o.<\/p>\n<p style=\"text-align: justify;\">No final de mar\u00e7o de 2014, o Rio Madeira deixou o Acre completamente isolado. A BR-364 parecia um bra\u00e7o do rio. O manancial chegou a 25,18m e arrasou as vilas e os bairros de Porto Velho que ficam \u00e0s margens. No ano passado, o rio chegou a 22 metros, mas n\u00e3o avan\u00e7ou na estrada.<\/p>\n<p style=\"text-align: justify;\">Esse ano, as defesas civis do Acre e Rond\u00f4nia torcem para que ele n\u00e3o ganhe mais volume. Na manh\u00e3 dessa segunda-feira, estava com quase 20 metros. \u201cAcreditamos que ele subir\u00e1 pouco e, por isso, podemos aliviar o acriano de que o rio n\u00e3o vai deixar o estado isolado novamente\u201d, relatou.<\/p>\n<p style=\"text-align: justify;\">Os outros rios que ficam \u00e0s margens da BR-364, como o mutum- paran\u00e1, tamb\u00e9m est\u00e3o cheios e j\u00e1 chegaram \u00e0s laterais da rodovia. \u201cA cheia do Rio Madeira represa e essas \u00e1guas, quando n\u00e3o cobrem a pista, podem causar desbarrancamentos\u201d, disse.<\/p>\n<p style=\"text-align: justify;\">Ainda \u00e9 poss\u00edvel ver balsas de garimpo na regi\u00e3o e a \u00e1rea de floresta que est\u00e1 sendo invadida pelos rios. Os pilares do lado esquerdo da ponte do Madeira foram cobertos, as obras continuam nas cabeceiras, onde a correnteza ainda n\u00e3o oferece riscos.<\/p>\n","protected":false},"excerpt":{"rendered":"<p style=\"text-align: justify;\">Em mar\u00e7o de 2014, a estrada era um detalhe na \u00e1gua<\/p>\n","protected":false},"author":4,"featured_media":13394,"comment_status":"open","ping_status":"open","sticky":false,"template":"","format":"standard","meta":{"jnews-multi-image_gallery":[],"jnews_single_post":[],"jnews_primary_category":[],"jnews_social_meta":[],"jnews_review":[],"enable_review":"","type":"","name":"","summary":"","brand":"","sku":"","good":[],"bad":[],"score_override":"","override_value":"","rating":[],"price":[],"footnotes":""},"categories":[54],"tags":[],"class_list":["post-21550","post","type-post","status-publish","format-standard","has-post-thumbnail","hentry","category-cotidiano"],"yoast_head":"<!-- This site is optimized with the Yoast SEO plugin v26.5 - https:\/\/yoast.com\/wordpress\/plugins\/seo\/ -->\n<title>Governo do Acre descarta isolamento pelo Madeira - Agazeta.net<\/title>\n<meta name=\"robots\" content=\"index, follow, max-snippet:-1, max-image-preview:large, max-video-preview:-1\" \/>\n<link rel=\"canonical\" href=\"https:\/\/nk7-testes.com.br\/agazeta\/governo-do-acre-descarta-isolamento-pelo-madeira\/\" \/>\n<meta property=\"og:locale\" content=\"pt_BR\" \/>\n<meta property=\"og:type\" content=\"article\" \/>\n<meta property=\"og:title\" content=\"Governo do Acre descarta isolamento pelo Madeira - Agazeta.net\" \/>\n<meta property=\"og:description\" content=\"Em mar\u00e7o de 2014, a estrada era um detalhe na \u00e1gua\" \/>\n<meta property=\"og:url\" content=\"https:\/\/nk7-testes.com.br\/agazeta\/governo-do-acre-descarta-isolamento-pelo-madeira\/\" \/>\n<meta property=\"og:site_name\" content=\"Agazeta.net\" \/>\n<meta property=\"article:published_time\" content=\"2016-03-14T19:56:17+00:00\" \/>\n<meta property=\"og:image\" content=\"https:\/\/nk7-testes.com.br\/agazeta\/wp-content\/uploads\/2015\/02\/140215-cotidiano-riomadeirajosenir-josenirmelo.jpg\" \/>\n\t<meta property=\"og:image:width\" content=\"458\" \/>\n\t<meta property=\"og:image:height\" content=\"340\" \/>\n\t<meta property=\"og:image:type\" content=\"image\/jpeg\" \/>\n<meta name=\"author\" content=\"Agazeta.Net\" \/>\n<meta name=\"twitter:card\" content=\"summary_large_image\" \/>\n<meta name=\"twitter:label1\" content=\"Escrito por\" \/>\n\t<meta name=\"twitter:data1\" content=\"Agazeta.Net\" \/>\n\t<meta name=\"twitter:label2\" content=\"Est. tempo de leitura\" \/>\n\t<meta name=\"twitter:data2\" content=\"2 minutos\" \/>\n<script type=\"application\/ld+json\" class=\"yoast-schema-graph\">{\"@context\":\"https:\/\/schema.org\",\"@graph\":[{\"@type\":\"WebPage\",\"@id\":\"https:\/\/nk7-testes.com.br\/agazeta\/governo-do-acre-descarta-isolamento-pelo-madeira\/\",\"url\":\"https:\/\/nk7-testes.com.br\/agazeta\/governo-do-acre-descarta-isolamento-pelo-madeira\/\",\"name\":\"Governo do Acre descarta isolamento pelo Madeira - Agazeta.net\",\"isPartOf\":{\"@id\":\"https:\/\/nk7-testes.com.br\/agazeta\/#website\"},\"primaryImageOfPage\":{\"@id\":\"https:\/\/nk7-testes.com.br\/agazeta\/governo-do-acre-descarta-isolamento-pelo-madeira\/#primaryimage\"},\"image\":{\"@id\":\"https:\/\/nk7-testes.com.br\/agazeta\/governo-do-acre-descarta-isolamento-pelo-madeira\/#primaryimage\"},\"thumbnailUrl\":\"https:\/\/nk7-testes.com.br\/agazeta\/wp-content\/uploads\/2015\/02\/140215-cotidiano-riomadeirajosenir-josenirmelo.jpg\",\"datePublished\":\"2016-03-14T19:56:17+00:00\",\"author\":{\"@id\":\"https:\/\/nk7-testes.com.br\/agazeta\/#\/schema\/person\/6d6e25cb0435eb4a02fd44d30b4e3020\"},\"breadcrumb\":{\"@id\":\"https:\/\/nk7-testes.com.br\/agazeta\/governo-do-acre-descarta-isolamento-pelo-madeira\/#breadcrumb\"},\"inLanguage\":\"pt-BR\",\"potentialAction\":[{\"@type\":\"ReadAction\",\"target\":[\"https:\/\/nk7-testes.com.br\/agazeta\/governo-do-acre-descarta-isolamento-pelo-madeira\/\"]}]},{\"@type\":\"ImageObject\",\"inLanguage\":\"pt-BR\",\"@id\":\"https:\/\/nk7-testes.com.br\/agazeta\/governo-do-acre-descarta-isolamento-pelo-madeira\/#primaryimage\",\"url\":\"https:\/\/nk7-testes.com.br\/agazeta\/wp-content\/uploads\/2015\/02\/140215-cotidiano-riomadeirajosenir-josenirmelo.jpg\",\"contentUrl\":\"https:\/\/nk7-testes.com.br\/agazeta\/wp-content\/uploads\/2015\/02\/140215-cotidiano-riomadeirajosenir-josenirmelo.jpg\",\"width\":458,\"height\":340,\"caption\":\"140215-cotidiano-riomadeirajosenir-josenirmelo\"},{\"@type\":\"BreadcrumbList\",\"@id\":\"https:\/\/nk7-testes.com.br\/agazeta\/governo-do-acre-descarta-isolamento-pelo-madeira\/#breadcrumb\",\"itemListElement\":[{\"@type\":\"ListItem\",\"position\":1,\"name\":\"In\u00edcio\",\"item\":\"https:\/\/nk7-testes.com.br\/agazeta\/\"},{\"@type\":\"ListItem\",\"position\":2,\"name\":\"Governo do Acre descarta isolamento pelo Madeira\"}]},{\"@type\":\"WebSite\",\"@id\":\"https:\/\/nk7-testes.com.br\/agazeta\/#website\",\"url\":\"https:\/\/nk7-testes.com.br\/agazeta\/\",\"name\":\"Agazeta.net\",\"description\":\"Agazeta.net - Not\u00edcias de Rio Branco\/AC\",\"potentialAction\":[{\"@type\":\"SearchAction\",\"target\":{\"@type\":\"EntryPoint\",\"urlTemplate\":\"https:\/\/nk7-testes.com.br\/agazeta\/?s={search_term_string}\"},\"query-input\":{\"@type\":\"PropertyValueSpecification\",\"valueRequired\":true,\"valueName\":\"search_term_string\"}}],\"inLanguage\":\"pt-BR\"},{\"@type\":\"Person\",\"@id\":\"https:\/\/nk7-testes.com.br\/agazeta\/#\/schema\/person\/6d6e25cb0435eb4a02fd44d30b4e3020\",\"name\":\"Agazeta.Net\",\"url\":\"https:\/\/nk7-testes.com.br\/agazeta\/author\/agazeta\/\"}]}<\/script>\n<!-- \/ Yoast SEO plugin. -->","yoast_head_json":{"title":"Governo do Acre descarta isolamento pelo Madeira - Agazeta.net","robots":{"index":"index","follow":"follow","max-snippet":"max-snippet:-1","max-image-preview":"max-image-preview:large","max-video-preview":"max-video-preview:-1"},"canonical":"https:\/\/nk7-testes.com.br\/agazeta\/governo-do-acre-descarta-isolamento-pelo-madeira\/","og_locale":"pt_BR","og_type":"article","og_title":"Governo do Acre descarta isolamento pelo Madeira - Agazeta.net","og_description":"Em mar\u00e7o de 2014, a estrada era um detalhe na \u00e1gua","og_url":"https:\/\/nk7-testes.com.br\/agazeta\/governo-do-acre-descarta-isolamento-pelo-madeira\/","og_site_name":"Agazeta.net","article_published_time":"2016-03-14T19:56:17+00:00","og_image":[{"width":458,"height":340,"url":"https:\/\/nk7-testes.com.br\/agazeta\/wp-content\/uploads\/2015\/02\/140215-cotidiano-riomadeirajosenir-josenirmelo.jpg","type":"image\/jpeg"}],"author":"Agazeta.Net","twitter_card":"summary_large_image","twitter_misc":{"Escrito por":"Agazeta.Net","Est. tempo de leitura":"2 minutos"},"schema":{"@context":"https:\/\/schema.org","@graph":[{"@type":"WebPage","@id":"https:\/\/nk7-testes.com.br\/agazeta\/governo-do-acre-descarta-isolamento-pelo-madeira\/","url":"https:\/\/nk7-testes.com.br\/agazeta\/governo-do-acre-descarta-isolamento-pelo-madeira\/","name":"Governo do Acre descarta isolamento pelo Madeira - Agazeta.net","isPartOf":{"@id":"https:\/\/nk7-testes.com.br\/agazeta\/#website"},"primaryImageOfPage":{"@id":"https:\/\/nk7-testes.com.br\/agazeta\/governo-do-acre-descarta-isolamento-pelo-madeira\/#primaryimage"},"image":{"@id":"https:\/\/nk7-testes.com.br\/agazeta\/governo-do-acre-descarta-isolamento-pelo-madeira\/#primaryimage"},"thumbnailUrl":"https:\/\/nk7-testes.com.br\/agazeta\/wp-content\/uploads\/2015\/02\/140215-cotidiano-riomadeirajosenir-josenirmelo.jpg","datePublished":"2016-03-14T19:56:17+00:00","author":{"@id":"https:\/\/nk7-testes.com.br\/agazeta\/#\/schema\/person\/6d6e25cb0435eb4a02fd44d30b4e3020"},"breadcrumb":{"@id":"https:\/\/nk7-testes.com.br\/agazeta\/governo-do-acre-descarta-isolamento-pelo-madeira\/#breadcrumb"},"inLanguage":"pt-BR","potentialAction":[{"@type":"ReadAction","target":["https:\/\/nk7-testes.com.br\/agazeta\/governo-do-acre-descarta-isolamento-pelo-madeira\/"]}]},{"@type":"ImageObject","inLanguage":"pt-BR","@id":"https:\/\/nk7-testes.com.br\/agazeta\/governo-do-acre-descarta-isolamento-pelo-madeira\/#primaryimage","url":"https:\/\/nk7-testes.com.br\/agazeta\/wp-content\/uploads\/2015\/02\/140215-cotidiano-riomadeirajosenir-josenirmelo.jpg","contentUrl":"https:\/\/nk7-testes.com.br\/agazeta\/wp-content\/uploads\/2015\/02\/140215-cotidiano-riomadeirajosenir-josenirmelo.jpg","width":458,"height":340,"caption":"140215-cotidiano-riomadeirajosenir-josenirmelo"},{"@type":"BreadcrumbList","@id":"https:\/\/nk7-testes.com.br\/agazeta\/governo-do-acre-descarta-isolamento-pelo-madeira\/#breadcrumb","itemListElement":[{"@type":"ListItem","position":1,"name":"In\u00edcio","item":"https:\/\/nk7-testes.com.br\/agazeta\/"},{"@type":"ListItem","position":2,"name":"Governo do Acre descarta isolamento pelo Madeira"}]},{"@type":"WebSite","@id":"https:\/\/nk7-testes.com.br\/agazeta\/#website","url":"https:\/\/nk7-testes.com.br\/agazeta\/","name":"Agazeta.net","description":"Agazeta.net - Not\u00edcias de Rio Branco\/AC","potentialAction":[{"@type":"SearchAction","target":{"@type":"EntryPoint","urlTemplate":"https:\/\/nk7-testes.com.br\/agazeta\/?s={search_term_string}"},"query-input":{"@type":"PropertyValueSpecification","valueRequired":true,"valueName":"search_term_string"}}],"inLanguage":"pt-BR"},{"@type":"Person","@id":"https:\/\/nk7-testes.com.br\/agazeta\/#\/schema\/person\/6d6e25cb0435eb4a02fd44d30b4e3020","name":"Agazeta.Net","url":"https:\/\/nk7-testes.com.br\/agazeta\/author\/agazeta\/"}]}},"_links":{"self":[{"href":"https:\/\/nk7-testes.com.br\/agazeta\/wp-json\/wp\/v2\/posts\/21550","targetHints":{"allow":["GET"]}}],"collection":[{"href":"https:\/\/nk7-testes.com.br\/agazeta\/wp-json\/wp\/v2\/posts"}],"about":[{"href":"https:\/\/nk7-testes.com.br\/agazeta\/wp-json\/wp\/v2\/types\/post"}],"author":[{"embeddable":true,"href":"https:\/\/nk7-testes.com.br\/agazeta\/wp-json\/wp\/v2\/users\/4"}],"replies":[{"embeddable":true,"href":"https:\/\/nk7-testes.com.br\/agazeta\/wp-json\/wp\/v2\/comments?post=21550"}],"version-history":[{"count":0,"href":"https:\/\/nk7-testes.com.br\/agazeta\/wp-json\/wp\/v2\/posts\/21550\/revisions"}],"wp:featuredmedia":[{"embeddable":true,"href":"https:\/\/nk7-testes.com.br\/agazeta\/wp-json\/wp\/v2\/media\/13394"}],"wp:attachment":[{"href":"https:\/\/nk7-testes.com.br\/agazeta\/wp-json\/wp\/v2\/media?parent=21550"}],"wp:term":[{"taxonomy":"category","embeddable":true,"href":"https:\/\/nk7-testes.com.br\/agazeta\/wp-json\/wp\/v2\/categories?post=21550"},{"taxonomy":"post_tag","embeddable":true,"href":"https:\/\/nk7-testes.com.br\/agazeta\/wp-json\/wp\/v2\/tags?post=21550"}],"curies":[{"name":"wp","href":"https:\/\/api.w.org\/{rel}","templated":true}]}}