{"id":21534,"date":"2016-03-12T18:12:20","date_gmt":"2016-03-12T18:12:20","guid":{"rendered":"https:\/\/abarevegan.com.br\/index.php\/2016\/03\/12\/policia-prende-dois-homens-acusados-de-furto-e-assalto\/"},"modified":"2016-03-12T18:12:20","modified_gmt":"2016-03-12T18:12:20","slug":"policia-prende-dois-homens-acusados-de-furto-e-assalto","status":"publish","type":"post","link":"https:\/\/nk7-testes.com.br\/agazeta\/policia-prende-dois-homens-acusados-de-furto-e-assalto\/","title":{"rendered":"Pol\u00edcia prende dois homens acusados de furto e assalto"},"content":{"rendered":"<p style=\"text-align: justify;\">Assaltantes foram reconhecidos por v\u00edtimas<\/p>\n<p style=\"text-align: justify;\">Shermeson de Melo Brasileiro e Kenedy Pereira de Lima foram presos na noite desta sexta feira (11) por policiais do Bope. Segundo a pol\u00edcia, os dois homens s\u00e3o acusados de, na manh\u00e3 desta sexta-feira, terem invadido uma casa que fica localizada na Alameda Lisboa, no bairro Jardim Europa.<\/p>\n<p style=\"text-align: justify;\">Eles, segundo a pol\u00edcia, teriam furtado v\u00e1rios objetos da resid\u00eancia e uma tev\u00ea de 60 polegadas. Uma pessoa teria percebido a a\u00e7\u00e3o dos acusados e teria anotado a placa do ve\u00edculo usado no furto e repassado \u00e0 pol\u00edcia.<\/p>\n<p style=\"text-align: justify;\">Na tarde desta sexta, os policias do Bope conseguiram localizar o suposto carro no bairro Tancredo Neves. Os policias ent\u00e3o fizeram a abordagem e prenderam os dois acusados.<\/p>\n<p style=\"text-align: justify;\">A dupla foi levada para a delegacia Central de Flagrantes. Os policias tamb\u00e9m recuperam v\u00e1rios objetos eletr\u00f4nicos e uma tev\u00ea de 60 polegadas e apreendeu o carro modelo Tiida da Nissan de placa NAC 1401 que, segundo a pol\u00edcia, seria o carro usado no furto da resid\u00eancia.<\/p>\n<p style=\"text-align: justify;\">Al\u00e9m do furto desta sexta feira, segundo a pol\u00edcia, os dois homens tamb\u00e9m s\u00e3o suspeitos de cometer um assalto na \u00faltima segunda-feira \u00e0 empresa Santista que fica localizada na Avenida Get\u00falio Vargas.<\/p>\n<p style=\"text-align: justify;\">Segundo as v\u00edtimas, os acusados teriam levado uma quantia de R$ 5 mil. Segundo a pol\u00edcia, no assalto, o sistema de seguran\u00e7a tamb\u00e9m identificou o carro usado pelos acusados como sendo o mesmo que foi apreendido. E, na delegacia, as v\u00edtimas da empresa teriam reconhecido os assaltantes.<\/p>\n","protected":false},"excerpt":{"rendered":"<p style=\"text-align: justify;\">Assaltantes foram reconhecidos por v\u00edtimas<\/p>\n","protected":false},"author":4,"featured_media":21533,"comment_status":"open","ping_status":"open","sticky":false,"template":"","format":"standard","meta":{"jnews-multi-image_gallery":[],"jnews_single_post":[],"jnews_primary_category":[],"jnews_social_meta":[],"jnews_review":[],"enable_review":"","type":"","name":"","summary":"","brand":"","sku":"","good":[],"bad":[],"score_override":"","override_value":"","rating":[],"price":[],"footnotes":""},"categories":[44],"tags":[],"class_list":["post-21534","post","type-post","status-publish","format-standard","has-post-thumbnail","hentry","category-policia"],"yoast_head":"<!-- This site is optimized with the Yoast SEO plugin v26.5 - https:\/\/yoast.com\/wordpress\/plugins\/seo\/ -->\n<title>Pol\u00edcia prende dois homens acusados de furto e assalto - Agazeta.net<\/title>\n<meta name=\"robots\" content=\"index, follow, max-snippet:-1, max-image-preview:large, max-video-preview:-1\" \/>\n<link rel=\"canonical\" href=\"https:\/\/nk7-testes.com.br\/agazeta\/policia-prende-dois-homens-acusados-de-furto-e-assalto\/\" \/>\n<meta property=\"og:locale\" content=\"pt_BR\" \/>\n<meta property=\"og:type\" content=\"article\" \/>\n<meta property=\"og:title\" content=\"Pol\u00edcia prende dois homens acusados de furto e assalto - Agazeta.net\" \/>\n<meta property=\"og:description\" content=\"Assaltantes foram reconhecidos por v\u00edtimas\" \/>\n<meta property=\"og:url\" content=\"https:\/\/nk7-testes.com.br\/agazeta\/policia-prende-dois-homens-acusados-de-furto-e-assalto\/\" \/>\n<meta property=\"og:site_name\" content=\"Agazeta.net\" \/>\n<meta property=\"article:published_time\" content=\"2016-03-12T18:12:20+00:00\" \/>\n<meta property=\"og:image\" content=\"https:\/\/nk7-testes.com.br\/agazeta\/wp-content\/uploads\/2016\/03\/120316-policia-duplapresa-cleriston.jpg\" \/>\n\t<meta property=\"og:image:width\" content=\"458\" \/>\n\t<meta property=\"og:image:height\" content=\"340\" \/>\n\t<meta property=\"og:image:type\" content=\"image\/jpeg\" \/>\n<meta name=\"author\" content=\"Agazeta.Net\" \/>\n<meta name=\"twitter:card\" content=\"summary_large_image\" \/>\n<meta name=\"twitter:label1\" content=\"Escrito por\" \/>\n\t<meta name=\"twitter:data1\" content=\"Agazeta.Net\" \/>\n\t<meta name=\"twitter:label2\" content=\"Est. tempo de leitura\" \/>\n\t<meta name=\"twitter:data2\" content=\"1 minuto\" \/>\n<script type=\"application\/ld+json\" class=\"yoast-schema-graph\">{\"@context\":\"https:\/\/schema.org\",\"@graph\":[{\"@type\":\"WebPage\",\"@id\":\"https:\/\/nk7-testes.com.br\/agazeta\/policia-prende-dois-homens-acusados-de-furto-e-assalto\/\",\"url\":\"https:\/\/nk7-testes.com.br\/agazeta\/policia-prende-dois-homens-acusados-de-furto-e-assalto\/\",\"name\":\"Pol\u00edcia prende dois homens acusados de furto e assalto - Agazeta.net\",\"isPartOf\":{\"@id\":\"https:\/\/nk7-testes.com.br\/agazeta\/#website\"},\"primaryImageOfPage\":{\"@id\":\"https:\/\/nk7-testes.com.br\/agazeta\/policia-prende-dois-homens-acusados-de-furto-e-assalto\/#primaryimage\"},\"image\":{\"@id\":\"https:\/\/nk7-testes.com.br\/agazeta\/policia-prende-dois-homens-acusados-de-furto-e-assalto\/#primaryimage\"},\"thumbnailUrl\":\"https:\/\/nk7-testes.com.br\/agazeta\/wp-content\/uploads\/2016\/03\/120316-policia-duplapresa-cleriston.jpg\",\"datePublished\":\"2016-03-12T18:12:20+00:00\",\"author\":{\"@id\":\"https:\/\/nk7-testes.com.br\/agazeta\/#\/schema\/person\/6d6e25cb0435eb4a02fd44d30b4e3020\"},\"breadcrumb\":{\"@id\":\"https:\/\/nk7-testes.com.br\/agazeta\/policia-prende-dois-homens-acusados-de-furto-e-assalto\/#breadcrumb\"},\"inLanguage\":\"pt-BR\",\"potentialAction\":[{\"@type\":\"ReadAction\",\"target\":[\"https:\/\/nk7-testes.com.br\/agazeta\/policia-prende-dois-homens-acusados-de-furto-e-assalto\/\"]}]},{\"@type\":\"ImageObject\",\"inLanguage\":\"pt-BR\",\"@id\":\"https:\/\/nk7-testes.com.br\/agazeta\/policia-prende-dois-homens-acusados-de-furto-e-assalto\/#primaryimage\",\"url\":\"https:\/\/nk7-testes.com.br\/agazeta\/wp-content\/uploads\/2016\/03\/120316-policia-duplapresa-cleriston.jpg\",\"contentUrl\":\"https:\/\/nk7-testes.com.br\/agazeta\/wp-content\/uploads\/2016\/03\/120316-policia-duplapresa-cleriston.jpg\",\"width\":458,\"height\":340,\"caption\":\"120316-policia-duplapresa-cleriston\"},{\"@type\":\"BreadcrumbList\",\"@id\":\"https:\/\/nk7-testes.com.br\/agazeta\/policia-prende-dois-homens-acusados-de-furto-e-assalto\/#breadcrumb\",\"itemListElement\":[{\"@type\":\"ListItem\",\"position\":1,\"name\":\"In\u00edcio\",\"item\":\"https:\/\/nk7-testes.com.br\/agazeta\/\"},{\"@type\":\"ListItem\",\"position\":2,\"name\":\"Pol\u00edcia prende dois homens acusados de furto e assalto\"}]},{\"@type\":\"WebSite\",\"@id\":\"https:\/\/nk7-testes.com.br\/agazeta\/#website\",\"url\":\"https:\/\/nk7-testes.com.br\/agazeta\/\",\"name\":\"Agazeta.net\",\"description\":\"Agazeta.net - Not\u00edcias de Rio Branco\/AC\",\"potentialAction\":[{\"@type\":\"SearchAction\",\"target\":{\"@type\":\"EntryPoint\",\"urlTemplate\":\"https:\/\/nk7-testes.com.br\/agazeta\/?s={search_term_string}\"},\"query-input\":{\"@type\":\"PropertyValueSpecification\",\"valueRequired\":true,\"valueName\":\"search_term_string\"}}],\"inLanguage\":\"pt-BR\"},{\"@type\":\"Person\",\"@id\":\"https:\/\/nk7-testes.com.br\/agazeta\/#\/schema\/person\/6d6e25cb0435eb4a02fd44d30b4e3020\",\"name\":\"Agazeta.Net\",\"url\":\"https:\/\/nk7-testes.com.br\/agazeta\/author\/agazeta\/\"}]}<\/script>\n<!-- \/ Yoast SEO plugin. -->","yoast_head_json":{"title":"Pol\u00edcia prende dois homens acusados de furto e assalto - Agazeta.net","robots":{"index":"index","follow":"follow","max-snippet":"max-snippet:-1","max-image-preview":"max-image-preview:large","max-video-preview":"max-video-preview:-1"},"canonical":"https:\/\/nk7-testes.com.br\/agazeta\/policia-prende-dois-homens-acusados-de-furto-e-assalto\/","og_locale":"pt_BR","og_type":"article","og_title":"Pol\u00edcia prende dois homens acusados de furto e assalto - Agazeta.net","og_description":"Assaltantes foram reconhecidos por v\u00edtimas","og_url":"https:\/\/nk7-testes.com.br\/agazeta\/policia-prende-dois-homens-acusados-de-furto-e-assalto\/","og_site_name":"Agazeta.net","article_published_time":"2016-03-12T18:12:20+00:00","og_image":[{"width":458,"height":340,"url":"https:\/\/nk7-testes.com.br\/agazeta\/wp-content\/uploads\/2016\/03\/120316-policia-duplapresa-cleriston.jpg","type":"image\/jpeg"}],"author":"Agazeta.Net","twitter_card":"summary_large_image","twitter_misc":{"Escrito por":"Agazeta.Net","Est. tempo de leitura":"1 minuto"},"schema":{"@context":"https:\/\/schema.org","@graph":[{"@type":"WebPage","@id":"https:\/\/nk7-testes.com.br\/agazeta\/policia-prende-dois-homens-acusados-de-furto-e-assalto\/","url":"https:\/\/nk7-testes.com.br\/agazeta\/policia-prende-dois-homens-acusados-de-furto-e-assalto\/","name":"Pol\u00edcia prende dois homens acusados de furto e assalto - Agazeta.net","isPartOf":{"@id":"https:\/\/nk7-testes.com.br\/agazeta\/#website"},"primaryImageOfPage":{"@id":"https:\/\/nk7-testes.com.br\/agazeta\/policia-prende-dois-homens-acusados-de-furto-e-assalto\/#primaryimage"},"image":{"@id":"https:\/\/nk7-testes.com.br\/agazeta\/policia-prende-dois-homens-acusados-de-furto-e-assalto\/#primaryimage"},"thumbnailUrl":"https:\/\/nk7-testes.com.br\/agazeta\/wp-content\/uploads\/2016\/03\/120316-policia-duplapresa-cleriston.jpg","datePublished":"2016-03-12T18:12:20+00:00","author":{"@id":"https:\/\/nk7-testes.com.br\/agazeta\/#\/schema\/person\/6d6e25cb0435eb4a02fd44d30b4e3020"},"breadcrumb":{"@id":"https:\/\/nk7-testes.com.br\/agazeta\/policia-prende-dois-homens-acusados-de-furto-e-assalto\/#breadcrumb"},"inLanguage":"pt-BR","potentialAction":[{"@type":"ReadAction","target":["https:\/\/nk7-testes.com.br\/agazeta\/policia-prende-dois-homens-acusados-de-furto-e-assalto\/"]}]},{"@type":"ImageObject","inLanguage":"pt-BR","@id":"https:\/\/nk7-testes.com.br\/agazeta\/policia-prende-dois-homens-acusados-de-furto-e-assalto\/#primaryimage","url":"https:\/\/nk7-testes.com.br\/agazeta\/wp-content\/uploads\/2016\/03\/120316-policia-duplapresa-cleriston.jpg","contentUrl":"https:\/\/nk7-testes.com.br\/agazeta\/wp-content\/uploads\/2016\/03\/120316-policia-duplapresa-cleriston.jpg","width":458,"height":340,"caption":"120316-policia-duplapresa-cleriston"},{"@type":"BreadcrumbList","@id":"https:\/\/nk7-testes.com.br\/agazeta\/policia-prende-dois-homens-acusados-de-furto-e-assalto\/#breadcrumb","itemListElement":[{"@type":"ListItem","position":1,"name":"In\u00edcio","item":"https:\/\/nk7-testes.com.br\/agazeta\/"},{"@type":"ListItem","position":2,"name":"Pol\u00edcia prende dois homens acusados de furto e assalto"}]},{"@type":"WebSite","@id":"https:\/\/nk7-testes.com.br\/agazeta\/#website","url":"https:\/\/nk7-testes.com.br\/agazeta\/","name":"Agazeta.net","description":"Agazeta.net - Not\u00edcias de Rio Branco\/AC","potentialAction":[{"@type":"SearchAction","target":{"@type":"EntryPoint","urlTemplate":"https:\/\/nk7-testes.com.br\/agazeta\/?s={search_term_string}"},"query-input":{"@type":"PropertyValueSpecification","valueRequired":true,"valueName":"search_term_string"}}],"inLanguage":"pt-BR"},{"@type":"Person","@id":"https:\/\/nk7-testes.com.br\/agazeta\/#\/schema\/person\/6d6e25cb0435eb4a02fd44d30b4e3020","name":"Agazeta.Net","url":"https:\/\/nk7-testes.com.br\/agazeta\/author\/agazeta\/"}]}},"_links":{"self":[{"href":"https:\/\/nk7-testes.com.br\/agazeta\/wp-json\/wp\/v2\/posts\/21534","targetHints":{"allow":["GET"]}}],"collection":[{"href":"https:\/\/nk7-testes.com.br\/agazeta\/wp-json\/wp\/v2\/posts"}],"about":[{"href":"https:\/\/nk7-testes.com.br\/agazeta\/wp-json\/wp\/v2\/types\/post"}],"author":[{"embeddable":true,"href":"https:\/\/nk7-testes.com.br\/agazeta\/wp-json\/wp\/v2\/users\/4"}],"replies":[{"embeddable":true,"href":"https:\/\/nk7-testes.com.br\/agazeta\/wp-json\/wp\/v2\/comments?post=21534"}],"version-history":[{"count":0,"href":"https:\/\/nk7-testes.com.br\/agazeta\/wp-json\/wp\/v2\/posts\/21534\/revisions"}],"wp:featuredmedia":[{"embeddable":true,"href":"https:\/\/nk7-testes.com.br\/agazeta\/wp-json\/wp\/v2\/media\/21533"}],"wp:attachment":[{"href":"https:\/\/nk7-testes.com.br\/agazeta\/wp-json\/wp\/v2\/media?parent=21534"}],"wp:term":[{"taxonomy":"category","embeddable":true,"href":"https:\/\/nk7-testes.com.br\/agazeta\/wp-json\/wp\/v2\/categories?post=21534"},{"taxonomy":"post_tag","embeddable":true,"href":"https:\/\/nk7-testes.com.br\/agazeta\/wp-json\/wp\/v2\/tags?post=21534"}],"curies":[{"name":"wp","href":"https:\/\/api.w.org\/{rel}","templated":true}]}}