{"id":21528,"date":"2016-03-11T22:37:12","date_gmt":"2016-03-11T22:37:12","guid":{"rendered":"https:\/\/abarevegan.com.br\/index.php\/2016\/03\/11\/postos-de-combustiveis-ja-nao-tem-calibradores-de-pneus\/"},"modified":"2016-03-11T22:37:12","modified_gmt":"2016-03-11T22:37:12","slug":"postos-de-combustiveis-ja-nao-tem-calibradores-de-pneus","status":"publish","type":"post","link":"https:\/\/nk7-testes.com.br\/agazeta\/postos-de-combustiveis-ja-nao-tem-calibradores-de-pneus\/","title":{"rendered":"Postos de combust\u00edveis j\u00e1 n\u00e3o t\u00eam calibradores de pneus"},"content":{"rendered":"<p style=\"text-align: justify;\">Servi\u00e7o extinto por a\u00e7\u00e3o do Minist\u00e9rio do Trabalho<\/p>\n<p style=\"text-align: justify;\">Calibradores de pneus est\u00e3o desaparecendo dos postos de combust\u00edveis. O equipamento que salva os motoristas na hora em que o pneu precisa de ar pode ser extinto nesses estabelecimentos, devido \u00e0s exig\u00eancias que os empres\u00e1rios n\u00e3o conseguem acompanhar.<\/p>\n<p style=\"text-align: justify;\">Ap\u00f3s uma fiscaliza\u00e7\u00e3o do Minist\u00e9rio do Trabalho em alguns postos de combust\u00edveis da Capital, os calibradores de pneu come\u00e7aram a desaparecer. Os condutores que chegam em alguns desses locais, questionam a medida. \u201cNa verdade, eles acham que a culpa \u00e9 da gente, mas n\u00e3o \u00e9\u201d, explica a frentista Andressa Cristina.<\/p>\n<p style=\"text-align: justify;\">Para os motoristas, acostumados em manter o pneu calibrado, com a facilidade de encontrar o equipamento no pr\u00f3ximo posto, a situa\u00e7\u00e3o deve gerar transtornos. \u201c\u00c9 ruim porque n\u00e3o tem borracharia 24 horas em toda cidade\u201d, disse o professor Marco Melo.<\/p>\n<p style=\"text-align: justify;\">A medida de retirar os calibradores n\u00e3o atingiu a todos os postos, mas a maioria j\u00e1 se adaptou. Segundo os empres\u00e1rios n\u00e3o ser\u00e1 mais poss\u00edvel manter o equipamento devido a uma s\u00e9rie de exig\u00eancias, invi\u00e1veis de acompanhar.<\/p>\n<p style=\"text-align: justify;\">\u201cFicou muito caro o que o fiscal estava exigindo. Queria que mostr\u00e1ssemos a espessura da parede de compressor, o man\u00f4metro tinha que estar aferido e a v\u00e1lvula, a gente n\u00e3o sabe quem faz esse servi\u00e7o ent\u00e3o ter\u00edamos que contratar um engenheiro mec\u00e2nico. Pra fazer isso, fica mais caro que o compressor e o equipamento completo. Ent\u00e3o resolvemos retirar o servi\u00e7o por que fica mais barato para o posto. \u00c9 um servi\u00e7o que a gente presta gratuitamente e n\u00e3o podemos ser penalizados da maneira que a fiscaliza\u00e7\u00e3o est\u00e1 fazendo\u201d, explica o empres\u00e1rio Raiolando Costa.<\/p>\n<p style=\"text-align: justify;\">Alguns donos de postos, mesmo atendendo as especifica\u00e7\u00f5es da fiscaliza\u00e7\u00e3o do trabalho chegaram a ser multados. Os valores variaram, de R$ 3 a R$ 5 mil. Diante desse novo obst\u00e1culo, foi melhor suspender o servi\u00e7o.<\/p>\n<p style=\"text-align: justify;\">Para o empres\u00e1rio Raiolando Costa, de mais essa situa\u00e7\u00e3o, sobrou apenas uma conclus\u00e3o. \u201cA gente est\u00e1 desestimulado. Estou pensando em fechar todos os meus CNPJ\u2019s, por que n\u00e3o d\u00e1 mias pra trabalhar na situa\u00e7\u00e3o que t\u00e1. Se n\u00e3o houver uma mudan\u00e7a nas leis trabalhistas a gente n\u00e3o vai aguentar mais. \u00c9 uma pena que quem emprega a maior parte da popula\u00e7\u00e3o, o setor privado, ser visto como bandido que n\u00e3o agrega nada na sociedade\u201d, desabafa.<\/p>\n","protected":false},"excerpt":{"rendered":"<p style=\"text-align: justify;\">Servi\u00e7o extinto por a\u00e7\u00e3o do Minist\u00e9rio do Trabalho<\/p>\n","protected":false},"author":4,"featured_media":21527,"comment_status":"open","ping_status":"open","sticky":false,"template":"","format":"standard","meta":{"jnews-multi-image_gallery":[],"jnews_single_post":[],"jnews_primary_category":[],"jnews_social_meta":[],"jnews_review":[],"enable_review":"","type":"","name":"","summary":"","brand":"","sku":"","good":[],"bad":[],"score_override":"","override_value":"","rating":[],"price":[],"footnotes":""},"categories":[54],"tags":[],"class_list":["post-21528","post","type-post","status-publish","format-standard","has-post-thumbnail","hentry","category-cotidiano"],"yoast_head":"<!-- This site is optimized with the Yoast SEO plugin v26.5 - https:\/\/yoast.com\/wordpress\/plugins\/seo\/ -->\n<title>Postos de combust\u00edveis j\u00e1 n\u00e3o t\u00eam calibradores de pneus - Agazeta.net<\/title>\n<meta name=\"robots\" content=\"index, follow, max-snippet:-1, max-image-preview:large, max-video-preview:-1\" \/>\n<link rel=\"canonical\" href=\"https:\/\/nk7-testes.com.br\/agazeta\/postos-de-combustiveis-ja-nao-tem-calibradores-de-pneus\/\" \/>\n<meta property=\"og:locale\" content=\"pt_BR\" \/>\n<meta property=\"og:type\" content=\"article\" \/>\n<meta property=\"og:title\" content=\"Postos de combust\u00edveis j\u00e1 n\u00e3o t\u00eam calibradores de pneus - Agazeta.net\" \/>\n<meta property=\"og:description\" content=\"Servi\u00e7o extinto por a\u00e7\u00e3o do Minist\u00e9rio do Trabalho\" \/>\n<meta property=\"og:url\" content=\"https:\/\/nk7-testes.com.br\/agazeta\/postos-de-combustiveis-ja-nao-tem-calibradores-de-pneus\/\" \/>\n<meta property=\"og:site_name\" content=\"Agazeta.net\" \/>\n<meta property=\"article:published_time\" content=\"2016-03-11T22:37:12+00:00\" \/>\n<meta property=\"og:image\" content=\"https:\/\/nk7-testes.com.br\/agazeta\/wp-content\/uploads\/2016\/03\/110316-cotidiano-calibradores-tvgazeta.jpg\" \/>\n\t<meta property=\"og:image:width\" content=\"458\" \/>\n\t<meta property=\"og:image:height\" content=\"340\" \/>\n\t<meta property=\"og:image:type\" content=\"image\/jpeg\" \/>\n<meta name=\"author\" content=\"Agazeta.Net\" \/>\n<meta name=\"twitter:card\" content=\"summary_large_image\" \/>\n<meta name=\"twitter:label1\" content=\"Escrito por\" \/>\n\t<meta name=\"twitter:data1\" content=\"Agazeta.Net\" \/>\n\t<meta name=\"twitter:label2\" content=\"Est. tempo de leitura\" \/>\n\t<meta name=\"twitter:data2\" content=\"2 minutos\" \/>\n<script type=\"application\/ld+json\" class=\"yoast-schema-graph\">{\"@context\":\"https:\/\/schema.org\",\"@graph\":[{\"@type\":\"WebPage\",\"@id\":\"https:\/\/nk7-testes.com.br\/agazeta\/postos-de-combustiveis-ja-nao-tem-calibradores-de-pneus\/\",\"url\":\"https:\/\/nk7-testes.com.br\/agazeta\/postos-de-combustiveis-ja-nao-tem-calibradores-de-pneus\/\",\"name\":\"Postos de combust\u00edveis j\u00e1 n\u00e3o t\u00eam calibradores de pneus - Agazeta.net\",\"isPartOf\":{\"@id\":\"https:\/\/nk7-testes.com.br\/agazeta\/#website\"},\"primaryImageOfPage\":{\"@id\":\"https:\/\/nk7-testes.com.br\/agazeta\/postos-de-combustiveis-ja-nao-tem-calibradores-de-pneus\/#primaryimage\"},\"image\":{\"@id\":\"https:\/\/nk7-testes.com.br\/agazeta\/postos-de-combustiveis-ja-nao-tem-calibradores-de-pneus\/#primaryimage\"},\"thumbnailUrl\":\"https:\/\/nk7-testes.com.br\/agazeta\/wp-content\/uploads\/2016\/03\/110316-cotidiano-calibradores-tvgazeta.jpg\",\"datePublished\":\"2016-03-11T22:37:12+00:00\",\"author\":{\"@id\":\"https:\/\/nk7-testes.com.br\/agazeta\/#\/schema\/person\/6d6e25cb0435eb4a02fd44d30b4e3020\"},\"breadcrumb\":{\"@id\":\"https:\/\/nk7-testes.com.br\/agazeta\/postos-de-combustiveis-ja-nao-tem-calibradores-de-pneus\/#breadcrumb\"},\"inLanguage\":\"pt-BR\",\"potentialAction\":[{\"@type\":\"ReadAction\",\"target\":[\"https:\/\/nk7-testes.com.br\/agazeta\/postos-de-combustiveis-ja-nao-tem-calibradores-de-pneus\/\"]}]},{\"@type\":\"ImageObject\",\"inLanguage\":\"pt-BR\",\"@id\":\"https:\/\/nk7-testes.com.br\/agazeta\/postos-de-combustiveis-ja-nao-tem-calibradores-de-pneus\/#primaryimage\",\"url\":\"https:\/\/nk7-testes.com.br\/agazeta\/wp-content\/uploads\/2016\/03\/110316-cotidiano-calibradores-tvgazeta.jpg\",\"contentUrl\":\"https:\/\/nk7-testes.com.br\/agazeta\/wp-content\/uploads\/2016\/03\/110316-cotidiano-calibradores-tvgazeta.jpg\",\"width\":458,\"height\":340,\"caption\":\"110316-cotidiano-calibradores-tvgazeta\"},{\"@type\":\"BreadcrumbList\",\"@id\":\"https:\/\/nk7-testes.com.br\/agazeta\/postos-de-combustiveis-ja-nao-tem-calibradores-de-pneus\/#breadcrumb\",\"itemListElement\":[{\"@type\":\"ListItem\",\"position\":1,\"name\":\"In\u00edcio\",\"item\":\"https:\/\/nk7-testes.com.br\/agazeta\/\"},{\"@type\":\"ListItem\",\"position\":2,\"name\":\"Postos de combust\u00edveis j\u00e1 n\u00e3o t\u00eam calibradores de pneus\"}]},{\"@type\":\"WebSite\",\"@id\":\"https:\/\/nk7-testes.com.br\/agazeta\/#website\",\"url\":\"https:\/\/nk7-testes.com.br\/agazeta\/\",\"name\":\"Agazeta.net\",\"description\":\"Agazeta.net - Not\u00edcias de Rio Branco\/AC\",\"potentialAction\":[{\"@type\":\"SearchAction\",\"target\":{\"@type\":\"EntryPoint\",\"urlTemplate\":\"https:\/\/nk7-testes.com.br\/agazeta\/?s={search_term_string}\"},\"query-input\":{\"@type\":\"PropertyValueSpecification\",\"valueRequired\":true,\"valueName\":\"search_term_string\"}}],\"inLanguage\":\"pt-BR\"},{\"@type\":\"Person\",\"@id\":\"https:\/\/nk7-testes.com.br\/agazeta\/#\/schema\/person\/6d6e25cb0435eb4a02fd44d30b4e3020\",\"name\":\"Agazeta.Net\",\"url\":\"https:\/\/nk7-testes.com.br\/agazeta\/author\/agazeta\/\"}]}<\/script>\n<!-- \/ Yoast SEO plugin. -->","yoast_head_json":{"title":"Postos de combust\u00edveis j\u00e1 n\u00e3o t\u00eam calibradores de pneus - Agazeta.net","robots":{"index":"index","follow":"follow","max-snippet":"max-snippet:-1","max-image-preview":"max-image-preview:large","max-video-preview":"max-video-preview:-1"},"canonical":"https:\/\/nk7-testes.com.br\/agazeta\/postos-de-combustiveis-ja-nao-tem-calibradores-de-pneus\/","og_locale":"pt_BR","og_type":"article","og_title":"Postos de combust\u00edveis j\u00e1 n\u00e3o t\u00eam calibradores de pneus - Agazeta.net","og_description":"Servi\u00e7o extinto por a\u00e7\u00e3o do Minist\u00e9rio do Trabalho","og_url":"https:\/\/nk7-testes.com.br\/agazeta\/postos-de-combustiveis-ja-nao-tem-calibradores-de-pneus\/","og_site_name":"Agazeta.net","article_published_time":"2016-03-11T22:37:12+00:00","og_image":[{"width":458,"height":340,"url":"https:\/\/nk7-testes.com.br\/agazeta\/wp-content\/uploads\/2016\/03\/110316-cotidiano-calibradores-tvgazeta.jpg","type":"image\/jpeg"}],"author":"Agazeta.Net","twitter_card":"summary_large_image","twitter_misc":{"Escrito por":"Agazeta.Net","Est. tempo de leitura":"2 minutos"},"schema":{"@context":"https:\/\/schema.org","@graph":[{"@type":"WebPage","@id":"https:\/\/nk7-testes.com.br\/agazeta\/postos-de-combustiveis-ja-nao-tem-calibradores-de-pneus\/","url":"https:\/\/nk7-testes.com.br\/agazeta\/postos-de-combustiveis-ja-nao-tem-calibradores-de-pneus\/","name":"Postos de combust\u00edveis j\u00e1 n\u00e3o t\u00eam calibradores de pneus - Agazeta.net","isPartOf":{"@id":"https:\/\/nk7-testes.com.br\/agazeta\/#website"},"primaryImageOfPage":{"@id":"https:\/\/nk7-testes.com.br\/agazeta\/postos-de-combustiveis-ja-nao-tem-calibradores-de-pneus\/#primaryimage"},"image":{"@id":"https:\/\/nk7-testes.com.br\/agazeta\/postos-de-combustiveis-ja-nao-tem-calibradores-de-pneus\/#primaryimage"},"thumbnailUrl":"https:\/\/nk7-testes.com.br\/agazeta\/wp-content\/uploads\/2016\/03\/110316-cotidiano-calibradores-tvgazeta.jpg","datePublished":"2016-03-11T22:37:12+00:00","author":{"@id":"https:\/\/nk7-testes.com.br\/agazeta\/#\/schema\/person\/6d6e25cb0435eb4a02fd44d30b4e3020"},"breadcrumb":{"@id":"https:\/\/nk7-testes.com.br\/agazeta\/postos-de-combustiveis-ja-nao-tem-calibradores-de-pneus\/#breadcrumb"},"inLanguage":"pt-BR","potentialAction":[{"@type":"ReadAction","target":["https:\/\/nk7-testes.com.br\/agazeta\/postos-de-combustiveis-ja-nao-tem-calibradores-de-pneus\/"]}]},{"@type":"ImageObject","inLanguage":"pt-BR","@id":"https:\/\/nk7-testes.com.br\/agazeta\/postos-de-combustiveis-ja-nao-tem-calibradores-de-pneus\/#primaryimage","url":"https:\/\/nk7-testes.com.br\/agazeta\/wp-content\/uploads\/2016\/03\/110316-cotidiano-calibradores-tvgazeta.jpg","contentUrl":"https:\/\/nk7-testes.com.br\/agazeta\/wp-content\/uploads\/2016\/03\/110316-cotidiano-calibradores-tvgazeta.jpg","width":458,"height":340,"caption":"110316-cotidiano-calibradores-tvgazeta"},{"@type":"BreadcrumbList","@id":"https:\/\/nk7-testes.com.br\/agazeta\/postos-de-combustiveis-ja-nao-tem-calibradores-de-pneus\/#breadcrumb","itemListElement":[{"@type":"ListItem","position":1,"name":"In\u00edcio","item":"https:\/\/nk7-testes.com.br\/agazeta\/"},{"@type":"ListItem","position":2,"name":"Postos de combust\u00edveis j\u00e1 n\u00e3o t\u00eam calibradores de pneus"}]},{"@type":"WebSite","@id":"https:\/\/nk7-testes.com.br\/agazeta\/#website","url":"https:\/\/nk7-testes.com.br\/agazeta\/","name":"Agazeta.net","description":"Agazeta.net - Not\u00edcias de Rio Branco\/AC","potentialAction":[{"@type":"SearchAction","target":{"@type":"EntryPoint","urlTemplate":"https:\/\/nk7-testes.com.br\/agazeta\/?s={search_term_string}"},"query-input":{"@type":"PropertyValueSpecification","valueRequired":true,"valueName":"search_term_string"}}],"inLanguage":"pt-BR"},{"@type":"Person","@id":"https:\/\/nk7-testes.com.br\/agazeta\/#\/schema\/person\/6d6e25cb0435eb4a02fd44d30b4e3020","name":"Agazeta.Net","url":"https:\/\/nk7-testes.com.br\/agazeta\/author\/agazeta\/"}]}},"_links":{"self":[{"href":"https:\/\/nk7-testes.com.br\/agazeta\/wp-json\/wp\/v2\/posts\/21528","targetHints":{"allow":["GET"]}}],"collection":[{"href":"https:\/\/nk7-testes.com.br\/agazeta\/wp-json\/wp\/v2\/posts"}],"about":[{"href":"https:\/\/nk7-testes.com.br\/agazeta\/wp-json\/wp\/v2\/types\/post"}],"author":[{"embeddable":true,"href":"https:\/\/nk7-testes.com.br\/agazeta\/wp-json\/wp\/v2\/users\/4"}],"replies":[{"embeddable":true,"href":"https:\/\/nk7-testes.com.br\/agazeta\/wp-json\/wp\/v2\/comments?post=21528"}],"version-history":[{"count":0,"href":"https:\/\/nk7-testes.com.br\/agazeta\/wp-json\/wp\/v2\/posts\/21528\/revisions"}],"wp:featuredmedia":[{"embeddable":true,"href":"https:\/\/nk7-testes.com.br\/agazeta\/wp-json\/wp\/v2\/media\/21527"}],"wp:attachment":[{"href":"https:\/\/nk7-testes.com.br\/agazeta\/wp-json\/wp\/v2\/media?parent=21528"}],"wp:term":[{"taxonomy":"category","embeddable":true,"href":"https:\/\/nk7-testes.com.br\/agazeta\/wp-json\/wp\/v2\/categories?post=21528"},{"taxonomy":"post_tag","embeddable":true,"href":"https:\/\/nk7-testes.com.br\/agazeta\/wp-json\/wp\/v2\/tags?post=21528"}],"curies":[{"name":"wp","href":"https:\/\/api.w.org\/{rel}","templated":true}]}}