{"id":21521,"date":"2016-03-11T19:31:36","date_gmt":"2016-03-11T19:31:36","guid":{"rendered":"https:\/\/abarevegan.com.br\/index.php\/2016\/03\/11\/fundacao-bb-divulga-edital-para-reaplicacao-de-tecnologias-sociais-no-programa-minha-casa-minha-vida\/"},"modified":"2016-03-11T19:31:36","modified_gmt":"2016-03-11T19:31:36","slug":"fundacao-bb-divulga-edital-para-reaplicacao-de-tecnologias-sociais-no-programa-minha-casa-minha-vida","status":"publish","type":"post","link":"https:\/\/nk7-testes.com.br\/agazeta\/fundacao-bb-divulga-edital-para-reaplicacao-de-tecnologias-sociais-no-programa-minha-casa-minha-vida\/","title":{"rendered":"FBB divulga edital &#8220;Moradia com Tecnologias Sociais&#8221;"},"content":{"rendered":"<p style=\"text-align: justify;\">R$ 20 milh\u00f5es ser\u00e3o investidos nos projetos ganhadores<\/p>\n<p style=\"text-align: justify;\">A iniciativa &#8220;Moradia Urbana com Tecnologias Sociais&#8221;, da Funda\u00e7\u00e3o Banco do Brasil, est\u00e1 com edital de credenciamento aberto para a sele\u00e7\u00e3o de entidades interessadas em reaplicar tecnologias sociais em empreendimentos imobili\u00e1rios do programa Minha Casa Minha Vida (MCMV). Os interessados t\u00eam at\u00e9 o dia 30 de junho para realizar as inscri\u00e7\u00f5es. Clique aqui para acessar o edital.<\/p>\n<p style=\"text-align: justify;\">A reaplica\u00e7\u00e3o das tecnologias sociais acontecer\u00e1 em 124 empreendimentos imobili\u00e1rios destinados a fam\u00edlias com renda mensal de at\u00e9 R$ 1.600 atendidas pelo Programa Nacional de Habita\u00e7\u00e3o Urbana (PNHU).<\/p>\n<p style=\"text-align: justify;\">Com investimento social de R$ 20 milh\u00f5es da Funda\u00e7\u00e3o BB, a iniciativa vai trabalhar os diversos aspectos entre os moradores atendidos pelo programa &#8211; conscientiza\u00e7\u00e3o para a gest\u00e3o correta dos res\u00edduos s\u00f3lidos; implanta\u00e7\u00e3o de bibliotecas p\u00fablicas para a democratiza\u00e7\u00e3o do acesso \u00e0 cultura; reaproveitamento de material recicl\u00e1vel para a gera\u00e7\u00e3o de renda e o incentivo da produ\u00e7\u00e3o agroecol\u00f3gica com o prop\u00f3sito de trazer a seguran\u00e7a alimentar. As metodologias ser\u00e3o moldadas conforme a realidade e a escolha de cada comunidade.<\/p>\n<p style=\"text-align: justify;\">As vagas abertas s\u00e3o para os estados do Acre, Amazonas, Goi\u00e1s, Maranh\u00e3o, Mato Grosso, Mato Grosso do Sul, Par\u00e1, Paran\u00e1, Piau\u00ed, Rio Grande do Sul, Rio de Janeiro, Rond\u00f4nia, Sergipe, S\u00e3o Paulo e Tocantins. Clique aqui e veja a lista dos empreendimentos, separados por estado e munic\u00edpios.<\/p>\n<p style=\"text-align: justify;\">A tecnologia social \u201cTransformando realidades por meio da mobiliza\u00e7\u00e3o e organiza\u00e7\u00e3o comunit\u00e1ria\u201d ser\u00e1 a primeira a ser reaplicada em todos os empreendimentos. Ela promove o empoderamento dos moradores por meio da educa\u00e7\u00e3o financeira e fortalecimento do di\u00e1logo com o poder p\u00fablico.<\/p>\n<p style=\"text-align: justify;\">As cinco solu\u00e7\u00f5es s\u00e3o reconhecidas e certificadas pelo Pr\u00eamio Funda\u00e7\u00e3o Banco do Brasil de Tecnologia Social \u2013 \u201cBibliotecas Comunit\u00e1rias Vaga Lume\u201d; \u201cGest\u00e3o Comunit\u00e1ria de Res\u00edduos Org\u00e2nicos e Agricultura Urbana &#8211; Revolu\u00e7\u00e3o dos Baldinhos\u201d; \u201cProdu\u00e7\u00e3o Agroecol\u00f3gica de Alimentos em Meio Urbano\u201d; \u201cRede Criar \u2013 Joias Sustent\u00e1veis na Ilha das Flores\u201d. Elas comp\u00f5em o Banco de Tecnologias Sociais da institui\u00e7\u00e3o.<\/p>\n<p style=\"text-align: justify;\">Posteriormente, os moradores v\u00e3o escolher entre as outras quatro dispon\u00edveis, a segunda tecnologia social a ser reaplicada.<\/p>\n","protected":false},"excerpt":{"rendered":"<p style=\"text-align: justify;\">R$ 20 milh\u00f5es ser\u00e3o investidos nos projetos ganhadores<\/p>\n","protected":false},"author":4,"featured_media":21520,"comment_status":"open","ping_status":"open","sticky":false,"template":"","format":"standard","meta":{"jnews-multi-image_gallery":[],"jnews_single_post":[],"jnews_primary_category":[],"jnews_social_meta":[],"jnews_review":[],"enable_review":"","type":"","name":"","summary":"","brand":"","sku":"","good":[],"bad":[],"score_override":"","override_value":"","rating":[],"price":[],"footnotes":""},"categories":[54],"tags":[],"class_list":["post-21521","post","type-post","status-publish","format-standard","has-post-thumbnail","hentry","category-cotidiano"],"yoast_head":"<!-- This site is optimized with the Yoast SEO plugin v26.5 - https:\/\/yoast.com\/wordpress\/plugins\/seo\/ -->\n<title>FBB divulga edital &quot;Moradia com Tecnologias Sociais&quot; - Agazeta.net<\/title>\n<meta name=\"robots\" content=\"index, follow, max-snippet:-1, max-image-preview:large, max-video-preview:-1\" \/>\n<link rel=\"canonical\" href=\"https:\/\/nk7-testes.com.br\/agazeta\/fundacao-bb-divulga-edital-para-reaplicacao-de-tecnologias-sociais-no-programa-minha-casa-minha-vida\/\" \/>\n<meta property=\"og:locale\" content=\"pt_BR\" \/>\n<meta property=\"og:type\" content=\"article\" \/>\n<meta property=\"og:title\" content=\"FBB divulga edital &quot;Moradia com Tecnologias Sociais&quot; - Agazeta.net\" \/>\n<meta property=\"og:description\" content=\"R$ 20 milh\u00f5es ser\u00e3o investidos nos projetos ganhadores\" \/>\n<meta property=\"og:url\" content=\"https:\/\/nk7-testes.com.br\/agazeta\/fundacao-bb-divulga-edital-para-reaplicacao-de-tecnologias-sociais-no-programa-minha-casa-minha-vida\/\" \/>\n<meta property=\"og:site_name\" content=\"Agazeta.net\" \/>\n<meta property=\"article:published_time\" content=\"2016-03-11T19:31:36+00:00\" \/>\n<meta property=\"og:image\" content=\"https:\/\/nk7-testes.com.br\/agazeta\/wp-content\/uploads\/2016\/03\/0112-politica-cidadedopovo-agenciadenoticias2_410_305.jpg\" \/>\n\t<meta property=\"og:image:width\" content=\"410\" \/>\n\t<meta property=\"og:image:height\" content=\"305\" \/>\n\t<meta property=\"og:image:type\" content=\"image\/jpeg\" \/>\n<meta name=\"author\" content=\"Agazeta.Net\" \/>\n<meta name=\"twitter:card\" content=\"summary_large_image\" \/>\n<meta name=\"twitter:label1\" content=\"Escrito por\" \/>\n\t<meta name=\"twitter:data1\" content=\"Agazeta.Net\" \/>\n\t<meta name=\"twitter:label2\" content=\"Est. tempo de leitura\" \/>\n\t<meta name=\"twitter:data2\" content=\"2 minutos\" \/>\n<script type=\"application\/ld+json\" class=\"yoast-schema-graph\">{\"@context\":\"https:\/\/schema.org\",\"@graph\":[{\"@type\":\"WebPage\",\"@id\":\"https:\/\/nk7-testes.com.br\/agazeta\/fundacao-bb-divulga-edital-para-reaplicacao-de-tecnologias-sociais-no-programa-minha-casa-minha-vida\/\",\"url\":\"https:\/\/nk7-testes.com.br\/agazeta\/fundacao-bb-divulga-edital-para-reaplicacao-de-tecnologias-sociais-no-programa-minha-casa-minha-vida\/\",\"name\":\"FBB divulga edital \\\"Moradia com Tecnologias Sociais\\\" - Agazeta.net\",\"isPartOf\":{\"@id\":\"https:\/\/nk7-testes.com.br\/agazeta\/#website\"},\"primaryImageOfPage\":{\"@id\":\"https:\/\/nk7-testes.com.br\/agazeta\/fundacao-bb-divulga-edital-para-reaplicacao-de-tecnologias-sociais-no-programa-minha-casa-minha-vida\/#primaryimage\"},\"image\":{\"@id\":\"https:\/\/nk7-testes.com.br\/agazeta\/fundacao-bb-divulga-edital-para-reaplicacao-de-tecnologias-sociais-no-programa-minha-casa-minha-vida\/#primaryimage\"},\"thumbnailUrl\":\"https:\/\/nk7-testes.com.br\/agazeta\/wp-content\/uploads\/2016\/03\/0112-politica-cidadedopovo-agenciadenoticias2_410_305.jpg\",\"datePublished\":\"2016-03-11T19:31:36+00:00\",\"author\":{\"@id\":\"https:\/\/nk7-testes.com.br\/agazeta\/#\/schema\/person\/6d6e25cb0435eb4a02fd44d30b4e3020\"},\"breadcrumb\":{\"@id\":\"https:\/\/nk7-testes.com.br\/agazeta\/fundacao-bb-divulga-edital-para-reaplicacao-de-tecnologias-sociais-no-programa-minha-casa-minha-vida\/#breadcrumb\"},\"inLanguage\":\"pt-BR\",\"potentialAction\":[{\"@type\":\"ReadAction\",\"target\":[\"https:\/\/nk7-testes.com.br\/agazeta\/fundacao-bb-divulga-edital-para-reaplicacao-de-tecnologias-sociais-no-programa-minha-casa-minha-vida\/\"]}]},{\"@type\":\"ImageObject\",\"inLanguage\":\"pt-BR\",\"@id\":\"https:\/\/nk7-testes.com.br\/agazeta\/fundacao-bb-divulga-edital-para-reaplicacao-de-tecnologias-sociais-no-programa-minha-casa-minha-vida\/#primaryimage\",\"url\":\"https:\/\/nk7-testes.com.br\/agazeta\/wp-content\/uploads\/2016\/03\/0112-politica-cidadedopovo-agenciadenoticias2_410_305.jpg\",\"contentUrl\":\"https:\/\/nk7-testes.com.br\/agazeta\/wp-content\/uploads\/2016\/03\/0112-politica-cidadedopovo-agenciadenoticias2_410_305.jpg\",\"width\":410,\"height\":305,\"caption\":\"0112-politica-cidadedopovo-agenciadenoticias2 410 305\"},{\"@type\":\"BreadcrumbList\",\"@id\":\"https:\/\/nk7-testes.com.br\/agazeta\/fundacao-bb-divulga-edital-para-reaplicacao-de-tecnologias-sociais-no-programa-minha-casa-minha-vida\/#breadcrumb\",\"itemListElement\":[{\"@type\":\"ListItem\",\"position\":1,\"name\":\"In\u00edcio\",\"item\":\"https:\/\/nk7-testes.com.br\/agazeta\/\"},{\"@type\":\"ListItem\",\"position\":2,\"name\":\"FBB divulga edital &#8220;Moradia com Tecnologias Sociais&#8221;\"}]},{\"@type\":\"WebSite\",\"@id\":\"https:\/\/nk7-testes.com.br\/agazeta\/#website\",\"url\":\"https:\/\/nk7-testes.com.br\/agazeta\/\",\"name\":\"Agazeta.net\",\"description\":\"Agazeta.net - Not\u00edcias de Rio Branco\/AC\",\"potentialAction\":[{\"@type\":\"SearchAction\",\"target\":{\"@type\":\"EntryPoint\",\"urlTemplate\":\"https:\/\/nk7-testes.com.br\/agazeta\/?s={search_term_string}\"},\"query-input\":{\"@type\":\"PropertyValueSpecification\",\"valueRequired\":true,\"valueName\":\"search_term_string\"}}],\"inLanguage\":\"pt-BR\"},{\"@type\":\"Person\",\"@id\":\"https:\/\/nk7-testes.com.br\/agazeta\/#\/schema\/person\/6d6e25cb0435eb4a02fd44d30b4e3020\",\"name\":\"Agazeta.Net\",\"url\":\"https:\/\/nk7-testes.com.br\/agazeta\/author\/agazeta\/\"}]}<\/script>\n<!-- \/ Yoast SEO plugin. -->","yoast_head_json":{"title":"FBB divulga edital \"Moradia com Tecnologias Sociais\" - Agazeta.net","robots":{"index":"index","follow":"follow","max-snippet":"max-snippet:-1","max-image-preview":"max-image-preview:large","max-video-preview":"max-video-preview:-1"},"canonical":"https:\/\/nk7-testes.com.br\/agazeta\/fundacao-bb-divulga-edital-para-reaplicacao-de-tecnologias-sociais-no-programa-minha-casa-minha-vida\/","og_locale":"pt_BR","og_type":"article","og_title":"FBB divulga edital \"Moradia com Tecnologias Sociais\" - Agazeta.net","og_description":"R$ 20 milh\u00f5es ser\u00e3o investidos nos projetos ganhadores","og_url":"https:\/\/nk7-testes.com.br\/agazeta\/fundacao-bb-divulga-edital-para-reaplicacao-de-tecnologias-sociais-no-programa-minha-casa-minha-vida\/","og_site_name":"Agazeta.net","article_published_time":"2016-03-11T19:31:36+00:00","og_image":[{"width":410,"height":305,"url":"https:\/\/nk7-testes.com.br\/agazeta\/wp-content\/uploads\/2016\/03\/0112-politica-cidadedopovo-agenciadenoticias2_410_305.jpg","type":"image\/jpeg"}],"author":"Agazeta.Net","twitter_card":"summary_large_image","twitter_misc":{"Escrito por":"Agazeta.Net","Est. tempo de leitura":"2 minutos"},"schema":{"@context":"https:\/\/schema.org","@graph":[{"@type":"WebPage","@id":"https:\/\/nk7-testes.com.br\/agazeta\/fundacao-bb-divulga-edital-para-reaplicacao-de-tecnologias-sociais-no-programa-minha-casa-minha-vida\/","url":"https:\/\/nk7-testes.com.br\/agazeta\/fundacao-bb-divulga-edital-para-reaplicacao-de-tecnologias-sociais-no-programa-minha-casa-minha-vida\/","name":"FBB divulga edital \"Moradia com Tecnologias Sociais\" - Agazeta.net","isPartOf":{"@id":"https:\/\/nk7-testes.com.br\/agazeta\/#website"},"primaryImageOfPage":{"@id":"https:\/\/nk7-testes.com.br\/agazeta\/fundacao-bb-divulga-edital-para-reaplicacao-de-tecnologias-sociais-no-programa-minha-casa-minha-vida\/#primaryimage"},"image":{"@id":"https:\/\/nk7-testes.com.br\/agazeta\/fundacao-bb-divulga-edital-para-reaplicacao-de-tecnologias-sociais-no-programa-minha-casa-minha-vida\/#primaryimage"},"thumbnailUrl":"https:\/\/nk7-testes.com.br\/agazeta\/wp-content\/uploads\/2016\/03\/0112-politica-cidadedopovo-agenciadenoticias2_410_305.jpg","datePublished":"2016-03-11T19:31:36+00:00","author":{"@id":"https:\/\/nk7-testes.com.br\/agazeta\/#\/schema\/person\/6d6e25cb0435eb4a02fd44d30b4e3020"},"breadcrumb":{"@id":"https:\/\/nk7-testes.com.br\/agazeta\/fundacao-bb-divulga-edital-para-reaplicacao-de-tecnologias-sociais-no-programa-minha-casa-minha-vida\/#breadcrumb"},"inLanguage":"pt-BR","potentialAction":[{"@type":"ReadAction","target":["https:\/\/nk7-testes.com.br\/agazeta\/fundacao-bb-divulga-edital-para-reaplicacao-de-tecnologias-sociais-no-programa-minha-casa-minha-vida\/"]}]},{"@type":"ImageObject","inLanguage":"pt-BR","@id":"https:\/\/nk7-testes.com.br\/agazeta\/fundacao-bb-divulga-edital-para-reaplicacao-de-tecnologias-sociais-no-programa-minha-casa-minha-vida\/#primaryimage","url":"https:\/\/nk7-testes.com.br\/agazeta\/wp-content\/uploads\/2016\/03\/0112-politica-cidadedopovo-agenciadenoticias2_410_305.jpg","contentUrl":"https:\/\/nk7-testes.com.br\/agazeta\/wp-content\/uploads\/2016\/03\/0112-politica-cidadedopovo-agenciadenoticias2_410_305.jpg","width":410,"height":305,"caption":"0112-politica-cidadedopovo-agenciadenoticias2 410 305"},{"@type":"BreadcrumbList","@id":"https:\/\/nk7-testes.com.br\/agazeta\/fundacao-bb-divulga-edital-para-reaplicacao-de-tecnologias-sociais-no-programa-minha-casa-minha-vida\/#breadcrumb","itemListElement":[{"@type":"ListItem","position":1,"name":"In\u00edcio","item":"https:\/\/nk7-testes.com.br\/agazeta\/"},{"@type":"ListItem","position":2,"name":"FBB divulga edital &#8220;Moradia com Tecnologias Sociais&#8221;"}]},{"@type":"WebSite","@id":"https:\/\/nk7-testes.com.br\/agazeta\/#website","url":"https:\/\/nk7-testes.com.br\/agazeta\/","name":"Agazeta.net","description":"Agazeta.net - Not\u00edcias de Rio Branco\/AC","potentialAction":[{"@type":"SearchAction","target":{"@type":"EntryPoint","urlTemplate":"https:\/\/nk7-testes.com.br\/agazeta\/?s={search_term_string}"},"query-input":{"@type":"PropertyValueSpecification","valueRequired":true,"valueName":"search_term_string"}}],"inLanguage":"pt-BR"},{"@type":"Person","@id":"https:\/\/nk7-testes.com.br\/agazeta\/#\/schema\/person\/6d6e25cb0435eb4a02fd44d30b4e3020","name":"Agazeta.Net","url":"https:\/\/nk7-testes.com.br\/agazeta\/author\/agazeta\/"}]}},"_links":{"self":[{"href":"https:\/\/nk7-testes.com.br\/agazeta\/wp-json\/wp\/v2\/posts\/21521","targetHints":{"allow":["GET"]}}],"collection":[{"href":"https:\/\/nk7-testes.com.br\/agazeta\/wp-json\/wp\/v2\/posts"}],"about":[{"href":"https:\/\/nk7-testes.com.br\/agazeta\/wp-json\/wp\/v2\/types\/post"}],"author":[{"embeddable":true,"href":"https:\/\/nk7-testes.com.br\/agazeta\/wp-json\/wp\/v2\/users\/4"}],"replies":[{"embeddable":true,"href":"https:\/\/nk7-testes.com.br\/agazeta\/wp-json\/wp\/v2\/comments?post=21521"}],"version-history":[{"count":0,"href":"https:\/\/nk7-testes.com.br\/agazeta\/wp-json\/wp\/v2\/posts\/21521\/revisions"}],"wp:featuredmedia":[{"embeddable":true,"href":"https:\/\/nk7-testes.com.br\/agazeta\/wp-json\/wp\/v2\/media\/21520"}],"wp:attachment":[{"href":"https:\/\/nk7-testes.com.br\/agazeta\/wp-json\/wp\/v2\/media?parent=21521"}],"wp:term":[{"taxonomy":"category","embeddable":true,"href":"https:\/\/nk7-testes.com.br\/agazeta\/wp-json\/wp\/v2\/categories?post=21521"},{"taxonomy":"post_tag","embeddable":true,"href":"https:\/\/nk7-testes.com.br\/agazeta\/wp-json\/wp\/v2\/tags?post=21521"}],"curies":[{"name":"wp","href":"https:\/\/api.w.org\/{rel}","templated":true}]}}