{"id":21513,"date":"2016-03-11T13:48:43","date_gmt":"2016-03-11T13:48:43","guid":{"rendered":"https:\/\/abarevegan.com.br\/index.php\/2016\/03\/11\/tj-promove-juri-popular-na-cidade-do-povo\/"},"modified":"2016-03-11T13:48:43","modified_gmt":"2016-03-11T13:48:43","slug":"tj-promove-juri-popular-na-cidade-do-povo","status":"publish","type":"post","link":"https:\/\/nk7-testes.com.br\/agazeta\/tj-promove-juri-popular-na-cidade-do-povo\/","title":{"rendered":"TJ promove j\u00fari popular na Cidade do Povo"},"content":{"rendered":"<p style=\"text-align: justify;\">R\u00e9u \u00e9 condenado a 15 anos de pris\u00e3o<\/p>\n<p style=\"text-align: justify;\">O j\u00fari popular aconteceu em um audit\u00f3rio, com presen\u00e7a de moradores e alunos de escolas da Cidade do povo. Todos acompanharam atentamente cada detalhe da acusa\u00e7\u00e3o de homic\u00eddio qualificado, que vitimou a diarista Ivania da Rocha Carneiro. O r\u00e9u foi condenado a 15 anos de pris\u00e3o.<\/p>\n<p style=\"text-align: justify;\">O juiz Cl\u00f3vis Ferreira, titular da 4\u00aa Vara Criminal, foi designado para o caso. Do lado da acusa\u00e7\u00e3o, estava o promotor Rodrigo Curti e da Defesa, o advogado Armson Lee. No banco dos r\u00e9us, o cinegrafista Eurico Mendes da Concei\u00e7\u00e3o, que ficou a maior parte do tempo com a cabe\u00e7a baixa. Ele \u00e9 acusado de ter matado a ex-companheira com quem viveu por quatro anos, com uma facada.<\/p>\n<p style=\"text-align: justify;\">O crime aconteceu em um apartamento do bairro Xavier Maia, no dia 18 de outubro de 2014. Ivania e Eurico estavam em uma bebedeira, quando iniciou uma discuss\u00e3o motivada por ci\u00fames. No calor da confus\u00e3o, segundo o Minist\u00e9rio P\u00fablico, Eurico puxou uma faca e desferiu um \u00fanico golpe no pesco\u00e7o de Ivania.<\/p>\n<p style=\"text-align: justify;\">Ap\u00f3s o crime, Eurico ligou para um amigo e acionou a pol\u00edcia e o Samu. Quando os policiais chegaram, ele foi preso em flagrante. No interrogat\u00f3rio, ao juiz, Eurico afirmou que Ivania estava alterada. Teria bebido muito e n\u00e3o aceitava a possibilidade de separa\u00e7\u00e3o.<\/p>\n<p style=\"text-align: justify;\">\u201cQuando cheguei em casa naquele dia ela estava b\u00eabada, dizia que se eu n\u00e3o fosse dela, n\u00e3o seria de mais ningu\u00e9m\u201d, disse.<\/p>\n<p style=\"text-align: justify;\">O acusado tamb\u00e9m afirmou estar arrependido. \u201cFui me defender, ela estava me esfaqueando. Estou arrependido pro resto da minha vida, n\u00e3o faria isso com ningu\u00e9m\u201d, afirmou.<\/p>\n<p style=\"text-align: justify;\">Enquanto respondia \u00e0s perguntas do promotor, Eurico pediu para tirar a camisa. Ele queria mostrar ao j\u00fari, as marcas de agress\u00f5es, causadas por faca, que de acordo com ele, teriam sido provocadas pela ex-companheira, no tempo de conviv\u00eancia. O r\u00e9u tamb\u00e9m afirmou que registrou boletins de ocorr\u00eancia contra a ex, por tentativa de homic\u00eddio.<\/p>\n<p style=\"text-align: justify;\">O Minist\u00e9rio P\u00fablico questionou contradi\u00e7\u00f5es no depoimento e pediu a condena\u00e7\u00e3o de Eurico por homic\u00eddio qualificado, com motiva\u00e7\u00e3o f\u00fatil. Este caso foi escolhido pra marcar a 4\u00aa Semana pela paz no lar, uma iniciativa do Conselho Nacional de Justi\u00e7a (CNJ)<\/p>\n","protected":false},"excerpt":{"rendered":"<p style=\"text-align: justify;\">R\u00e9u \u00e9 condenado a 15 anos de pris\u00e3o<\/p>\n","protected":false},"author":4,"featured_media":21512,"comment_status":"open","ping_status":"open","sticky":false,"template":"","format":"standard","meta":{"jnews-multi-image_gallery":[],"jnews_single_post":[],"jnews_primary_category":[],"jnews_social_meta":[],"jnews_review":[],"enable_review":"","type":"","name":"","summary":"","brand":"","sku":"","good":[],"bad":[],"score_override":"","override_value":"","rating":[],"price":[],"footnotes":""},"categories":[44],"tags":[],"class_list":["post-21513","post","type-post","status-publish","format-standard","has-post-thumbnail","hentry","category-policia"],"yoast_head":"<!-- This site is optimized with the Yoast SEO plugin v26.5 - https:\/\/yoast.com\/wordpress\/plugins\/seo\/ -->\n<title>TJ promove j\u00fari popular na Cidade do Povo - Agazeta.net<\/title>\n<meta name=\"robots\" content=\"index, follow, max-snippet:-1, max-image-preview:large, max-video-preview:-1\" \/>\n<link rel=\"canonical\" href=\"https:\/\/nk7-testes.com.br\/agazeta\/tj-promove-juri-popular-na-cidade-do-povo\/\" \/>\n<meta property=\"og:locale\" content=\"pt_BR\" \/>\n<meta property=\"og:type\" content=\"article\" \/>\n<meta property=\"og:title\" content=\"TJ promove j\u00fari popular na Cidade do Povo - Agazeta.net\" \/>\n<meta property=\"og:description\" content=\"R\u00e9u \u00e9 condenado a 15 anos de pris\u00e3o\" \/>\n<meta property=\"og:url\" content=\"https:\/\/nk7-testes.com.br\/agazeta\/tj-promove-juri-popular-na-cidade-do-povo\/\" \/>\n<meta property=\"og:site_name\" content=\"Agazeta.net\" \/>\n<meta property=\"article:published_time\" content=\"2016-03-11T13:48:43+00:00\" \/>\n<meta property=\"og:image\" content=\"https:\/\/nk7-testes.com.br\/agazeta\/wp-content\/uploads\/2016\/03\/110316-policia-juripopular-agenciatj2.jpg\" \/>\n\t<meta property=\"og:image:width\" content=\"458\" \/>\n\t<meta property=\"og:image:height\" content=\"340\" \/>\n\t<meta property=\"og:image:type\" content=\"image\/jpeg\" \/>\n<meta name=\"author\" content=\"Agazeta.Net\" \/>\n<meta name=\"twitter:card\" content=\"summary_large_image\" \/>\n<meta name=\"twitter:label1\" content=\"Escrito por\" \/>\n\t<meta name=\"twitter:data1\" content=\"Agazeta.Net\" \/>\n\t<meta name=\"twitter:label2\" content=\"Est. tempo de leitura\" \/>\n\t<meta name=\"twitter:data2\" content=\"2 minutos\" \/>\n<script type=\"application\/ld+json\" class=\"yoast-schema-graph\">{\"@context\":\"https:\/\/schema.org\",\"@graph\":[{\"@type\":\"WebPage\",\"@id\":\"https:\/\/nk7-testes.com.br\/agazeta\/tj-promove-juri-popular-na-cidade-do-povo\/\",\"url\":\"https:\/\/nk7-testes.com.br\/agazeta\/tj-promove-juri-popular-na-cidade-do-povo\/\",\"name\":\"TJ promove j\u00fari popular na Cidade do Povo - Agazeta.net\",\"isPartOf\":{\"@id\":\"https:\/\/nk7-testes.com.br\/agazeta\/#website\"},\"primaryImageOfPage\":{\"@id\":\"https:\/\/nk7-testes.com.br\/agazeta\/tj-promove-juri-popular-na-cidade-do-povo\/#primaryimage\"},\"image\":{\"@id\":\"https:\/\/nk7-testes.com.br\/agazeta\/tj-promove-juri-popular-na-cidade-do-povo\/#primaryimage\"},\"thumbnailUrl\":\"https:\/\/nk7-testes.com.br\/agazeta\/wp-content\/uploads\/2016\/03\/110316-policia-juripopular-agenciatj2.jpg\",\"datePublished\":\"2016-03-11T13:48:43+00:00\",\"author\":{\"@id\":\"https:\/\/nk7-testes.com.br\/agazeta\/#\/schema\/person\/6d6e25cb0435eb4a02fd44d30b4e3020\"},\"breadcrumb\":{\"@id\":\"https:\/\/nk7-testes.com.br\/agazeta\/tj-promove-juri-popular-na-cidade-do-povo\/#breadcrumb\"},\"inLanguage\":\"pt-BR\",\"potentialAction\":[{\"@type\":\"ReadAction\",\"target\":[\"https:\/\/nk7-testes.com.br\/agazeta\/tj-promove-juri-popular-na-cidade-do-povo\/\"]}]},{\"@type\":\"ImageObject\",\"inLanguage\":\"pt-BR\",\"@id\":\"https:\/\/nk7-testes.com.br\/agazeta\/tj-promove-juri-popular-na-cidade-do-povo\/#primaryimage\",\"url\":\"https:\/\/nk7-testes.com.br\/agazeta\/wp-content\/uploads\/2016\/03\/110316-policia-juripopular-agenciatj2.jpg\",\"contentUrl\":\"https:\/\/nk7-testes.com.br\/agazeta\/wp-content\/uploads\/2016\/03\/110316-policia-juripopular-agenciatj2.jpg\",\"width\":458,\"height\":340,\"caption\":\"110316-policia-juripopular-agenciatj2\"},{\"@type\":\"BreadcrumbList\",\"@id\":\"https:\/\/nk7-testes.com.br\/agazeta\/tj-promove-juri-popular-na-cidade-do-povo\/#breadcrumb\",\"itemListElement\":[{\"@type\":\"ListItem\",\"position\":1,\"name\":\"In\u00edcio\",\"item\":\"https:\/\/nk7-testes.com.br\/agazeta\/\"},{\"@type\":\"ListItem\",\"position\":2,\"name\":\"TJ promove j\u00fari popular na Cidade do Povo\"}]},{\"@type\":\"WebSite\",\"@id\":\"https:\/\/nk7-testes.com.br\/agazeta\/#website\",\"url\":\"https:\/\/nk7-testes.com.br\/agazeta\/\",\"name\":\"Agazeta.net\",\"description\":\"Agazeta.net - Not\u00edcias de Rio Branco\/AC\",\"potentialAction\":[{\"@type\":\"SearchAction\",\"target\":{\"@type\":\"EntryPoint\",\"urlTemplate\":\"https:\/\/nk7-testes.com.br\/agazeta\/?s={search_term_string}\"},\"query-input\":{\"@type\":\"PropertyValueSpecification\",\"valueRequired\":true,\"valueName\":\"search_term_string\"}}],\"inLanguage\":\"pt-BR\"},{\"@type\":\"Person\",\"@id\":\"https:\/\/nk7-testes.com.br\/agazeta\/#\/schema\/person\/6d6e25cb0435eb4a02fd44d30b4e3020\",\"name\":\"Agazeta.Net\",\"url\":\"https:\/\/nk7-testes.com.br\/agazeta\/author\/agazeta\/\"}]}<\/script>\n<!-- \/ Yoast SEO plugin. -->","yoast_head_json":{"title":"TJ promove j\u00fari popular na Cidade do Povo - Agazeta.net","robots":{"index":"index","follow":"follow","max-snippet":"max-snippet:-1","max-image-preview":"max-image-preview:large","max-video-preview":"max-video-preview:-1"},"canonical":"https:\/\/nk7-testes.com.br\/agazeta\/tj-promove-juri-popular-na-cidade-do-povo\/","og_locale":"pt_BR","og_type":"article","og_title":"TJ promove j\u00fari popular na Cidade do Povo - Agazeta.net","og_description":"R\u00e9u \u00e9 condenado a 15 anos de pris\u00e3o","og_url":"https:\/\/nk7-testes.com.br\/agazeta\/tj-promove-juri-popular-na-cidade-do-povo\/","og_site_name":"Agazeta.net","article_published_time":"2016-03-11T13:48:43+00:00","og_image":[{"width":458,"height":340,"url":"https:\/\/nk7-testes.com.br\/agazeta\/wp-content\/uploads\/2016\/03\/110316-policia-juripopular-agenciatj2.jpg","type":"image\/jpeg"}],"author":"Agazeta.Net","twitter_card":"summary_large_image","twitter_misc":{"Escrito por":"Agazeta.Net","Est. tempo de leitura":"2 minutos"},"schema":{"@context":"https:\/\/schema.org","@graph":[{"@type":"WebPage","@id":"https:\/\/nk7-testes.com.br\/agazeta\/tj-promove-juri-popular-na-cidade-do-povo\/","url":"https:\/\/nk7-testes.com.br\/agazeta\/tj-promove-juri-popular-na-cidade-do-povo\/","name":"TJ promove j\u00fari popular na Cidade do Povo - Agazeta.net","isPartOf":{"@id":"https:\/\/nk7-testes.com.br\/agazeta\/#website"},"primaryImageOfPage":{"@id":"https:\/\/nk7-testes.com.br\/agazeta\/tj-promove-juri-popular-na-cidade-do-povo\/#primaryimage"},"image":{"@id":"https:\/\/nk7-testes.com.br\/agazeta\/tj-promove-juri-popular-na-cidade-do-povo\/#primaryimage"},"thumbnailUrl":"https:\/\/nk7-testes.com.br\/agazeta\/wp-content\/uploads\/2016\/03\/110316-policia-juripopular-agenciatj2.jpg","datePublished":"2016-03-11T13:48:43+00:00","author":{"@id":"https:\/\/nk7-testes.com.br\/agazeta\/#\/schema\/person\/6d6e25cb0435eb4a02fd44d30b4e3020"},"breadcrumb":{"@id":"https:\/\/nk7-testes.com.br\/agazeta\/tj-promove-juri-popular-na-cidade-do-povo\/#breadcrumb"},"inLanguage":"pt-BR","potentialAction":[{"@type":"ReadAction","target":["https:\/\/nk7-testes.com.br\/agazeta\/tj-promove-juri-popular-na-cidade-do-povo\/"]}]},{"@type":"ImageObject","inLanguage":"pt-BR","@id":"https:\/\/nk7-testes.com.br\/agazeta\/tj-promove-juri-popular-na-cidade-do-povo\/#primaryimage","url":"https:\/\/nk7-testes.com.br\/agazeta\/wp-content\/uploads\/2016\/03\/110316-policia-juripopular-agenciatj2.jpg","contentUrl":"https:\/\/nk7-testes.com.br\/agazeta\/wp-content\/uploads\/2016\/03\/110316-policia-juripopular-agenciatj2.jpg","width":458,"height":340,"caption":"110316-policia-juripopular-agenciatj2"},{"@type":"BreadcrumbList","@id":"https:\/\/nk7-testes.com.br\/agazeta\/tj-promove-juri-popular-na-cidade-do-povo\/#breadcrumb","itemListElement":[{"@type":"ListItem","position":1,"name":"In\u00edcio","item":"https:\/\/nk7-testes.com.br\/agazeta\/"},{"@type":"ListItem","position":2,"name":"TJ promove j\u00fari popular na Cidade do Povo"}]},{"@type":"WebSite","@id":"https:\/\/nk7-testes.com.br\/agazeta\/#website","url":"https:\/\/nk7-testes.com.br\/agazeta\/","name":"Agazeta.net","description":"Agazeta.net - Not\u00edcias de Rio Branco\/AC","potentialAction":[{"@type":"SearchAction","target":{"@type":"EntryPoint","urlTemplate":"https:\/\/nk7-testes.com.br\/agazeta\/?s={search_term_string}"},"query-input":{"@type":"PropertyValueSpecification","valueRequired":true,"valueName":"search_term_string"}}],"inLanguage":"pt-BR"},{"@type":"Person","@id":"https:\/\/nk7-testes.com.br\/agazeta\/#\/schema\/person\/6d6e25cb0435eb4a02fd44d30b4e3020","name":"Agazeta.Net","url":"https:\/\/nk7-testes.com.br\/agazeta\/author\/agazeta\/"}]}},"_links":{"self":[{"href":"https:\/\/nk7-testes.com.br\/agazeta\/wp-json\/wp\/v2\/posts\/21513","targetHints":{"allow":["GET"]}}],"collection":[{"href":"https:\/\/nk7-testes.com.br\/agazeta\/wp-json\/wp\/v2\/posts"}],"about":[{"href":"https:\/\/nk7-testes.com.br\/agazeta\/wp-json\/wp\/v2\/types\/post"}],"author":[{"embeddable":true,"href":"https:\/\/nk7-testes.com.br\/agazeta\/wp-json\/wp\/v2\/users\/4"}],"replies":[{"embeddable":true,"href":"https:\/\/nk7-testes.com.br\/agazeta\/wp-json\/wp\/v2\/comments?post=21513"}],"version-history":[{"count":0,"href":"https:\/\/nk7-testes.com.br\/agazeta\/wp-json\/wp\/v2\/posts\/21513\/revisions"}],"wp:featuredmedia":[{"embeddable":true,"href":"https:\/\/nk7-testes.com.br\/agazeta\/wp-json\/wp\/v2\/media\/21512"}],"wp:attachment":[{"href":"https:\/\/nk7-testes.com.br\/agazeta\/wp-json\/wp\/v2\/media?parent=21513"}],"wp:term":[{"taxonomy":"category","embeddable":true,"href":"https:\/\/nk7-testes.com.br\/agazeta\/wp-json\/wp\/v2\/categories?post=21513"},{"taxonomy":"post_tag","embeddable":true,"href":"https:\/\/nk7-testes.com.br\/agazeta\/wp-json\/wp\/v2\/tags?post=21513"}],"curies":[{"name":"wp","href":"https:\/\/api.w.org\/{rel}","templated":true}]}}