{"id":21508,"date":"2016-03-10T19:41:32","date_gmt":"2016-03-10T19:41:32","guid":{"rendered":"https:\/\/abarevegan.com.br\/index.php\/2016\/03\/10\/pescadores-denunciam-agressoes-por-parte-da-pm\/"},"modified":"2016-03-10T19:41:32","modified_gmt":"2016-03-10T19:41:32","slug":"pescadores-denunciam-agressoes-por-parte-da-pm","status":"publish","type":"post","link":"https:\/\/nk7-testes.com.br\/agazeta\/pescadores-denunciam-agressoes-por-parte-da-pm\/","title":{"rendered":"Pescadores denunciam agress\u00f5es por parte da PM"},"content":{"rendered":"<p style=\"text-align: justify;\"><strong><span style=\"font-size: 12pt; line-height: 115%; font-family: 'Times New Roman', serif;\"><\/span><\/strong><\/p>\n<p style=\"text-align: justify;\">Agress\u00f5es continuaram na delegacia<\/p>\n<p style=\"text-align: justify;\"><strong><span style=\"font-size: 12pt; line-height: 115%; font-family: 'Times New Roman', serif;\"><\/span><\/strong><\/p>\n<p style=\"text-align: justify;\">Tr\u00eas dos 9 pescadores presos na ultima sexta-feira (4) em Cruzeiro do Sul, ap\u00f3s protesto, denunciam excesso por parte da Pol\u00edcia Militar enquanto estiveram detidos na delegacia do munic\u00edpio.<\/p>\n<p style=\"text-align: justify;\"><strong><span style=\"font-size: 12pt; line-height: 115%; font-family: 'Times New Roman', serif;\"><\/span><\/strong><\/p>\n<p style=\"text-align: justify;\">Roniele Ara\u00fajo Lopes e Ada\u00edas Souza de Oliveira apresentaram um laudo m\u00e9dico de perfura\u00e7\u00e3o na membrana timp\u00e2nica, ou seja, eles ficaram com problemas auditivos. De acordo com os trabalhadores, o problema ocorreu ap\u00f3s agress\u00e3o por parte de um policial, enquanto eles ainda estavam detidos.<\/p>\n<p style=\"text-align: justify;\"><strong><span style=\"font-size: 12pt; line-height: 115%; font-family: 'Times New Roman', serif;\"><\/span><\/strong><\/p>\n<p style=\"text-align: justify;\">L\u00e1zaro da Cruz tamb\u00e9m disse ter sofrido agress\u00e3o, e s\u00f3 n\u00e3o apanhou mais, porque passou mal e teve de ser levado ao hospital. O presidente da Col\u00f4nia de Pescadores, Elenildo de Souza, disse que os trabalhadores v\u00e3o entrar na Justi\u00e7a contra a pol\u00edcia.<\/p>\n<p style=\"text-align: justify;\"><strong><span style=\"font-size: 12pt; line-height: 115%; font-family: 'Times New Roman', serif;\"><\/span><\/strong><\/p>\n<p style=\"text-align: justify;\">O comandante L\u00e1zaro Moura disse que n\u00e3o houve excesso e que n\u00e3o teria recebido nenhuma reclama\u00e7\u00e3o. A partir de agora, Moura disse que s\u00f3 vai se pronunciar por via judicial.<\/p>\n<p style=\"text-align: justify;\"><strong><span style=\"font-size: 12pt; line-height: 115%; font-family: 'Times New Roman', serif;\"><\/span><\/strong><\/p>\n<p style=\"text-align: justify;\"><strong>Entenda o caso<\/strong><\/p>\n<p style=\"text-align: justify;\"><strong><span style=\"font-size: 12pt; line-height: 115%; font-family: 'Times New Roman', serif;\"><\/span><\/strong><\/p>\n<p style=\"text-align: justify;\">A suspens\u00e3o do pagamento do seguro-defeso causou confus\u00e3o na manh\u00e3 da \u00faltima sexta-feira em Cruzeiro do Sul. Os pescadores bloquearam a Ponte da Uni\u00e3o para protestar pela volta do benef\u00edcio.<\/p>\n<p style=\"text-align: justify;\"><strong><span style=\"font-size: 12pt; line-height: 115%; font-family: 'Times New Roman', serif;\"><\/span><\/strong><\/p>\n<p style=\"text-align: justify;\">A Pol\u00edcia Militar foi acionada. Os policiais entraram em confronto com os trabalhadores. Foi usado spray de pimenta para dispersar o bloqueio da ponte.<br \/>Nove pessoas foram presas, incluindo o vice-presidente da Col\u00f4nia de Pescadores, L\u00e1zaro da Cruz.<\/p>\n<p style=\"text-align: justify;\"><strong><span style=\"font-size: 12pt; line-height: 115%; font-family: 'Times New Roman', serif;\"><\/span><\/strong><\/p>\n<p style=\"text-align: justify;\">O presidente da Col\u00f4nia de Pescadores e vereador em Cruzeiro do Sul, Helenildo Souza, teve que ser levado ao Hospital do Juru\u00e1. Ele n\u00e3o foi ferido, mas o nervosismo da situa\u00e7\u00e3o fez com que ele necessitasse de atendimento m\u00e9dico.<br \/>Os pescadores sa\u00edram da Ponte da Uni\u00e3o e foram protestar em frente \u00e0 delegacia onde est\u00e3o os companheiros de trabalho presos.<\/p>\n<p style=\"text-align: justify;\"><strong><span style=\"font-size: 12pt; line-height: 115%; font-family: 'Times New Roman', serif;\">&nbsp;<\/span><\/strong><\/p>\n","protected":false},"excerpt":{"rendered":"<p style=\"text-align: justify;\"><strong><span style=\"font-size: 12pt; line-height: 115%; font-family: 'Times New Roman', serif;\"><\/span><\/strong><\/p>\n<p style=\"text-align: justify;\">Agress\u00f5es continuaram na delegacia<\/p>\n","protected":false},"author":4,"featured_media":21507,"comment_status":"open","ping_status":"open","sticky":false,"template":"","format":"standard","meta":{"jnews-multi-image_gallery":[],"jnews_single_post":[],"jnews_primary_category":[],"jnews_social_meta":[],"jnews_review":[],"enable_review":"","type":"","name":"","summary":"","brand":"","sku":"","good":[],"bad":[],"score_override":"","override_value":"","rating":[],"price":[],"footnotes":""},"categories":[44],"tags":[],"class_list":["post-21508","post","type-post","status-publish","format-standard","has-post-thumbnail","hentry","category-policia"],"yoast_head":"<!-- This site is optimized with the Yoast SEO plugin v26.5 - https:\/\/yoast.com\/wordpress\/plugins\/seo\/ -->\n<title>Pescadores denunciam agress\u00f5es por parte da PM - Agazeta.net<\/title>\n<meta name=\"robots\" content=\"index, follow, max-snippet:-1, max-image-preview:large, max-video-preview:-1\" \/>\n<link rel=\"canonical\" href=\"https:\/\/nk7-testes.com.br\/agazeta\/pescadores-denunciam-agressoes-por-parte-da-pm\/\" \/>\n<meta property=\"og:locale\" content=\"pt_BR\" \/>\n<meta property=\"og:type\" content=\"article\" \/>\n<meta property=\"og:title\" content=\"Pescadores denunciam agress\u00f5es por parte da PM - Agazeta.net\" \/>\n<meta property=\"og:description\" content=\"Agress\u00f5es continuaram na delegacia\" \/>\n<meta property=\"og:url\" content=\"https:\/\/nk7-testes.com.br\/agazeta\/pescadores-denunciam-agressoes-por-parte-da-pm\/\" \/>\n<meta property=\"og:site_name\" content=\"Agazeta.net\" \/>\n<meta property=\"article:published_time\" content=\"2016-03-10T19:41:32+00:00\" \/>\n<meta property=\"og:image\" content=\"https:\/\/nk7-testes.com.br\/agazeta\/wp-content\/uploads\/2016\/03\/100316-policia-pescadorapanhando-cedida.jpg\" \/>\n\t<meta property=\"og:image:width\" content=\"458\" \/>\n\t<meta property=\"og:image:height\" content=\"340\" \/>\n\t<meta property=\"og:image:type\" content=\"image\/jpeg\" \/>\n<meta name=\"author\" content=\"Agazeta.Net\" \/>\n<meta name=\"twitter:card\" content=\"summary_large_image\" \/>\n<meta name=\"twitter:label1\" content=\"Escrito por\" \/>\n\t<meta name=\"twitter:data1\" content=\"Agazeta.Net\" \/>\n\t<meta name=\"twitter:label2\" content=\"Est. tempo de leitura\" \/>\n\t<meta name=\"twitter:data2\" content=\"2 minutos\" \/>\n<script type=\"application\/ld+json\" class=\"yoast-schema-graph\">{\"@context\":\"https:\/\/schema.org\",\"@graph\":[{\"@type\":\"WebPage\",\"@id\":\"https:\/\/nk7-testes.com.br\/agazeta\/pescadores-denunciam-agressoes-por-parte-da-pm\/\",\"url\":\"https:\/\/nk7-testes.com.br\/agazeta\/pescadores-denunciam-agressoes-por-parte-da-pm\/\",\"name\":\"Pescadores denunciam agress\u00f5es por parte da PM - Agazeta.net\",\"isPartOf\":{\"@id\":\"https:\/\/nk7-testes.com.br\/agazeta\/#website\"},\"primaryImageOfPage\":{\"@id\":\"https:\/\/nk7-testes.com.br\/agazeta\/pescadores-denunciam-agressoes-por-parte-da-pm\/#primaryimage\"},\"image\":{\"@id\":\"https:\/\/nk7-testes.com.br\/agazeta\/pescadores-denunciam-agressoes-por-parte-da-pm\/#primaryimage\"},\"thumbnailUrl\":\"https:\/\/nk7-testes.com.br\/agazeta\/wp-content\/uploads\/2016\/03\/100316-policia-pescadorapanhando-cedida.jpg\",\"datePublished\":\"2016-03-10T19:41:32+00:00\",\"author\":{\"@id\":\"https:\/\/nk7-testes.com.br\/agazeta\/#\/schema\/person\/6d6e25cb0435eb4a02fd44d30b4e3020\"},\"breadcrumb\":{\"@id\":\"https:\/\/nk7-testes.com.br\/agazeta\/pescadores-denunciam-agressoes-por-parte-da-pm\/#breadcrumb\"},\"inLanguage\":\"pt-BR\",\"potentialAction\":[{\"@type\":\"ReadAction\",\"target\":[\"https:\/\/nk7-testes.com.br\/agazeta\/pescadores-denunciam-agressoes-por-parte-da-pm\/\"]}]},{\"@type\":\"ImageObject\",\"inLanguage\":\"pt-BR\",\"@id\":\"https:\/\/nk7-testes.com.br\/agazeta\/pescadores-denunciam-agressoes-por-parte-da-pm\/#primaryimage\",\"url\":\"https:\/\/nk7-testes.com.br\/agazeta\/wp-content\/uploads\/2016\/03\/100316-policia-pescadorapanhando-cedida.jpg\",\"contentUrl\":\"https:\/\/nk7-testes.com.br\/agazeta\/wp-content\/uploads\/2016\/03\/100316-policia-pescadorapanhando-cedida.jpg\",\"width\":458,\"height\":340,\"caption\":\"100316-policia-pescadorapanhando-cedida\"},{\"@type\":\"BreadcrumbList\",\"@id\":\"https:\/\/nk7-testes.com.br\/agazeta\/pescadores-denunciam-agressoes-por-parte-da-pm\/#breadcrumb\",\"itemListElement\":[{\"@type\":\"ListItem\",\"position\":1,\"name\":\"In\u00edcio\",\"item\":\"https:\/\/nk7-testes.com.br\/agazeta\/\"},{\"@type\":\"ListItem\",\"position\":2,\"name\":\"Pescadores denunciam agress\u00f5es por parte da PM\"}]},{\"@type\":\"WebSite\",\"@id\":\"https:\/\/nk7-testes.com.br\/agazeta\/#website\",\"url\":\"https:\/\/nk7-testes.com.br\/agazeta\/\",\"name\":\"Agazeta.net\",\"description\":\"Agazeta.net - Not\u00edcias de Rio Branco\/AC\",\"potentialAction\":[{\"@type\":\"SearchAction\",\"target\":{\"@type\":\"EntryPoint\",\"urlTemplate\":\"https:\/\/nk7-testes.com.br\/agazeta\/?s={search_term_string}\"},\"query-input\":{\"@type\":\"PropertyValueSpecification\",\"valueRequired\":true,\"valueName\":\"search_term_string\"}}],\"inLanguage\":\"pt-BR\"},{\"@type\":\"Person\",\"@id\":\"https:\/\/nk7-testes.com.br\/agazeta\/#\/schema\/person\/6d6e25cb0435eb4a02fd44d30b4e3020\",\"name\":\"Agazeta.Net\",\"url\":\"https:\/\/nk7-testes.com.br\/agazeta\/author\/agazeta\/\"}]}<\/script>\n<!-- \/ Yoast SEO plugin. -->","yoast_head_json":{"title":"Pescadores denunciam agress\u00f5es por parte da PM - Agazeta.net","robots":{"index":"index","follow":"follow","max-snippet":"max-snippet:-1","max-image-preview":"max-image-preview:large","max-video-preview":"max-video-preview:-1"},"canonical":"https:\/\/nk7-testes.com.br\/agazeta\/pescadores-denunciam-agressoes-por-parte-da-pm\/","og_locale":"pt_BR","og_type":"article","og_title":"Pescadores denunciam agress\u00f5es por parte da PM - Agazeta.net","og_description":"Agress\u00f5es continuaram na delegacia","og_url":"https:\/\/nk7-testes.com.br\/agazeta\/pescadores-denunciam-agressoes-por-parte-da-pm\/","og_site_name":"Agazeta.net","article_published_time":"2016-03-10T19:41:32+00:00","og_image":[{"width":458,"height":340,"url":"https:\/\/nk7-testes.com.br\/agazeta\/wp-content\/uploads\/2016\/03\/100316-policia-pescadorapanhando-cedida.jpg","type":"image\/jpeg"}],"author":"Agazeta.Net","twitter_card":"summary_large_image","twitter_misc":{"Escrito por":"Agazeta.Net","Est. tempo de leitura":"2 minutos"},"schema":{"@context":"https:\/\/schema.org","@graph":[{"@type":"WebPage","@id":"https:\/\/nk7-testes.com.br\/agazeta\/pescadores-denunciam-agressoes-por-parte-da-pm\/","url":"https:\/\/nk7-testes.com.br\/agazeta\/pescadores-denunciam-agressoes-por-parte-da-pm\/","name":"Pescadores denunciam agress\u00f5es por parte da PM - Agazeta.net","isPartOf":{"@id":"https:\/\/nk7-testes.com.br\/agazeta\/#website"},"primaryImageOfPage":{"@id":"https:\/\/nk7-testes.com.br\/agazeta\/pescadores-denunciam-agressoes-por-parte-da-pm\/#primaryimage"},"image":{"@id":"https:\/\/nk7-testes.com.br\/agazeta\/pescadores-denunciam-agressoes-por-parte-da-pm\/#primaryimage"},"thumbnailUrl":"https:\/\/nk7-testes.com.br\/agazeta\/wp-content\/uploads\/2016\/03\/100316-policia-pescadorapanhando-cedida.jpg","datePublished":"2016-03-10T19:41:32+00:00","author":{"@id":"https:\/\/nk7-testes.com.br\/agazeta\/#\/schema\/person\/6d6e25cb0435eb4a02fd44d30b4e3020"},"breadcrumb":{"@id":"https:\/\/nk7-testes.com.br\/agazeta\/pescadores-denunciam-agressoes-por-parte-da-pm\/#breadcrumb"},"inLanguage":"pt-BR","potentialAction":[{"@type":"ReadAction","target":["https:\/\/nk7-testes.com.br\/agazeta\/pescadores-denunciam-agressoes-por-parte-da-pm\/"]}]},{"@type":"ImageObject","inLanguage":"pt-BR","@id":"https:\/\/nk7-testes.com.br\/agazeta\/pescadores-denunciam-agressoes-por-parte-da-pm\/#primaryimage","url":"https:\/\/nk7-testes.com.br\/agazeta\/wp-content\/uploads\/2016\/03\/100316-policia-pescadorapanhando-cedida.jpg","contentUrl":"https:\/\/nk7-testes.com.br\/agazeta\/wp-content\/uploads\/2016\/03\/100316-policia-pescadorapanhando-cedida.jpg","width":458,"height":340,"caption":"100316-policia-pescadorapanhando-cedida"},{"@type":"BreadcrumbList","@id":"https:\/\/nk7-testes.com.br\/agazeta\/pescadores-denunciam-agressoes-por-parte-da-pm\/#breadcrumb","itemListElement":[{"@type":"ListItem","position":1,"name":"In\u00edcio","item":"https:\/\/nk7-testes.com.br\/agazeta\/"},{"@type":"ListItem","position":2,"name":"Pescadores denunciam agress\u00f5es por parte da PM"}]},{"@type":"WebSite","@id":"https:\/\/nk7-testes.com.br\/agazeta\/#website","url":"https:\/\/nk7-testes.com.br\/agazeta\/","name":"Agazeta.net","description":"Agazeta.net - Not\u00edcias de Rio Branco\/AC","potentialAction":[{"@type":"SearchAction","target":{"@type":"EntryPoint","urlTemplate":"https:\/\/nk7-testes.com.br\/agazeta\/?s={search_term_string}"},"query-input":{"@type":"PropertyValueSpecification","valueRequired":true,"valueName":"search_term_string"}}],"inLanguage":"pt-BR"},{"@type":"Person","@id":"https:\/\/nk7-testes.com.br\/agazeta\/#\/schema\/person\/6d6e25cb0435eb4a02fd44d30b4e3020","name":"Agazeta.Net","url":"https:\/\/nk7-testes.com.br\/agazeta\/author\/agazeta\/"}]}},"_links":{"self":[{"href":"https:\/\/nk7-testes.com.br\/agazeta\/wp-json\/wp\/v2\/posts\/21508","targetHints":{"allow":["GET"]}}],"collection":[{"href":"https:\/\/nk7-testes.com.br\/agazeta\/wp-json\/wp\/v2\/posts"}],"about":[{"href":"https:\/\/nk7-testes.com.br\/agazeta\/wp-json\/wp\/v2\/types\/post"}],"author":[{"embeddable":true,"href":"https:\/\/nk7-testes.com.br\/agazeta\/wp-json\/wp\/v2\/users\/4"}],"replies":[{"embeddable":true,"href":"https:\/\/nk7-testes.com.br\/agazeta\/wp-json\/wp\/v2\/comments?post=21508"}],"version-history":[{"count":0,"href":"https:\/\/nk7-testes.com.br\/agazeta\/wp-json\/wp\/v2\/posts\/21508\/revisions"}],"wp:featuredmedia":[{"embeddable":true,"href":"https:\/\/nk7-testes.com.br\/agazeta\/wp-json\/wp\/v2\/media\/21507"}],"wp:attachment":[{"href":"https:\/\/nk7-testes.com.br\/agazeta\/wp-json\/wp\/v2\/media?parent=21508"}],"wp:term":[{"taxonomy":"category","embeddable":true,"href":"https:\/\/nk7-testes.com.br\/agazeta\/wp-json\/wp\/v2\/categories?post=21508"},{"taxonomy":"post_tag","embeddable":true,"href":"https:\/\/nk7-testes.com.br\/agazeta\/wp-json\/wp\/v2\/tags?post=21508"}],"curies":[{"name":"wp","href":"https:\/\/api.w.org\/{rel}","templated":true}]}}