{"id":21502,"date":"2016-03-10T15:27:06","date_gmt":"2016-03-10T15:27:06","guid":{"rendered":"https:\/\/abarevegan.com.br\/index.php\/2016\/03\/10\/paciente-denuncia-falta-de-medicamento-contra-cancer\/"},"modified":"2016-03-10T15:27:06","modified_gmt":"2016-03-10T15:27:06","slug":"paciente-denuncia-falta-de-medicamento-contra-cancer","status":"publish","type":"post","link":"https:\/\/nk7-testes.com.br\/agazeta\/paciente-denuncia-falta-de-medicamento-contra-cancer\/","title":{"rendered":"Paciente denuncia falta de medicamento contra c\u00e2ncer"},"content":{"rendered":"<p style=\"text-align: justify;\">Maria Moreira: \u201cum dia ap\u00f3s o outro\u201d<\/p>\n<p style=\"text-align: justify;\">Maria Barroso Moreira, 43, tem tr\u00eas filhos. Um deles \u00e9 aluno do centro de Educa\u00e7\u00e3o Dom Bosco. H\u00e1 um ano e 10 meses, iniciou tratamento contra o c\u00e2ncer de mama. O medicamento para a manuten\u00e7\u00e3o da sa\u00fade \u00e9 caro: uma caixa com 30 comprimidos de aramasin custa R$ 715. Desde dezembro, o Governo do Acre n\u00e3o fornece o rem\u00e9dio que ela n\u00e3o pode deixar de tomar por cinco dias seguidos.<\/p>\n<p style=\"text-align: justify;\">\u201cEu n\u00e3o tenho nada a reclamar da equipe de enfermeiros e m\u00e9dicos que me atenderam no Hospital do C\u00e2ncer, mas eu tenho que denunciar esse descompromisso dos governantes\u201d, disse a cabeleireira exibindo os documentos que comprovam uma a\u00e7\u00e3o formalizada junto ao Minist\u00e9rio P\u00fablico e a abertura de um processo junto \u00e0 Defensoria P\u00fablica.<\/p>\n<p style=\"text-align: justify;\">Para n\u00e3o morrer, os amigos de trabalho do marido fizeram uma cota e compraram uma caixa do medicamento em janeiro. Em fevereiro, uma amiga comprou no cart\u00e3o de cr\u00e9dito, o que a for\u00e7ou a criar uma rifa que sortear\u00e1 um tapete para poder pagar a d\u00edvida.<\/p>\n<p style=\"text-align: justify;\">\u201cQuando descobri que estava com c\u00e2ncer, o m\u00e9dico me disse que 50 por cento era f\u00e9 em Deus; 25 por cento eu para eu confiar Nele e os outros 25 por cento era por minha conta\u201d, contabiliza. \u201cMas, de uns tempos pra c\u00e1 eu mudei essa matem\u00e1tica: vivo um dia ap\u00f3s o outro. Procuro aproveitar mais o tempo com meus filhos\u201d.<\/p>\n<p style=\"text-align: justify;\">Em maio de 2014 retirou a mama esquerda completamente, o que exigiu que uma parte da outra mama tamb\u00e9m fosse retirada.<\/p>\n<p style=\"text-align: justify;\">A Secretaria de Estado de Sa\u00fade explicou que o estoque do medicamento aramasin (exemestano) zerou \u201cno fim do ano passado\u201d. A compra de novo lote foi solicitada, mas, \u201cpor problemas burocr\u00e1ticos\u201d, foi formalizada no in\u00edcio do ano e deve, segundo a Sesacre, estar dispon\u00edvel para distribui\u00e7\u00e3o em 25 dias.<\/p>\n<p style=\"text-align: justify;\">Maria Barroso Moreira n\u00e3o pode ficar cinco dias sem tomar a medica\u00e7\u00e3o.<\/p>\n","protected":false},"excerpt":{"rendered":"<p style=\"text-align: justify;\">Maria Moreira: \u201cum dia ap\u00f3s o outro\u201d<\/p>\n","protected":false},"author":4,"featured_media":21501,"comment_status":"open","ping_status":"open","sticky":false,"template":"","format":"standard","meta":{"jnews-multi-image_gallery":[],"jnews_single_post":[],"jnews_primary_category":[],"jnews_social_meta":[],"jnews_review":[],"enable_review":"","type":"","name":"","summary":"","brand":"","sku":"","good":[],"bad":[],"score_override":"","override_value":"","rating":[],"price":[],"footnotes":""},"categories":[54],"tags":[],"class_list":["post-21502","post","type-post","status-publish","format-standard","has-post-thumbnail","hentry","category-cotidiano"],"yoast_head":"<!-- This site is optimized with the Yoast SEO plugin v26.5 - https:\/\/yoast.com\/wordpress\/plugins\/seo\/ -->\n<title>Paciente denuncia falta de medicamento contra c\u00e2ncer - Agazeta.net<\/title>\n<meta name=\"robots\" content=\"index, follow, max-snippet:-1, max-image-preview:large, max-video-preview:-1\" \/>\n<link rel=\"canonical\" href=\"https:\/\/nk7-testes.com.br\/agazeta\/paciente-denuncia-falta-de-medicamento-contra-cancer\/\" \/>\n<meta property=\"og:locale\" content=\"pt_BR\" \/>\n<meta property=\"og:type\" content=\"article\" \/>\n<meta property=\"og:title\" content=\"Paciente denuncia falta de medicamento contra c\u00e2ncer - Agazeta.net\" \/>\n<meta property=\"og:description\" content=\"Maria Moreira: \u201cum dia ap\u00f3s o outro\u201d\" \/>\n<meta property=\"og:url\" content=\"https:\/\/nk7-testes.com.br\/agazeta\/paciente-denuncia-falta-de-medicamento-contra-cancer\/\" \/>\n<meta property=\"og:site_name\" content=\"Agazeta.net\" \/>\n<meta property=\"article:published_time\" content=\"2016-03-10T15:27:06+00:00\" \/>\n<meta property=\"og:image\" content=\"https:\/\/nk7-testes.com.br\/agazeta\/wp-content\/uploads\/2016\/03\/100316-cotidiano-faltamedicamento-itaan2.jpg\" \/>\n\t<meta property=\"og:image:width\" content=\"458\" \/>\n\t<meta property=\"og:image:height\" content=\"340\" \/>\n\t<meta property=\"og:image:type\" content=\"image\/jpeg\" \/>\n<meta name=\"author\" content=\"Agazeta.Net\" \/>\n<meta name=\"twitter:card\" content=\"summary_large_image\" \/>\n<meta name=\"twitter:label1\" content=\"Escrito por\" \/>\n\t<meta name=\"twitter:data1\" content=\"Agazeta.Net\" \/>\n\t<meta name=\"twitter:label2\" content=\"Est. tempo de leitura\" \/>\n\t<meta name=\"twitter:data2\" content=\"2 minutos\" \/>\n<script type=\"application\/ld+json\" class=\"yoast-schema-graph\">{\"@context\":\"https:\/\/schema.org\",\"@graph\":[{\"@type\":\"WebPage\",\"@id\":\"https:\/\/nk7-testes.com.br\/agazeta\/paciente-denuncia-falta-de-medicamento-contra-cancer\/\",\"url\":\"https:\/\/nk7-testes.com.br\/agazeta\/paciente-denuncia-falta-de-medicamento-contra-cancer\/\",\"name\":\"Paciente denuncia falta de medicamento contra c\u00e2ncer - Agazeta.net\",\"isPartOf\":{\"@id\":\"https:\/\/nk7-testes.com.br\/agazeta\/#website\"},\"primaryImageOfPage\":{\"@id\":\"https:\/\/nk7-testes.com.br\/agazeta\/paciente-denuncia-falta-de-medicamento-contra-cancer\/#primaryimage\"},\"image\":{\"@id\":\"https:\/\/nk7-testes.com.br\/agazeta\/paciente-denuncia-falta-de-medicamento-contra-cancer\/#primaryimage\"},\"thumbnailUrl\":\"https:\/\/nk7-testes.com.br\/agazeta\/wp-content\/uploads\/2016\/03\/100316-cotidiano-faltamedicamento-itaan2.jpg\",\"datePublished\":\"2016-03-10T15:27:06+00:00\",\"author\":{\"@id\":\"https:\/\/nk7-testes.com.br\/agazeta\/#\/schema\/person\/6d6e25cb0435eb4a02fd44d30b4e3020\"},\"breadcrumb\":{\"@id\":\"https:\/\/nk7-testes.com.br\/agazeta\/paciente-denuncia-falta-de-medicamento-contra-cancer\/#breadcrumb\"},\"inLanguage\":\"pt-BR\",\"potentialAction\":[{\"@type\":\"ReadAction\",\"target\":[\"https:\/\/nk7-testes.com.br\/agazeta\/paciente-denuncia-falta-de-medicamento-contra-cancer\/\"]}]},{\"@type\":\"ImageObject\",\"inLanguage\":\"pt-BR\",\"@id\":\"https:\/\/nk7-testes.com.br\/agazeta\/paciente-denuncia-falta-de-medicamento-contra-cancer\/#primaryimage\",\"url\":\"https:\/\/nk7-testes.com.br\/agazeta\/wp-content\/uploads\/2016\/03\/100316-cotidiano-faltamedicamento-itaan2.jpg\",\"contentUrl\":\"https:\/\/nk7-testes.com.br\/agazeta\/wp-content\/uploads\/2016\/03\/100316-cotidiano-faltamedicamento-itaan2.jpg\",\"width\":458,\"height\":340,\"caption\":\"100316-cotidiano-faltamedicamento-itaan2\"},{\"@type\":\"BreadcrumbList\",\"@id\":\"https:\/\/nk7-testes.com.br\/agazeta\/paciente-denuncia-falta-de-medicamento-contra-cancer\/#breadcrumb\",\"itemListElement\":[{\"@type\":\"ListItem\",\"position\":1,\"name\":\"In\u00edcio\",\"item\":\"https:\/\/nk7-testes.com.br\/agazeta\/\"},{\"@type\":\"ListItem\",\"position\":2,\"name\":\"Paciente denuncia falta de medicamento contra c\u00e2ncer\"}]},{\"@type\":\"WebSite\",\"@id\":\"https:\/\/nk7-testes.com.br\/agazeta\/#website\",\"url\":\"https:\/\/nk7-testes.com.br\/agazeta\/\",\"name\":\"Agazeta.net\",\"description\":\"Agazeta.net - Not\u00edcias de Rio Branco\/AC\",\"potentialAction\":[{\"@type\":\"SearchAction\",\"target\":{\"@type\":\"EntryPoint\",\"urlTemplate\":\"https:\/\/nk7-testes.com.br\/agazeta\/?s={search_term_string}\"},\"query-input\":{\"@type\":\"PropertyValueSpecification\",\"valueRequired\":true,\"valueName\":\"search_term_string\"}}],\"inLanguage\":\"pt-BR\"},{\"@type\":\"Person\",\"@id\":\"https:\/\/nk7-testes.com.br\/agazeta\/#\/schema\/person\/6d6e25cb0435eb4a02fd44d30b4e3020\",\"name\":\"Agazeta.Net\",\"url\":\"https:\/\/nk7-testes.com.br\/agazeta\/author\/agazeta\/\"}]}<\/script>\n<!-- \/ Yoast SEO plugin. -->","yoast_head_json":{"title":"Paciente denuncia falta de medicamento contra c\u00e2ncer - Agazeta.net","robots":{"index":"index","follow":"follow","max-snippet":"max-snippet:-1","max-image-preview":"max-image-preview:large","max-video-preview":"max-video-preview:-1"},"canonical":"https:\/\/nk7-testes.com.br\/agazeta\/paciente-denuncia-falta-de-medicamento-contra-cancer\/","og_locale":"pt_BR","og_type":"article","og_title":"Paciente denuncia falta de medicamento contra c\u00e2ncer - Agazeta.net","og_description":"Maria Moreira: \u201cum dia ap\u00f3s o outro\u201d","og_url":"https:\/\/nk7-testes.com.br\/agazeta\/paciente-denuncia-falta-de-medicamento-contra-cancer\/","og_site_name":"Agazeta.net","article_published_time":"2016-03-10T15:27:06+00:00","og_image":[{"width":458,"height":340,"url":"https:\/\/nk7-testes.com.br\/agazeta\/wp-content\/uploads\/2016\/03\/100316-cotidiano-faltamedicamento-itaan2.jpg","type":"image\/jpeg"}],"author":"Agazeta.Net","twitter_card":"summary_large_image","twitter_misc":{"Escrito por":"Agazeta.Net","Est. tempo de leitura":"2 minutos"},"schema":{"@context":"https:\/\/schema.org","@graph":[{"@type":"WebPage","@id":"https:\/\/nk7-testes.com.br\/agazeta\/paciente-denuncia-falta-de-medicamento-contra-cancer\/","url":"https:\/\/nk7-testes.com.br\/agazeta\/paciente-denuncia-falta-de-medicamento-contra-cancer\/","name":"Paciente denuncia falta de medicamento contra c\u00e2ncer - Agazeta.net","isPartOf":{"@id":"https:\/\/nk7-testes.com.br\/agazeta\/#website"},"primaryImageOfPage":{"@id":"https:\/\/nk7-testes.com.br\/agazeta\/paciente-denuncia-falta-de-medicamento-contra-cancer\/#primaryimage"},"image":{"@id":"https:\/\/nk7-testes.com.br\/agazeta\/paciente-denuncia-falta-de-medicamento-contra-cancer\/#primaryimage"},"thumbnailUrl":"https:\/\/nk7-testes.com.br\/agazeta\/wp-content\/uploads\/2016\/03\/100316-cotidiano-faltamedicamento-itaan2.jpg","datePublished":"2016-03-10T15:27:06+00:00","author":{"@id":"https:\/\/nk7-testes.com.br\/agazeta\/#\/schema\/person\/6d6e25cb0435eb4a02fd44d30b4e3020"},"breadcrumb":{"@id":"https:\/\/nk7-testes.com.br\/agazeta\/paciente-denuncia-falta-de-medicamento-contra-cancer\/#breadcrumb"},"inLanguage":"pt-BR","potentialAction":[{"@type":"ReadAction","target":["https:\/\/nk7-testes.com.br\/agazeta\/paciente-denuncia-falta-de-medicamento-contra-cancer\/"]}]},{"@type":"ImageObject","inLanguage":"pt-BR","@id":"https:\/\/nk7-testes.com.br\/agazeta\/paciente-denuncia-falta-de-medicamento-contra-cancer\/#primaryimage","url":"https:\/\/nk7-testes.com.br\/agazeta\/wp-content\/uploads\/2016\/03\/100316-cotidiano-faltamedicamento-itaan2.jpg","contentUrl":"https:\/\/nk7-testes.com.br\/agazeta\/wp-content\/uploads\/2016\/03\/100316-cotidiano-faltamedicamento-itaan2.jpg","width":458,"height":340,"caption":"100316-cotidiano-faltamedicamento-itaan2"},{"@type":"BreadcrumbList","@id":"https:\/\/nk7-testes.com.br\/agazeta\/paciente-denuncia-falta-de-medicamento-contra-cancer\/#breadcrumb","itemListElement":[{"@type":"ListItem","position":1,"name":"In\u00edcio","item":"https:\/\/nk7-testes.com.br\/agazeta\/"},{"@type":"ListItem","position":2,"name":"Paciente denuncia falta de medicamento contra c\u00e2ncer"}]},{"@type":"WebSite","@id":"https:\/\/nk7-testes.com.br\/agazeta\/#website","url":"https:\/\/nk7-testes.com.br\/agazeta\/","name":"Agazeta.net","description":"Agazeta.net - Not\u00edcias de Rio Branco\/AC","potentialAction":[{"@type":"SearchAction","target":{"@type":"EntryPoint","urlTemplate":"https:\/\/nk7-testes.com.br\/agazeta\/?s={search_term_string}"},"query-input":{"@type":"PropertyValueSpecification","valueRequired":true,"valueName":"search_term_string"}}],"inLanguage":"pt-BR"},{"@type":"Person","@id":"https:\/\/nk7-testes.com.br\/agazeta\/#\/schema\/person\/6d6e25cb0435eb4a02fd44d30b4e3020","name":"Agazeta.Net","url":"https:\/\/nk7-testes.com.br\/agazeta\/author\/agazeta\/"}]}},"_links":{"self":[{"href":"https:\/\/nk7-testes.com.br\/agazeta\/wp-json\/wp\/v2\/posts\/21502","targetHints":{"allow":["GET"]}}],"collection":[{"href":"https:\/\/nk7-testes.com.br\/agazeta\/wp-json\/wp\/v2\/posts"}],"about":[{"href":"https:\/\/nk7-testes.com.br\/agazeta\/wp-json\/wp\/v2\/types\/post"}],"author":[{"embeddable":true,"href":"https:\/\/nk7-testes.com.br\/agazeta\/wp-json\/wp\/v2\/users\/4"}],"replies":[{"embeddable":true,"href":"https:\/\/nk7-testes.com.br\/agazeta\/wp-json\/wp\/v2\/comments?post=21502"}],"version-history":[{"count":0,"href":"https:\/\/nk7-testes.com.br\/agazeta\/wp-json\/wp\/v2\/posts\/21502\/revisions"}],"wp:featuredmedia":[{"embeddable":true,"href":"https:\/\/nk7-testes.com.br\/agazeta\/wp-json\/wp\/v2\/media\/21501"}],"wp:attachment":[{"href":"https:\/\/nk7-testes.com.br\/agazeta\/wp-json\/wp\/v2\/media?parent=21502"}],"wp:term":[{"taxonomy":"category","embeddable":true,"href":"https:\/\/nk7-testes.com.br\/agazeta\/wp-json\/wp\/v2\/categories?post=21502"},{"taxonomy":"post_tag","embeddable":true,"href":"https:\/\/nk7-testes.com.br\/agazeta\/wp-json\/wp\/v2\/tags?post=21502"}],"curies":[{"name":"wp","href":"https:\/\/api.w.org\/{rel}","templated":true}]}}