{"id":21490,"date":"2016-03-09T22:04:49","date_gmt":"2016-03-09T22:04:49","guid":{"rendered":"https:\/\/abarevegan.com.br\/index.php\/2016\/03\/09\/tribunal-do-juri-vai-a-cidade-do-povo\/"},"modified":"2016-03-09T22:04:49","modified_gmt":"2016-03-09T22:04:49","slug":"tribunal-do-juri-vai-a-cidade-do-povo","status":"publish","type":"post","link":"https:\/\/nk7-testes.com.br\/agazeta\/tribunal-do-juri-vai-a-cidade-do-povo\/","title":{"rendered":"Tribunal do J\u00fari vai \u00e0 Cidade do Povo"},"content":{"rendered":"<p style=\"text-align: justify;\">Julgamento \u00e9 parte da \u201cIV Semana Pela Paz no Lar\u201d<\/p>\n<p style=\"text-align: justify;\">Como parte das atividades da IV Semana Pela Paz No Lar, a 1\u00aa Vara do Tribunal do J\u00fari da Capital realizar\u00e1, na tarde desta quinta-feira (10), na Cidade do Povo, o julgamento de um r\u00e9u acusado de matar a ex-companheira ap\u00f3s uma briga motivada por ci\u00fames.<\/p>\n<p style=\"text-align: justify;\">A atividade acontecer\u00e1 \u00e0s 15 horas, na Escola de 1\u00ba Grau Raimunda da Silva Par\u00e1 (em frente \u00e0 Upa), e ser\u00e1 presidida pelo juiz de Direito Cloves Ferreira, titular da 4\u00aa Vara Criminal da Comarca de Rio Branco, designado para o caso.<\/p>\n<p style=\"text-align: justify;\">O magistrado destaca que a a\u00e7\u00e3o demonstra a preocupa\u00e7\u00e3o social do Judici\u00e1rio Estadual no que diz respeito ao efetivo combate, preven\u00e7\u00e3o e conscientiza\u00e7\u00e3o da sociedade quanto \u00e0 necessidade de erradica\u00e7\u00e3o da viol\u00eancia dom\u00e9stica praticada contra a mulher.<\/p>\n<p style=\"text-align: justify;\">\u201cE quando essa conscientiza\u00e7\u00e3o falha, quando o fato (criminoso) acontece, a Justi\u00e7a tamb\u00e9m precisa dar uma resposta, buscando a apura\u00e7\u00e3o, a investiga\u00e7\u00e3o e a puni\u00e7\u00e3o de eventuais pessoas envolvidas no crime; essa tamb\u00e9m \u00e9 uma forma de tentar ajudar as mulheres v\u00edtimas de viol\u00eancia dom\u00e9stica a denunciarem os abusos que porventura venham a sofrer e \u00e9 exatamente isso que n\u00f3s iremos fazer nesta quinta-feira na Cidade do Povo\u201d, disse Cloves Ferreira.<\/p>\n<p style=\"text-align: justify;\">Entenda o caso<\/p>\n<p style=\"text-align: justify;\">O r\u00e9u E. M. da C. foi denunciado pelo Minist\u00e9rio P\u00fablico do Acre (MPAC) pela suposta pr\u00e1tica do crime de homic\u00eddio qualificado (art. 121, par\u00e1grafo 2\u00ba, do C\u00f3digo Penal), que teria sido cometido contra a v\u00edtima I. da R. C., no dia 18 de outubro de 2014, no bairro Xavier Maia, a golpes de faca, ap\u00f3s uma discuss\u00e3o por ci\u00fames.<\/p>\n<p style=\"text-align: justify;\">De acordo com o MPAC, o denunciado teria agido com \u201canimus necandi (inten\u00e7\u00e3o de matar), motivado pela torpeza\u201d (consideradas condi\u00e7\u00f5es qualificadoras do crime) e supostamente, sob a influ\u00eancia de \u00e1lcool e entorpecentes.<\/p>\n","protected":false},"excerpt":{"rendered":"<p style=\"text-align: justify;\">Julgamento \u00e9 parte da \u201cIV Semana Pela Paz no Lar\u201d<\/p>\n","protected":false},"author":4,"featured_media":21489,"comment_status":"open","ping_status":"open","sticky":false,"template":"","format":"standard","meta":{"jnews-multi-image_gallery":[],"jnews_single_post":[],"jnews_primary_category":[],"jnews_social_meta":[],"jnews_review":[],"enable_review":"","type":"","name":"","summary":"","brand":"","sku":"","good":[],"bad":[],"score_override":"","override_value":"","rating":[],"price":[],"footnotes":""},"categories":[54],"tags":[],"class_list":["post-21490","post","type-post","status-publish","format-standard","has-post-thumbnail","hentry","category-cotidiano"],"yoast_head":"<!-- This site is optimized with the Yoast SEO plugin v26.5 - https:\/\/yoast.com\/wordpress\/plugins\/seo\/ -->\n<title>Tribunal do J\u00fari vai \u00e0 Cidade do Povo - Agazeta.net<\/title>\n<meta name=\"robots\" content=\"index, follow, max-snippet:-1, max-image-preview:large, max-video-preview:-1\" \/>\n<link rel=\"canonical\" href=\"https:\/\/nk7-testes.com.br\/agazeta\/tribunal-do-juri-vai-a-cidade-do-povo\/\" \/>\n<meta property=\"og:locale\" content=\"pt_BR\" \/>\n<meta property=\"og:type\" content=\"article\" \/>\n<meta property=\"og:title\" content=\"Tribunal do J\u00fari vai \u00e0 Cidade do Povo - Agazeta.net\" \/>\n<meta property=\"og:description\" content=\"Julgamento \u00e9 parte da \u201cIV Semana Pela Paz no Lar\u201d\" \/>\n<meta property=\"og:url\" content=\"https:\/\/nk7-testes.com.br\/agazeta\/tribunal-do-juri-vai-a-cidade-do-povo\/\" \/>\n<meta property=\"og:site_name\" content=\"Agazeta.net\" \/>\n<meta property=\"article:published_time\" content=\"2016-03-09T22:04:49+00:00\" \/>\n<meta property=\"og:image\" content=\"https:\/\/nk7-testes.com.br\/agazeta\/wp-content\/uploads\/2016\/03\/090316-cotidiano-tribunaldojuri-agenciatj.jpg\" \/>\n\t<meta property=\"og:image:width\" content=\"458\" \/>\n\t<meta property=\"og:image:height\" content=\"340\" \/>\n\t<meta property=\"og:image:type\" content=\"image\/jpeg\" \/>\n<meta name=\"author\" content=\"Agazeta.Net\" \/>\n<meta name=\"twitter:card\" content=\"summary_large_image\" \/>\n<meta name=\"twitter:label1\" content=\"Escrito por\" \/>\n\t<meta name=\"twitter:data1\" content=\"Agazeta.Net\" \/>\n\t<meta name=\"twitter:label2\" content=\"Est. tempo de leitura\" \/>\n\t<meta name=\"twitter:data2\" content=\"2 minutos\" \/>\n<script type=\"application\/ld+json\" class=\"yoast-schema-graph\">{\"@context\":\"https:\/\/schema.org\",\"@graph\":[{\"@type\":\"WebPage\",\"@id\":\"https:\/\/nk7-testes.com.br\/agazeta\/tribunal-do-juri-vai-a-cidade-do-povo\/\",\"url\":\"https:\/\/nk7-testes.com.br\/agazeta\/tribunal-do-juri-vai-a-cidade-do-povo\/\",\"name\":\"Tribunal do J\u00fari vai \u00e0 Cidade do Povo - Agazeta.net\",\"isPartOf\":{\"@id\":\"https:\/\/nk7-testes.com.br\/agazeta\/#website\"},\"primaryImageOfPage\":{\"@id\":\"https:\/\/nk7-testes.com.br\/agazeta\/tribunal-do-juri-vai-a-cidade-do-povo\/#primaryimage\"},\"image\":{\"@id\":\"https:\/\/nk7-testes.com.br\/agazeta\/tribunal-do-juri-vai-a-cidade-do-povo\/#primaryimage\"},\"thumbnailUrl\":\"https:\/\/nk7-testes.com.br\/agazeta\/wp-content\/uploads\/2016\/03\/090316-cotidiano-tribunaldojuri-agenciatj.jpg\",\"datePublished\":\"2016-03-09T22:04:49+00:00\",\"author\":{\"@id\":\"https:\/\/nk7-testes.com.br\/agazeta\/#\/schema\/person\/6d6e25cb0435eb4a02fd44d30b4e3020\"},\"breadcrumb\":{\"@id\":\"https:\/\/nk7-testes.com.br\/agazeta\/tribunal-do-juri-vai-a-cidade-do-povo\/#breadcrumb\"},\"inLanguage\":\"pt-BR\",\"potentialAction\":[{\"@type\":\"ReadAction\",\"target\":[\"https:\/\/nk7-testes.com.br\/agazeta\/tribunal-do-juri-vai-a-cidade-do-povo\/\"]}]},{\"@type\":\"ImageObject\",\"inLanguage\":\"pt-BR\",\"@id\":\"https:\/\/nk7-testes.com.br\/agazeta\/tribunal-do-juri-vai-a-cidade-do-povo\/#primaryimage\",\"url\":\"https:\/\/nk7-testes.com.br\/agazeta\/wp-content\/uploads\/2016\/03\/090316-cotidiano-tribunaldojuri-agenciatj.jpg\",\"contentUrl\":\"https:\/\/nk7-testes.com.br\/agazeta\/wp-content\/uploads\/2016\/03\/090316-cotidiano-tribunaldojuri-agenciatj.jpg\",\"width\":458,\"height\":340,\"caption\":\"090316-cotidiano-tribunaldojuri-agenciatj\"},{\"@type\":\"BreadcrumbList\",\"@id\":\"https:\/\/nk7-testes.com.br\/agazeta\/tribunal-do-juri-vai-a-cidade-do-povo\/#breadcrumb\",\"itemListElement\":[{\"@type\":\"ListItem\",\"position\":1,\"name\":\"In\u00edcio\",\"item\":\"https:\/\/nk7-testes.com.br\/agazeta\/\"},{\"@type\":\"ListItem\",\"position\":2,\"name\":\"Tribunal do J\u00fari vai \u00e0 Cidade do Povo\"}]},{\"@type\":\"WebSite\",\"@id\":\"https:\/\/nk7-testes.com.br\/agazeta\/#website\",\"url\":\"https:\/\/nk7-testes.com.br\/agazeta\/\",\"name\":\"Agazeta.net\",\"description\":\"Agazeta.net - Not\u00edcias de Rio Branco\/AC\",\"potentialAction\":[{\"@type\":\"SearchAction\",\"target\":{\"@type\":\"EntryPoint\",\"urlTemplate\":\"https:\/\/nk7-testes.com.br\/agazeta\/?s={search_term_string}\"},\"query-input\":{\"@type\":\"PropertyValueSpecification\",\"valueRequired\":true,\"valueName\":\"search_term_string\"}}],\"inLanguage\":\"pt-BR\"},{\"@type\":\"Person\",\"@id\":\"https:\/\/nk7-testes.com.br\/agazeta\/#\/schema\/person\/6d6e25cb0435eb4a02fd44d30b4e3020\",\"name\":\"Agazeta.Net\",\"url\":\"https:\/\/nk7-testes.com.br\/agazeta\/author\/agazeta\/\"}]}<\/script>\n<!-- \/ Yoast SEO plugin. -->","yoast_head_json":{"title":"Tribunal do J\u00fari vai \u00e0 Cidade do Povo - Agazeta.net","robots":{"index":"index","follow":"follow","max-snippet":"max-snippet:-1","max-image-preview":"max-image-preview:large","max-video-preview":"max-video-preview:-1"},"canonical":"https:\/\/nk7-testes.com.br\/agazeta\/tribunal-do-juri-vai-a-cidade-do-povo\/","og_locale":"pt_BR","og_type":"article","og_title":"Tribunal do J\u00fari vai \u00e0 Cidade do Povo - Agazeta.net","og_description":"Julgamento \u00e9 parte da \u201cIV Semana Pela Paz no Lar\u201d","og_url":"https:\/\/nk7-testes.com.br\/agazeta\/tribunal-do-juri-vai-a-cidade-do-povo\/","og_site_name":"Agazeta.net","article_published_time":"2016-03-09T22:04:49+00:00","og_image":[{"width":458,"height":340,"url":"https:\/\/nk7-testes.com.br\/agazeta\/wp-content\/uploads\/2016\/03\/090316-cotidiano-tribunaldojuri-agenciatj.jpg","type":"image\/jpeg"}],"author":"Agazeta.Net","twitter_card":"summary_large_image","twitter_misc":{"Escrito por":"Agazeta.Net","Est. tempo de leitura":"2 minutos"},"schema":{"@context":"https:\/\/schema.org","@graph":[{"@type":"WebPage","@id":"https:\/\/nk7-testes.com.br\/agazeta\/tribunal-do-juri-vai-a-cidade-do-povo\/","url":"https:\/\/nk7-testes.com.br\/agazeta\/tribunal-do-juri-vai-a-cidade-do-povo\/","name":"Tribunal do J\u00fari vai \u00e0 Cidade do Povo - Agazeta.net","isPartOf":{"@id":"https:\/\/nk7-testes.com.br\/agazeta\/#website"},"primaryImageOfPage":{"@id":"https:\/\/nk7-testes.com.br\/agazeta\/tribunal-do-juri-vai-a-cidade-do-povo\/#primaryimage"},"image":{"@id":"https:\/\/nk7-testes.com.br\/agazeta\/tribunal-do-juri-vai-a-cidade-do-povo\/#primaryimage"},"thumbnailUrl":"https:\/\/nk7-testes.com.br\/agazeta\/wp-content\/uploads\/2016\/03\/090316-cotidiano-tribunaldojuri-agenciatj.jpg","datePublished":"2016-03-09T22:04:49+00:00","author":{"@id":"https:\/\/nk7-testes.com.br\/agazeta\/#\/schema\/person\/6d6e25cb0435eb4a02fd44d30b4e3020"},"breadcrumb":{"@id":"https:\/\/nk7-testes.com.br\/agazeta\/tribunal-do-juri-vai-a-cidade-do-povo\/#breadcrumb"},"inLanguage":"pt-BR","potentialAction":[{"@type":"ReadAction","target":["https:\/\/nk7-testes.com.br\/agazeta\/tribunal-do-juri-vai-a-cidade-do-povo\/"]}]},{"@type":"ImageObject","inLanguage":"pt-BR","@id":"https:\/\/nk7-testes.com.br\/agazeta\/tribunal-do-juri-vai-a-cidade-do-povo\/#primaryimage","url":"https:\/\/nk7-testes.com.br\/agazeta\/wp-content\/uploads\/2016\/03\/090316-cotidiano-tribunaldojuri-agenciatj.jpg","contentUrl":"https:\/\/nk7-testes.com.br\/agazeta\/wp-content\/uploads\/2016\/03\/090316-cotidiano-tribunaldojuri-agenciatj.jpg","width":458,"height":340,"caption":"090316-cotidiano-tribunaldojuri-agenciatj"},{"@type":"BreadcrumbList","@id":"https:\/\/nk7-testes.com.br\/agazeta\/tribunal-do-juri-vai-a-cidade-do-povo\/#breadcrumb","itemListElement":[{"@type":"ListItem","position":1,"name":"In\u00edcio","item":"https:\/\/nk7-testes.com.br\/agazeta\/"},{"@type":"ListItem","position":2,"name":"Tribunal do J\u00fari vai \u00e0 Cidade do Povo"}]},{"@type":"WebSite","@id":"https:\/\/nk7-testes.com.br\/agazeta\/#website","url":"https:\/\/nk7-testes.com.br\/agazeta\/","name":"Agazeta.net","description":"Agazeta.net - Not\u00edcias de Rio Branco\/AC","potentialAction":[{"@type":"SearchAction","target":{"@type":"EntryPoint","urlTemplate":"https:\/\/nk7-testes.com.br\/agazeta\/?s={search_term_string}"},"query-input":{"@type":"PropertyValueSpecification","valueRequired":true,"valueName":"search_term_string"}}],"inLanguage":"pt-BR"},{"@type":"Person","@id":"https:\/\/nk7-testes.com.br\/agazeta\/#\/schema\/person\/6d6e25cb0435eb4a02fd44d30b4e3020","name":"Agazeta.Net","url":"https:\/\/nk7-testes.com.br\/agazeta\/author\/agazeta\/"}]}},"_links":{"self":[{"href":"https:\/\/nk7-testes.com.br\/agazeta\/wp-json\/wp\/v2\/posts\/21490","targetHints":{"allow":["GET"]}}],"collection":[{"href":"https:\/\/nk7-testes.com.br\/agazeta\/wp-json\/wp\/v2\/posts"}],"about":[{"href":"https:\/\/nk7-testes.com.br\/agazeta\/wp-json\/wp\/v2\/types\/post"}],"author":[{"embeddable":true,"href":"https:\/\/nk7-testes.com.br\/agazeta\/wp-json\/wp\/v2\/users\/4"}],"replies":[{"embeddable":true,"href":"https:\/\/nk7-testes.com.br\/agazeta\/wp-json\/wp\/v2\/comments?post=21490"}],"version-history":[{"count":0,"href":"https:\/\/nk7-testes.com.br\/agazeta\/wp-json\/wp\/v2\/posts\/21490\/revisions"}],"wp:featuredmedia":[{"embeddable":true,"href":"https:\/\/nk7-testes.com.br\/agazeta\/wp-json\/wp\/v2\/media\/21489"}],"wp:attachment":[{"href":"https:\/\/nk7-testes.com.br\/agazeta\/wp-json\/wp\/v2\/media?parent=21490"}],"wp:term":[{"taxonomy":"category","embeddable":true,"href":"https:\/\/nk7-testes.com.br\/agazeta\/wp-json\/wp\/v2\/categories?post=21490"},{"taxonomy":"post_tag","embeddable":true,"href":"https:\/\/nk7-testes.com.br\/agazeta\/wp-json\/wp\/v2\/tags?post=21490"}],"curies":[{"name":"wp","href":"https:\/\/api.w.org\/{rel}","templated":true}]}}