{"id":21474,"date":"2016-03-09T13:49:50","date_gmt":"2016-03-09T13:49:50","guid":{"rendered":"https:\/\/abarevegan.com.br\/index.php\/2016\/03\/09\/homem-de-83-anos-e-acusado-de-estupro-de-crianca\/"},"modified":"2016-03-09T13:49:50","modified_gmt":"2016-03-09T13:49:50","slug":"homem-de-83-anos-e-acusado-de-estupro-de-crianca","status":"publish","type":"post","link":"https:\/\/nk7-testes.com.br\/agazeta\/homem-de-83-anos-e-acusado-de-estupro-de-crianca\/","title":{"rendered":"Homem de 83 anos \u00e9 acusado de estupro de crian\u00e7a"},"content":{"rendered":"<p style=\"text-align: justify;\">Homem nega as acusa\u00e7\u00f5es feitas pela m\u00e3e da menina<\/p>\n<p style=\"text-align: justify;\">Policiais do 5\u00ba Batalh\u00e3o foram acionados na tarde de ter\u00e7a-feira para atender a uma ocorr\u00eancia na rua Xingu, no bairro Jorge Lavocat. Segundo os policias, ao chegar no local, se depararam com uma situa\u00e7\u00e3o de estupro.<\/p>\n<p style=\"text-align: justify;\">Um homem de nome Jos\u00e9 Moura Filho, 83, estava sendo acusado de ter estuprado uma garotinha de 9 anos. Segundo a m\u00e3e da crian\u00e7a, em relato aos policias, contou que ao chegar do trabalho sentiu falta da filha.<\/p>\n<p style=\"text-align: justify;\">Ao ir a casa do vizinho flagrou o acusado com a menina dentro de uma rede. Segundo a m\u00e3e, Jos\u00e9 Moura estava passando a m\u00e3o nas partes \u00edntimas da garota e, logo em seguida, o homem colocava a m\u00e3o na boca.<\/p>\n<p style=\"text-align: justify;\">A m\u00e3e, desesperada, teria pegado um peda\u00e7o de pau e tentou agredir o acusado, que foi salvo por outros vizinhos. Jos\u00e9 Moura Filho foi preso e levado para a Delegacia da Mulher.<\/p>\n<p style=\"text-align: justify;\">Na delegacia, os policias descobriram que o acusado est\u00e1 no regime monitorado por tornozeleira. Ao perguntar porque havia sido preso, lembrou que foi por \u201ccrime de estupro\u201d.<\/p>\n<p style=\"text-align: justify;\">No ano de 2014, o acusado tamb\u00e9m teria sido acusado de abusar de outra garotinha menor de idade tamb\u00e9m que, segundo informa\u00e7\u00f5es da pol\u00edcia, a v\u00edtima seria neta do acusado. Ele ficou preso durante um ano no pres\u00eddio e posto em liberdade monitorada.<\/p>\n<p style=\"text-align: justify;\">Na delegacia, o acusado nega as acusa\u00e7\u00f5es. Mas, a pol\u00edcia acredita que possivelmente pode haver mais v\u00edtimas.<\/p>\n","protected":false},"excerpt":{"rendered":"<p style=\"text-align: justify;\">Homem nega as acusa\u00e7\u00f5es feitas pela m\u00e3e da menina<\/p>\n","protected":false},"author":4,"featured_media":21473,"comment_status":"open","ping_status":"open","sticky":false,"template":"","format":"standard","meta":{"jnews-multi-image_gallery":[],"jnews_single_post":[],"jnews_primary_category":[],"jnews_social_meta":[],"jnews_review":[],"enable_review":"","type":"","name":"","summary":"","brand":"","sku":"","good":[],"bad":[],"score_override":"","override_value":"","rating":[],"price":[],"footnotes":""},"categories":[44],"tags":[],"class_list":["post-21474","post","type-post","status-publish","format-standard","has-post-thumbnail","hentry","category-policia"],"yoast_head":"<!-- This site is optimized with the Yoast SEO plugin v26.5 - https:\/\/yoast.com\/wordpress\/plugins\/seo\/ -->\n<title>Homem de 83 anos \u00e9 acusado de estupro de crian\u00e7a - Agazeta.net<\/title>\n<meta name=\"robots\" content=\"index, follow, max-snippet:-1, max-image-preview:large, max-video-preview:-1\" \/>\n<link rel=\"canonical\" href=\"https:\/\/nk7-testes.com.br\/agazeta\/homem-de-83-anos-e-acusado-de-estupro-de-crianca\/\" \/>\n<meta property=\"og:locale\" content=\"pt_BR\" \/>\n<meta property=\"og:type\" content=\"article\" \/>\n<meta property=\"og:title\" content=\"Homem de 83 anos \u00e9 acusado de estupro de crian\u00e7a - Agazeta.net\" \/>\n<meta property=\"og:description\" content=\"Homem nega as acusa\u00e7\u00f5es feitas pela m\u00e3e da menina\" \/>\n<meta property=\"og:url\" content=\"https:\/\/nk7-testes.com.br\/agazeta\/homem-de-83-anos-e-acusado-de-estupro-de-crianca\/\" \/>\n<meta property=\"og:site_name\" content=\"Agazeta.net\" \/>\n<meta property=\"article:published_time\" content=\"2016-03-09T13:49:50+00:00\" \/>\n<meta property=\"og:image\" content=\"https:\/\/nk7-testes.com.br\/agazeta\/wp-content\/uploads\/2016\/03\/090316-policia-acusadoestupro-cleriston.jpg\" \/>\n\t<meta property=\"og:image:width\" content=\"458\" \/>\n\t<meta property=\"og:image:height\" content=\"340\" \/>\n\t<meta property=\"og:image:type\" content=\"image\/jpeg\" \/>\n<meta name=\"author\" content=\"Agazeta.Net\" \/>\n<meta name=\"twitter:card\" content=\"summary_large_image\" \/>\n<meta name=\"twitter:label1\" content=\"Escrito por\" \/>\n\t<meta name=\"twitter:data1\" content=\"Agazeta.Net\" \/>\n\t<meta name=\"twitter:label2\" content=\"Est. tempo de leitura\" \/>\n\t<meta name=\"twitter:data2\" content=\"1 minuto\" \/>\n<script type=\"application\/ld+json\" class=\"yoast-schema-graph\">{\"@context\":\"https:\/\/schema.org\",\"@graph\":[{\"@type\":\"WebPage\",\"@id\":\"https:\/\/nk7-testes.com.br\/agazeta\/homem-de-83-anos-e-acusado-de-estupro-de-crianca\/\",\"url\":\"https:\/\/nk7-testes.com.br\/agazeta\/homem-de-83-anos-e-acusado-de-estupro-de-crianca\/\",\"name\":\"Homem de 83 anos \u00e9 acusado de estupro de crian\u00e7a - Agazeta.net\",\"isPartOf\":{\"@id\":\"https:\/\/nk7-testes.com.br\/agazeta\/#website\"},\"primaryImageOfPage\":{\"@id\":\"https:\/\/nk7-testes.com.br\/agazeta\/homem-de-83-anos-e-acusado-de-estupro-de-crianca\/#primaryimage\"},\"image\":{\"@id\":\"https:\/\/nk7-testes.com.br\/agazeta\/homem-de-83-anos-e-acusado-de-estupro-de-crianca\/#primaryimage\"},\"thumbnailUrl\":\"https:\/\/nk7-testes.com.br\/agazeta\/wp-content\/uploads\/2016\/03\/090316-policia-acusadoestupro-cleriston.jpg\",\"datePublished\":\"2016-03-09T13:49:50+00:00\",\"author\":{\"@id\":\"https:\/\/nk7-testes.com.br\/agazeta\/#\/schema\/person\/6d6e25cb0435eb4a02fd44d30b4e3020\"},\"breadcrumb\":{\"@id\":\"https:\/\/nk7-testes.com.br\/agazeta\/homem-de-83-anos-e-acusado-de-estupro-de-crianca\/#breadcrumb\"},\"inLanguage\":\"pt-BR\",\"potentialAction\":[{\"@type\":\"ReadAction\",\"target\":[\"https:\/\/nk7-testes.com.br\/agazeta\/homem-de-83-anos-e-acusado-de-estupro-de-crianca\/\"]}]},{\"@type\":\"ImageObject\",\"inLanguage\":\"pt-BR\",\"@id\":\"https:\/\/nk7-testes.com.br\/agazeta\/homem-de-83-anos-e-acusado-de-estupro-de-crianca\/#primaryimage\",\"url\":\"https:\/\/nk7-testes.com.br\/agazeta\/wp-content\/uploads\/2016\/03\/090316-policia-acusadoestupro-cleriston.jpg\",\"contentUrl\":\"https:\/\/nk7-testes.com.br\/agazeta\/wp-content\/uploads\/2016\/03\/090316-policia-acusadoestupro-cleriston.jpg\",\"width\":458,\"height\":340,\"caption\":\"090316-policia-acusadoestupro-cleriston\"},{\"@type\":\"BreadcrumbList\",\"@id\":\"https:\/\/nk7-testes.com.br\/agazeta\/homem-de-83-anos-e-acusado-de-estupro-de-crianca\/#breadcrumb\",\"itemListElement\":[{\"@type\":\"ListItem\",\"position\":1,\"name\":\"In\u00edcio\",\"item\":\"https:\/\/nk7-testes.com.br\/agazeta\/\"},{\"@type\":\"ListItem\",\"position\":2,\"name\":\"Homem de 83 anos \u00e9 acusado de estupro de crian\u00e7a\"}]},{\"@type\":\"WebSite\",\"@id\":\"https:\/\/nk7-testes.com.br\/agazeta\/#website\",\"url\":\"https:\/\/nk7-testes.com.br\/agazeta\/\",\"name\":\"Agazeta.net\",\"description\":\"Agazeta.net - Not\u00edcias de Rio Branco\/AC\",\"potentialAction\":[{\"@type\":\"SearchAction\",\"target\":{\"@type\":\"EntryPoint\",\"urlTemplate\":\"https:\/\/nk7-testes.com.br\/agazeta\/?s={search_term_string}\"},\"query-input\":{\"@type\":\"PropertyValueSpecification\",\"valueRequired\":true,\"valueName\":\"search_term_string\"}}],\"inLanguage\":\"pt-BR\"},{\"@type\":\"Person\",\"@id\":\"https:\/\/nk7-testes.com.br\/agazeta\/#\/schema\/person\/6d6e25cb0435eb4a02fd44d30b4e3020\",\"name\":\"Agazeta.Net\",\"url\":\"https:\/\/nk7-testes.com.br\/agazeta\/author\/agazeta\/\"}]}<\/script>\n<!-- \/ Yoast SEO plugin. -->","yoast_head_json":{"title":"Homem de 83 anos \u00e9 acusado de estupro de crian\u00e7a - Agazeta.net","robots":{"index":"index","follow":"follow","max-snippet":"max-snippet:-1","max-image-preview":"max-image-preview:large","max-video-preview":"max-video-preview:-1"},"canonical":"https:\/\/nk7-testes.com.br\/agazeta\/homem-de-83-anos-e-acusado-de-estupro-de-crianca\/","og_locale":"pt_BR","og_type":"article","og_title":"Homem de 83 anos \u00e9 acusado de estupro de crian\u00e7a - Agazeta.net","og_description":"Homem nega as acusa\u00e7\u00f5es feitas pela m\u00e3e da menina","og_url":"https:\/\/nk7-testes.com.br\/agazeta\/homem-de-83-anos-e-acusado-de-estupro-de-crianca\/","og_site_name":"Agazeta.net","article_published_time":"2016-03-09T13:49:50+00:00","og_image":[{"width":458,"height":340,"url":"https:\/\/nk7-testes.com.br\/agazeta\/wp-content\/uploads\/2016\/03\/090316-policia-acusadoestupro-cleriston.jpg","type":"image\/jpeg"}],"author":"Agazeta.Net","twitter_card":"summary_large_image","twitter_misc":{"Escrito por":"Agazeta.Net","Est. tempo de leitura":"1 minuto"},"schema":{"@context":"https:\/\/schema.org","@graph":[{"@type":"WebPage","@id":"https:\/\/nk7-testes.com.br\/agazeta\/homem-de-83-anos-e-acusado-de-estupro-de-crianca\/","url":"https:\/\/nk7-testes.com.br\/agazeta\/homem-de-83-anos-e-acusado-de-estupro-de-crianca\/","name":"Homem de 83 anos \u00e9 acusado de estupro de crian\u00e7a - Agazeta.net","isPartOf":{"@id":"https:\/\/nk7-testes.com.br\/agazeta\/#website"},"primaryImageOfPage":{"@id":"https:\/\/nk7-testes.com.br\/agazeta\/homem-de-83-anos-e-acusado-de-estupro-de-crianca\/#primaryimage"},"image":{"@id":"https:\/\/nk7-testes.com.br\/agazeta\/homem-de-83-anos-e-acusado-de-estupro-de-crianca\/#primaryimage"},"thumbnailUrl":"https:\/\/nk7-testes.com.br\/agazeta\/wp-content\/uploads\/2016\/03\/090316-policia-acusadoestupro-cleriston.jpg","datePublished":"2016-03-09T13:49:50+00:00","author":{"@id":"https:\/\/nk7-testes.com.br\/agazeta\/#\/schema\/person\/6d6e25cb0435eb4a02fd44d30b4e3020"},"breadcrumb":{"@id":"https:\/\/nk7-testes.com.br\/agazeta\/homem-de-83-anos-e-acusado-de-estupro-de-crianca\/#breadcrumb"},"inLanguage":"pt-BR","potentialAction":[{"@type":"ReadAction","target":["https:\/\/nk7-testes.com.br\/agazeta\/homem-de-83-anos-e-acusado-de-estupro-de-crianca\/"]}]},{"@type":"ImageObject","inLanguage":"pt-BR","@id":"https:\/\/nk7-testes.com.br\/agazeta\/homem-de-83-anos-e-acusado-de-estupro-de-crianca\/#primaryimage","url":"https:\/\/nk7-testes.com.br\/agazeta\/wp-content\/uploads\/2016\/03\/090316-policia-acusadoestupro-cleriston.jpg","contentUrl":"https:\/\/nk7-testes.com.br\/agazeta\/wp-content\/uploads\/2016\/03\/090316-policia-acusadoestupro-cleriston.jpg","width":458,"height":340,"caption":"090316-policia-acusadoestupro-cleriston"},{"@type":"BreadcrumbList","@id":"https:\/\/nk7-testes.com.br\/agazeta\/homem-de-83-anos-e-acusado-de-estupro-de-crianca\/#breadcrumb","itemListElement":[{"@type":"ListItem","position":1,"name":"In\u00edcio","item":"https:\/\/nk7-testes.com.br\/agazeta\/"},{"@type":"ListItem","position":2,"name":"Homem de 83 anos \u00e9 acusado de estupro de crian\u00e7a"}]},{"@type":"WebSite","@id":"https:\/\/nk7-testes.com.br\/agazeta\/#website","url":"https:\/\/nk7-testes.com.br\/agazeta\/","name":"Agazeta.net","description":"Agazeta.net - Not\u00edcias de Rio Branco\/AC","potentialAction":[{"@type":"SearchAction","target":{"@type":"EntryPoint","urlTemplate":"https:\/\/nk7-testes.com.br\/agazeta\/?s={search_term_string}"},"query-input":{"@type":"PropertyValueSpecification","valueRequired":true,"valueName":"search_term_string"}}],"inLanguage":"pt-BR"},{"@type":"Person","@id":"https:\/\/nk7-testes.com.br\/agazeta\/#\/schema\/person\/6d6e25cb0435eb4a02fd44d30b4e3020","name":"Agazeta.Net","url":"https:\/\/nk7-testes.com.br\/agazeta\/author\/agazeta\/"}]}},"_links":{"self":[{"href":"https:\/\/nk7-testes.com.br\/agazeta\/wp-json\/wp\/v2\/posts\/21474","targetHints":{"allow":["GET"]}}],"collection":[{"href":"https:\/\/nk7-testes.com.br\/agazeta\/wp-json\/wp\/v2\/posts"}],"about":[{"href":"https:\/\/nk7-testes.com.br\/agazeta\/wp-json\/wp\/v2\/types\/post"}],"author":[{"embeddable":true,"href":"https:\/\/nk7-testes.com.br\/agazeta\/wp-json\/wp\/v2\/users\/4"}],"replies":[{"embeddable":true,"href":"https:\/\/nk7-testes.com.br\/agazeta\/wp-json\/wp\/v2\/comments?post=21474"}],"version-history":[{"count":0,"href":"https:\/\/nk7-testes.com.br\/agazeta\/wp-json\/wp\/v2\/posts\/21474\/revisions"}],"wp:featuredmedia":[{"embeddable":true,"href":"https:\/\/nk7-testes.com.br\/agazeta\/wp-json\/wp\/v2\/media\/21473"}],"wp:attachment":[{"href":"https:\/\/nk7-testes.com.br\/agazeta\/wp-json\/wp\/v2\/media?parent=21474"}],"wp:term":[{"taxonomy":"category","embeddable":true,"href":"https:\/\/nk7-testes.com.br\/agazeta\/wp-json\/wp\/v2\/categories?post=21474"},{"taxonomy":"post_tag","embeddable":true,"href":"https:\/\/nk7-testes.com.br\/agazeta\/wp-json\/wp\/v2\/tags?post=21474"}],"curies":[{"name":"wp","href":"https:\/\/api.w.org\/{rel}","templated":true}]}}