{"id":21447,"date":"2016-03-07T20:50:06","date_gmt":"2016-03-07T20:50:06","guid":{"rendered":"https:\/\/abarevegan.com.br\/index.php\/2016\/03\/07\/tj-lembra-dia-internacional-da-mulher\/"},"modified":"2016-03-07T20:50:06","modified_gmt":"2016-03-07T20:50:06","slug":"tj-lembra-dia-internacional-da-mulher","status":"publish","type":"post","link":"https:\/\/nk7-testes.com.br\/agazeta\/tj-lembra-dia-internacional-da-mulher\/","title":{"rendered":"TJ lembra Dia Internacional da mulher"},"content":{"rendered":"<p style=\"text-align: justify;\">Promessa de julgamentos \u00e1geis para evitar impunidade<\/p>\n<p style=\"text-align: justify;\">O Tribunal de Justi\u00e7a do Acre iniciou hoje (7) a semana em comemora\u00e7\u00e3o ao Dia Internacional da Mulher, comemorado nesta ter\u00e7a (8). At\u00e9 a sexta-feira (11), as servidoras do Judici\u00e1rio Acriano v\u00e3o passar por a\u00e7\u00f5es voltadas \u00e0 sa\u00fade e ao bem-estar, com exames m\u00e9dicos, massagens e um cuidado com a beleza.<\/p>\n<p style=\"text-align: justify;\">Para a servidora do TJ Sulamita Barreto, a a\u00e7\u00e3o deve elevar a autoestima das servidoras. \u201cMelhora muito a autoestima da mulher, isso sem d\u00favida!\u201d.<br \/>A programa\u00e7\u00e3o se encerra na sexta com uma cicleata, que tem como objetivo promover uma cultura de prote\u00e7\u00e3o \u00e0 mulher e da pacifica\u00e7\u00e3o social.<\/p>\n<p style=\"text-align: justify;\">No m\u00eas em que se comemora a luta das mulheres pela igualdade de g\u00eanero, dois homic\u00eddios foram registrados. Um deles foi contra Keyla Viviane, morta na semana passada pelo ex-marido que n\u00e3o aceitava a separa\u00e7\u00e3o.<\/p>\n<p style=\"text-align: justify;\">O outro ocorreu nessa madrugada, quando Maria Helena Feitosa foi morta a golpes de fac\u00e3o. No primeiro crime o acusado foi preso, mas o segundo ainda n\u00e3o h\u00e1 pistas. Al\u00e9m desses homic\u00eddios, uma tentativa de assassinato em Cruzeiro do Sul, tamb\u00e9m mostrou que n\u00e3o h\u00e1 o que comemorar.<\/p>\n<p style=\"text-align: justify;\">Uma jovem de apenas 17 anos foi v\u00edtima de agress\u00e3o do ex- companheiro, que de forma brutal, desferiu v\u00e1rias ter\u00e7adadas na adolescente.<\/p>\n<p style=\"text-align: justify;\">O presidente do TJ em exerc\u00edcio, desembargador Samoel Evangelista, disse que a Justi\u00e7a deve julgar casos como esses mais r\u00e1pido para n\u00e3o deixar os culpados impunes. \u201cA forma de n\u00f3s combatermos isso \u00e9 exatamente fazendo a aplica\u00e7\u00e3o da lei. <br \/>Nas nossas varas criminais esses processos tramitam com prioridade, embora isso n\u00e3o traga a mulher que foi assassinada de volta, mas pelo menos damos essa resposta \u00e0 sociedade\u201d.<\/p>\n","protected":false},"excerpt":{"rendered":"<p style=\"text-align: justify;\">Promessa de julgamentos \u00e1geis para evitar impunidade<\/p>\n","protected":false},"author":4,"featured_media":21446,"comment_status":"open","ping_status":"open","sticky":false,"template":"","format":"standard","meta":{"jnews-multi-image_gallery":[],"jnews_single_post":[],"jnews_primary_category":[],"jnews_social_meta":[],"jnews_review":[],"enable_review":"","type":"","name":"","summary":"","brand":"","sku":"","good":[],"bad":[],"score_override":"","override_value":"","rating":[],"price":[],"footnotes":""},"categories":[54],"tags":[],"class_list":["post-21447","post","type-post","status-publish","format-standard","has-post-thumbnail","hentry","category-cotidiano"],"yoast_head":"<!-- This site is optimized with the Yoast SEO plugin v26.5 - https:\/\/yoast.com\/wordpress\/plugins\/seo\/ -->\n<title>TJ lembra Dia Internacional da mulher - Agazeta.net<\/title>\n<meta name=\"robots\" content=\"index, follow, max-snippet:-1, max-image-preview:large, max-video-preview:-1\" \/>\n<link rel=\"canonical\" href=\"https:\/\/nk7-testes.com.br\/agazeta\/tj-lembra-dia-internacional-da-mulher\/\" \/>\n<meta property=\"og:locale\" content=\"pt_BR\" \/>\n<meta property=\"og:type\" content=\"article\" \/>\n<meta property=\"og:title\" content=\"TJ lembra Dia Internacional da mulher - Agazeta.net\" \/>\n<meta property=\"og:description\" content=\"Promessa de julgamentos \u00e1geis para evitar impunidade\" \/>\n<meta property=\"og:url\" content=\"https:\/\/nk7-testes.com.br\/agazeta\/tj-lembra-dia-internacional-da-mulher\/\" \/>\n<meta property=\"og:site_name\" content=\"Agazeta.net\" \/>\n<meta property=\"article:published_time\" content=\"2016-03-07T20:50:06+00:00\" \/>\n<meta property=\"og:image\" content=\"https:\/\/nk7-testes.com.br\/agazeta\/wp-content\/uploads\/2016\/03\/070316-cotidiano-diainternacionaldamulher-tvgazeta.jpg\" \/>\n\t<meta property=\"og:image:width\" content=\"458\" \/>\n\t<meta property=\"og:image:height\" content=\"340\" \/>\n\t<meta property=\"og:image:type\" content=\"image\/jpeg\" \/>\n<meta name=\"author\" content=\"Agazeta.Net\" \/>\n<meta name=\"twitter:card\" content=\"summary_large_image\" \/>\n<meta name=\"twitter:label1\" content=\"Escrito por\" \/>\n\t<meta name=\"twitter:data1\" content=\"Agazeta.Net\" \/>\n\t<meta name=\"twitter:label2\" content=\"Est. tempo de leitura\" \/>\n\t<meta name=\"twitter:data2\" content=\"2 minutos\" \/>\n<script type=\"application\/ld+json\" class=\"yoast-schema-graph\">{\"@context\":\"https:\/\/schema.org\",\"@graph\":[{\"@type\":\"WebPage\",\"@id\":\"https:\/\/nk7-testes.com.br\/agazeta\/tj-lembra-dia-internacional-da-mulher\/\",\"url\":\"https:\/\/nk7-testes.com.br\/agazeta\/tj-lembra-dia-internacional-da-mulher\/\",\"name\":\"TJ lembra Dia Internacional da mulher - Agazeta.net\",\"isPartOf\":{\"@id\":\"https:\/\/nk7-testes.com.br\/agazeta\/#website\"},\"primaryImageOfPage\":{\"@id\":\"https:\/\/nk7-testes.com.br\/agazeta\/tj-lembra-dia-internacional-da-mulher\/#primaryimage\"},\"image\":{\"@id\":\"https:\/\/nk7-testes.com.br\/agazeta\/tj-lembra-dia-internacional-da-mulher\/#primaryimage\"},\"thumbnailUrl\":\"https:\/\/nk7-testes.com.br\/agazeta\/wp-content\/uploads\/2016\/03\/070316-cotidiano-diainternacionaldamulher-tvgazeta.jpg\",\"datePublished\":\"2016-03-07T20:50:06+00:00\",\"author\":{\"@id\":\"https:\/\/nk7-testes.com.br\/agazeta\/#\/schema\/person\/6d6e25cb0435eb4a02fd44d30b4e3020\"},\"breadcrumb\":{\"@id\":\"https:\/\/nk7-testes.com.br\/agazeta\/tj-lembra-dia-internacional-da-mulher\/#breadcrumb\"},\"inLanguage\":\"pt-BR\",\"potentialAction\":[{\"@type\":\"ReadAction\",\"target\":[\"https:\/\/nk7-testes.com.br\/agazeta\/tj-lembra-dia-internacional-da-mulher\/\"]}]},{\"@type\":\"ImageObject\",\"inLanguage\":\"pt-BR\",\"@id\":\"https:\/\/nk7-testes.com.br\/agazeta\/tj-lembra-dia-internacional-da-mulher\/#primaryimage\",\"url\":\"https:\/\/nk7-testes.com.br\/agazeta\/wp-content\/uploads\/2016\/03\/070316-cotidiano-diainternacionaldamulher-tvgazeta.jpg\",\"contentUrl\":\"https:\/\/nk7-testes.com.br\/agazeta\/wp-content\/uploads\/2016\/03\/070316-cotidiano-diainternacionaldamulher-tvgazeta.jpg\",\"width\":458,\"height\":340,\"caption\":\"070316-cotidiano-diainternacionaldamulher-tvgazeta\"},{\"@type\":\"BreadcrumbList\",\"@id\":\"https:\/\/nk7-testes.com.br\/agazeta\/tj-lembra-dia-internacional-da-mulher\/#breadcrumb\",\"itemListElement\":[{\"@type\":\"ListItem\",\"position\":1,\"name\":\"In\u00edcio\",\"item\":\"https:\/\/nk7-testes.com.br\/agazeta\/\"},{\"@type\":\"ListItem\",\"position\":2,\"name\":\"TJ lembra Dia Internacional da mulher\"}]},{\"@type\":\"WebSite\",\"@id\":\"https:\/\/nk7-testes.com.br\/agazeta\/#website\",\"url\":\"https:\/\/nk7-testes.com.br\/agazeta\/\",\"name\":\"Agazeta.net\",\"description\":\"Agazeta.net - Not\u00edcias de Rio Branco\/AC\",\"potentialAction\":[{\"@type\":\"SearchAction\",\"target\":{\"@type\":\"EntryPoint\",\"urlTemplate\":\"https:\/\/nk7-testes.com.br\/agazeta\/?s={search_term_string}\"},\"query-input\":{\"@type\":\"PropertyValueSpecification\",\"valueRequired\":true,\"valueName\":\"search_term_string\"}}],\"inLanguage\":\"pt-BR\"},{\"@type\":\"Person\",\"@id\":\"https:\/\/nk7-testes.com.br\/agazeta\/#\/schema\/person\/6d6e25cb0435eb4a02fd44d30b4e3020\",\"name\":\"Agazeta.Net\",\"url\":\"https:\/\/nk7-testes.com.br\/agazeta\/author\/agazeta\/\"}]}<\/script>\n<!-- \/ Yoast SEO plugin. -->","yoast_head_json":{"title":"TJ lembra Dia Internacional da mulher - Agazeta.net","robots":{"index":"index","follow":"follow","max-snippet":"max-snippet:-1","max-image-preview":"max-image-preview:large","max-video-preview":"max-video-preview:-1"},"canonical":"https:\/\/nk7-testes.com.br\/agazeta\/tj-lembra-dia-internacional-da-mulher\/","og_locale":"pt_BR","og_type":"article","og_title":"TJ lembra Dia Internacional da mulher - Agazeta.net","og_description":"Promessa de julgamentos \u00e1geis para evitar impunidade","og_url":"https:\/\/nk7-testes.com.br\/agazeta\/tj-lembra-dia-internacional-da-mulher\/","og_site_name":"Agazeta.net","article_published_time":"2016-03-07T20:50:06+00:00","og_image":[{"width":458,"height":340,"url":"https:\/\/nk7-testes.com.br\/agazeta\/wp-content\/uploads\/2016\/03\/070316-cotidiano-diainternacionaldamulher-tvgazeta.jpg","type":"image\/jpeg"}],"author":"Agazeta.Net","twitter_card":"summary_large_image","twitter_misc":{"Escrito por":"Agazeta.Net","Est. tempo de leitura":"2 minutos"},"schema":{"@context":"https:\/\/schema.org","@graph":[{"@type":"WebPage","@id":"https:\/\/nk7-testes.com.br\/agazeta\/tj-lembra-dia-internacional-da-mulher\/","url":"https:\/\/nk7-testes.com.br\/agazeta\/tj-lembra-dia-internacional-da-mulher\/","name":"TJ lembra Dia Internacional da mulher - Agazeta.net","isPartOf":{"@id":"https:\/\/nk7-testes.com.br\/agazeta\/#website"},"primaryImageOfPage":{"@id":"https:\/\/nk7-testes.com.br\/agazeta\/tj-lembra-dia-internacional-da-mulher\/#primaryimage"},"image":{"@id":"https:\/\/nk7-testes.com.br\/agazeta\/tj-lembra-dia-internacional-da-mulher\/#primaryimage"},"thumbnailUrl":"https:\/\/nk7-testes.com.br\/agazeta\/wp-content\/uploads\/2016\/03\/070316-cotidiano-diainternacionaldamulher-tvgazeta.jpg","datePublished":"2016-03-07T20:50:06+00:00","author":{"@id":"https:\/\/nk7-testes.com.br\/agazeta\/#\/schema\/person\/6d6e25cb0435eb4a02fd44d30b4e3020"},"breadcrumb":{"@id":"https:\/\/nk7-testes.com.br\/agazeta\/tj-lembra-dia-internacional-da-mulher\/#breadcrumb"},"inLanguage":"pt-BR","potentialAction":[{"@type":"ReadAction","target":["https:\/\/nk7-testes.com.br\/agazeta\/tj-lembra-dia-internacional-da-mulher\/"]}]},{"@type":"ImageObject","inLanguage":"pt-BR","@id":"https:\/\/nk7-testes.com.br\/agazeta\/tj-lembra-dia-internacional-da-mulher\/#primaryimage","url":"https:\/\/nk7-testes.com.br\/agazeta\/wp-content\/uploads\/2016\/03\/070316-cotidiano-diainternacionaldamulher-tvgazeta.jpg","contentUrl":"https:\/\/nk7-testes.com.br\/agazeta\/wp-content\/uploads\/2016\/03\/070316-cotidiano-diainternacionaldamulher-tvgazeta.jpg","width":458,"height":340,"caption":"070316-cotidiano-diainternacionaldamulher-tvgazeta"},{"@type":"BreadcrumbList","@id":"https:\/\/nk7-testes.com.br\/agazeta\/tj-lembra-dia-internacional-da-mulher\/#breadcrumb","itemListElement":[{"@type":"ListItem","position":1,"name":"In\u00edcio","item":"https:\/\/nk7-testes.com.br\/agazeta\/"},{"@type":"ListItem","position":2,"name":"TJ lembra Dia Internacional da mulher"}]},{"@type":"WebSite","@id":"https:\/\/nk7-testes.com.br\/agazeta\/#website","url":"https:\/\/nk7-testes.com.br\/agazeta\/","name":"Agazeta.net","description":"Agazeta.net - Not\u00edcias de Rio Branco\/AC","potentialAction":[{"@type":"SearchAction","target":{"@type":"EntryPoint","urlTemplate":"https:\/\/nk7-testes.com.br\/agazeta\/?s={search_term_string}"},"query-input":{"@type":"PropertyValueSpecification","valueRequired":true,"valueName":"search_term_string"}}],"inLanguage":"pt-BR"},{"@type":"Person","@id":"https:\/\/nk7-testes.com.br\/agazeta\/#\/schema\/person\/6d6e25cb0435eb4a02fd44d30b4e3020","name":"Agazeta.Net","url":"https:\/\/nk7-testes.com.br\/agazeta\/author\/agazeta\/"}]}},"_links":{"self":[{"href":"https:\/\/nk7-testes.com.br\/agazeta\/wp-json\/wp\/v2\/posts\/21447","targetHints":{"allow":["GET"]}}],"collection":[{"href":"https:\/\/nk7-testes.com.br\/agazeta\/wp-json\/wp\/v2\/posts"}],"about":[{"href":"https:\/\/nk7-testes.com.br\/agazeta\/wp-json\/wp\/v2\/types\/post"}],"author":[{"embeddable":true,"href":"https:\/\/nk7-testes.com.br\/agazeta\/wp-json\/wp\/v2\/users\/4"}],"replies":[{"embeddable":true,"href":"https:\/\/nk7-testes.com.br\/agazeta\/wp-json\/wp\/v2\/comments?post=21447"}],"version-history":[{"count":0,"href":"https:\/\/nk7-testes.com.br\/agazeta\/wp-json\/wp\/v2\/posts\/21447\/revisions"}],"wp:featuredmedia":[{"embeddable":true,"href":"https:\/\/nk7-testes.com.br\/agazeta\/wp-json\/wp\/v2\/media\/21446"}],"wp:attachment":[{"href":"https:\/\/nk7-testes.com.br\/agazeta\/wp-json\/wp\/v2\/media?parent=21447"}],"wp:term":[{"taxonomy":"category","embeddable":true,"href":"https:\/\/nk7-testes.com.br\/agazeta\/wp-json\/wp\/v2\/categories?post=21447"},{"taxonomy":"post_tag","embeddable":true,"href":"https:\/\/nk7-testes.com.br\/agazeta\/wp-json\/wp\/v2\/tags?post=21447"}],"curies":[{"name":"wp","href":"https:\/\/api.w.org\/{rel}","templated":true}]}}