{"id":21417,"date":"2016-03-04T22:43:10","date_gmt":"2016-03-04T22:43:10","guid":{"rendered":"https:\/\/abarevegan.com.br\/index.php\/2016\/03\/04\/o-ultimo-brasileiro-cronica-de-barranco\/"},"modified":"2016-03-04T22:43:10","modified_gmt":"2016-03-04T22:43:10","slug":"o-ultimo-brasileiro-cronica-de-barranco","status":"publish","type":"post","link":"https:\/\/nk7-testes.com.br\/agazeta\/o-ultimo-brasileiro-cronica-de-barranco\/","title":{"rendered":"\u201cO \u00faltimo brasileiro\u201d (Cr\u00f4nica de Barranco)"},"content":{"rendered":"<p style=\"text-align: justify;\">Recorda\u00e7\u00f5es de um extrativista e o &#8220;desenvolvimento&#8221;<\/p>\n<p style=\"text-align: justify;\">Contava o ano de 2000 e os jornais, cada um a sua maneira, faziam reportagens especiais sobre a \u201cvirada do s\u00e9culo\u201d. O clich\u00ea centen\u00e1rio vinha de v\u00e1rias formas. Eis que a Folha de S. Paulo resolveu tratar do tema da seguinte maneira: \u201co Brasil dos contrastes na virada do mil\u00eanio\u201d.<\/p>\n<p style=\"text-align: justify;\">Diversos rep\u00f3rteres da Folha mostravam como havia no pa\u00eds regi\u00f5es \u201cextremamente desenvolvidas\u201d e outras que viviam ainda \u201cno s\u00e9culo XVIII\u201d. E, claro, a parte \u201catrasada\u201d da hist\u00f3ria foi contada onde, leitor?<\/p>\n<p style=\"text-align: justify;\">Para o olhar paulistano, o atraso s\u00f3 podia estar por aqui. E l\u00e1 veio o rep\u00f3rter: \u00f3culos de aros escuros e grossos, pele branquinha, cabelos pretos, lisos e partidos de lado. Magro feito uma taboca. Olheiras. Assim que pode, foi direto para M\u00e2ncio Lima.<\/p>\n<p style=\"text-align: justify;\">L\u00e1 chegando, foi visitar uma comunidade distante da cidade um dia de barco, j\u00e1 dentro do Parque Nacional da Serra do Divisor. Conversou com um Dami\u00e3o, extrativista. Mostrou como \u201co pobre\u201d do homem morava.<\/p>\n<p style=\"text-align: justify;\">A vida simples, sem regalias: marca na vida de todo extrativista. Mas, ao menos pela foto, o Dami\u00e3o era homem de boa sa\u00fade nos seus quase 60 anos. Exibia at\u00e9 algum m\u00fasculo torneado nos bra\u00e7os e pernas: camisa surrada de campanha pol\u00edtica, a bermuda velha, o bigode grisalho e mal aparado. O sorriso insistente.<\/p>\n<p style=\"text-align: justify;\">Com ele, mulher e seis filhos. Todos saud\u00e1veis. Alguns, claro, nus. Pela foto, eram pequenos: ainda era permitida a ousadia naquela idade. Uns comendo banana. Outros com o rosto sujo de a\u00e7a\u00ed. A esposa, Tereza, era devota de Nossa Senhora do Perp\u00e9tuo Socorro.<\/p>\n<p style=\"text-align: justify;\">Mas, em toda hist\u00f3ria, o que chamou aten\u00e7\u00e3o foi a declara\u00e7\u00e3o do extrativista. Um depoimento que se harmonizava com a manchete j\u00e1 pronta do peri\u00f3dico paulistano. <br \/>Disse o Dami\u00e3o. \u201cAh! Meu filho! Eu sou o \u00faltimo brasileiro! Depois de mim\u2026\u201d (e apontou com os l\u00e1bios a floresta que lhe acolhia pelas costas) \u201c&#8230; depois de mim s\u00f3 existe bicho e mato. Mas, eu sou feliz aqui. Por Deus, nosso Senhor\u2026!\u201d E, nesse momento, tirou rapidamente o bon\u00e9 da cabe\u00e7a em gesto de rever\u00eancia, olhando para o c\u00e9u. \u201cN\u00e3o troco isso aqui por nada desse mundo\u201d.<\/p>\n<p style=\"text-align: justify;\">Comparada \u00e0s outras realidades da reportagem, a declara\u00e7\u00e3o do Dami\u00e3o Extrativista teve o tom da resigna\u00e7\u00e3o dos ignorantes. Ningu\u00e9m sabe como est\u00e1 o Dami\u00e3o Extrativista hoje.<\/p>\n<p style=\"text-align: justify;\">Pode ter morrido. Pode ter sido picado por uma cobra. Ou ofendido o Mapinguari. Pode ter sido morto por um grupo de traficantes peruanos que transitam livremente na regi\u00e3o transportando coca\u00edna e cooptando fam\u00edlias com rem\u00e9dios e comida.<\/p>\n<p style=\"text-align: justify;\">Pode estar vivo. Pode ter sido contemplado com o Luz para Todos e apagado a lamparina. Pode estar recebendo o Bolsa-Fam\u00edlia. Pode estar vivo e bravo com a movimenta\u00e7\u00e3o da Petrobras no seu quintal.<\/p>\n<p style=\"text-align: justify;\">Ou pode mandar \u00e0s favas tudo isso e continuar teimando na ousadia de ser feliz ao seu modo. Pode estar vivo e ainda lutando contra a ideia que lhe foi imposta de que, com aquele modo de vida, a \u00fanica condi\u00e7\u00e3o que lhe cabe \u00e9 a de ser o \u00faltimo brasileiro. Como estar\u00e1 o Dami\u00e3o Extrativista?<\/p>\n","protected":false},"excerpt":{"rendered":"<p style=\"text-align: justify;\">Recorda\u00e7\u00f5es de um extrativista e o &#8220;desenvolvimento&#8221;<\/p>\n","protected":false},"author":4,"featured_media":21416,"comment_status":"open","ping_status":"open","sticky":false,"template":"","format":"standard","meta":{"jnews-multi-image_gallery":[],"jnews_single_post":[],"jnews_primary_category":[],"jnews_social_meta":[],"jnews_review":[],"enable_review":"","type":"","name":"","summary":"","brand":"","sku":"","good":[],"bad":[],"score_override":"","override_value":"","rating":[],"price":[],"footnotes":""},"categories":[54],"tags":[],"class_list":["post-21417","post","type-post","status-publish","format-standard","has-post-thumbnail","hentry","category-cotidiano"],"yoast_head":"<!-- This site is optimized with the Yoast SEO plugin v26.5 - https:\/\/yoast.com\/wordpress\/plugins\/seo\/ -->\n<title>\u201cO \u00faltimo brasileiro\u201d (Cr\u00f4nica de Barranco) - Agazeta.net<\/title>\n<meta name=\"robots\" content=\"index, follow, max-snippet:-1, max-image-preview:large, max-video-preview:-1\" \/>\n<link rel=\"canonical\" href=\"https:\/\/nk7-testes.com.br\/agazeta\/o-ultimo-brasileiro-cronica-de-barranco\/\" \/>\n<meta property=\"og:locale\" content=\"pt_BR\" \/>\n<meta property=\"og:type\" content=\"article\" \/>\n<meta property=\"og:title\" content=\"\u201cO \u00faltimo brasileiro\u201d (Cr\u00f4nica de Barranco) - Agazeta.net\" \/>\n<meta property=\"og:description\" content=\"Recorda\u00e7\u00f5es de um extrativista e o &quot;desenvolvimento&quot;\" \/>\n<meta property=\"og:url\" content=\"https:\/\/nk7-testes.com.br\/agazeta\/o-ultimo-brasileiro-cronica-de-barranco\/\" \/>\n<meta property=\"og:site_name\" content=\"Agazeta.net\" \/>\n<meta property=\"article:published_time\" content=\"2016-03-04T22:43:10+00:00\" \/>\n<meta property=\"og:image\" content=\"https:\/\/nk7-testes.com.br\/agazeta\/wp-content\/uploads\/2016\/03\/040316-cotidiano-cronicadebarrancoultimobrasileiro-divulgacao.jpg\" \/>\n\t<meta property=\"og:image:width\" content=\"458\" \/>\n\t<meta property=\"og:image:height\" content=\"340\" \/>\n\t<meta property=\"og:image:type\" content=\"image\/jpeg\" \/>\n<meta name=\"author\" content=\"Agazeta.Net\" \/>\n<meta name=\"twitter:card\" content=\"summary_large_image\" \/>\n<meta name=\"twitter:label1\" content=\"Escrito por\" \/>\n\t<meta name=\"twitter:data1\" content=\"Agazeta.Net\" \/>\n\t<meta name=\"twitter:label2\" content=\"Est. tempo de leitura\" \/>\n\t<meta name=\"twitter:data2\" content=\"3 minutos\" \/>\n<script type=\"application\/ld+json\" class=\"yoast-schema-graph\">{\"@context\":\"https:\/\/schema.org\",\"@graph\":[{\"@type\":\"WebPage\",\"@id\":\"https:\/\/nk7-testes.com.br\/agazeta\/o-ultimo-brasileiro-cronica-de-barranco\/\",\"url\":\"https:\/\/nk7-testes.com.br\/agazeta\/o-ultimo-brasileiro-cronica-de-barranco\/\",\"name\":\"\u201cO \u00faltimo brasileiro\u201d (Cr\u00f4nica de Barranco) - Agazeta.net\",\"isPartOf\":{\"@id\":\"https:\/\/nk7-testes.com.br\/agazeta\/#website\"},\"primaryImageOfPage\":{\"@id\":\"https:\/\/nk7-testes.com.br\/agazeta\/o-ultimo-brasileiro-cronica-de-barranco\/#primaryimage\"},\"image\":{\"@id\":\"https:\/\/nk7-testes.com.br\/agazeta\/o-ultimo-brasileiro-cronica-de-barranco\/#primaryimage\"},\"thumbnailUrl\":\"https:\/\/nk7-testes.com.br\/agazeta\/wp-content\/uploads\/2016\/03\/040316-cotidiano-cronicadebarrancoultimobrasileiro-divulgacao.jpg\",\"datePublished\":\"2016-03-04T22:43:10+00:00\",\"author\":{\"@id\":\"https:\/\/nk7-testes.com.br\/agazeta\/#\/schema\/person\/6d6e25cb0435eb4a02fd44d30b4e3020\"},\"breadcrumb\":{\"@id\":\"https:\/\/nk7-testes.com.br\/agazeta\/o-ultimo-brasileiro-cronica-de-barranco\/#breadcrumb\"},\"inLanguage\":\"pt-BR\",\"potentialAction\":[{\"@type\":\"ReadAction\",\"target\":[\"https:\/\/nk7-testes.com.br\/agazeta\/o-ultimo-brasileiro-cronica-de-barranco\/\"]}]},{\"@type\":\"ImageObject\",\"inLanguage\":\"pt-BR\",\"@id\":\"https:\/\/nk7-testes.com.br\/agazeta\/o-ultimo-brasileiro-cronica-de-barranco\/#primaryimage\",\"url\":\"https:\/\/nk7-testes.com.br\/agazeta\/wp-content\/uploads\/2016\/03\/040316-cotidiano-cronicadebarrancoultimobrasileiro-divulgacao.jpg\",\"contentUrl\":\"https:\/\/nk7-testes.com.br\/agazeta\/wp-content\/uploads\/2016\/03\/040316-cotidiano-cronicadebarrancoultimobrasileiro-divulgacao.jpg\",\"width\":458,\"height\":340,\"caption\":\"040316-cotidiano-cronicadebarrancoultimobrasileiro-divulgacao\"},{\"@type\":\"BreadcrumbList\",\"@id\":\"https:\/\/nk7-testes.com.br\/agazeta\/o-ultimo-brasileiro-cronica-de-barranco\/#breadcrumb\",\"itemListElement\":[{\"@type\":\"ListItem\",\"position\":1,\"name\":\"In\u00edcio\",\"item\":\"https:\/\/nk7-testes.com.br\/agazeta\/\"},{\"@type\":\"ListItem\",\"position\":2,\"name\":\"\u201cO \u00faltimo brasileiro\u201d (Cr\u00f4nica de Barranco)\"}]},{\"@type\":\"WebSite\",\"@id\":\"https:\/\/nk7-testes.com.br\/agazeta\/#website\",\"url\":\"https:\/\/nk7-testes.com.br\/agazeta\/\",\"name\":\"Agazeta.net\",\"description\":\"Agazeta.net - Not\u00edcias de Rio Branco\/AC\",\"potentialAction\":[{\"@type\":\"SearchAction\",\"target\":{\"@type\":\"EntryPoint\",\"urlTemplate\":\"https:\/\/nk7-testes.com.br\/agazeta\/?s={search_term_string}\"},\"query-input\":{\"@type\":\"PropertyValueSpecification\",\"valueRequired\":true,\"valueName\":\"search_term_string\"}}],\"inLanguage\":\"pt-BR\"},{\"@type\":\"Person\",\"@id\":\"https:\/\/nk7-testes.com.br\/agazeta\/#\/schema\/person\/6d6e25cb0435eb4a02fd44d30b4e3020\",\"name\":\"Agazeta.Net\",\"url\":\"https:\/\/nk7-testes.com.br\/agazeta\/author\/agazeta\/\"}]}<\/script>\n<!-- \/ Yoast SEO plugin. -->","yoast_head_json":{"title":"\u201cO \u00faltimo brasileiro\u201d (Cr\u00f4nica de Barranco) - Agazeta.net","robots":{"index":"index","follow":"follow","max-snippet":"max-snippet:-1","max-image-preview":"max-image-preview:large","max-video-preview":"max-video-preview:-1"},"canonical":"https:\/\/nk7-testes.com.br\/agazeta\/o-ultimo-brasileiro-cronica-de-barranco\/","og_locale":"pt_BR","og_type":"article","og_title":"\u201cO \u00faltimo brasileiro\u201d (Cr\u00f4nica de Barranco) - Agazeta.net","og_description":"Recorda\u00e7\u00f5es de um extrativista e o \"desenvolvimento\"","og_url":"https:\/\/nk7-testes.com.br\/agazeta\/o-ultimo-brasileiro-cronica-de-barranco\/","og_site_name":"Agazeta.net","article_published_time":"2016-03-04T22:43:10+00:00","og_image":[{"width":458,"height":340,"url":"https:\/\/nk7-testes.com.br\/agazeta\/wp-content\/uploads\/2016\/03\/040316-cotidiano-cronicadebarrancoultimobrasileiro-divulgacao.jpg","type":"image\/jpeg"}],"author":"Agazeta.Net","twitter_card":"summary_large_image","twitter_misc":{"Escrito por":"Agazeta.Net","Est. tempo de leitura":"3 minutos"},"schema":{"@context":"https:\/\/schema.org","@graph":[{"@type":"WebPage","@id":"https:\/\/nk7-testes.com.br\/agazeta\/o-ultimo-brasileiro-cronica-de-barranco\/","url":"https:\/\/nk7-testes.com.br\/agazeta\/o-ultimo-brasileiro-cronica-de-barranco\/","name":"\u201cO \u00faltimo brasileiro\u201d (Cr\u00f4nica de Barranco) - Agazeta.net","isPartOf":{"@id":"https:\/\/nk7-testes.com.br\/agazeta\/#website"},"primaryImageOfPage":{"@id":"https:\/\/nk7-testes.com.br\/agazeta\/o-ultimo-brasileiro-cronica-de-barranco\/#primaryimage"},"image":{"@id":"https:\/\/nk7-testes.com.br\/agazeta\/o-ultimo-brasileiro-cronica-de-barranco\/#primaryimage"},"thumbnailUrl":"https:\/\/nk7-testes.com.br\/agazeta\/wp-content\/uploads\/2016\/03\/040316-cotidiano-cronicadebarrancoultimobrasileiro-divulgacao.jpg","datePublished":"2016-03-04T22:43:10+00:00","author":{"@id":"https:\/\/nk7-testes.com.br\/agazeta\/#\/schema\/person\/6d6e25cb0435eb4a02fd44d30b4e3020"},"breadcrumb":{"@id":"https:\/\/nk7-testes.com.br\/agazeta\/o-ultimo-brasileiro-cronica-de-barranco\/#breadcrumb"},"inLanguage":"pt-BR","potentialAction":[{"@type":"ReadAction","target":["https:\/\/nk7-testes.com.br\/agazeta\/o-ultimo-brasileiro-cronica-de-barranco\/"]}]},{"@type":"ImageObject","inLanguage":"pt-BR","@id":"https:\/\/nk7-testes.com.br\/agazeta\/o-ultimo-brasileiro-cronica-de-barranco\/#primaryimage","url":"https:\/\/nk7-testes.com.br\/agazeta\/wp-content\/uploads\/2016\/03\/040316-cotidiano-cronicadebarrancoultimobrasileiro-divulgacao.jpg","contentUrl":"https:\/\/nk7-testes.com.br\/agazeta\/wp-content\/uploads\/2016\/03\/040316-cotidiano-cronicadebarrancoultimobrasileiro-divulgacao.jpg","width":458,"height":340,"caption":"040316-cotidiano-cronicadebarrancoultimobrasileiro-divulgacao"},{"@type":"BreadcrumbList","@id":"https:\/\/nk7-testes.com.br\/agazeta\/o-ultimo-brasileiro-cronica-de-barranco\/#breadcrumb","itemListElement":[{"@type":"ListItem","position":1,"name":"In\u00edcio","item":"https:\/\/nk7-testes.com.br\/agazeta\/"},{"@type":"ListItem","position":2,"name":"\u201cO \u00faltimo brasileiro\u201d (Cr\u00f4nica de Barranco)"}]},{"@type":"WebSite","@id":"https:\/\/nk7-testes.com.br\/agazeta\/#website","url":"https:\/\/nk7-testes.com.br\/agazeta\/","name":"Agazeta.net","description":"Agazeta.net - Not\u00edcias de Rio Branco\/AC","potentialAction":[{"@type":"SearchAction","target":{"@type":"EntryPoint","urlTemplate":"https:\/\/nk7-testes.com.br\/agazeta\/?s={search_term_string}"},"query-input":{"@type":"PropertyValueSpecification","valueRequired":true,"valueName":"search_term_string"}}],"inLanguage":"pt-BR"},{"@type":"Person","@id":"https:\/\/nk7-testes.com.br\/agazeta\/#\/schema\/person\/6d6e25cb0435eb4a02fd44d30b4e3020","name":"Agazeta.Net","url":"https:\/\/nk7-testes.com.br\/agazeta\/author\/agazeta\/"}]}},"_links":{"self":[{"href":"https:\/\/nk7-testes.com.br\/agazeta\/wp-json\/wp\/v2\/posts\/21417","targetHints":{"allow":["GET"]}}],"collection":[{"href":"https:\/\/nk7-testes.com.br\/agazeta\/wp-json\/wp\/v2\/posts"}],"about":[{"href":"https:\/\/nk7-testes.com.br\/agazeta\/wp-json\/wp\/v2\/types\/post"}],"author":[{"embeddable":true,"href":"https:\/\/nk7-testes.com.br\/agazeta\/wp-json\/wp\/v2\/users\/4"}],"replies":[{"embeddable":true,"href":"https:\/\/nk7-testes.com.br\/agazeta\/wp-json\/wp\/v2\/comments?post=21417"}],"version-history":[{"count":0,"href":"https:\/\/nk7-testes.com.br\/agazeta\/wp-json\/wp\/v2\/posts\/21417\/revisions"}],"wp:featuredmedia":[{"embeddable":true,"href":"https:\/\/nk7-testes.com.br\/agazeta\/wp-json\/wp\/v2\/media\/21416"}],"wp:attachment":[{"href":"https:\/\/nk7-testes.com.br\/agazeta\/wp-json\/wp\/v2\/media?parent=21417"}],"wp:term":[{"taxonomy":"category","embeddable":true,"href":"https:\/\/nk7-testes.com.br\/agazeta\/wp-json\/wp\/v2\/categories?post=21417"},{"taxonomy":"post_tag","embeddable":true,"href":"https:\/\/nk7-testes.com.br\/agazeta\/wp-json\/wp\/v2\/tags?post=21417"}],"curies":[{"name":"wp","href":"https:\/\/api.w.org\/{rel}","templated":true}]}}