{"id":21415,"date":"2016-03-04T16:44:32","date_gmt":"2016-03-04T16:44:32","guid":{"rendered":"https:\/\/abarevegan.com.br\/index.php\/2016\/03\/04\/pescadores-entram-em-conflito-com-policia-em-czs\/"},"modified":"2016-03-04T16:44:32","modified_gmt":"2016-03-04T16:44:32","slug":"pescadores-entram-em-conflito-com-policia-em-czs","status":"publish","type":"post","link":"https:\/\/nk7-testes.com.br\/agazeta\/pescadores-entram-em-conflito-com-policia-em-czs\/","title":{"rendered":"Pescadores entram em conflito com pol\u00edcia em CZS"},"content":{"rendered":"<p style=\"text-align: justify;\">Nove pessoas foram presas e um vereador foi para o hospital<\/p>\n<p style=\"text-align: justify;\">A suspens\u00e3o do pagamento do seguro-Defeso causou confus\u00e3o na manh\u00e3 desta sexta-feira em Cruzeiro do Sul. Os pescadores bloquearam a Ponte da Uni\u00e3o para protestar pela volta do benef\u00edcio.<\/p>\n<p style=\"text-align: justify;\">A Pol\u00edcia Militar foi acionada. Os pescadores entraram em confronto com os trabalhadores. Foi usado spray de pimenta para dispersar o bloqueio da ponte.<br \/>Nove pessoas foram presas, incluindo o vice-presidente da Col\u00f4nia de Pescadores, L\u00e1zaro da Cruz.<\/p>\n<p style=\"text-align: justify;\">O presidente da Col\u00f4nia de Pescadores e vereador em Cruzeiro do Sul, Helenildo Souza teve que ser levado ao Hospital do Juru\u00e1. Ele n\u00e3o foi ferido, mas o nervosismo da situa\u00e7\u00e3o fez com que ele necessitasse de atendimento m\u00e9dico.<\/p>\n<p style=\"text-align: justify;\">Os pescadores sa\u00edram da Ponte da Uni\u00e3o e foram protestar em frente \u00e1 delegacia onde est\u00e3o os companheiros de trabalho presos.<\/p>\n","protected":false},"excerpt":{"rendered":"<p style=\"text-align: justify;\">Nove pessoas foram presas e um vereador foi para o hospital<\/p>\n","protected":false},"author":4,"featured_media":21414,"comment_status":"open","ping_status":"open","sticky":false,"template":"","format":"standard","meta":{"jnews-multi-image_gallery":[],"jnews_single_post":[],"jnews_primary_category":[],"jnews_social_meta":[],"jnews_review":[],"enable_review":"","type":"","name":"","summary":"","brand":"","sku":"","good":[],"bad":[],"score_override":"","override_value":"","rating":[],"price":[],"footnotes":""},"categories":[54],"tags":[],"class_list":["post-21415","post","type-post","status-publish","format-standard","has-post-thumbnail","hentry","category-cotidiano"],"yoast_head":"<!-- This site is optimized with the Yoast SEO plugin v26.5 - https:\/\/yoast.com\/wordpress\/plugins\/seo\/ -->\n<title>Pescadores entram em conflito com pol\u00edcia em CZS - Agazeta.net<\/title>\n<meta name=\"robots\" content=\"index, follow, max-snippet:-1, max-image-preview:large, max-video-preview:-1\" \/>\n<link rel=\"canonical\" href=\"https:\/\/nk7-testes.com.br\/agazeta\/pescadores-entram-em-conflito-com-policia-em-czs\/\" \/>\n<meta property=\"og:locale\" content=\"pt_BR\" \/>\n<meta property=\"og:type\" content=\"article\" \/>\n<meta property=\"og:title\" content=\"Pescadores entram em conflito com pol\u00edcia em CZS - Agazeta.net\" \/>\n<meta property=\"og:description\" content=\"Nove pessoas foram presas e um vereador foi para o hospital\" \/>\n<meta property=\"og:url\" content=\"https:\/\/nk7-testes.com.br\/agazeta\/pescadores-entram-em-conflito-com-policia-em-czs\/\" \/>\n<meta property=\"og:site_name\" content=\"Agazeta.net\" \/>\n<meta property=\"article:published_time\" content=\"2016-03-04T16:44:32+00:00\" \/>\n<meta property=\"og:image\" content=\"https:\/\/nk7-testes.com.br\/agazeta\/wp-content\/uploads\/2016\/03\/040316-cotidiano-pescadores-tvgazeta.jpg\" \/>\n\t<meta property=\"og:image:width\" content=\"458\" \/>\n\t<meta property=\"og:image:height\" content=\"340\" \/>\n\t<meta property=\"og:image:type\" content=\"image\/jpeg\" \/>\n<meta name=\"author\" content=\"Agazeta.Net\" \/>\n<meta name=\"twitter:card\" content=\"summary_large_image\" \/>\n<meta name=\"twitter:label1\" content=\"Escrito por\" \/>\n\t<meta name=\"twitter:data1\" content=\"Agazeta.Net\" \/>\n\t<meta name=\"twitter:label2\" content=\"Est. tempo de leitura\" \/>\n\t<meta name=\"twitter:data2\" content=\"1 minuto\" \/>\n<script type=\"application\/ld+json\" class=\"yoast-schema-graph\">{\"@context\":\"https:\/\/schema.org\",\"@graph\":[{\"@type\":\"WebPage\",\"@id\":\"https:\/\/nk7-testes.com.br\/agazeta\/pescadores-entram-em-conflito-com-policia-em-czs\/\",\"url\":\"https:\/\/nk7-testes.com.br\/agazeta\/pescadores-entram-em-conflito-com-policia-em-czs\/\",\"name\":\"Pescadores entram em conflito com pol\u00edcia em CZS - Agazeta.net\",\"isPartOf\":{\"@id\":\"https:\/\/nk7-testes.com.br\/agazeta\/#website\"},\"primaryImageOfPage\":{\"@id\":\"https:\/\/nk7-testes.com.br\/agazeta\/pescadores-entram-em-conflito-com-policia-em-czs\/#primaryimage\"},\"image\":{\"@id\":\"https:\/\/nk7-testes.com.br\/agazeta\/pescadores-entram-em-conflito-com-policia-em-czs\/#primaryimage\"},\"thumbnailUrl\":\"https:\/\/nk7-testes.com.br\/agazeta\/wp-content\/uploads\/2016\/03\/040316-cotidiano-pescadores-tvgazeta.jpg\",\"datePublished\":\"2016-03-04T16:44:32+00:00\",\"author\":{\"@id\":\"https:\/\/nk7-testes.com.br\/agazeta\/#\/schema\/person\/6d6e25cb0435eb4a02fd44d30b4e3020\"},\"breadcrumb\":{\"@id\":\"https:\/\/nk7-testes.com.br\/agazeta\/pescadores-entram-em-conflito-com-policia-em-czs\/#breadcrumb\"},\"inLanguage\":\"pt-BR\",\"potentialAction\":[{\"@type\":\"ReadAction\",\"target\":[\"https:\/\/nk7-testes.com.br\/agazeta\/pescadores-entram-em-conflito-com-policia-em-czs\/\"]}]},{\"@type\":\"ImageObject\",\"inLanguage\":\"pt-BR\",\"@id\":\"https:\/\/nk7-testes.com.br\/agazeta\/pescadores-entram-em-conflito-com-policia-em-czs\/#primaryimage\",\"url\":\"https:\/\/nk7-testes.com.br\/agazeta\/wp-content\/uploads\/2016\/03\/040316-cotidiano-pescadores-tvgazeta.jpg\",\"contentUrl\":\"https:\/\/nk7-testes.com.br\/agazeta\/wp-content\/uploads\/2016\/03\/040316-cotidiano-pescadores-tvgazeta.jpg\",\"width\":458,\"height\":340,\"caption\":\"040316-cotidiano-pescadores-tvgazeta\"},{\"@type\":\"BreadcrumbList\",\"@id\":\"https:\/\/nk7-testes.com.br\/agazeta\/pescadores-entram-em-conflito-com-policia-em-czs\/#breadcrumb\",\"itemListElement\":[{\"@type\":\"ListItem\",\"position\":1,\"name\":\"In\u00edcio\",\"item\":\"https:\/\/nk7-testes.com.br\/agazeta\/\"},{\"@type\":\"ListItem\",\"position\":2,\"name\":\"Pescadores entram em conflito com pol\u00edcia em CZS\"}]},{\"@type\":\"WebSite\",\"@id\":\"https:\/\/nk7-testes.com.br\/agazeta\/#website\",\"url\":\"https:\/\/nk7-testes.com.br\/agazeta\/\",\"name\":\"Agazeta.net\",\"description\":\"Agazeta.net - Not\u00edcias de Rio Branco\/AC\",\"potentialAction\":[{\"@type\":\"SearchAction\",\"target\":{\"@type\":\"EntryPoint\",\"urlTemplate\":\"https:\/\/nk7-testes.com.br\/agazeta\/?s={search_term_string}\"},\"query-input\":{\"@type\":\"PropertyValueSpecification\",\"valueRequired\":true,\"valueName\":\"search_term_string\"}}],\"inLanguage\":\"pt-BR\"},{\"@type\":\"Person\",\"@id\":\"https:\/\/nk7-testes.com.br\/agazeta\/#\/schema\/person\/6d6e25cb0435eb4a02fd44d30b4e3020\",\"name\":\"Agazeta.Net\",\"url\":\"https:\/\/nk7-testes.com.br\/agazeta\/author\/agazeta\/\"}]}<\/script>\n<!-- \/ Yoast SEO plugin. -->","yoast_head_json":{"title":"Pescadores entram em conflito com pol\u00edcia em CZS - Agazeta.net","robots":{"index":"index","follow":"follow","max-snippet":"max-snippet:-1","max-image-preview":"max-image-preview:large","max-video-preview":"max-video-preview:-1"},"canonical":"https:\/\/nk7-testes.com.br\/agazeta\/pescadores-entram-em-conflito-com-policia-em-czs\/","og_locale":"pt_BR","og_type":"article","og_title":"Pescadores entram em conflito com pol\u00edcia em CZS - Agazeta.net","og_description":"Nove pessoas foram presas e um vereador foi para o hospital","og_url":"https:\/\/nk7-testes.com.br\/agazeta\/pescadores-entram-em-conflito-com-policia-em-czs\/","og_site_name":"Agazeta.net","article_published_time":"2016-03-04T16:44:32+00:00","og_image":[{"width":458,"height":340,"url":"https:\/\/nk7-testes.com.br\/agazeta\/wp-content\/uploads\/2016\/03\/040316-cotidiano-pescadores-tvgazeta.jpg","type":"image\/jpeg"}],"author":"Agazeta.Net","twitter_card":"summary_large_image","twitter_misc":{"Escrito por":"Agazeta.Net","Est. tempo de leitura":"1 minuto"},"schema":{"@context":"https:\/\/schema.org","@graph":[{"@type":"WebPage","@id":"https:\/\/nk7-testes.com.br\/agazeta\/pescadores-entram-em-conflito-com-policia-em-czs\/","url":"https:\/\/nk7-testes.com.br\/agazeta\/pescadores-entram-em-conflito-com-policia-em-czs\/","name":"Pescadores entram em conflito com pol\u00edcia em CZS - Agazeta.net","isPartOf":{"@id":"https:\/\/nk7-testes.com.br\/agazeta\/#website"},"primaryImageOfPage":{"@id":"https:\/\/nk7-testes.com.br\/agazeta\/pescadores-entram-em-conflito-com-policia-em-czs\/#primaryimage"},"image":{"@id":"https:\/\/nk7-testes.com.br\/agazeta\/pescadores-entram-em-conflito-com-policia-em-czs\/#primaryimage"},"thumbnailUrl":"https:\/\/nk7-testes.com.br\/agazeta\/wp-content\/uploads\/2016\/03\/040316-cotidiano-pescadores-tvgazeta.jpg","datePublished":"2016-03-04T16:44:32+00:00","author":{"@id":"https:\/\/nk7-testes.com.br\/agazeta\/#\/schema\/person\/6d6e25cb0435eb4a02fd44d30b4e3020"},"breadcrumb":{"@id":"https:\/\/nk7-testes.com.br\/agazeta\/pescadores-entram-em-conflito-com-policia-em-czs\/#breadcrumb"},"inLanguage":"pt-BR","potentialAction":[{"@type":"ReadAction","target":["https:\/\/nk7-testes.com.br\/agazeta\/pescadores-entram-em-conflito-com-policia-em-czs\/"]}]},{"@type":"ImageObject","inLanguage":"pt-BR","@id":"https:\/\/nk7-testes.com.br\/agazeta\/pescadores-entram-em-conflito-com-policia-em-czs\/#primaryimage","url":"https:\/\/nk7-testes.com.br\/agazeta\/wp-content\/uploads\/2016\/03\/040316-cotidiano-pescadores-tvgazeta.jpg","contentUrl":"https:\/\/nk7-testes.com.br\/agazeta\/wp-content\/uploads\/2016\/03\/040316-cotidiano-pescadores-tvgazeta.jpg","width":458,"height":340,"caption":"040316-cotidiano-pescadores-tvgazeta"},{"@type":"BreadcrumbList","@id":"https:\/\/nk7-testes.com.br\/agazeta\/pescadores-entram-em-conflito-com-policia-em-czs\/#breadcrumb","itemListElement":[{"@type":"ListItem","position":1,"name":"In\u00edcio","item":"https:\/\/nk7-testes.com.br\/agazeta\/"},{"@type":"ListItem","position":2,"name":"Pescadores entram em conflito com pol\u00edcia em CZS"}]},{"@type":"WebSite","@id":"https:\/\/nk7-testes.com.br\/agazeta\/#website","url":"https:\/\/nk7-testes.com.br\/agazeta\/","name":"Agazeta.net","description":"Agazeta.net - Not\u00edcias de Rio Branco\/AC","potentialAction":[{"@type":"SearchAction","target":{"@type":"EntryPoint","urlTemplate":"https:\/\/nk7-testes.com.br\/agazeta\/?s={search_term_string}"},"query-input":{"@type":"PropertyValueSpecification","valueRequired":true,"valueName":"search_term_string"}}],"inLanguage":"pt-BR"},{"@type":"Person","@id":"https:\/\/nk7-testes.com.br\/agazeta\/#\/schema\/person\/6d6e25cb0435eb4a02fd44d30b4e3020","name":"Agazeta.Net","url":"https:\/\/nk7-testes.com.br\/agazeta\/author\/agazeta\/"}]}},"_links":{"self":[{"href":"https:\/\/nk7-testes.com.br\/agazeta\/wp-json\/wp\/v2\/posts\/21415","targetHints":{"allow":["GET"]}}],"collection":[{"href":"https:\/\/nk7-testes.com.br\/agazeta\/wp-json\/wp\/v2\/posts"}],"about":[{"href":"https:\/\/nk7-testes.com.br\/agazeta\/wp-json\/wp\/v2\/types\/post"}],"author":[{"embeddable":true,"href":"https:\/\/nk7-testes.com.br\/agazeta\/wp-json\/wp\/v2\/users\/4"}],"replies":[{"embeddable":true,"href":"https:\/\/nk7-testes.com.br\/agazeta\/wp-json\/wp\/v2\/comments?post=21415"}],"version-history":[{"count":0,"href":"https:\/\/nk7-testes.com.br\/agazeta\/wp-json\/wp\/v2\/posts\/21415\/revisions"}],"wp:featuredmedia":[{"embeddable":true,"href":"https:\/\/nk7-testes.com.br\/agazeta\/wp-json\/wp\/v2\/media\/21414"}],"wp:attachment":[{"href":"https:\/\/nk7-testes.com.br\/agazeta\/wp-json\/wp\/v2\/media?parent=21415"}],"wp:term":[{"taxonomy":"category","embeddable":true,"href":"https:\/\/nk7-testes.com.br\/agazeta\/wp-json\/wp\/v2\/categories?post=21415"},{"taxonomy":"post_tag","embeddable":true,"href":"https:\/\/nk7-testes.com.br\/agazeta\/wp-json\/wp\/v2\/tags?post=21415"}],"curies":[{"name":"wp","href":"https:\/\/api.w.org\/{rel}","templated":true}]}}