{"id":21412,"date":"2016-03-04T15:15:55","date_gmt":"2016-03-04T15:15:55","guid":{"rendered":"https:\/\/abarevegan.com.br\/index.php\/2016\/03\/04\/ufac-inaugura-laboratorio-de-manejo-florestal\/"},"modified":"2016-03-04T15:15:55","modified_gmt":"2016-03-04T15:15:55","slug":"ufac-inaugura-laboratorio-de-manejo-florestal","status":"publish","type":"post","link":"https:\/\/nk7-testes.com.br\/agazeta\/ufac-inaugura-laboratorio-de-manejo-florestal\/","title":{"rendered":"Ufac inaugura laborat\u00f3rio de manejo florestal"},"content":{"rendered":"<p style=\"text-align: justify;\">Espa\u00e7o garantido com emendas do senador Jorge Viana<\/p>\n<p style=\"text-align: justify;\">A Universidade Federal do Acre (Ufac) inaugurou o laborat\u00f3rio de manejo florestal do Centro de Ci\u00eancias Biol\u00f3gicas e da Natureza (CCBN), na manh\u00e3 dessa quinta-feira, 3. A solenidade de entrega contou a presen\u00e7a do reitor Minoru Kinpara; da vice-reitora Guida Aquino; do diretor do CCBN, Carlos Eduardo Gar\u00e7\u00e3o; do coordenador do curso de Engenharia Florestal, Marco Ant\u00f4nio Amaro; do diretor-presidente da Funda\u00e7\u00e3o de Amparo \u00e0 Pesquisa do Acre (Fapac), Mauro Ribeiro; e do senador Jorge Viana.<\/p>\n<p style=\"text-align: justify;\">O espa\u00e7o, que foi equipado com parte do investimento de R$ 500 mil, oriundos da emenda parlamentar de autoria do senador Jorge Viana, conta com materiais de inform\u00e1tica, incluindo 28 computadores com capacidade de suporte a programas espec\u00edficos da \u00e1rea, al\u00e9m de equipamentos de hidrologia florestal, como coletor de dados digitais, sensor de umidade, pluvi\u00f4metro e sensor de radia\u00e7\u00e3o.<\/p>\n<p style=\"text-align: justify;\">Esse \u00e9 o terceiro laborat\u00f3rio vinculado diretamente ao curso de Engenharia Florestal. Ele subsidiar\u00e1 estudantes e professores nas aulas de disciplinas da gradua\u00e7\u00e3o, como Manejo Florestal, Explora\u00e7\u00e3o e Transporte, Invent\u00e1rio de Florestas, Geoprocessamento, Estat\u00edstica Experimental, Biomassa e Carbono. O espa\u00e7o tamb\u00e9m vai atender o mestrado em Ci\u00eancia Florestal, aprovado pela Coordena\u00e7\u00e3o de Aperfei\u00e7oamento de Pessoal de N\u00edvel Superior (Capes) em dezembro do ano passado.<\/p>\n<p style=\"text-align: justify;\">\u201cEssa inaugura\u00e7\u00e3o representa mais um degrau da caminhada iniciada nos anos 2000, com a abertura do curso, e fortalecida no ano passado, com a aprova\u00e7\u00e3o do mestrado em Ci\u00eancia Florestal. Atrav\u00e9s de uma articula\u00e7\u00e3o do nosso centro, da abertura da administra\u00e7\u00e3o e do apoio externo, como o do senador Jorge Viana, temos conseguido avan\u00e7ar na pesquisa em gradua\u00e7\u00e3o e p\u00f3s-gradua\u00e7\u00e3o. O laborat\u00f3rio de manejo florestal traz como maior ganho, sem d\u00favida, o fortalecimento da qualidade de forma\u00e7\u00e3o dos nossos estudantes\u201d, disse o coordenador do curso de Engenharia Florestal, Marco Ant\u00f4nio Amaral.<\/p>\n<p style=\"text-align: justify;\">Convidado para ver de perto a aplica\u00e7\u00e3o dada pela universidade aos recursos por ele garantidos, o senador Jorge Viana disse que se considera um parceiro da institui\u00e7\u00e3o. \u201cNenhum lugar do mundo se desenvolveu sem investir em suas institui\u00e7\u00f5es de ensino.<\/p>\n<p style=\"text-align: justify;\">E \u00e9 por isso que fazemos quest\u00e3o de manter nosso compromisso com a Ufac. Ver materializado um trabalho com recursos oriundos de uma emenda nossa, notar o avan\u00e7o do curso de Engenharia Florestal, comemorar a aprova\u00e7\u00e3o do mestrado em Ci\u00eancia Florestal, tudo isso nos faz seguir firmes no prop\u00f3sito de manter essa parceria, acreditando nos servi\u00e7os da Ufac\u201d, comentou.<\/p>\n<p style=\"text-align: justify;\">O reitor Minoru Kinpara agradeceu a presen\u00e7a do senador e lembrou-se da presen\u00e7a constante do parlamentar nos projetos da institui\u00e7\u00e3o. \u201cO senador participou de todos os momentos importantes do curso de Engenharia Florestal da Ufac, mas n\u00e3o s\u00f3. Ele se mant\u00e9m sempre aberto a receber a Ufac e apostar nos nossos projetos, o que \u00e9 fundamental para que a universidade avance\u201d, opinou o reitor.<\/p>\n<p style=\"text-align: justify;\">\u201cEm tempos de crise, com o or\u00e7amento comprometido, a universidade s\u00f3 consegue crescer gra\u00e7as a essa disposi\u00e7\u00e3o de manter parcerias. N\u00e3o temos medido esfor\u00e7os para conseguir novos apoios e manter a Ufac em reta ascendente\u201d.<\/p>\n","protected":false},"excerpt":{"rendered":"<p style=\"text-align: justify;\">Espa\u00e7o garantido com emendas do senador Jorge Viana<\/p>\n","protected":false},"author":4,"featured_media":21411,"comment_status":"open","ping_status":"open","sticky":false,"template":"","format":"standard","meta":{"jnews-multi-image_gallery":[],"jnews_single_post":[],"jnews_primary_category":[],"jnews_social_meta":[],"jnews_review":[],"enable_review":"","type":"","name":"","summary":"","brand":"","sku":"","good":[],"bad":[],"score_override":"","override_value":"","rating":[],"price":[],"footnotes":""},"categories":[54],"tags":[],"class_list":["post-21412","post","type-post","status-publish","format-standard","has-post-thumbnail","hentry","category-cotidiano"],"yoast_head":"<!-- This site is optimized with the Yoast SEO plugin v26.5 - https:\/\/yoast.com\/wordpress\/plugins\/seo\/ -->\n<title>Ufac inaugura laborat\u00f3rio de manejo florestal - Agazeta.net<\/title>\n<meta name=\"robots\" content=\"index, follow, max-snippet:-1, max-image-preview:large, max-video-preview:-1\" \/>\n<link rel=\"canonical\" href=\"https:\/\/nk7-testes.com.br\/agazeta\/ufac-inaugura-laboratorio-de-manejo-florestal\/\" \/>\n<meta property=\"og:locale\" content=\"pt_BR\" \/>\n<meta property=\"og:type\" content=\"article\" \/>\n<meta property=\"og:title\" content=\"Ufac inaugura laborat\u00f3rio de manejo florestal - Agazeta.net\" \/>\n<meta property=\"og:description\" content=\"Espa\u00e7o garantido com emendas do senador Jorge Viana\" \/>\n<meta property=\"og:url\" content=\"https:\/\/nk7-testes.com.br\/agazeta\/ufac-inaugura-laboratorio-de-manejo-florestal\/\" \/>\n<meta property=\"og:site_name\" content=\"Agazeta.net\" \/>\n<meta property=\"article:published_time\" content=\"2016-03-04T15:15:55+00:00\" \/>\n<meta property=\"og:image\" content=\"https:\/\/nk7-testes.com.br\/agazeta\/wp-content\/uploads\/2016\/03\/040316-cotidiano-ufacmanejo-agenciaufac.jpg\" \/>\n\t<meta property=\"og:image:width\" content=\"458\" \/>\n\t<meta property=\"og:image:height\" content=\"340\" \/>\n\t<meta property=\"og:image:type\" content=\"image\/jpeg\" \/>\n<meta name=\"author\" content=\"Agazeta.Net\" \/>\n<meta name=\"twitter:card\" content=\"summary_large_image\" \/>\n<meta name=\"twitter:label1\" content=\"Escrito por\" \/>\n\t<meta name=\"twitter:data1\" content=\"Agazeta.Net\" \/>\n\t<meta name=\"twitter:label2\" content=\"Est. tempo de leitura\" \/>\n\t<meta name=\"twitter:data2\" content=\"3 minutos\" \/>\n<script type=\"application\/ld+json\" class=\"yoast-schema-graph\">{\"@context\":\"https:\/\/schema.org\",\"@graph\":[{\"@type\":\"WebPage\",\"@id\":\"https:\/\/nk7-testes.com.br\/agazeta\/ufac-inaugura-laboratorio-de-manejo-florestal\/\",\"url\":\"https:\/\/nk7-testes.com.br\/agazeta\/ufac-inaugura-laboratorio-de-manejo-florestal\/\",\"name\":\"Ufac inaugura laborat\u00f3rio de manejo florestal - Agazeta.net\",\"isPartOf\":{\"@id\":\"https:\/\/nk7-testes.com.br\/agazeta\/#website\"},\"primaryImageOfPage\":{\"@id\":\"https:\/\/nk7-testes.com.br\/agazeta\/ufac-inaugura-laboratorio-de-manejo-florestal\/#primaryimage\"},\"image\":{\"@id\":\"https:\/\/nk7-testes.com.br\/agazeta\/ufac-inaugura-laboratorio-de-manejo-florestal\/#primaryimage\"},\"thumbnailUrl\":\"https:\/\/nk7-testes.com.br\/agazeta\/wp-content\/uploads\/2016\/03\/040316-cotidiano-ufacmanejo-agenciaufac.jpg\",\"datePublished\":\"2016-03-04T15:15:55+00:00\",\"author\":{\"@id\":\"https:\/\/nk7-testes.com.br\/agazeta\/#\/schema\/person\/6d6e25cb0435eb4a02fd44d30b4e3020\"},\"breadcrumb\":{\"@id\":\"https:\/\/nk7-testes.com.br\/agazeta\/ufac-inaugura-laboratorio-de-manejo-florestal\/#breadcrumb\"},\"inLanguage\":\"pt-BR\",\"potentialAction\":[{\"@type\":\"ReadAction\",\"target\":[\"https:\/\/nk7-testes.com.br\/agazeta\/ufac-inaugura-laboratorio-de-manejo-florestal\/\"]}]},{\"@type\":\"ImageObject\",\"inLanguage\":\"pt-BR\",\"@id\":\"https:\/\/nk7-testes.com.br\/agazeta\/ufac-inaugura-laboratorio-de-manejo-florestal\/#primaryimage\",\"url\":\"https:\/\/nk7-testes.com.br\/agazeta\/wp-content\/uploads\/2016\/03\/040316-cotidiano-ufacmanejo-agenciaufac.jpg\",\"contentUrl\":\"https:\/\/nk7-testes.com.br\/agazeta\/wp-content\/uploads\/2016\/03\/040316-cotidiano-ufacmanejo-agenciaufac.jpg\",\"width\":458,\"height\":340,\"caption\":\"040316-cotidiano-ufacmanejo-agenciaufac\"},{\"@type\":\"BreadcrumbList\",\"@id\":\"https:\/\/nk7-testes.com.br\/agazeta\/ufac-inaugura-laboratorio-de-manejo-florestal\/#breadcrumb\",\"itemListElement\":[{\"@type\":\"ListItem\",\"position\":1,\"name\":\"In\u00edcio\",\"item\":\"https:\/\/nk7-testes.com.br\/agazeta\/\"},{\"@type\":\"ListItem\",\"position\":2,\"name\":\"Ufac inaugura laborat\u00f3rio de manejo florestal\"}]},{\"@type\":\"WebSite\",\"@id\":\"https:\/\/nk7-testes.com.br\/agazeta\/#website\",\"url\":\"https:\/\/nk7-testes.com.br\/agazeta\/\",\"name\":\"Agazeta.net\",\"description\":\"Agazeta.net - Not\u00edcias de Rio Branco\/AC\",\"potentialAction\":[{\"@type\":\"SearchAction\",\"target\":{\"@type\":\"EntryPoint\",\"urlTemplate\":\"https:\/\/nk7-testes.com.br\/agazeta\/?s={search_term_string}\"},\"query-input\":{\"@type\":\"PropertyValueSpecification\",\"valueRequired\":true,\"valueName\":\"search_term_string\"}}],\"inLanguage\":\"pt-BR\"},{\"@type\":\"Person\",\"@id\":\"https:\/\/nk7-testes.com.br\/agazeta\/#\/schema\/person\/6d6e25cb0435eb4a02fd44d30b4e3020\",\"name\":\"Agazeta.Net\",\"url\":\"https:\/\/nk7-testes.com.br\/agazeta\/author\/agazeta\/\"}]}<\/script>\n<!-- \/ Yoast SEO plugin. -->","yoast_head_json":{"title":"Ufac inaugura laborat\u00f3rio de manejo florestal - Agazeta.net","robots":{"index":"index","follow":"follow","max-snippet":"max-snippet:-1","max-image-preview":"max-image-preview:large","max-video-preview":"max-video-preview:-1"},"canonical":"https:\/\/nk7-testes.com.br\/agazeta\/ufac-inaugura-laboratorio-de-manejo-florestal\/","og_locale":"pt_BR","og_type":"article","og_title":"Ufac inaugura laborat\u00f3rio de manejo florestal - Agazeta.net","og_description":"Espa\u00e7o garantido com emendas do senador Jorge Viana","og_url":"https:\/\/nk7-testes.com.br\/agazeta\/ufac-inaugura-laboratorio-de-manejo-florestal\/","og_site_name":"Agazeta.net","article_published_time":"2016-03-04T15:15:55+00:00","og_image":[{"width":458,"height":340,"url":"https:\/\/nk7-testes.com.br\/agazeta\/wp-content\/uploads\/2016\/03\/040316-cotidiano-ufacmanejo-agenciaufac.jpg","type":"image\/jpeg"}],"author":"Agazeta.Net","twitter_card":"summary_large_image","twitter_misc":{"Escrito por":"Agazeta.Net","Est. tempo de leitura":"3 minutos"},"schema":{"@context":"https:\/\/schema.org","@graph":[{"@type":"WebPage","@id":"https:\/\/nk7-testes.com.br\/agazeta\/ufac-inaugura-laboratorio-de-manejo-florestal\/","url":"https:\/\/nk7-testes.com.br\/agazeta\/ufac-inaugura-laboratorio-de-manejo-florestal\/","name":"Ufac inaugura laborat\u00f3rio de manejo florestal - Agazeta.net","isPartOf":{"@id":"https:\/\/nk7-testes.com.br\/agazeta\/#website"},"primaryImageOfPage":{"@id":"https:\/\/nk7-testes.com.br\/agazeta\/ufac-inaugura-laboratorio-de-manejo-florestal\/#primaryimage"},"image":{"@id":"https:\/\/nk7-testes.com.br\/agazeta\/ufac-inaugura-laboratorio-de-manejo-florestal\/#primaryimage"},"thumbnailUrl":"https:\/\/nk7-testes.com.br\/agazeta\/wp-content\/uploads\/2016\/03\/040316-cotidiano-ufacmanejo-agenciaufac.jpg","datePublished":"2016-03-04T15:15:55+00:00","author":{"@id":"https:\/\/nk7-testes.com.br\/agazeta\/#\/schema\/person\/6d6e25cb0435eb4a02fd44d30b4e3020"},"breadcrumb":{"@id":"https:\/\/nk7-testes.com.br\/agazeta\/ufac-inaugura-laboratorio-de-manejo-florestal\/#breadcrumb"},"inLanguage":"pt-BR","potentialAction":[{"@type":"ReadAction","target":["https:\/\/nk7-testes.com.br\/agazeta\/ufac-inaugura-laboratorio-de-manejo-florestal\/"]}]},{"@type":"ImageObject","inLanguage":"pt-BR","@id":"https:\/\/nk7-testes.com.br\/agazeta\/ufac-inaugura-laboratorio-de-manejo-florestal\/#primaryimage","url":"https:\/\/nk7-testes.com.br\/agazeta\/wp-content\/uploads\/2016\/03\/040316-cotidiano-ufacmanejo-agenciaufac.jpg","contentUrl":"https:\/\/nk7-testes.com.br\/agazeta\/wp-content\/uploads\/2016\/03\/040316-cotidiano-ufacmanejo-agenciaufac.jpg","width":458,"height":340,"caption":"040316-cotidiano-ufacmanejo-agenciaufac"},{"@type":"BreadcrumbList","@id":"https:\/\/nk7-testes.com.br\/agazeta\/ufac-inaugura-laboratorio-de-manejo-florestal\/#breadcrumb","itemListElement":[{"@type":"ListItem","position":1,"name":"In\u00edcio","item":"https:\/\/nk7-testes.com.br\/agazeta\/"},{"@type":"ListItem","position":2,"name":"Ufac inaugura laborat\u00f3rio de manejo florestal"}]},{"@type":"WebSite","@id":"https:\/\/nk7-testes.com.br\/agazeta\/#website","url":"https:\/\/nk7-testes.com.br\/agazeta\/","name":"Agazeta.net","description":"Agazeta.net - Not\u00edcias de Rio Branco\/AC","potentialAction":[{"@type":"SearchAction","target":{"@type":"EntryPoint","urlTemplate":"https:\/\/nk7-testes.com.br\/agazeta\/?s={search_term_string}"},"query-input":{"@type":"PropertyValueSpecification","valueRequired":true,"valueName":"search_term_string"}}],"inLanguage":"pt-BR"},{"@type":"Person","@id":"https:\/\/nk7-testes.com.br\/agazeta\/#\/schema\/person\/6d6e25cb0435eb4a02fd44d30b4e3020","name":"Agazeta.Net","url":"https:\/\/nk7-testes.com.br\/agazeta\/author\/agazeta\/"}]}},"_links":{"self":[{"href":"https:\/\/nk7-testes.com.br\/agazeta\/wp-json\/wp\/v2\/posts\/21412","targetHints":{"allow":["GET"]}}],"collection":[{"href":"https:\/\/nk7-testes.com.br\/agazeta\/wp-json\/wp\/v2\/posts"}],"about":[{"href":"https:\/\/nk7-testes.com.br\/agazeta\/wp-json\/wp\/v2\/types\/post"}],"author":[{"embeddable":true,"href":"https:\/\/nk7-testes.com.br\/agazeta\/wp-json\/wp\/v2\/users\/4"}],"replies":[{"embeddable":true,"href":"https:\/\/nk7-testes.com.br\/agazeta\/wp-json\/wp\/v2\/comments?post=21412"}],"version-history":[{"count":0,"href":"https:\/\/nk7-testes.com.br\/agazeta\/wp-json\/wp\/v2\/posts\/21412\/revisions"}],"wp:featuredmedia":[{"embeddable":true,"href":"https:\/\/nk7-testes.com.br\/agazeta\/wp-json\/wp\/v2\/media\/21411"}],"wp:attachment":[{"href":"https:\/\/nk7-testes.com.br\/agazeta\/wp-json\/wp\/v2\/media?parent=21412"}],"wp:term":[{"taxonomy":"category","embeddable":true,"href":"https:\/\/nk7-testes.com.br\/agazeta\/wp-json\/wp\/v2\/categories?post=21412"},{"taxonomy":"post_tag","embeddable":true,"href":"https:\/\/nk7-testes.com.br\/agazeta\/wp-json\/wp\/v2\/tags?post=21412"}],"curies":[{"name":"wp","href":"https:\/\/api.w.org\/{rel}","templated":true}]}}