{"id":21393,"date":"2016-03-03T14:13:28","date_gmt":"2016-03-03T14:13:28","guid":{"rendered":"https:\/\/abarevegan.com.br\/index.php\/2016\/03\/03\/uma-identidade-amazonica-em-rede-esta-no-sesc\/"},"modified":"2016-03-03T14:13:28","modified_gmt":"2016-03-03T14:13:28","slug":"uma-identidade-amazonica-em-rede-esta-no-sesc","status":"publish","type":"post","link":"https:\/\/nk7-testes.com.br\/agazeta\/uma-identidade-amazonica-em-rede-esta-no-sesc\/","title":{"rendered":"\u201cUma identidade Amaz\u00f4nica em Rede\u201d est\u00e1 no Sesc"},"content":{"rendered":"<p style=\"text-align: justify;\">Ueliton Santana exp\u00f5e at\u00e9 dia 30 de mar\u00e7o<\/p>\n<p style=\"text-align: justify;\">O Sesc no Acre, atrav\u00e9s do projeto Calenarte, apresenta a exposi\u00e7\u00e3o do artista pl\u00e1stico Ueliton Santana \u201cUma identidade Amaz\u00f4nica em Rede\u201d. A noite de abertura ocorre nesta sexta-feira, dia 4, \u00e0s 19h no sal\u00e3o de exposi\u00e7\u00f5es do Sesc Centro. O p\u00fablico tem acesso ao trabalho do artista at\u00e9 o dia 30 de mar\u00e7o.<\/p>\n<p style=\"text-align: justify;\">Sobre o artista<\/p>\n<p style=\"text-align: justify;\">Doutor em arte Contempor\u00e2nea pela Universidade de Coimbra, Mestre em Ci\u00eancias pela UFRJ, Especialista em Metodologia do Ensino da Arte, Gradua\u00e7\u00e3o em Licenciatura em Artes Visuais, estudou Belas Artes em Cuzcu\/Peru.<\/p>\n<p style=\"text-align: justify;\">Proferiu diversas palestras sobre artes visuais na maioria dos estados brasileiros. Santana tem experi\u00eancia em doc\u00eancia. Ministrou diversos cursos sobre artes visuais; desenho, pintura, xilogravura, Hist\u00f3ria da Arte e realizou exposi\u00e7\u00f5es individuais e coletivas nas principais capitais brasileiras com curadoria de Paulo Herkenhoff, Agnaldo Farias, Marcus Lontra.<\/p>\n<p style=\"text-align: justify;\">J\u00e1 exp\u00f4s fora do pa\u00eds. \u00c9 docente do Instituto Federal de Educa\u00e7\u00e3o Ci\u00eancia e Tecnologia do Acre na \u00e1rea de Artes.<\/p>\n","protected":false},"excerpt":{"rendered":"<p style=\"text-align: justify;\">Ueliton Santana exp\u00f5e at\u00e9 dia 30 de mar\u00e7o<\/p>\n","protected":false},"author":4,"featured_media":21392,"comment_status":"open","ping_status":"open","sticky":false,"template":"","format":"standard","meta":{"jnews-multi-image_gallery":[],"jnews_single_post":[],"jnews_primary_category":[],"jnews_social_meta":[],"jnews_review":[],"enable_review":"","type":"","name":"","summary":"","brand":"","sku":"","good":[],"bad":[],"score_override":"","override_value":"","rating":[],"price":[],"footnotes":""},"categories":[54],"tags":[],"class_list":["post-21393","post","type-post","status-publish","format-standard","has-post-thumbnail","hentry","category-cotidiano"],"yoast_head":"<!-- This site is optimized with the Yoast SEO plugin v26.5 - https:\/\/yoast.com\/wordpress\/plugins\/seo\/ -->\n<title>\u201cUma identidade Amaz\u00f4nica em Rede\u201d est\u00e1 no Sesc - Agazeta.net<\/title>\n<meta name=\"robots\" content=\"index, follow, max-snippet:-1, max-image-preview:large, max-video-preview:-1\" \/>\n<link rel=\"canonical\" href=\"https:\/\/nk7-testes.com.br\/agazeta\/uma-identidade-amazonica-em-rede-esta-no-sesc\/\" \/>\n<meta property=\"og:locale\" content=\"pt_BR\" \/>\n<meta property=\"og:type\" content=\"article\" \/>\n<meta property=\"og:title\" content=\"\u201cUma identidade Amaz\u00f4nica em Rede\u201d est\u00e1 no Sesc - Agazeta.net\" \/>\n<meta property=\"og:description\" content=\"Ueliton Santana exp\u00f5e at\u00e9 dia 30 de mar\u00e7o\" \/>\n<meta property=\"og:url\" content=\"https:\/\/nk7-testes.com.br\/agazeta\/uma-identidade-amazonica-em-rede-esta-no-sesc\/\" \/>\n<meta property=\"og:site_name\" content=\"Agazeta.net\" \/>\n<meta property=\"article:published_time\" content=\"2016-03-03T14:13:28+00:00\" \/>\n<meta property=\"og:image\" content=\"https:\/\/nk7-testes.com.br\/agazeta\/wp-content\/uploads\/2016\/03\/030316-cotidiano-identidadesemrede-divulgacao.jpg\" \/>\n\t<meta property=\"og:image:width\" content=\"458\" \/>\n\t<meta property=\"og:image:height\" content=\"340\" \/>\n\t<meta property=\"og:image:type\" content=\"image\/jpeg\" \/>\n<meta name=\"author\" content=\"Agazeta.Net\" \/>\n<meta name=\"twitter:card\" content=\"summary_large_image\" \/>\n<meta name=\"twitter:label1\" content=\"Escrito por\" \/>\n\t<meta name=\"twitter:data1\" content=\"Agazeta.Net\" \/>\n\t<meta name=\"twitter:label2\" content=\"Est. tempo de leitura\" \/>\n\t<meta name=\"twitter:data2\" content=\"1 minuto\" \/>\n<script type=\"application\/ld+json\" class=\"yoast-schema-graph\">{\"@context\":\"https:\/\/schema.org\",\"@graph\":[{\"@type\":\"WebPage\",\"@id\":\"https:\/\/nk7-testes.com.br\/agazeta\/uma-identidade-amazonica-em-rede-esta-no-sesc\/\",\"url\":\"https:\/\/nk7-testes.com.br\/agazeta\/uma-identidade-amazonica-em-rede-esta-no-sesc\/\",\"name\":\"\u201cUma identidade Amaz\u00f4nica em Rede\u201d est\u00e1 no Sesc - Agazeta.net\",\"isPartOf\":{\"@id\":\"https:\/\/nk7-testes.com.br\/agazeta\/#website\"},\"primaryImageOfPage\":{\"@id\":\"https:\/\/nk7-testes.com.br\/agazeta\/uma-identidade-amazonica-em-rede-esta-no-sesc\/#primaryimage\"},\"image\":{\"@id\":\"https:\/\/nk7-testes.com.br\/agazeta\/uma-identidade-amazonica-em-rede-esta-no-sesc\/#primaryimage\"},\"thumbnailUrl\":\"https:\/\/nk7-testes.com.br\/agazeta\/wp-content\/uploads\/2016\/03\/030316-cotidiano-identidadesemrede-divulgacao.jpg\",\"datePublished\":\"2016-03-03T14:13:28+00:00\",\"author\":{\"@id\":\"https:\/\/nk7-testes.com.br\/agazeta\/#\/schema\/person\/6d6e25cb0435eb4a02fd44d30b4e3020\"},\"breadcrumb\":{\"@id\":\"https:\/\/nk7-testes.com.br\/agazeta\/uma-identidade-amazonica-em-rede-esta-no-sesc\/#breadcrumb\"},\"inLanguage\":\"pt-BR\",\"potentialAction\":[{\"@type\":\"ReadAction\",\"target\":[\"https:\/\/nk7-testes.com.br\/agazeta\/uma-identidade-amazonica-em-rede-esta-no-sesc\/\"]}]},{\"@type\":\"ImageObject\",\"inLanguage\":\"pt-BR\",\"@id\":\"https:\/\/nk7-testes.com.br\/agazeta\/uma-identidade-amazonica-em-rede-esta-no-sesc\/#primaryimage\",\"url\":\"https:\/\/nk7-testes.com.br\/agazeta\/wp-content\/uploads\/2016\/03\/030316-cotidiano-identidadesemrede-divulgacao.jpg\",\"contentUrl\":\"https:\/\/nk7-testes.com.br\/agazeta\/wp-content\/uploads\/2016\/03\/030316-cotidiano-identidadesemrede-divulgacao.jpg\",\"width\":458,\"height\":340,\"caption\":\"030316-cotidiano-identidadesemrede-divulgacao\"},{\"@type\":\"BreadcrumbList\",\"@id\":\"https:\/\/nk7-testes.com.br\/agazeta\/uma-identidade-amazonica-em-rede-esta-no-sesc\/#breadcrumb\",\"itemListElement\":[{\"@type\":\"ListItem\",\"position\":1,\"name\":\"In\u00edcio\",\"item\":\"https:\/\/nk7-testes.com.br\/agazeta\/\"},{\"@type\":\"ListItem\",\"position\":2,\"name\":\"\u201cUma identidade Amaz\u00f4nica em Rede\u201d est\u00e1 no Sesc\"}]},{\"@type\":\"WebSite\",\"@id\":\"https:\/\/nk7-testes.com.br\/agazeta\/#website\",\"url\":\"https:\/\/nk7-testes.com.br\/agazeta\/\",\"name\":\"Agazeta.net\",\"description\":\"Agazeta.net - Not\u00edcias de Rio Branco\/AC\",\"potentialAction\":[{\"@type\":\"SearchAction\",\"target\":{\"@type\":\"EntryPoint\",\"urlTemplate\":\"https:\/\/nk7-testes.com.br\/agazeta\/?s={search_term_string}\"},\"query-input\":{\"@type\":\"PropertyValueSpecification\",\"valueRequired\":true,\"valueName\":\"search_term_string\"}}],\"inLanguage\":\"pt-BR\"},{\"@type\":\"Person\",\"@id\":\"https:\/\/nk7-testes.com.br\/agazeta\/#\/schema\/person\/6d6e25cb0435eb4a02fd44d30b4e3020\",\"name\":\"Agazeta.Net\",\"url\":\"https:\/\/nk7-testes.com.br\/agazeta\/author\/agazeta\/\"}]}<\/script>\n<!-- \/ Yoast SEO plugin. -->","yoast_head_json":{"title":"\u201cUma identidade Amaz\u00f4nica em Rede\u201d est\u00e1 no Sesc - Agazeta.net","robots":{"index":"index","follow":"follow","max-snippet":"max-snippet:-1","max-image-preview":"max-image-preview:large","max-video-preview":"max-video-preview:-1"},"canonical":"https:\/\/nk7-testes.com.br\/agazeta\/uma-identidade-amazonica-em-rede-esta-no-sesc\/","og_locale":"pt_BR","og_type":"article","og_title":"\u201cUma identidade Amaz\u00f4nica em Rede\u201d est\u00e1 no Sesc - Agazeta.net","og_description":"Ueliton Santana exp\u00f5e at\u00e9 dia 30 de mar\u00e7o","og_url":"https:\/\/nk7-testes.com.br\/agazeta\/uma-identidade-amazonica-em-rede-esta-no-sesc\/","og_site_name":"Agazeta.net","article_published_time":"2016-03-03T14:13:28+00:00","og_image":[{"width":458,"height":340,"url":"https:\/\/nk7-testes.com.br\/agazeta\/wp-content\/uploads\/2016\/03\/030316-cotidiano-identidadesemrede-divulgacao.jpg","type":"image\/jpeg"}],"author":"Agazeta.Net","twitter_card":"summary_large_image","twitter_misc":{"Escrito por":"Agazeta.Net","Est. tempo de leitura":"1 minuto"},"schema":{"@context":"https:\/\/schema.org","@graph":[{"@type":"WebPage","@id":"https:\/\/nk7-testes.com.br\/agazeta\/uma-identidade-amazonica-em-rede-esta-no-sesc\/","url":"https:\/\/nk7-testes.com.br\/agazeta\/uma-identidade-amazonica-em-rede-esta-no-sesc\/","name":"\u201cUma identidade Amaz\u00f4nica em Rede\u201d est\u00e1 no Sesc - Agazeta.net","isPartOf":{"@id":"https:\/\/nk7-testes.com.br\/agazeta\/#website"},"primaryImageOfPage":{"@id":"https:\/\/nk7-testes.com.br\/agazeta\/uma-identidade-amazonica-em-rede-esta-no-sesc\/#primaryimage"},"image":{"@id":"https:\/\/nk7-testes.com.br\/agazeta\/uma-identidade-amazonica-em-rede-esta-no-sesc\/#primaryimage"},"thumbnailUrl":"https:\/\/nk7-testes.com.br\/agazeta\/wp-content\/uploads\/2016\/03\/030316-cotidiano-identidadesemrede-divulgacao.jpg","datePublished":"2016-03-03T14:13:28+00:00","author":{"@id":"https:\/\/nk7-testes.com.br\/agazeta\/#\/schema\/person\/6d6e25cb0435eb4a02fd44d30b4e3020"},"breadcrumb":{"@id":"https:\/\/nk7-testes.com.br\/agazeta\/uma-identidade-amazonica-em-rede-esta-no-sesc\/#breadcrumb"},"inLanguage":"pt-BR","potentialAction":[{"@type":"ReadAction","target":["https:\/\/nk7-testes.com.br\/agazeta\/uma-identidade-amazonica-em-rede-esta-no-sesc\/"]}]},{"@type":"ImageObject","inLanguage":"pt-BR","@id":"https:\/\/nk7-testes.com.br\/agazeta\/uma-identidade-amazonica-em-rede-esta-no-sesc\/#primaryimage","url":"https:\/\/nk7-testes.com.br\/agazeta\/wp-content\/uploads\/2016\/03\/030316-cotidiano-identidadesemrede-divulgacao.jpg","contentUrl":"https:\/\/nk7-testes.com.br\/agazeta\/wp-content\/uploads\/2016\/03\/030316-cotidiano-identidadesemrede-divulgacao.jpg","width":458,"height":340,"caption":"030316-cotidiano-identidadesemrede-divulgacao"},{"@type":"BreadcrumbList","@id":"https:\/\/nk7-testes.com.br\/agazeta\/uma-identidade-amazonica-em-rede-esta-no-sesc\/#breadcrumb","itemListElement":[{"@type":"ListItem","position":1,"name":"In\u00edcio","item":"https:\/\/nk7-testes.com.br\/agazeta\/"},{"@type":"ListItem","position":2,"name":"\u201cUma identidade Amaz\u00f4nica em Rede\u201d est\u00e1 no Sesc"}]},{"@type":"WebSite","@id":"https:\/\/nk7-testes.com.br\/agazeta\/#website","url":"https:\/\/nk7-testes.com.br\/agazeta\/","name":"Agazeta.net","description":"Agazeta.net - Not\u00edcias de Rio Branco\/AC","potentialAction":[{"@type":"SearchAction","target":{"@type":"EntryPoint","urlTemplate":"https:\/\/nk7-testes.com.br\/agazeta\/?s={search_term_string}"},"query-input":{"@type":"PropertyValueSpecification","valueRequired":true,"valueName":"search_term_string"}}],"inLanguage":"pt-BR"},{"@type":"Person","@id":"https:\/\/nk7-testes.com.br\/agazeta\/#\/schema\/person\/6d6e25cb0435eb4a02fd44d30b4e3020","name":"Agazeta.Net","url":"https:\/\/nk7-testes.com.br\/agazeta\/author\/agazeta\/"}]}},"_links":{"self":[{"href":"https:\/\/nk7-testes.com.br\/agazeta\/wp-json\/wp\/v2\/posts\/21393","targetHints":{"allow":["GET"]}}],"collection":[{"href":"https:\/\/nk7-testes.com.br\/agazeta\/wp-json\/wp\/v2\/posts"}],"about":[{"href":"https:\/\/nk7-testes.com.br\/agazeta\/wp-json\/wp\/v2\/types\/post"}],"author":[{"embeddable":true,"href":"https:\/\/nk7-testes.com.br\/agazeta\/wp-json\/wp\/v2\/users\/4"}],"replies":[{"embeddable":true,"href":"https:\/\/nk7-testes.com.br\/agazeta\/wp-json\/wp\/v2\/comments?post=21393"}],"version-history":[{"count":0,"href":"https:\/\/nk7-testes.com.br\/agazeta\/wp-json\/wp\/v2\/posts\/21393\/revisions"}],"wp:featuredmedia":[{"embeddable":true,"href":"https:\/\/nk7-testes.com.br\/agazeta\/wp-json\/wp\/v2\/media\/21392"}],"wp:attachment":[{"href":"https:\/\/nk7-testes.com.br\/agazeta\/wp-json\/wp\/v2\/media?parent=21393"}],"wp:term":[{"taxonomy":"category","embeddable":true,"href":"https:\/\/nk7-testes.com.br\/agazeta\/wp-json\/wp\/v2\/categories?post=21393"},{"taxonomy":"post_tag","embeddable":true,"href":"https:\/\/nk7-testes.com.br\/agazeta\/wp-json\/wp\/v2\/tags?post=21393"}],"curies":[{"name":"wp","href":"https:\/\/api.w.org\/{rel}","templated":true}]}}