{"id":21358,"date":"2016-03-01T16:15:59","date_gmt":"2016-03-01T16:15:59","guid":{"rendered":"https:\/\/abarevegan.com.br\/index.php\/2016\/03\/01\/record-apresenta-nova-programacao\/"},"modified":"2016-03-01T16:15:59","modified_gmt":"2016-03-01T16:15:59","slug":"record-apresenta-nova-programacao","status":"publish","type":"post","link":"https:\/\/nk7-testes.com.br\/agazeta\/record-apresenta-nova-programacao\/","title":{"rendered":"Record apresenta nova programa\u00e7\u00e3o"},"content":{"rendered":"<p style=\"text-align: justify;\">Mamonas Assassinas e F\u00e1bio Porchat na grade<\/p>\n<p style=\"text-align: justify;\">A Record reuniu o elenco da emissora, a imprensa, o mercado publicit\u00e1rio e parceiros para apresentar as novidades da programa\u00e7\u00e3o 2016.<\/p>\n<p style=\"text-align: justify;\">Entre os destaques da emissora est\u00e3o a chegada de F\u00e1bio Porchat, &#8220;Os Dez Mandamentos \u2013 Nova Temporada&#8221;, a novela &#8220;A Terra Prometida&#8221;, a s\u00e9rie de a\u00e7\u00e3o &#8220;Sem Volta&#8221; (de Gustavo Lipsztein), a novela &#8220;Escrava M\u00e3e&#8221; (de Gustavo Reiz) e \u201cPower Couple&#8221;, um reality show com oito casais que ser\u00e1 apresentado por Roberto Justus.<\/p>\n<p style=\"text-align: justify;\">Buddy Valastro comandar\u00e1 dois programas: mais uma temporada de \u201cBatalha dos Confeiteiros Brasil\u201d e tamb\u00e9m o reality de gastronomia \u201cCozinha em Guerra\u201d, um formato in\u00e9dito no Brasil.<\/p>\n<p style=\"text-align: justify;\">O reality &#8220;Power Couple&#8221; ter\u00e1 como participantes o casal Andreia Sorvet\u00e3o e Conrado e as celebridades Laura Keller, Mario Velloso, Simony, Gretchen, o sertanejo Gian, o ex-jogador de futebol T\u00falio, o ex-boxeador Pop\u00f3, com seus respectivos pares.<\/p>\n<p style=\"text-align: justify;\">\u201cEscrava M\u00e3e&#8221; estreia em abril em um novo hor\u00e1rio de novelas, \u00e0s 19h30, com Pedro Carvalho e Gabriela Moreyra como casal protagonista. Neste m\u00eas, tamb\u00e9m chega \u00e0 tela da Record \u201cOs Dez Mandamentos \u2013 Nova Temporada\u201d, continua\u00e7\u00e3o do sucesso \u201cOs Dez Mandamentos\u201d, que bateu recordes de audi\u00eancia em 2015.<\/p>\n<p style=\"text-align: justify;\">Em seguida, em julho, estreia \u201cA Terra Prometida\u201d, que ter\u00e1 no elenco Kadu Moliterno, N\u00edvea Stelmann, Cristiana Oliveira, Dudu Azevedo e Paloma Bernardi, os novos contratados da emissora, al\u00e9m de Sidney Sampaio.<\/p>\n<p style=\"text-align: justify;\">Um dos destaques da programa\u00e7\u00e3o 2016 ser\u00e1 \u201cMamonas Assassinas &#8211; A S\u00e9rie\u201d. Escrita por Carlos Lombardi, a atra\u00e7\u00e3o ter\u00e1 cinco epis\u00f3dios emocionantes inspirados em fatos reais do grupo de sucesso Mamonas Assassinas, cuja trajet\u00f3ria foi interrompida h\u00e1 20 anos em um acidente a\u00e9reo. O protagonista, que dar\u00e1 vida ao vocalista Dinho, ser\u00e1 o ator Ruy Brissac.<\/p>\n<p style=\"text-align: justify;\">E a Record n\u00e3o ficar\u00e1 de fora da cobertura das Olimp\u00edadas no Rio de Janeiro. Ser\u00e3o 17 dias acompanhando as disputas, as vit\u00f3rias e os bastidores, al\u00e9m dos passos das principais estrelas do esporte brasileiro e mundial.<\/p>\n<p style=\"text-align: justify;\">A equipe de jornalistas da emissora oficial do evento estar\u00e1 posicionada para n\u00e3o perder nenhum detalhe. O departamento de jornalismo ficar\u00e1 24 horas por dia ligado em tudo o que acontece.<\/p>\n<p style=\"text-align: justify;\">E a Record tamb\u00e9m far\u00e1 coberturas especiais nas elei\u00e7\u00f5es municipais 2016, al\u00e9m de debates com os candidatos. E nos Estados Unidos, a equipe da Record acompanhar\u00e1 de perto as elei\u00e7\u00f5es presidenciais.<\/p>\n<p style=\"text-align: justify;\">O programa \u201cXuxa Meneghel\u201d ganhar\u00e1 novos quadros, como &#8220;Casando Papai e Mam\u00e3e&#8221; e outras competi\u00e7\u00f5es musicais. E tem tamb\u00e9m mais uma temporada de 50 por 1 com \u00c1lvaro Garnero.<\/p>\n<p style=\"text-align: justify;\">No pacote de filmes da Record est\u00e3o &#8220;Meu Malvado Favorito 2&#8221;, &#8220;Clube de Compras Dallas&#8221; e \u201cA Maldi\u00e7\u00e3o de ChucK\u201d, al\u00e9m das s\u00e9ries &#8220;Chicago Med&#8221; e &#8220;Shades of Blue&#8221;. <br \/>A grande surpresa do dia ficou por conta de F\u00e1bio Porchat, o novo contratado da emissora, que estrear\u00e1, no segundo semestre, um talk show no fim de noite, que ir\u00e1 ao ar de segunda a quinta-feira.<\/p>\n<p style=\"text-align: justify;\">O vice-presidente art\u00edstico e de produ\u00e7\u00e3o da Record, Marcelo Silva, acredita que a nova temporada de programa\u00e7\u00e3o da Record promete fortes emo\u00e7\u00f5es. \u201cCom certeza, 2016 ser\u00e1 um ano maravilhoso para todos n\u00f3s! Trabalhamos com muito carinho e dedica\u00e7\u00e3o para apresentar uma programa\u00e7\u00e3o de qualidade. A Record vai continuar investindo em novos formatos e novas parcerias para levar o que h\u00e1 de melhor a todos os nossos telespectadores. Esse \u00e9 o nosso compromisso\u201d.<\/p>\n<p style=\"text-align: justify;\">Ele ainda adiantou: &#8220;Teremos duas novas novelas em 2017, \u2018O rico e o L\u00e1zaro\u2019\u201d e \u2018O Apocalipse\u2019. Fora isso, uma temporada in\u00e9dita do reality \u2018Troca de Fam\u00edlia\u2019, apresentado por Chris Flores\u201d.<\/p>\n","protected":false},"excerpt":{"rendered":"<p style=\"text-align: justify;\">Mamonas Assassinas e F\u00e1bio Porchat na grade<\/p>\n","protected":false},"author":4,"featured_media":21357,"comment_status":"open","ping_status":"open","sticky":false,"template":"","format":"standard","meta":{"jnews-multi-image_gallery":[],"jnews_single_post":[],"jnews_primary_category":[],"jnews_social_meta":[],"jnews_review":[],"enable_review":"","type":"","name":"","summary":"","brand":"","sku":"","good":[],"bad":[],"score_override":"","override_value":"","rating":[],"price":[],"footnotes":""},"categories":[54],"tags":[],"class_list":["post-21358","post","type-post","status-publish","format-standard","has-post-thumbnail","hentry","category-cotidiano"],"yoast_head":"<!-- This site is optimized with the Yoast SEO plugin v26.5 - https:\/\/yoast.com\/wordpress\/plugins\/seo\/ -->\n<title>Record apresenta nova programa\u00e7\u00e3o - Agazeta.net<\/title>\n<meta name=\"robots\" content=\"index, follow, max-snippet:-1, max-image-preview:large, max-video-preview:-1\" \/>\n<link rel=\"canonical\" href=\"https:\/\/nk7-testes.com.br\/agazeta\/record-apresenta-nova-programacao\/\" \/>\n<meta property=\"og:locale\" content=\"pt_BR\" \/>\n<meta property=\"og:type\" content=\"article\" \/>\n<meta property=\"og:title\" content=\"Record apresenta nova programa\u00e7\u00e3o - Agazeta.net\" \/>\n<meta property=\"og:description\" content=\"Mamonas Assassinas e F\u00e1bio Porchat na grade\" \/>\n<meta property=\"og:url\" content=\"https:\/\/nk7-testes.com.br\/agazeta\/record-apresenta-nova-programacao\/\" \/>\n<meta property=\"og:site_name\" content=\"Agazeta.net\" \/>\n<meta property=\"article:published_time\" content=\"2016-03-01T16:15:59+00:00\" \/>\n<meta property=\"og:image\" content=\"https:\/\/nk7-testes.com.br\/agazeta\/wp-content\/uploads\/2016\/03\/010316-cotidiano-novaprogramacaorecord-r7.jpg\" \/>\n\t<meta property=\"og:image:width\" content=\"458\" \/>\n\t<meta property=\"og:image:height\" content=\"340\" \/>\n\t<meta property=\"og:image:type\" content=\"image\/jpeg\" \/>\n<meta name=\"author\" content=\"Agazeta.Net\" \/>\n<meta name=\"twitter:card\" content=\"summary_large_image\" \/>\n<meta name=\"twitter:label1\" content=\"Escrito por\" \/>\n\t<meta name=\"twitter:data1\" content=\"Agazeta.Net\" \/>\n\t<meta name=\"twitter:label2\" content=\"Est. tempo de leitura\" \/>\n\t<meta name=\"twitter:data2\" content=\"3 minutos\" \/>\n<script type=\"application\/ld+json\" class=\"yoast-schema-graph\">{\"@context\":\"https:\/\/schema.org\",\"@graph\":[{\"@type\":\"WebPage\",\"@id\":\"https:\/\/nk7-testes.com.br\/agazeta\/record-apresenta-nova-programacao\/\",\"url\":\"https:\/\/nk7-testes.com.br\/agazeta\/record-apresenta-nova-programacao\/\",\"name\":\"Record apresenta nova programa\u00e7\u00e3o - Agazeta.net\",\"isPartOf\":{\"@id\":\"https:\/\/nk7-testes.com.br\/agazeta\/#website\"},\"primaryImageOfPage\":{\"@id\":\"https:\/\/nk7-testes.com.br\/agazeta\/record-apresenta-nova-programacao\/#primaryimage\"},\"image\":{\"@id\":\"https:\/\/nk7-testes.com.br\/agazeta\/record-apresenta-nova-programacao\/#primaryimage\"},\"thumbnailUrl\":\"https:\/\/nk7-testes.com.br\/agazeta\/wp-content\/uploads\/2016\/03\/010316-cotidiano-novaprogramacaorecord-r7.jpg\",\"datePublished\":\"2016-03-01T16:15:59+00:00\",\"author\":{\"@id\":\"https:\/\/nk7-testes.com.br\/agazeta\/#\/schema\/person\/6d6e25cb0435eb4a02fd44d30b4e3020\"},\"breadcrumb\":{\"@id\":\"https:\/\/nk7-testes.com.br\/agazeta\/record-apresenta-nova-programacao\/#breadcrumb\"},\"inLanguage\":\"pt-BR\",\"potentialAction\":[{\"@type\":\"ReadAction\",\"target\":[\"https:\/\/nk7-testes.com.br\/agazeta\/record-apresenta-nova-programacao\/\"]}]},{\"@type\":\"ImageObject\",\"inLanguage\":\"pt-BR\",\"@id\":\"https:\/\/nk7-testes.com.br\/agazeta\/record-apresenta-nova-programacao\/#primaryimage\",\"url\":\"https:\/\/nk7-testes.com.br\/agazeta\/wp-content\/uploads\/2016\/03\/010316-cotidiano-novaprogramacaorecord-r7.jpg\",\"contentUrl\":\"https:\/\/nk7-testes.com.br\/agazeta\/wp-content\/uploads\/2016\/03\/010316-cotidiano-novaprogramacaorecord-r7.jpg\",\"width\":458,\"height\":340,\"caption\":\"010316-cotidiano-novaprogramacaorecord-r7\"},{\"@type\":\"BreadcrumbList\",\"@id\":\"https:\/\/nk7-testes.com.br\/agazeta\/record-apresenta-nova-programacao\/#breadcrumb\",\"itemListElement\":[{\"@type\":\"ListItem\",\"position\":1,\"name\":\"In\u00edcio\",\"item\":\"https:\/\/nk7-testes.com.br\/agazeta\/\"},{\"@type\":\"ListItem\",\"position\":2,\"name\":\"Record apresenta nova programa\u00e7\u00e3o\"}]},{\"@type\":\"WebSite\",\"@id\":\"https:\/\/nk7-testes.com.br\/agazeta\/#website\",\"url\":\"https:\/\/nk7-testes.com.br\/agazeta\/\",\"name\":\"Agazeta.net\",\"description\":\"Agazeta.net - Not\u00edcias de Rio Branco\/AC\",\"potentialAction\":[{\"@type\":\"SearchAction\",\"target\":{\"@type\":\"EntryPoint\",\"urlTemplate\":\"https:\/\/nk7-testes.com.br\/agazeta\/?s={search_term_string}\"},\"query-input\":{\"@type\":\"PropertyValueSpecification\",\"valueRequired\":true,\"valueName\":\"search_term_string\"}}],\"inLanguage\":\"pt-BR\"},{\"@type\":\"Person\",\"@id\":\"https:\/\/nk7-testes.com.br\/agazeta\/#\/schema\/person\/6d6e25cb0435eb4a02fd44d30b4e3020\",\"name\":\"Agazeta.Net\",\"url\":\"https:\/\/nk7-testes.com.br\/agazeta\/author\/agazeta\/\"}]}<\/script>\n<!-- \/ Yoast SEO plugin. -->","yoast_head_json":{"title":"Record apresenta nova programa\u00e7\u00e3o - Agazeta.net","robots":{"index":"index","follow":"follow","max-snippet":"max-snippet:-1","max-image-preview":"max-image-preview:large","max-video-preview":"max-video-preview:-1"},"canonical":"https:\/\/nk7-testes.com.br\/agazeta\/record-apresenta-nova-programacao\/","og_locale":"pt_BR","og_type":"article","og_title":"Record apresenta nova programa\u00e7\u00e3o - Agazeta.net","og_description":"Mamonas Assassinas e F\u00e1bio Porchat na grade","og_url":"https:\/\/nk7-testes.com.br\/agazeta\/record-apresenta-nova-programacao\/","og_site_name":"Agazeta.net","article_published_time":"2016-03-01T16:15:59+00:00","og_image":[{"width":458,"height":340,"url":"https:\/\/nk7-testes.com.br\/agazeta\/wp-content\/uploads\/2016\/03\/010316-cotidiano-novaprogramacaorecord-r7.jpg","type":"image\/jpeg"}],"author":"Agazeta.Net","twitter_card":"summary_large_image","twitter_misc":{"Escrito por":"Agazeta.Net","Est. tempo de leitura":"3 minutos"},"schema":{"@context":"https:\/\/schema.org","@graph":[{"@type":"WebPage","@id":"https:\/\/nk7-testes.com.br\/agazeta\/record-apresenta-nova-programacao\/","url":"https:\/\/nk7-testes.com.br\/agazeta\/record-apresenta-nova-programacao\/","name":"Record apresenta nova programa\u00e7\u00e3o - Agazeta.net","isPartOf":{"@id":"https:\/\/nk7-testes.com.br\/agazeta\/#website"},"primaryImageOfPage":{"@id":"https:\/\/nk7-testes.com.br\/agazeta\/record-apresenta-nova-programacao\/#primaryimage"},"image":{"@id":"https:\/\/nk7-testes.com.br\/agazeta\/record-apresenta-nova-programacao\/#primaryimage"},"thumbnailUrl":"https:\/\/nk7-testes.com.br\/agazeta\/wp-content\/uploads\/2016\/03\/010316-cotidiano-novaprogramacaorecord-r7.jpg","datePublished":"2016-03-01T16:15:59+00:00","author":{"@id":"https:\/\/nk7-testes.com.br\/agazeta\/#\/schema\/person\/6d6e25cb0435eb4a02fd44d30b4e3020"},"breadcrumb":{"@id":"https:\/\/nk7-testes.com.br\/agazeta\/record-apresenta-nova-programacao\/#breadcrumb"},"inLanguage":"pt-BR","potentialAction":[{"@type":"ReadAction","target":["https:\/\/nk7-testes.com.br\/agazeta\/record-apresenta-nova-programacao\/"]}]},{"@type":"ImageObject","inLanguage":"pt-BR","@id":"https:\/\/nk7-testes.com.br\/agazeta\/record-apresenta-nova-programacao\/#primaryimage","url":"https:\/\/nk7-testes.com.br\/agazeta\/wp-content\/uploads\/2016\/03\/010316-cotidiano-novaprogramacaorecord-r7.jpg","contentUrl":"https:\/\/nk7-testes.com.br\/agazeta\/wp-content\/uploads\/2016\/03\/010316-cotidiano-novaprogramacaorecord-r7.jpg","width":458,"height":340,"caption":"010316-cotidiano-novaprogramacaorecord-r7"},{"@type":"BreadcrumbList","@id":"https:\/\/nk7-testes.com.br\/agazeta\/record-apresenta-nova-programacao\/#breadcrumb","itemListElement":[{"@type":"ListItem","position":1,"name":"In\u00edcio","item":"https:\/\/nk7-testes.com.br\/agazeta\/"},{"@type":"ListItem","position":2,"name":"Record apresenta nova programa\u00e7\u00e3o"}]},{"@type":"WebSite","@id":"https:\/\/nk7-testes.com.br\/agazeta\/#website","url":"https:\/\/nk7-testes.com.br\/agazeta\/","name":"Agazeta.net","description":"Agazeta.net - Not\u00edcias de Rio Branco\/AC","potentialAction":[{"@type":"SearchAction","target":{"@type":"EntryPoint","urlTemplate":"https:\/\/nk7-testes.com.br\/agazeta\/?s={search_term_string}"},"query-input":{"@type":"PropertyValueSpecification","valueRequired":true,"valueName":"search_term_string"}}],"inLanguage":"pt-BR"},{"@type":"Person","@id":"https:\/\/nk7-testes.com.br\/agazeta\/#\/schema\/person\/6d6e25cb0435eb4a02fd44d30b4e3020","name":"Agazeta.Net","url":"https:\/\/nk7-testes.com.br\/agazeta\/author\/agazeta\/"}]}},"_links":{"self":[{"href":"https:\/\/nk7-testes.com.br\/agazeta\/wp-json\/wp\/v2\/posts\/21358","targetHints":{"allow":["GET"]}}],"collection":[{"href":"https:\/\/nk7-testes.com.br\/agazeta\/wp-json\/wp\/v2\/posts"}],"about":[{"href":"https:\/\/nk7-testes.com.br\/agazeta\/wp-json\/wp\/v2\/types\/post"}],"author":[{"embeddable":true,"href":"https:\/\/nk7-testes.com.br\/agazeta\/wp-json\/wp\/v2\/users\/4"}],"replies":[{"embeddable":true,"href":"https:\/\/nk7-testes.com.br\/agazeta\/wp-json\/wp\/v2\/comments?post=21358"}],"version-history":[{"count":0,"href":"https:\/\/nk7-testes.com.br\/agazeta\/wp-json\/wp\/v2\/posts\/21358\/revisions"}],"wp:featuredmedia":[{"embeddable":true,"href":"https:\/\/nk7-testes.com.br\/agazeta\/wp-json\/wp\/v2\/media\/21357"}],"wp:attachment":[{"href":"https:\/\/nk7-testes.com.br\/agazeta\/wp-json\/wp\/v2\/media?parent=21358"}],"wp:term":[{"taxonomy":"category","embeddable":true,"href":"https:\/\/nk7-testes.com.br\/agazeta\/wp-json\/wp\/v2\/categories?post=21358"},{"taxonomy":"post_tag","embeddable":true,"href":"https:\/\/nk7-testes.com.br\/agazeta\/wp-json\/wp\/v2\/tags?post=21358"}],"curies":[{"name":"wp","href":"https:\/\/api.w.org\/{rel}","templated":true}]}}