{"id":21348,"date":"2016-02-29T22:46:05","date_gmt":"2016-02-29T22:46:05","guid":{"rendered":"https:\/\/abarevegan.com.br\/index.php\/2016\/02\/29\/nova-esperanca-foi-um-dos-mais-atingidos-pela-chuva\/"},"modified":"2016-02-29T22:46:05","modified_gmt":"2016-02-29T22:46:05","slug":"nova-esperanca-foi-um-dos-mais-atingidos-pela-chuva","status":"publish","type":"post","link":"https:\/\/nk7-testes.com.br\/agazeta\/nova-esperanca-foi-um-dos-mais-atingidos-pela-chuva\/","title":{"rendered":"Nova Esperan\u00e7a foi um dos mais atingidos pela chuva"},"content":{"rendered":"<p style=\"text-align: justify;\">Chuva forte exp\u00f5e a falta de infraestrutura da cidade<\/p>\n<p style=\"text-align: justify;\">Poucos minutos foram suficientes para alagar v\u00e1rios pontos da Capital. Na Avenida Cear\u00e1, por exemplo, pr\u00f3ximo \u00e0 Vigil\u00e2ncia Sanit\u00e1ria do Munic\u00edpio, a \u00e1gua subiu tanto que afugentou motoristas.<\/p>\n<p style=\"text-align: justify;\">Apenas ve\u00edculos altos passavam. O engarrafamento se formou e alguns condutores decidiram retornar usando o canteiro central.<\/p>\n<p style=\"text-align: justify;\">Houve motoristas que aproveitaram o momento at\u00edpico para usar a contram\u00e3o, passar pelo canteiro e atravessar o trecho alagado. A mulher que esperava o \u00f4nibus teve que subir no banco da parada para n\u00e3o molhar os p\u00e9s.<\/p>\n<p style=\"text-align: justify;\">O transtorno foi maior para moradores do Conjunto Nova Esperan\u00e7a. A \u00e1gua alagou v\u00e1rias resid\u00eancias e, revoltadas, as fam\u00edlias fecharam algumas ruas para protestar.<\/p>\n<p style=\"text-align: justify;\">O comerciante Marcelo Rocha amargou preju\u00edzo com dois freezers e duas geladeiras. \u201c\u00c9 a segunda vez que perco mercadorias. Na primeira levei na esportiva, agora o negocio \u00e9 mais cr\u00edtico\u201d, reclama.<\/p>\n<p style=\"text-align: justify;\">Segundo os moradores, uma galeria com pouca capacidade de drenagem, constru\u00edda h\u00e1 cerca de cinco meses \u00e9 a causa do alagamento na regi\u00e3o.<\/p>\n<p style=\"text-align: justify;\">\u201cEssa \u00e9 a oitava vez que fechamos a rua em menos de tr\u00eas anos. Depois que fizeram a galeria mal feita pela Prefeitura de Rio Branco, s\u00f3 piorou as coisas\u201d, disse o morador Gerlon Ara\u00fajo.<\/p>\n<p style=\"text-align: justify;\">Segundo a Defesa Civil, nas \u00faltimas 24 horas, choveu mais de 80 mil\u00edmetros na Capital. Quase um ter\u00e7o do acumulado durante todo o m\u00eas.<\/p>\n","protected":false},"excerpt":{"rendered":"<p style=\"text-align: justify;\">Chuva forte exp\u00f5e a falta de infraestrutura da cidade<\/p>\n","protected":false},"author":4,"featured_media":21347,"comment_status":"open","ping_status":"open","sticky":false,"template":"","format":"standard","meta":{"jnews-multi-image_gallery":[],"jnews_single_post":[],"jnews_primary_category":[],"jnews_social_meta":[],"jnews_review":[],"enable_review":"","type":"","name":"","summary":"","brand":"","sku":"","good":[],"bad":[],"score_override":"","override_value":"","rating":[],"price":[],"footnotes":""},"categories":[54],"tags":[],"class_list":["post-21348","post","type-post","status-publish","format-standard","has-post-thumbnail","hentry","category-cotidiano"],"yoast_head":"<!-- This site is optimized with the Yoast SEO plugin v26.5 - https:\/\/yoast.com\/wordpress\/plugins\/seo\/ -->\n<title>Nova Esperan\u00e7a foi um dos mais atingidos pela chuva - Agazeta.net<\/title>\n<meta name=\"robots\" content=\"index, follow, max-snippet:-1, max-image-preview:large, max-video-preview:-1\" \/>\n<link rel=\"canonical\" href=\"https:\/\/nk7-testes.com.br\/agazeta\/nova-esperanca-foi-um-dos-mais-atingidos-pela-chuva\/\" \/>\n<meta property=\"og:locale\" content=\"pt_BR\" \/>\n<meta property=\"og:type\" content=\"article\" \/>\n<meta property=\"og:title\" content=\"Nova Esperan\u00e7a foi um dos mais atingidos pela chuva - Agazeta.net\" \/>\n<meta property=\"og:description\" content=\"Chuva forte exp\u00f5e a falta de infraestrutura da cidade\" \/>\n<meta property=\"og:url\" content=\"https:\/\/nk7-testes.com.br\/agazeta\/nova-esperanca-foi-um-dos-mais-atingidos-pela-chuva\/\" \/>\n<meta property=\"og:site_name\" content=\"Agazeta.net\" \/>\n<meta property=\"article:published_time\" content=\"2016-02-29T22:46:05+00:00\" \/>\n<meta property=\"og:image\" content=\"https:\/\/nk7-testes.com.br\/agazeta\/wp-content\/uploads\/2016\/02\/290216-cotidiano-chuvanacapital-tvgazeta2.jpg\" \/>\n\t<meta property=\"og:image:width\" content=\"458\" \/>\n\t<meta property=\"og:image:height\" content=\"340\" \/>\n\t<meta property=\"og:image:type\" content=\"image\/jpeg\" \/>\n<meta name=\"author\" content=\"Agazeta.Net\" \/>\n<meta name=\"twitter:card\" content=\"summary_large_image\" \/>\n<meta name=\"twitter:label1\" content=\"Escrito por\" \/>\n\t<meta name=\"twitter:data1\" content=\"Agazeta.Net\" \/>\n\t<meta name=\"twitter:label2\" content=\"Est. tempo de leitura\" \/>\n\t<meta name=\"twitter:data2\" content=\"1 minuto\" \/>\n<script type=\"application\/ld+json\" class=\"yoast-schema-graph\">{\"@context\":\"https:\/\/schema.org\",\"@graph\":[{\"@type\":\"WebPage\",\"@id\":\"https:\/\/nk7-testes.com.br\/agazeta\/nova-esperanca-foi-um-dos-mais-atingidos-pela-chuva\/\",\"url\":\"https:\/\/nk7-testes.com.br\/agazeta\/nova-esperanca-foi-um-dos-mais-atingidos-pela-chuva\/\",\"name\":\"Nova Esperan\u00e7a foi um dos mais atingidos pela chuva - Agazeta.net\",\"isPartOf\":{\"@id\":\"https:\/\/nk7-testes.com.br\/agazeta\/#website\"},\"primaryImageOfPage\":{\"@id\":\"https:\/\/nk7-testes.com.br\/agazeta\/nova-esperanca-foi-um-dos-mais-atingidos-pela-chuva\/#primaryimage\"},\"image\":{\"@id\":\"https:\/\/nk7-testes.com.br\/agazeta\/nova-esperanca-foi-um-dos-mais-atingidos-pela-chuva\/#primaryimage\"},\"thumbnailUrl\":\"https:\/\/nk7-testes.com.br\/agazeta\/wp-content\/uploads\/2016\/02\/290216-cotidiano-chuvanacapital-tvgazeta2.jpg\",\"datePublished\":\"2016-02-29T22:46:05+00:00\",\"author\":{\"@id\":\"https:\/\/nk7-testes.com.br\/agazeta\/#\/schema\/person\/6d6e25cb0435eb4a02fd44d30b4e3020\"},\"breadcrumb\":{\"@id\":\"https:\/\/nk7-testes.com.br\/agazeta\/nova-esperanca-foi-um-dos-mais-atingidos-pela-chuva\/#breadcrumb\"},\"inLanguage\":\"pt-BR\",\"potentialAction\":[{\"@type\":\"ReadAction\",\"target\":[\"https:\/\/nk7-testes.com.br\/agazeta\/nova-esperanca-foi-um-dos-mais-atingidos-pela-chuva\/\"]}]},{\"@type\":\"ImageObject\",\"inLanguage\":\"pt-BR\",\"@id\":\"https:\/\/nk7-testes.com.br\/agazeta\/nova-esperanca-foi-um-dos-mais-atingidos-pela-chuva\/#primaryimage\",\"url\":\"https:\/\/nk7-testes.com.br\/agazeta\/wp-content\/uploads\/2016\/02\/290216-cotidiano-chuvanacapital-tvgazeta2.jpg\",\"contentUrl\":\"https:\/\/nk7-testes.com.br\/agazeta\/wp-content\/uploads\/2016\/02\/290216-cotidiano-chuvanacapital-tvgazeta2.jpg\",\"width\":458,\"height\":340,\"caption\":\"290216-cotidiano-chuvanacapital-tvgazeta2\"},{\"@type\":\"BreadcrumbList\",\"@id\":\"https:\/\/nk7-testes.com.br\/agazeta\/nova-esperanca-foi-um-dos-mais-atingidos-pela-chuva\/#breadcrumb\",\"itemListElement\":[{\"@type\":\"ListItem\",\"position\":1,\"name\":\"In\u00edcio\",\"item\":\"https:\/\/nk7-testes.com.br\/agazeta\/\"},{\"@type\":\"ListItem\",\"position\":2,\"name\":\"Nova Esperan\u00e7a foi um dos mais atingidos pela chuva\"}]},{\"@type\":\"WebSite\",\"@id\":\"https:\/\/nk7-testes.com.br\/agazeta\/#website\",\"url\":\"https:\/\/nk7-testes.com.br\/agazeta\/\",\"name\":\"Agazeta.net\",\"description\":\"Agazeta.net - Not\u00edcias de Rio Branco\/AC\",\"potentialAction\":[{\"@type\":\"SearchAction\",\"target\":{\"@type\":\"EntryPoint\",\"urlTemplate\":\"https:\/\/nk7-testes.com.br\/agazeta\/?s={search_term_string}\"},\"query-input\":{\"@type\":\"PropertyValueSpecification\",\"valueRequired\":true,\"valueName\":\"search_term_string\"}}],\"inLanguage\":\"pt-BR\"},{\"@type\":\"Person\",\"@id\":\"https:\/\/nk7-testes.com.br\/agazeta\/#\/schema\/person\/6d6e25cb0435eb4a02fd44d30b4e3020\",\"name\":\"Agazeta.Net\",\"url\":\"https:\/\/nk7-testes.com.br\/agazeta\/author\/agazeta\/\"}]}<\/script>\n<!-- \/ Yoast SEO plugin. -->","yoast_head_json":{"title":"Nova Esperan\u00e7a foi um dos mais atingidos pela chuva - Agazeta.net","robots":{"index":"index","follow":"follow","max-snippet":"max-snippet:-1","max-image-preview":"max-image-preview:large","max-video-preview":"max-video-preview:-1"},"canonical":"https:\/\/nk7-testes.com.br\/agazeta\/nova-esperanca-foi-um-dos-mais-atingidos-pela-chuva\/","og_locale":"pt_BR","og_type":"article","og_title":"Nova Esperan\u00e7a foi um dos mais atingidos pela chuva - Agazeta.net","og_description":"Chuva forte exp\u00f5e a falta de infraestrutura da cidade","og_url":"https:\/\/nk7-testes.com.br\/agazeta\/nova-esperanca-foi-um-dos-mais-atingidos-pela-chuva\/","og_site_name":"Agazeta.net","article_published_time":"2016-02-29T22:46:05+00:00","og_image":[{"width":458,"height":340,"url":"https:\/\/nk7-testes.com.br\/agazeta\/wp-content\/uploads\/2016\/02\/290216-cotidiano-chuvanacapital-tvgazeta2.jpg","type":"image\/jpeg"}],"author":"Agazeta.Net","twitter_card":"summary_large_image","twitter_misc":{"Escrito por":"Agazeta.Net","Est. tempo de leitura":"1 minuto"},"schema":{"@context":"https:\/\/schema.org","@graph":[{"@type":"WebPage","@id":"https:\/\/nk7-testes.com.br\/agazeta\/nova-esperanca-foi-um-dos-mais-atingidos-pela-chuva\/","url":"https:\/\/nk7-testes.com.br\/agazeta\/nova-esperanca-foi-um-dos-mais-atingidos-pela-chuva\/","name":"Nova Esperan\u00e7a foi um dos mais atingidos pela chuva - Agazeta.net","isPartOf":{"@id":"https:\/\/nk7-testes.com.br\/agazeta\/#website"},"primaryImageOfPage":{"@id":"https:\/\/nk7-testes.com.br\/agazeta\/nova-esperanca-foi-um-dos-mais-atingidos-pela-chuva\/#primaryimage"},"image":{"@id":"https:\/\/nk7-testes.com.br\/agazeta\/nova-esperanca-foi-um-dos-mais-atingidos-pela-chuva\/#primaryimage"},"thumbnailUrl":"https:\/\/nk7-testes.com.br\/agazeta\/wp-content\/uploads\/2016\/02\/290216-cotidiano-chuvanacapital-tvgazeta2.jpg","datePublished":"2016-02-29T22:46:05+00:00","author":{"@id":"https:\/\/nk7-testes.com.br\/agazeta\/#\/schema\/person\/6d6e25cb0435eb4a02fd44d30b4e3020"},"breadcrumb":{"@id":"https:\/\/nk7-testes.com.br\/agazeta\/nova-esperanca-foi-um-dos-mais-atingidos-pela-chuva\/#breadcrumb"},"inLanguage":"pt-BR","potentialAction":[{"@type":"ReadAction","target":["https:\/\/nk7-testes.com.br\/agazeta\/nova-esperanca-foi-um-dos-mais-atingidos-pela-chuva\/"]}]},{"@type":"ImageObject","inLanguage":"pt-BR","@id":"https:\/\/nk7-testes.com.br\/agazeta\/nova-esperanca-foi-um-dos-mais-atingidos-pela-chuva\/#primaryimage","url":"https:\/\/nk7-testes.com.br\/agazeta\/wp-content\/uploads\/2016\/02\/290216-cotidiano-chuvanacapital-tvgazeta2.jpg","contentUrl":"https:\/\/nk7-testes.com.br\/agazeta\/wp-content\/uploads\/2016\/02\/290216-cotidiano-chuvanacapital-tvgazeta2.jpg","width":458,"height":340,"caption":"290216-cotidiano-chuvanacapital-tvgazeta2"},{"@type":"BreadcrumbList","@id":"https:\/\/nk7-testes.com.br\/agazeta\/nova-esperanca-foi-um-dos-mais-atingidos-pela-chuva\/#breadcrumb","itemListElement":[{"@type":"ListItem","position":1,"name":"In\u00edcio","item":"https:\/\/nk7-testes.com.br\/agazeta\/"},{"@type":"ListItem","position":2,"name":"Nova Esperan\u00e7a foi um dos mais atingidos pela chuva"}]},{"@type":"WebSite","@id":"https:\/\/nk7-testes.com.br\/agazeta\/#website","url":"https:\/\/nk7-testes.com.br\/agazeta\/","name":"Agazeta.net","description":"Agazeta.net - Not\u00edcias de Rio Branco\/AC","potentialAction":[{"@type":"SearchAction","target":{"@type":"EntryPoint","urlTemplate":"https:\/\/nk7-testes.com.br\/agazeta\/?s={search_term_string}"},"query-input":{"@type":"PropertyValueSpecification","valueRequired":true,"valueName":"search_term_string"}}],"inLanguage":"pt-BR"},{"@type":"Person","@id":"https:\/\/nk7-testes.com.br\/agazeta\/#\/schema\/person\/6d6e25cb0435eb4a02fd44d30b4e3020","name":"Agazeta.Net","url":"https:\/\/nk7-testes.com.br\/agazeta\/author\/agazeta\/"}]}},"_links":{"self":[{"href":"https:\/\/nk7-testes.com.br\/agazeta\/wp-json\/wp\/v2\/posts\/21348","targetHints":{"allow":["GET"]}}],"collection":[{"href":"https:\/\/nk7-testes.com.br\/agazeta\/wp-json\/wp\/v2\/posts"}],"about":[{"href":"https:\/\/nk7-testes.com.br\/agazeta\/wp-json\/wp\/v2\/types\/post"}],"author":[{"embeddable":true,"href":"https:\/\/nk7-testes.com.br\/agazeta\/wp-json\/wp\/v2\/users\/4"}],"replies":[{"embeddable":true,"href":"https:\/\/nk7-testes.com.br\/agazeta\/wp-json\/wp\/v2\/comments?post=21348"}],"version-history":[{"count":0,"href":"https:\/\/nk7-testes.com.br\/agazeta\/wp-json\/wp\/v2\/posts\/21348\/revisions"}],"wp:featuredmedia":[{"embeddable":true,"href":"https:\/\/nk7-testes.com.br\/agazeta\/wp-json\/wp\/v2\/media\/21347"}],"wp:attachment":[{"href":"https:\/\/nk7-testes.com.br\/agazeta\/wp-json\/wp\/v2\/media?parent=21348"}],"wp:term":[{"taxonomy":"category","embeddable":true,"href":"https:\/\/nk7-testes.com.br\/agazeta\/wp-json\/wp\/v2\/categories?post=21348"},{"taxonomy":"post_tag","embeddable":true,"href":"https:\/\/nk7-testes.com.br\/agazeta\/wp-json\/wp\/v2\/tags?post=21348"}],"curies":[{"name":"wp","href":"https:\/\/api.w.org\/{rel}","templated":true}]}}