{"id":21344,"date":"2016-02-29T20:42:10","date_gmt":"2016-02-29T20:42:10","guid":{"rendered":"https:\/\/abarevegan.com.br\/index.php\/2016\/02\/29\/ufac-revitaliza-laboratorio-de-microscopia\/"},"modified":"2016-02-29T20:42:10","modified_gmt":"2016-02-29T20:42:10","slug":"ufac-revitaliza-laboratorio-de-microscopia","status":"publish","type":"post","link":"https:\/\/nk7-testes.com.br\/agazeta\/ufac-revitaliza-laboratorio-de-microscopia\/","title":{"rendered":"Ufac revitaliza laborat\u00f3rio de microscopia"},"content":{"rendered":"<p style=\"text-align: justify;\">Entrega do espa\u00e7o reestruturado ocorreu hoje<\/p>\n<p style=\"text-align: justify;\">A Universidade Federal do Acre (Ufac) entregou na \u00faltima sexta-feira, 26, a obra de revitaliza\u00e7\u00e3o do laborat\u00f3rio de microscopia do Centro de Ci\u00eancias Biol\u00f3gicas e da Natureza (CCBN).<\/p>\n<p style=\"text-align: justify;\">Al\u00e9m da reforma e adequa\u00e7\u00e3o do espa\u00e7o, foram adquiridos 55 microsc\u00f3pios que ser\u00e3o utilizados nas disciplinas pr\u00e1ticas pelos alunos do curso de Biologia e de outros cursos do CCBN.<\/p>\n<p>Para falar da import\u00e2ncia da revitaliza\u00e7\u00e3o do laborat\u00f3rio de microscopia para o curso de Biologia da Ufac, a professora e coordenadora do laborat\u00f3rio, Maria Ros\u00e9lia Marques Lopes, afirmou que \u00e9 preciso contar uma hist\u00f3ria.<\/p>\n<p>\u201cV\u00ednhamos tentando essa revitaliza\u00e7\u00e3o h\u00e1 mais de 16 anos. Este laborat\u00f3rio estava sucateado. Ficamos um ano sem aulas pr\u00e1ticas. Ent\u00e3o, elaboramos um projeto, o reitor Minoru se comprometeu a entregar o laborat\u00f3rio e cumpriu a meta\u201d, disse a professora.<\/p>\n<p>Segundo Ros\u00e9lia, os alunos contam, agora, com um laborat\u00f3rio eficiente. Ela afirmou que os microsc\u00f3pios s\u00e3o de primeira qualidade. E que, com o uso adequado, s\u00e3o equipamentos que ir\u00e3o durar, pelo menos, 30 anos.<\/p>\n<p>O reitor da Ufac, Minoru Kinpara, ressaltou a import\u00e2ncia do laborat\u00f3rio, que \u00e9 prioritariamente usado para ensino, mas tamb\u00e9m ser\u00e1 utilizado para pesquisa. Ele tamb\u00e9m destacou o trabalho feito pela professora Ros\u00e9lia.<\/p>\n<p style=\"text-align: justify;\">\u201cEla j\u00e1 vinha realizando um excelente trabalho, mesmo sem as devidas condi\u00e7\u00f5es. Nosso dever e compromisso \u00e9 oferecer melhores condi\u00e7\u00f5es para que profissionais como a Ros\u00e9lia possam fazer um trabalho ainda melhor do que j\u00e1 vem fazendo\u201d, afirmou Kinpara.<\/p>\n","protected":false},"excerpt":{"rendered":"<p style=\"text-align: justify;\">Entrega do espa\u00e7o reestruturado ocorreu hoje<\/p>\n","protected":false},"author":4,"featured_media":21343,"comment_status":"open","ping_status":"open","sticky":false,"template":"","format":"standard","meta":{"jnews-multi-image_gallery":[],"jnews_single_post":[],"jnews_primary_category":[],"jnews_social_meta":[],"jnews_review":[],"enable_review":"","type":"","name":"","summary":"","brand":"","sku":"","good":[],"bad":[],"score_override":"","override_value":"","rating":[],"price":[],"footnotes":""},"categories":[54],"tags":[],"class_list":["post-21344","post","type-post","status-publish","format-standard","has-post-thumbnail","hentry","category-cotidiano"],"yoast_head":"<!-- This site is optimized with the Yoast SEO plugin v26.5 - https:\/\/yoast.com\/wordpress\/plugins\/seo\/ -->\n<title>Ufac revitaliza laborat\u00f3rio de microscopia - Agazeta.net<\/title>\n<meta name=\"robots\" content=\"index, follow, max-snippet:-1, max-image-preview:large, max-video-preview:-1\" \/>\n<link rel=\"canonical\" href=\"https:\/\/nk7-testes.com.br\/agazeta\/ufac-revitaliza-laboratorio-de-microscopia\/\" \/>\n<meta property=\"og:locale\" content=\"pt_BR\" \/>\n<meta property=\"og:type\" content=\"article\" \/>\n<meta property=\"og:title\" content=\"Ufac revitaliza laborat\u00f3rio de microscopia - Agazeta.net\" \/>\n<meta property=\"og:description\" content=\"Entrega do espa\u00e7o reestruturado ocorreu hoje\" \/>\n<meta property=\"og:url\" content=\"https:\/\/nk7-testes.com.br\/agazeta\/ufac-revitaliza-laboratorio-de-microscopia\/\" \/>\n<meta property=\"og:site_name\" content=\"Agazeta.net\" \/>\n<meta property=\"article:published_time\" content=\"2016-02-29T20:42:10+00:00\" \/>\n<meta property=\"og:image\" content=\"https:\/\/nk7-testes.com.br\/agazeta\/wp-content\/uploads\/2016\/02\/290216-cotidiano-ufacmicrocospia-ascomufac.jpg\" \/>\n\t<meta property=\"og:image:width\" content=\"458\" \/>\n\t<meta property=\"og:image:height\" content=\"340\" \/>\n\t<meta property=\"og:image:type\" content=\"image\/jpeg\" \/>\n<meta name=\"author\" content=\"Agazeta.Net\" \/>\n<meta name=\"twitter:card\" content=\"summary_large_image\" \/>\n<meta name=\"twitter:label1\" content=\"Escrito por\" \/>\n\t<meta name=\"twitter:data1\" content=\"Agazeta.Net\" \/>\n\t<meta name=\"twitter:label2\" content=\"Est. tempo de leitura\" \/>\n\t<meta name=\"twitter:data2\" content=\"1 minuto\" \/>\n<script type=\"application\/ld+json\" class=\"yoast-schema-graph\">{\"@context\":\"https:\/\/schema.org\",\"@graph\":[{\"@type\":\"WebPage\",\"@id\":\"https:\/\/nk7-testes.com.br\/agazeta\/ufac-revitaliza-laboratorio-de-microscopia\/\",\"url\":\"https:\/\/nk7-testes.com.br\/agazeta\/ufac-revitaliza-laboratorio-de-microscopia\/\",\"name\":\"Ufac revitaliza laborat\u00f3rio de microscopia - Agazeta.net\",\"isPartOf\":{\"@id\":\"https:\/\/nk7-testes.com.br\/agazeta\/#website\"},\"primaryImageOfPage\":{\"@id\":\"https:\/\/nk7-testes.com.br\/agazeta\/ufac-revitaliza-laboratorio-de-microscopia\/#primaryimage\"},\"image\":{\"@id\":\"https:\/\/nk7-testes.com.br\/agazeta\/ufac-revitaliza-laboratorio-de-microscopia\/#primaryimage\"},\"thumbnailUrl\":\"https:\/\/nk7-testes.com.br\/agazeta\/wp-content\/uploads\/2016\/02\/290216-cotidiano-ufacmicrocospia-ascomufac.jpg\",\"datePublished\":\"2016-02-29T20:42:10+00:00\",\"author\":{\"@id\":\"https:\/\/nk7-testes.com.br\/agazeta\/#\/schema\/person\/6d6e25cb0435eb4a02fd44d30b4e3020\"},\"breadcrumb\":{\"@id\":\"https:\/\/nk7-testes.com.br\/agazeta\/ufac-revitaliza-laboratorio-de-microscopia\/#breadcrumb\"},\"inLanguage\":\"pt-BR\",\"potentialAction\":[{\"@type\":\"ReadAction\",\"target\":[\"https:\/\/nk7-testes.com.br\/agazeta\/ufac-revitaliza-laboratorio-de-microscopia\/\"]}]},{\"@type\":\"ImageObject\",\"inLanguage\":\"pt-BR\",\"@id\":\"https:\/\/nk7-testes.com.br\/agazeta\/ufac-revitaliza-laboratorio-de-microscopia\/#primaryimage\",\"url\":\"https:\/\/nk7-testes.com.br\/agazeta\/wp-content\/uploads\/2016\/02\/290216-cotidiano-ufacmicrocospia-ascomufac.jpg\",\"contentUrl\":\"https:\/\/nk7-testes.com.br\/agazeta\/wp-content\/uploads\/2016\/02\/290216-cotidiano-ufacmicrocospia-ascomufac.jpg\",\"width\":458,\"height\":340,\"caption\":\"290216-cotidiano-ufacmicrocospia-ascomufac\"},{\"@type\":\"BreadcrumbList\",\"@id\":\"https:\/\/nk7-testes.com.br\/agazeta\/ufac-revitaliza-laboratorio-de-microscopia\/#breadcrumb\",\"itemListElement\":[{\"@type\":\"ListItem\",\"position\":1,\"name\":\"In\u00edcio\",\"item\":\"https:\/\/nk7-testes.com.br\/agazeta\/\"},{\"@type\":\"ListItem\",\"position\":2,\"name\":\"Ufac revitaliza laborat\u00f3rio de microscopia\"}]},{\"@type\":\"WebSite\",\"@id\":\"https:\/\/nk7-testes.com.br\/agazeta\/#website\",\"url\":\"https:\/\/nk7-testes.com.br\/agazeta\/\",\"name\":\"Agazeta.net\",\"description\":\"Agazeta.net - Not\u00edcias de Rio Branco\/AC\",\"potentialAction\":[{\"@type\":\"SearchAction\",\"target\":{\"@type\":\"EntryPoint\",\"urlTemplate\":\"https:\/\/nk7-testes.com.br\/agazeta\/?s={search_term_string}\"},\"query-input\":{\"@type\":\"PropertyValueSpecification\",\"valueRequired\":true,\"valueName\":\"search_term_string\"}}],\"inLanguage\":\"pt-BR\"},{\"@type\":\"Person\",\"@id\":\"https:\/\/nk7-testes.com.br\/agazeta\/#\/schema\/person\/6d6e25cb0435eb4a02fd44d30b4e3020\",\"name\":\"Agazeta.Net\",\"url\":\"https:\/\/nk7-testes.com.br\/agazeta\/author\/agazeta\/\"}]}<\/script>\n<!-- \/ Yoast SEO plugin. -->","yoast_head_json":{"title":"Ufac revitaliza laborat\u00f3rio de microscopia - Agazeta.net","robots":{"index":"index","follow":"follow","max-snippet":"max-snippet:-1","max-image-preview":"max-image-preview:large","max-video-preview":"max-video-preview:-1"},"canonical":"https:\/\/nk7-testes.com.br\/agazeta\/ufac-revitaliza-laboratorio-de-microscopia\/","og_locale":"pt_BR","og_type":"article","og_title":"Ufac revitaliza laborat\u00f3rio de microscopia - Agazeta.net","og_description":"Entrega do espa\u00e7o reestruturado ocorreu hoje","og_url":"https:\/\/nk7-testes.com.br\/agazeta\/ufac-revitaliza-laboratorio-de-microscopia\/","og_site_name":"Agazeta.net","article_published_time":"2016-02-29T20:42:10+00:00","og_image":[{"width":458,"height":340,"url":"https:\/\/nk7-testes.com.br\/agazeta\/wp-content\/uploads\/2016\/02\/290216-cotidiano-ufacmicrocospia-ascomufac.jpg","type":"image\/jpeg"}],"author":"Agazeta.Net","twitter_card":"summary_large_image","twitter_misc":{"Escrito por":"Agazeta.Net","Est. tempo de leitura":"1 minuto"},"schema":{"@context":"https:\/\/schema.org","@graph":[{"@type":"WebPage","@id":"https:\/\/nk7-testes.com.br\/agazeta\/ufac-revitaliza-laboratorio-de-microscopia\/","url":"https:\/\/nk7-testes.com.br\/agazeta\/ufac-revitaliza-laboratorio-de-microscopia\/","name":"Ufac revitaliza laborat\u00f3rio de microscopia - Agazeta.net","isPartOf":{"@id":"https:\/\/nk7-testes.com.br\/agazeta\/#website"},"primaryImageOfPage":{"@id":"https:\/\/nk7-testes.com.br\/agazeta\/ufac-revitaliza-laboratorio-de-microscopia\/#primaryimage"},"image":{"@id":"https:\/\/nk7-testes.com.br\/agazeta\/ufac-revitaliza-laboratorio-de-microscopia\/#primaryimage"},"thumbnailUrl":"https:\/\/nk7-testes.com.br\/agazeta\/wp-content\/uploads\/2016\/02\/290216-cotidiano-ufacmicrocospia-ascomufac.jpg","datePublished":"2016-02-29T20:42:10+00:00","author":{"@id":"https:\/\/nk7-testes.com.br\/agazeta\/#\/schema\/person\/6d6e25cb0435eb4a02fd44d30b4e3020"},"breadcrumb":{"@id":"https:\/\/nk7-testes.com.br\/agazeta\/ufac-revitaliza-laboratorio-de-microscopia\/#breadcrumb"},"inLanguage":"pt-BR","potentialAction":[{"@type":"ReadAction","target":["https:\/\/nk7-testes.com.br\/agazeta\/ufac-revitaliza-laboratorio-de-microscopia\/"]}]},{"@type":"ImageObject","inLanguage":"pt-BR","@id":"https:\/\/nk7-testes.com.br\/agazeta\/ufac-revitaliza-laboratorio-de-microscopia\/#primaryimage","url":"https:\/\/nk7-testes.com.br\/agazeta\/wp-content\/uploads\/2016\/02\/290216-cotidiano-ufacmicrocospia-ascomufac.jpg","contentUrl":"https:\/\/nk7-testes.com.br\/agazeta\/wp-content\/uploads\/2016\/02\/290216-cotidiano-ufacmicrocospia-ascomufac.jpg","width":458,"height":340,"caption":"290216-cotidiano-ufacmicrocospia-ascomufac"},{"@type":"BreadcrumbList","@id":"https:\/\/nk7-testes.com.br\/agazeta\/ufac-revitaliza-laboratorio-de-microscopia\/#breadcrumb","itemListElement":[{"@type":"ListItem","position":1,"name":"In\u00edcio","item":"https:\/\/nk7-testes.com.br\/agazeta\/"},{"@type":"ListItem","position":2,"name":"Ufac revitaliza laborat\u00f3rio de microscopia"}]},{"@type":"WebSite","@id":"https:\/\/nk7-testes.com.br\/agazeta\/#website","url":"https:\/\/nk7-testes.com.br\/agazeta\/","name":"Agazeta.net","description":"Agazeta.net - Not\u00edcias de Rio Branco\/AC","potentialAction":[{"@type":"SearchAction","target":{"@type":"EntryPoint","urlTemplate":"https:\/\/nk7-testes.com.br\/agazeta\/?s={search_term_string}"},"query-input":{"@type":"PropertyValueSpecification","valueRequired":true,"valueName":"search_term_string"}}],"inLanguage":"pt-BR"},{"@type":"Person","@id":"https:\/\/nk7-testes.com.br\/agazeta\/#\/schema\/person\/6d6e25cb0435eb4a02fd44d30b4e3020","name":"Agazeta.Net","url":"https:\/\/nk7-testes.com.br\/agazeta\/author\/agazeta\/"}]}},"_links":{"self":[{"href":"https:\/\/nk7-testes.com.br\/agazeta\/wp-json\/wp\/v2\/posts\/21344","targetHints":{"allow":["GET"]}}],"collection":[{"href":"https:\/\/nk7-testes.com.br\/agazeta\/wp-json\/wp\/v2\/posts"}],"about":[{"href":"https:\/\/nk7-testes.com.br\/agazeta\/wp-json\/wp\/v2\/types\/post"}],"author":[{"embeddable":true,"href":"https:\/\/nk7-testes.com.br\/agazeta\/wp-json\/wp\/v2\/users\/4"}],"replies":[{"embeddable":true,"href":"https:\/\/nk7-testes.com.br\/agazeta\/wp-json\/wp\/v2\/comments?post=21344"}],"version-history":[{"count":0,"href":"https:\/\/nk7-testes.com.br\/agazeta\/wp-json\/wp\/v2\/posts\/21344\/revisions"}],"wp:featuredmedia":[{"embeddable":true,"href":"https:\/\/nk7-testes.com.br\/agazeta\/wp-json\/wp\/v2\/media\/21343"}],"wp:attachment":[{"href":"https:\/\/nk7-testes.com.br\/agazeta\/wp-json\/wp\/v2\/media?parent=21344"}],"wp:term":[{"taxonomy":"category","embeddable":true,"href":"https:\/\/nk7-testes.com.br\/agazeta\/wp-json\/wp\/v2\/categories?post=21344"},{"taxonomy":"post_tag","embeddable":true,"href":"https:\/\/nk7-testes.com.br\/agazeta\/wp-json\/wp\/v2\/tags?post=21344"}],"curies":[{"name":"wp","href":"https:\/\/api.w.org\/{rel}","templated":true}]}}