{"id":21310,"date":"2016-02-26T20:50:18","date_gmt":"2016-02-26T20:50:18","guid":{"rendered":"https:\/\/abarevegan.com.br\/index.php\/2016\/02\/26\/sinteac-nao-aceita-nova-proposta-do-governo\/"},"modified":"2016-02-26T20:50:18","modified_gmt":"2016-02-26T20:50:18","slug":"sinteac-nao-aceita-nova-proposta-do-governo","status":"publish","type":"post","link":"https:\/\/nk7-testes.com.br\/agazeta\/sinteac-nao-aceita-nova-proposta-do-governo\/","title":{"rendered":"Sinteac n\u00e3o aceita nova proposta do governo"},"content":{"rendered":"<p style=\"text-align: justify;\">Negocia\u00e7\u00e3o gera impasse entre Sinteac e Sinproacre<\/p>\n<p style=\"text-align: justify;\">Ap\u00f3s reuni\u00e3o, o Sindicato dos Professores da Rede P\u00fablica de Ensino do Acre, o (Sinproacre), aprovou a negocia\u00e7\u00e3o com o governo do estado de reajuste de 19,48% nos sal\u00e1rios. No acordo, o pagamento da primeira parcela ficou para 2017, a segunda em agosto do mesmo ano e a \u00faltima em 2018.<\/p>\n<p style=\"text-align: justify;\">Em compensa\u00e7\u00e3o a categoria vai ficar sem a VDP, que \u00e9 a valoriza\u00e7\u00e3o de desempenho profissional, recurso destinado como forma de pr\u00eamio aos professores que alcan\u00e7am metas durante o ano, entre elas a de frequ\u00eancia nas aulas. \u201cA gente optou pelo piso, h\u00e1 um sacrif\u00edcio? H\u00e1, mas toda luta algu\u00e9m tem que ceder, ent\u00e3o estamos cedendo aqui, para ganhar ali,\u201d disse Edileudo Rocha, Presidente do Sinproacre.<\/p>\n<p style=\"text-align: justify;\">J\u00e1 o Sindicato dos Trabalhadores em Educa\u00e7\u00e3o do Acre (Sinteac) n\u00e3o aceitou a proposta, \u201cnossa categoria n\u00e3o aceita que suspenda a VDP em 2017,2018, por considerar que \u00e9 um direito que j\u00e1 est\u00e1 em lei, direito que \u00e9 do trabalhador. E tamb\u00e9m queremos elevar o piso dos funcion\u00e1rios de escolas, para chegar pelo menos ao sal\u00e1rio m\u00ednimo e puxar os prazos de 2017, para 2016.\u201d Afirmou a presidente do Sinteac, Rosana Nascimento.<\/p>\n<p style=\"text-align: justify;\">Nesse sentido ocorre um impasse. Com tr\u00eas mil sindicalizados, o Sinproacre informou que o governo n\u00e3o vai regulamentar esse aumento enquanto n\u00e3o houver acordo com o Sinteac. Se essa indefini\u00e7\u00e3o persistir, o presidente do Sinpoacre promete ir \u00e0s escolas para fazer um abaixo assinado e for\u00e7ar o Sinteac a acatar esse reajuste. \u201cO Sinproacre aprovou a nossa proposi\u00e7\u00e3o de um piso de dois, quatrocentos e dois o que \u00e9 que acontece, \u00e9 que o outro sindicado, o gen\u00e9rico, rejeitou essa proposta, agora estamos num impasse e precisamos resolver.\u201d Disse Edileudo.<\/p>\n<p style=\"text-align: justify;\">A quest\u00e3o \u00e9 que o Sinproacre ainda n\u00e3o possui registro sindical e n\u00e3o tem autonomia para tomar essa decis\u00e3o. Para continuar na negocia\u00e7\u00e3o o Sinteac afirma que \u00e9 o \u00fanico sindicato leg\u00edtimo da categoria, com mais de 50 anos de exist\u00eancia e 10 mil filiados. \u201cVamos fazer mais essa rodada de negocia\u00e7\u00e3o, ver no que avan\u00e7a, e convocar uma assembleia deliberativa, porque a de ontem foi informativa. E caso encaminhe-se esse projeto para a assembleia, com certeza vamos tomar medidas judiciais cab\u00edveis, se tiver uma assinatura de qualquer outro sindicato que n\u00e3o seja o Sinteac e que n\u00e3o tenha o registro sindical.\u201d<\/p>\n","protected":false},"excerpt":{"rendered":"<p style=\"text-align: justify;\">Negocia\u00e7\u00e3o gera impasse entre Sinteac e Sinproacre<\/p>\n","protected":false},"author":4,"featured_media":21309,"comment_status":"open","ping_status":"open","sticky":false,"template":"","format":"standard","meta":{"jnews-multi-image_gallery":[],"jnews_single_post":[],"jnews_primary_category":[],"jnews_social_meta":[],"jnews_review":[],"enable_review":"","type":"","name":"","summary":"","brand":"","sku":"","good":[],"bad":[],"score_override":"","override_value":"","rating":[],"price":[],"footnotes":""},"categories":[54],"tags":[],"class_list":["post-21310","post","type-post","status-publish","format-standard","has-post-thumbnail","hentry","category-cotidiano"],"yoast_head":"<!-- This site is optimized with the Yoast SEO plugin v26.5 - https:\/\/yoast.com\/wordpress\/plugins\/seo\/ -->\n<title>Sinteac n\u00e3o aceita nova proposta do governo - Agazeta.net<\/title>\n<meta name=\"robots\" content=\"index, follow, max-snippet:-1, max-image-preview:large, max-video-preview:-1\" \/>\n<link rel=\"canonical\" href=\"https:\/\/nk7-testes.com.br\/agazeta\/sinteac-nao-aceita-nova-proposta-do-governo\/\" \/>\n<meta property=\"og:locale\" content=\"pt_BR\" \/>\n<meta property=\"og:type\" content=\"article\" \/>\n<meta property=\"og:title\" content=\"Sinteac n\u00e3o aceita nova proposta do governo - Agazeta.net\" \/>\n<meta property=\"og:description\" content=\"Negocia\u00e7\u00e3o gera impasse entre Sinteac e Sinproacre\" \/>\n<meta property=\"og:url\" content=\"https:\/\/nk7-testes.com.br\/agazeta\/sinteac-nao-aceita-nova-proposta-do-governo\/\" \/>\n<meta property=\"og:site_name\" content=\"Agazeta.net\" \/>\n<meta property=\"article:published_time\" content=\"2016-02-26T20:50:18+00:00\" \/>\n<meta property=\"og:image\" content=\"https:\/\/nk7-testes.com.br\/agazeta\/wp-content\/uploads\/2016\/02\/260216-cotidiano-sindicatos-impasse.jpg\" \/>\n\t<meta property=\"og:image:width\" content=\"458\" \/>\n\t<meta property=\"og:image:height\" content=\"340\" \/>\n\t<meta property=\"og:image:type\" content=\"image\/jpeg\" \/>\n<meta name=\"author\" content=\"Agazeta.Net\" \/>\n<meta name=\"twitter:card\" content=\"summary_large_image\" \/>\n<meta name=\"twitter:label1\" content=\"Escrito por\" \/>\n\t<meta name=\"twitter:data1\" content=\"Agazeta.Net\" \/>\n\t<meta name=\"twitter:label2\" content=\"Est. tempo de leitura\" \/>\n\t<meta name=\"twitter:data2\" content=\"2 minutos\" \/>\n<script type=\"application\/ld+json\" class=\"yoast-schema-graph\">{\"@context\":\"https:\/\/schema.org\",\"@graph\":[{\"@type\":\"WebPage\",\"@id\":\"https:\/\/nk7-testes.com.br\/agazeta\/sinteac-nao-aceita-nova-proposta-do-governo\/\",\"url\":\"https:\/\/nk7-testes.com.br\/agazeta\/sinteac-nao-aceita-nova-proposta-do-governo\/\",\"name\":\"Sinteac n\u00e3o aceita nova proposta do governo - Agazeta.net\",\"isPartOf\":{\"@id\":\"https:\/\/nk7-testes.com.br\/agazeta\/#website\"},\"primaryImageOfPage\":{\"@id\":\"https:\/\/nk7-testes.com.br\/agazeta\/sinteac-nao-aceita-nova-proposta-do-governo\/#primaryimage\"},\"image\":{\"@id\":\"https:\/\/nk7-testes.com.br\/agazeta\/sinteac-nao-aceita-nova-proposta-do-governo\/#primaryimage\"},\"thumbnailUrl\":\"https:\/\/nk7-testes.com.br\/agazeta\/wp-content\/uploads\/2016\/02\/260216-cotidiano-sindicatos-impasse.jpg\",\"datePublished\":\"2016-02-26T20:50:18+00:00\",\"author\":{\"@id\":\"https:\/\/nk7-testes.com.br\/agazeta\/#\/schema\/person\/6d6e25cb0435eb4a02fd44d30b4e3020\"},\"breadcrumb\":{\"@id\":\"https:\/\/nk7-testes.com.br\/agazeta\/sinteac-nao-aceita-nova-proposta-do-governo\/#breadcrumb\"},\"inLanguage\":\"pt-BR\",\"potentialAction\":[{\"@type\":\"ReadAction\",\"target\":[\"https:\/\/nk7-testes.com.br\/agazeta\/sinteac-nao-aceita-nova-proposta-do-governo\/\"]}]},{\"@type\":\"ImageObject\",\"inLanguage\":\"pt-BR\",\"@id\":\"https:\/\/nk7-testes.com.br\/agazeta\/sinteac-nao-aceita-nova-proposta-do-governo\/#primaryimage\",\"url\":\"https:\/\/nk7-testes.com.br\/agazeta\/wp-content\/uploads\/2016\/02\/260216-cotidiano-sindicatos-impasse.jpg\",\"contentUrl\":\"https:\/\/nk7-testes.com.br\/agazeta\/wp-content\/uploads\/2016\/02\/260216-cotidiano-sindicatos-impasse.jpg\",\"width\":458,\"height\":340,\"caption\":\"260216-cotidiano-sindicatos-impasse\"},{\"@type\":\"BreadcrumbList\",\"@id\":\"https:\/\/nk7-testes.com.br\/agazeta\/sinteac-nao-aceita-nova-proposta-do-governo\/#breadcrumb\",\"itemListElement\":[{\"@type\":\"ListItem\",\"position\":1,\"name\":\"In\u00edcio\",\"item\":\"https:\/\/nk7-testes.com.br\/agazeta\/\"},{\"@type\":\"ListItem\",\"position\":2,\"name\":\"Sinteac n\u00e3o aceita nova proposta do governo\"}]},{\"@type\":\"WebSite\",\"@id\":\"https:\/\/nk7-testes.com.br\/agazeta\/#website\",\"url\":\"https:\/\/nk7-testes.com.br\/agazeta\/\",\"name\":\"Agazeta.net\",\"description\":\"Agazeta.net - Not\u00edcias de Rio Branco\/AC\",\"potentialAction\":[{\"@type\":\"SearchAction\",\"target\":{\"@type\":\"EntryPoint\",\"urlTemplate\":\"https:\/\/nk7-testes.com.br\/agazeta\/?s={search_term_string}\"},\"query-input\":{\"@type\":\"PropertyValueSpecification\",\"valueRequired\":true,\"valueName\":\"search_term_string\"}}],\"inLanguage\":\"pt-BR\"},{\"@type\":\"Person\",\"@id\":\"https:\/\/nk7-testes.com.br\/agazeta\/#\/schema\/person\/6d6e25cb0435eb4a02fd44d30b4e3020\",\"name\":\"Agazeta.Net\",\"url\":\"https:\/\/nk7-testes.com.br\/agazeta\/author\/agazeta\/\"}]}<\/script>\n<!-- \/ Yoast SEO plugin. -->","yoast_head_json":{"title":"Sinteac n\u00e3o aceita nova proposta do governo - Agazeta.net","robots":{"index":"index","follow":"follow","max-snippet":"max-snippet:-1","max-image-preview":"max-image-preview:large","max-video-preview":"max-video-preview:-1"},"canonical":"https:\/\/nk7-testes.com.br\/agazeta\/sinteac-nao-aceita-nova-proposta-do-governo\/","og_locale":"pt_BR","og_type":"article","og_title":"Sinteac n\u00e3o aceita nova proposta do governo - Agazeta.net","og_description":"Negocia\u00e7\u00e3o gera impasse entre Sinteac e Sinproacre","og_url":"https:\/\/nk7-testes.com.br\/agazeta\/sinteac-nao-aceita-nova-proposta-do-governo\/","og_site_name":"Agazeta.net","article_published_time":"2016-02-26T20:50:18+00:00","og_image":[{"width":458,"height":340,"url":"https:\/\/nk7-testes.com.br\/agazeta\/wp-content\/uploads\/2016\/02\/260216-cotidiano-sindicatos-impasse.jpg","type":"image\/jpeg"}],"author":"Agazeta.Net","twitter_card":"summary_large_image","twitter_misc":{"Escrito por":"Agazeta.Net","Est. tempo de leitura":"2 minutos"},"schema":{"@context":"https:\/\/schema.org","@graph":[{"@type":"WebPage","@id":"https:\/\/nk7-testes.com.br\/agazeta\/sinteac-nao-aceita-nova-proposta-do-governo\/","url":"https:\/\/nk7-testes.com.br\/agazeta\/sinteac-nao-aceita-nova-proposta-do-governo\/","name":"Sinteac n\u00e3o aceita nova proposta do governo - Agazeta.net","isPartOf":{"@id":"https:\/\/nk7-testes.com.br\/agazeta\/#website"},"primaryImageOfPage":{"@id":"https:\/\/nk7-testes.com.br\/agazeta\/sinteac-nao-aceita-nova-proposta-do-governo\/#primaryimage"},"image":{"@id":"https:\/\/nk7-testes.com.br\/agazeta\/sinteac-nao-aceita-nova-proposta-do-governo\/#primaryimage"},"thumbnailUrl":"https:\/\/nk7-testes.com.br\/agazeta\/wp-content\/uploads\/2016\/02\/260216-cotidiano-sindicatos-impasse.jpg","datePublished":"2016-02-26T20:50:18+00:00","author":{"@id":"https:\/\/nk7-testes.com.br\/agazeta\/#\/schema\/person\/6d6e25cb0435eb4a02fd44d30b4e3020"},"breadcrumb":{"@id":"https:\/\/nk7-testes.com.br\/agazeta\/sinteac-nao-aceita-nova-proposta-do-governo\/#breadcrumb"},"inLanguage":"pt-BR","potentialAction":[{"@type":"ReadAction","target":["https:\/\/nk7-testes.com.br\/agazeta\/sinteac-nao-aceita-nova-proposta-do-governo\/"]}]},{"@type":"ImageObject","inLanguage":"pt-BR","@id":"https:\/\/nk7-testes.com.br\/agazeta\/sinteac-nao-aceita-nova-proposta-do-governo\/#primaryimage","url":"https:\/\/nk7-testes.com.br\/agazeta\/wp-content\/uploads\/2016\/02\/260216-cotidiano-sindicatos-impasse.jpg","contentUrl":"https:\/\/nk7-testes.com.br\/agazeta\/wp-content\/uploads\/2016\/02\/260216-cotidiano-sindicatos-impasse.jpg","width":458,"height":340,"caption":"260216-cotidiano-sindicatos-impasse"},{"@type":"BreadcrumbList","@id":"https:\/\/nk7-testes.com.br\/agazeta\/sinteac-nao-aceita-nova-proposta-do-governo\/#breadcrumb","itemListElement":[{"@type":"ListItem","position":1,"name":"In\u00edcio","item":"https:\/\/nk7-testes.com.br\/agazeta\/"},{"@type":"ListItem","position":2,"name":"Sinteac n\u00e3o aceita nova proposta do governo"}]},{"@type":"WebSite","@id":"https:\/\/nk7-testes.com.br\/agazeta\/#website","url":"https:\/\/nk7-testes.com.br\/agazeta\/","name":"Agazeta.net","description":"Agazeta.net - Not\u00edcias de Rio Branco\/AC","potentialAction":[{"@type":"SearchAction","target":{"@type":"EntryPoint","urlTemplate":"https:\/\/nk7-testes.com.br\/agazeta\/?s={search_term_string}"},"query-input":{"@type":"PropertyValueSpecification","valueRequired":true,"valueName":"search_term_string"}}],"inLanguage":"pt-BR"},{"@type":"Person","@id":"https:\/\/nk7-testes.com.br\/agazeta\/#\/schema\/person\/6d6e25cb0435eb4a02fd44d30b4e3020","name":"Agazeta.Net","url":"https:\/\/nk7-testes.com.br\/agazeta\/author\/agazeta\/"}]}},"_links":{"self":[{"href":"https:\/\/nk7-testes.com.br\/agazeta\/wp-json\/wp\/v2\/posts\/21310","targetHints":{"allow":["GET"]}}],"collection":[{"href":"https:\/\/nk7-testes.com.br\/agazeta\/wp-json\/wp\/v2\/posts"}],"about":[{"href":"https:\/\/nk7-testes.com.br\/agazeta\/wp-json\/wp\/v2\/types\/post"}],"author":[{"embeddable":true,"href":"https:\/\/nk7-testes.com.br\/agazeta\/wp-json\/wp\/v2\/users\/4"}],"replies":[{"embeddable":true,"href":"https:\/\/nk7-testes.com.br\/agazeta\/wp-json\/wp\/v2\/comments?post=21310"}],"version-history":[{"count":0,"href":"https:\/\/nk7-testes.com.br\/agazeta\/wp-json\/wp\/v2\/posts\/21310\/revisions"}],"wp:featuredmedia":[{"embeddable":true,"href":"https:\/\/nk7-testes.com.br\/agazeta\/wp-json\/wp\/v2\/media\/21309"}],"wp:attachment":[{"href":"https:\/\/nk7-testes.com.br\/agazeta\/wp-json\/wp\/v2\/media?parent=21310"}],"wp:term":[{"taxonomy":"category","embeddable":true,"href":"https:\/\/nk7-testes.com.br\/agazeta\/wp-json\/wp\/v2\/categories?post=21310"},{"taxonomy":"post_tag","embeddable":true,"href":"https:\/\/nk7-testes.com.br\/agazeta\/wp-json\/wp\/v2\/tags?post=21310"}],"curies":[{"name":"wp","href":"https:\/\/api.w.org\/{rel}","templated":true}]}}