{"id":21296,"date":"2016-02-26T15:12:20","date_gmt":"2016-02-26T15:12:20","guid":{"rendered":"https:\/\/abarevegan.com.br\/index.php\/2016\/02\/26\/suelen-johann-lanca-linha-de-maquiagem-na-capital\/"},"modified":"2016-02-26T15:12:20","modified_gmt":"2016-02-26T15:12:20","slug":"suelen-johann-lanca-linha-de-maquiagem-na-capital","status":"publish","type":"post","link":"https:\/\/nk7-testes.com.br\/agazeta\/suelen-johann-lanca-linha-de-maquiagem-na-capital\/","title":{"rendered":"Suelen Johann lan\u00e7a linha de maquiagem na Capital"},"content":{"rendered":"<p style=\"text-align: justify;\">Maquiadora s\u00eanior apresenta cole\u00e7\u00e3o Intense Cats<\/p>\n<p style=\"text-align: justify;\">Ex-modelo e maquiadora, Suelen Johann, apresentou na \u00faltima quarta-feira (24), um Talk Show especial na pra\u00e7a de alimenta\u00e7\u00e3o do Via Verde Shopping, em Rio Branco. O evento contou com bloggers, socialites, empres\u00e1rios e consumidores da marca O Botic\u00e1rio.<\/p>\n<p style=\"text-align: justify;\">Simp\u00e1tica, a maquiadora deu dicas de como utilizar os itens da linha Intense Cats, que seguem as tend\u00eancias da moda, como o delineado \u201cgatinho\u201d, o batom vermelho, a sombra azul e o iluminador para destacar alguns pontos do rosto, valorizando a beleza feminina.<\/p>\n<p style=\"text-align: justify;\">O evento foi idealizado pelo empres\u00e1rio Luiz Figueiredo, que realizou o lan\u00e7amento da nova linha de maquiagem dentro do espa\u00e7o da pra\u00e7a de alimenta\u00e7\u00e3o do shopping, possibilitando o acesso do grande p\u00fablico.<\/p>\n<p style=\"text-align: justify;\">Na primeira fila estavam bloggers, convidados VIPs e tamb\u00e9m os franqueados da marca envolvida, vindos de Porto Velho, Rond\u00f4nia. Al\u00e9m disso, dentro da loja, a parceria das marcas Polishop e Misturinha Chic animou as clientes que participaram antes e ap\u00f3s o talk-show, com a\u00e7\u00f5es de esmalta\u00e7\u00e3o de unhas, massagens manuais, maquiagem e penteados.<\/p>\n<p style=\"text-align: justify;\">Quem animou a plateia durante o evento foi a DJ Cau Bartholo, que comandou as pick-ups com os hits do momento.<\/p>\n<p style=\"text-align: justify;\"><strong>Sobre Suelen Johann<\/strong><\/p>\n<p style=\"text-align: justify;\">Ex-modelo do Paran\u00e1, Suelen Johann \u00e9 formada em Est\u00e9tica e Cosmetologia e passou da passarela para os bastidores quando descobriu o poder de transforma\u00e7\u00e3o da maquiagem. Enquanto modelo, ela j\u00e1 foi capa de revista, mas como maquiadora, ficou na mem\u00f3ria de todo Brasil atrav\u00e9s da primeira edi\u00e7\u00e3o do \u201cDesafio da Beleza\u201d do canal GNT. Uma competi\u00e7\u00e3o que reuniu 847 inscritos de todo o pa\u00eds e onde 12 foram selecionados para participar do reality show, onde ela foi a grande vencedora. <br \/>Residindo atualmente em Florian\u00f3polis, Suelen \u00e9 maquiadora s\u00eanior de O Botic\u00e1rio e viaja por todo o Brasil assinando editoriais, casamentos e ministrando cursos e palestras.<\/p>\n","protected":false},"excerpt":{"rendered":"<p style=\"text-align: justify;\">Maquiadora s\u00eanior apresenta cole\u00e7\u00e3o Intense Cats<\/p>\n","protected":false},"author":4,"featured_media":21295,"comment_status":"open","ping_status":"open","sticky":false,"template":"","format":"standard","meta":{"jnews-multi-image_gallery":[],"jnews_single_post":[],"jnews_primary_category":[],"jnews_social_meta":[],"jnews_review":[],"enable_review":"","type":"","name":"","summary":"","brand":"","sku":"","good":[],"bad":[],"score_override":"","override_value":"","rating":[],"price":[],"footnotes":""},"categories":[54],"tags":[],"class_list":["post-21296","post","type-post","status-publish","format-standard","has-post-thumbnail","hentry","category-cotidiano"],"yoast_head":"<!-- This site is optimized with the Yoast SEO plugin v26.5 - https:\/\/yoast.com\/wordpress\/plugins\/seo\/ -->\n<title>Suelen Johann lan\u00e7a linha de maquiagem na Capital - Agazeta.net<\/title>\n<meta name=\"robots\" content=\"index, follow, max-snippet:-1, max-image-preview:large, max-video-preview:-1\" \/>\n<link rel=\"canonical\" href=\"https:\/\/nk7-testes.com.br\/agazeta\/suelen-johann-lanca-linha-de-maquiagem-na-capital\/\" \/>\n<meta property=\"og:locale\" content=\"pt_BR\" \/>\n<meta property=\"og:type\" content=\"article\" \/>\n<meta property=\"og:title\" content=\"Suelen Johann lan\u00e7a linha de maquiagem na Capital - Agazeta.net\" \/>\n<meta property=\"og:description\" content=\"Maquiadora s\u00eanior apresenta cole\u00e7\u00e3o Intense Cats\" \/>\n<meta property=\"og:url\" content=\"https:\/\/nk7-testes.com.br\/agazeta\/suelen-johann-lanca-linha-de-maquiagem-na-capital\/\" \/>\n<meta property=\"og:site_name\" content=\"Agazeta.net\" \/>\n<meta property=\"article:published_time\" content=\"2016-02-26T15:12:20+00:00\" \/>\n<meta property=\"og:image\" content=\"https:\/\/nk7-testes.com.br\/agazeta\/wp-content\/uploads\/2016\/02\/250216-cotidiano-maquiadora-divulgacao.jpg\" \/>\n\t<meta property=\"og:image:width\" content=\"458\" \/>\n\t<meta property=\"og:image:height\" content=\"340\" \/>\n\t<meta property=\"og:image:type\" content=\"image\/jpeg\" \/>\n<meta name=\"author\" content=\"Agazeta.Net\" \/>\n<meta name=\"twitter:card\" content=\"summary_large_image\" \/>\n<meta name=\"twitter:label1\" content=\"Escrito por\" \/>\n\t<meta name=\"twitter:data1\" content=\"Agazeta.Net\" \/>\n\t<meta name=\"twitter:label2\" content=\"Est. tempo de leitura\" \/>\n\t<meta name=\"twitter:data2\" content=\"2 minutos\" \/>\n<script type=\"application\/ld+json\" class=\"yoast-schema-graph\">{\"@context\":\"https:\/\/schema.org\",\"@graph\":[{\"@type\":\"WebPage\",\"@id\":\"https:\/\/nk7-testes.com.br\/agazeta\/suelen-johann-lanca-linha-de-maquiagem-na-capital\/\",\"url\":\"https:\/\/nk7-testes.com.br\/agazeta\/suelen-johann-lanca-linha-de-maquiagem-na-capital\/\",\"name\":\"Suelen Johann lan\u00e7a linha de maquiagem na Capital - Agazeta.net\",\"isPartOf\":{\"@id\":\"https:\/\/nk7-testes.com.br\/agazeta\/#website\"},\"primaryImageOfPage\":{\"@id\":\"https:\/\/nk7-testes.com.br\/agazeta\/suelen-johann-lanca-linha-de-maquiagem-na-capital\/#primaryimage\"},\"image\":{\"@id\":\"https:\/\/nk7-testes.com.br\/agazeta\/suelen-johann-lanca-linha-de-maquiagem-na-capital\/#primaryimage\"},\"thumbnailUrl\":\"https:\/\/nk7-testes.com.br\/agazeta\/wp-content\/uploads\/2016\/02\/250216-cotidiano-maquiadora-divulgacao.jpg\",\"datePublished\":\"2016-02-26T15:12:20+00:00\",\"author\":{\"@id\":\"https:\/\/nk7-testes.com.br\/agazeta\/#\/schema\/person\/6d6e25cb0435eb4a02fd44d30b4e3020\"},\"breadcrumb\":{\"@id\":\"https:\/\/nk7-testes.com.br\/agazeta\/suelen-johann-lanca-linha-de-maquiagem-na-capital\/#breadcrumb\"},\"inLanguage\":\"pt-BR\",\"potentialAction\":[{\"@type\":\"ReadAction\",\"target\":[\"https:\/\/nk7-testes.com.br\/agazeta\/suelen-johann-lanca-linha-de-maquiagem-na-capital\/\"]}]},{\"@type\":\"ImageObject\",\"inLanguage\":\"pt-BR\",\"@id\":\"https:\/\/nk7-testes.com.br\/agazeta\/suelen-johann-lanca-linha-de-maquiagem-na-capital\/#primaryimage\",\"url\":\"https:\/\/nk7-testes.com.br\/agazeta\/wp-content\/uploads\/2016\/02\/250216-cotidiano-maquiadora-divulgacao.jpg\",\"contentUrl\":\"https:\/\/nk7-testes.com.br\/agazeta\/wp-content\/uploads\/2016\/02\/250216-cotidiano-maquiadora-divulgacao.jpg\",\"width\":458,\"height\":340,\"caption\":\"250216-cotidiano-maquiadora-divulgacao\"},{\"@type\":\"BreadcrumbList\",\"@id\":\"https:\/\/nk7-testes.com.br\/agazeta\/suelen-johann-lanca-linha-de-maquiagem-na-capital\/#breadcrumb\",\"itemListElement\":[{\"@type\":\"ListItem\",\"position\":1,\"name\":\"In\u00edcio\",\"item\":\"https:\/\/nk7-testes.com.br\/agazeta\/\"},{\"@type\":\"ListItem\",\"position\":2,\"name\":\"Suelen Johann lan\u00e7a linha de maquiagem na Capital\"}]},{\"@type\":\"WebSite\",\"@id\":\"https:\/\/nk7-testes.com.br\/agazeta\/#website\",\"url\":\"https:\/\/nk7-testes.com.br\/agazeta\/\",\"name\":\"Agazeta.net\",\"description\":\"Agazeta.net - Not\u00edcias de Rio Branco\/AC\",\"potentialAction\":[{\"@type\":\"SearchAction\",\"target\":{\"@type\":\"EntryPoint\",\"urlTemplate\":\"https:\/\/nk7-testes.com.br\/agazeta\/?s={search_term_string}\"},\"query-input\":{\"@type\":\"PropertyValueSpecification\",\"valueRequired\":true,\"valueName\":\"search_term_string\"}}],\"inLanguage\":\"pt-BR\"},{\"@type\":\"Person\",\"@id\":\"https:\/\/nk7-testes.com.br\/agazeta\/#\/schema\/person\/6d6e25cb0435eb4a02fd44d30b4e3020\",\"name\":\"Agazeta.Net\",\"url\":\"https:\/\/nk7-testes.com.br\/agazeta\/author\/agazeta\/\"}]}<\/script>\n<!-- \/ Yoast SEO plugin. -->","yoast_head_json":{"title":"Suelen Johann lan\u00e7a linha de maquiagem na Capital - Agazeta.net","robots":{"index":"index","follow":"follow","max-snippet":"max-snippet:-1","max-image-preview":"max-image-preview:large","max-video-preview":"max-video-preview:-1"},"canonical":"https:\/\/nk7-testes.com.br\/agazeta\/suelen-johann-lanca-linha-de-maquiagem-na-capital\/","og_locale":"pt_BR","og_type":"article","og_title":"Suelen Johann lan\u00e7a linha de maquiagem na Capital - Agazeta.net","og_description":"Maquiadora s\u00eanior apresenta cole\u00e7\u00e3o Intense Cats","og_url":"https:\/\/nk7-testes.com.br\/agazeta\/suelen-johann-lanca-linha-de-maquiagem-na-capital\/","og_site_name":"Agazeta.net","article_published_time":"2016-02-26T15:12:20+00:00","og_image":[{"width":458,"height":340,"url":"https:\/\/nk7-testes.com.br\/agazeta\/wp-content\/uploads\/2016\/02\/250216-cotidiano-maquiadora-divulgacao.jpg","type":"image\/jpeg"}],"author":"Agazeta.Net","twitter_card":"summary_large_image","twitter_misc":{"Escrito por":"Agazeta.Net","Est. tempo de leitura":"2 minutos"},"schema":{"@context":"https:\/\/schema.org","@graph":[{"@type":"WebPage","@id":"https:\/\/nk7-testes.com.br\/agazeta\/suelen-johann-lanca-linha-de-maquiagem-na-capital\/","url":"https:\/\/nk7-testes.com.br\/agazeta\/suelen-johann-lanca-linha-de-maquiagem-na-capital\/","name":"Suelen Johann lan\u00e7a linha de maquiagem na Capital - Agazeta.net","isPartOf":{"@id":"https:\/\/nk7-testes.com.br\/agazeta\/#website"},"primaryImageOfPage":{"@id":"https:\/\/nk7-testes.com.br\/agazeta\/suelen-johann-lanca-linha-de-maquiagem-na-capital\/#primaryimage"},"image":{"@id":"https:\/\/nk7-testes.com.br\/agazeta\/suelen-johann-lanca-linha-de-maquiagem-na-capital\/#primaryimage"},"thumbnailUrl":"https:\/\/nk7-testes.com.br\/agazeta\/wp-content\/uploads\/2016\/02\/250216-cotidiano-maquiadora-divulgacao.jpg","datePublished":"2016-02-26T15:12:20+00:00","author":{"@id":"https:\/\/nk7-testes.com.br\/agazeta\/#\/schema\/person\/6d6e25cb0435eb4a02fd44d30b4e3020"},"breadcrumb":{"@id":"https:\/\/nk7-testes.com.br\/agazeta\/suelen-johann-lanca-linha-de-maquiagem-na-capital\/#breadcrumb"},"inLanguage":"pt-BR","potentialAction":[{"@type":"ReadAction","target":["https:\/\/nk7-testes.com.br\/agazeta\/suelen-johann-lanca-linha-de-maquiagem-na-capital\/"]}]},{"@type":"ImageObject","inLanguage":"pt-BR","@id":"https:\/\/nk7-testes.com.br\/agazeta\/suelen-johann-lanca-linha-de-maquiagem-na-capital\/#primaryimage","url":"https:\/\/nk7-testes.com.br\/agazeta\/wp-content\/uploads\/2016\/02\/250216-cotidiano-maquiadora-divulgacao.jpg","contentUrl":"https:\/\/nk7-testes.com.br\/agazeta\/wp-content\/uploads\/2016\/02\/250216-cotidiano-maquiadora-divulgacao.jpg","width":458,"height":340,"caption":"250216-cotidiano-maquiadora-divulgacao"},{"@type":"BreadcrumbList","@id":"https:\/\/nk7-testes.com.br\/agazeta\/suelen-johann-lanca-linha-de-maquiagem-na-capital\/#breadcrumb","itemListElement":[{"@type":"ListItem","position":1,"name":"In\u00edcio","item":"https:\/\/nk7-testes.com.br\/agazeta\/"},{"@type":"ListItem","position":2,"name":"Suelen Johann lan\u00e7a linha de maquiagem na Capital"}]},{"@type":"WebSite","@id":"https:\/\/nk7-testes.com.br\/agazeta\/#website","url":"https:\/\/nk7-testes.com.br\/agazeta\/","name":"Agazeta.net","description":"Agazeta.net - Not\u00edcias de Rio Branco\/AC","potentialAction":[{"@type":"SearchAction","target":{"@type":"EntryPoint","urlTemplate":"https:\/\/nk7-testes.com.br\/agazeta\/?s={search_term_string}"},"query-input":{"@type":"PropertyValueSpecification","valueRequired":true,"valueName":"search_term_string"}}],"inLanguage":"pt-BR"},{"@type":"Person","@id":"https:\/\/nk7-testes.com.br\/agazeta\/#\/schema\/person\/6d6e25cb0435eb4a02fd44d30b4e3020","name":"Agazeta.Net","url":"https:\/\/nk7-testes.com.br\/agazeta\/author\/agazeta\/"}]}},"_links":{"self":[{"href":"https:\/\/nk7-testes.com.br\/agazeta\/wp-json\/wp\/v2\/posts\/21296","targetHints":{"allow":["GET"]}}],"collection":[{"href":"https:\/\/nk7-testes.com.br\/agazeta\/wp-json\/wp\/v2\/posts"}],"about":[{"href":"https:\/\/nk7-testes.com.br\/agazeta\/wp-json\/wp\/v2\/types\/post"}],"author":[{"embeddable":true,"href":"https:\/\/nk7-testes.com.br\/agazeta\/wp-json\/wp\/v2\/users\/4"}],"replies":[{"embeddable":true,"href":"https:\/\/nk7-testes.com.br\/agazeta\/wp-json\/wp\/v2\/comments?post=21296"}],"version-history":[{"count":0,"href":"https:\/\/nk7-testes.com.br\/agazeta\/wp-json\/wp\/v2\/posts\/21296\/revisions"}],"wp:featuredmedia":[{"embeddable":true,"href":"https:\/\/nk7-testes.com.br\/agazeta\/wp-json\/wp\/v2\/media\/21295"}],"wp:attachment":[{"href":"https:\/\/nk7-testes.com.br\/agazeta\/wp-json\/wp\/v2\/media?parent=21296"}],"wp:term":[{"taxonomy":"category","embeddable":true,"href":"https:\/\/nk7-testes.com.br\/agazeta\/wp-json\/wp\/v2\/categories?post=21296"},{"taxonomy":"post_tag","embeddable":true,"href":"https:\/\/nk7-testes.com.br\/agazeta\/wp-json\/wp\/v2\/tags?post=21296"}],"curies":[{"name":"wp","href":"https:\/\/api.w.org\/{rel}","templated":true}]}}