{"id":21281,"date":"2016-02-25T18:44:31","date_gmt":"2016-02-25T18:44:31","guid":{"rendered":"https:\/\/abarevegan.com.br\/index.php\/2016\/02\/25\/professores-e-funcionarios-aprovam-proposta\/"},"modified":"2016-02-25T18:44:31","modified_gmt":"2016-02-25T18:44:31","slug":"professores-e-funcionarios-aprovam-proposta","status":"publish","type":"post","link":"https:\/\/nk7-testes.com.br\/agazeta\/professores-e-funcionarios-aprovam-proposta\/","title":{"rendered":"Professores e funcion\u00e1rios aprovam proposta"},"content":{"rendered":"<p style=\"text-align: justify;\">Aulas em Brasileia come\u00e7am na segunda (29)<\/p>\n<p style=\"text-align: justify;\">Os 260 professores e funcion\u00e1rios de escola aceitaram o aux\u00edlio-alimenta\u00e7\u00e3o proposto pela prefeitura de Brasil\u00e9ia, em assembleia da categoria, realizada na manh\u00e3 desta quinta-feira (25).<\/p>\n<p style=\"text-align: justify;\">Os valores ser\u00e3o pagos na folha de fevereiro, uma conquista do Sindicato dos trabalhadores em Educa\u00e7\u00e3o (Sinteac). Os professores receber\u00e3o R$ 400,00. Os funcion\u00e1rios ter\u00e3o direito a R$ 350,00.<\/p>\n<p style=\"text-align: justify;\">Um decreto ser\u00e1 editado pelo prefeito Everaldo Lima com efeito at\u00e9 dezembro deste ano. Onze funcion\u00e1rios (merendeiras e servi\u00e7os gerais) que t\u00eam direito ao adicional de insalubridade devem receber o benef\u00edcio a partir de mar\u00e7o.<\/p>\n<p style=\"text-align: justify;\">A presidente do sindicato, Rosana Nascimento, que acompanhou a negocia\u00e7\u00e3o pessoalmente, informa que as gratifica\u00e7\u00f5es para diretores de escola, coordenadores pedag\u00f3gicos e administrativos ser\u00e3o detalhadas em nova reuni\u00e3o do Secret\u00e1rio de Finan\u00e7as da prefeitura com o n\u00facleo do Sinteac no munic\u00edpio. &#8220;O prefeito apresentou a mesma choradeira de muitos gestores. A Lei de Responsabilidade Fiscal foi invocada como um empecilho ao reajuste que a categoria pretendia. Entendemos que a crise n\u00e3o \u00e9 culpa do trabalhador, mas esse ganho, de qualquer forma, \u00e9 um avan\u00e7o&#8221;, disse Rosana.<\/p>\n<p style=\"text-align: justify;\">Para Jos\u00e9 Almeida, presidente do sindicato em Brasil\u00e9ia, a proposta n\u00e3o \u00e9 a ideal, &#8220;mas as negocia\u00e7\u00f5es ser\u00e3o retomadas quando a nova administra\u00e7\u00e3o municipal assumir&#8221;. As aulas em Brasil\u00e9ia ter\u00e3o in\u00edcio nesta segunda-feira (29).<\/p>\n","protected":false},"excerpt":{"rendered":"<p style=\"text-align: justify;\">Aulas em Brasileia come\u00e7am na segunda (29)<\/p>\n","protected":false},"author":4,"featured_media":21280,"comment_status":"open","ping_status":"open","sticky":false,"template":"","format":"standard","meta":{"jnews-multi-image_gallery":[],"jnews_single_post":[],"jnews_primary_category":[],"jnews_social_meta":[],"jnews_review":[],"enable_review":"","type":"","name":"","summary":"","brand":"","sku":"","good":[],"bad":[],"score_override":"","override_value":"","rating":[],"price":[],"footnotes":""},"categories":[54],"tags":[],"class_list":["post-21281","post","type-post","status-publish","format-standard","has-post-thumbnail","hentry","category-cotidiano"],"yoast_head":"<!-- This site is optimized with the Yoast SEO plugin v26.5 - https:\/\/yoast.com\/wordpress\/plugins\/seo\/ -->\n<title>Professores e funcion\u00e1rios aprovam proposta - Agazeta.net<\/title>\n<meta name=\"robots\" content=\"index, follow, max-snippet:-1, max-image-preview:large, max-video-preview:-1\" \/>\n<link rel=\"canonical\" href=\"https:\/\/nk7-testes.com.br\/agazeta\/professores-e-funcionarios-aprovam-proposta\/\" \/>\n<meta property=\"og:locale\" content=\"pt_BR\" \/>\n<meta property=\"og:type\" content=\"article\" \/>\n<meta property=\"og:title\" content=\"Professores e funcion\u00e1rios aprovam proposta - Agazeta.net\" \/>\n<meta property=\"og:description\" content=\"Aulas em Brasileia come\u00e7am na segunda (29)\" \/>\n<meta property=\"og:url\" content=\"https:\/\/nk7-testes.com.br\/agazeta\/professores-e-funcionarios-aprovam-proposta\/\" \/>\n<meta property=\"og:site_name\" content=\"Agazeta.net\" \/>\n<meta property=\"article:published_time\" content=\"2016-02-25T18:44:31+00:00\" \/>\n<meta property=\"og:image\" content=\"https:\/\/nk7-testes.com.br\/agazeta\/wp-content\/uploads\/2016\/02\/250216-cotidiano-brasileiavoltaasaulas.jpg\" \/>\n\t<meta property=\"og:image:width\" content=\"458\" \/>\n\t<meta property=\"og:image:height\" content=\"340\" \/>\n\t<meta property=\"og:image:type\" content=\"image\/jpeg\" \/>\n<meta name=\"author\" content=\"Agazeta.Net\" \/>\n<meta name=\"twitter:card\" content=\"summary_large_image\" \/>\n<meta name=\"twitter:label1\" content=\"Escrito por\" \/>\n\t<meta name=\"twitter:data1\" content=\"Agazeta.Net\" \/>\n\t<meta name=\"twitter:label2\" content=\"Est. tempo de leitura\" \/>\n\t<meta name=\"twitter:data2\" content=\"1 minuto\" \/>\n<script type=\"application\/ld+json\" class=\"yoast-schema-graph\">{\"@context\":\"https:\/\/schema.org\",\"@graph\":[{\"@type\":\"WebPage\",\"@id\":\"https:\/\/nk7-testes.com.br\/agazeta\/professores-e-funcionarios-aprovam-proposta\/\",\"url\":\"https:\/\/nk7-testes.com.br\/agazeta\/professores-e-funcionarios-aprovam-proposta\/\",\"name\":\"Professores e funcion\u00e1rios aprovam proposta - Agazeta.net\",\"isPartOf\":{\"@id\":\"https:\/\/nk7-testes.com.br\/agazeta\/#website\"},\"primaryImageOfPage\":{\"@id\":\"https:\/\/nk7-testes.com.br\/agazeta\/professores-e-funcionarios-aprovam-proposta\/#primaryimage\"},\"image\":{\"@id\":\"https:\/\/nk7-testes.com.br\/agazeta\/professores-e-funcionarios-aprovam-proposta\/#primaryimage\"},\"thumbnailUrl\":\"https:\/\/nk7-testes.com.br\/agazeta\/wp-content\/uploads\/2016\/02\/250216-cotidiano-brasileiavoltaasaulas.jpg\",\"datePublished\":\"2016-02-25T18:44:31+00:00\",\"author\":{\"@id\":\"https:\/\/nk7-testes.com.br\/agazeta\/#\/schema\/person\/6d6e25cb0435eb4a02fd44d30b4e3020\"},\"breadcrumb\":{\"@id\":\"https:\/\/nk7-testes.com.br\/agazeta\/professores-e-funcionarios-aprovam-proposta\/#breadcrumb\"},\"inLanguage\":\"pt-BR\",\"potentialAction\":[{\"@type\":\"ReadAction\",\"target\":[\"https:\/\/nk7-testes.com.br\/agazeta\/professores-e-funcionarios-aprovam-proposta\/\"]}]},{\"@type\":\"ImageObject\",\"inLanguage\":\"pt-BR\",\"@id\":\"https:\/\/nk7-testes.com.br\/agazeta\/professores-e-funcionarios-aprovam-proposta\/#primaryimage\",\"url\":\"https:\/\/nk7-testes.com.br\/agazeta\/wp-content\/uploads\/2016\/02\/250216-cotidiano-brasileiavoltaasaulas.jpg\",\"contentUrl\":\"https:\/\/nk7-testes.com.br\/agazeta\/wp-content\/uploads\/2016\/02\/250216-cotidiano-brasileiavoltaasaulas.jpg\",\"width\":458,\"height\":340,\"caption\":\"250216-cotidiano-brasileiavoltaasaulas\"},{\"@type\":\"BreadcrumbList\",\"@id\":\"https:\/\/nk7-testes.com.br\/agazeta\/professores-e-funcionarios-aprovam-proposta\/#breadcrumb\",\"itemListElement\":[{\"@type\":\"ListItem\",\"position\":1,\"name\":\"In\u00edcio\",\"item\":\"https:\/\/nk7-testes.com.br\/agazeta\/\"},{\"@type\":\"ListItem\",\"position\":2,\"name\":\"Professores e funcion\u00e1rios aprovam proposta\"}]},{\"@type\":\"WebSite\",\"@id\":\"https:\/\/nk7-testes.com.br\/agazeta\/#website\",\"url\":\"https:\/\/nk7-testes.com.br\/agazeta\/\",\"name\":\"Agazeta.net\",\"description\":\"Agazeta.net - Not\u00edcias de Rio Branco\/AC\",\"potentialAction\":[{\"@type\":\"SearchAction\",\"target\":{\"@type\":\"EntryPoint\",\"urlTemplate\":\"https:\/\/nk7-testes.com.br\/agazeta\/?s={search_term_string}\"},\"query-input\":{\"@type\":\"PropertyValueSpecification\",\"valueRequired\":true,\"valueName\":\"search_term_string\"}}],\"inLanguage\":\"pt-BR\"},{\"@type\":\"Person\",\"@id\":\"https:\/\/nk7-testes.com.br\/agazeta\/#\/schema\/person\/6d6e25cb0435eb4a02fd44d30b4e3020\",\"name\":\"Agazeta.Net\",\"url\":\"https:\/\/nk7-testes.com.br\/agazeta\/author\/agazeta\/\"}]}<\/script>\n<!-- \/ Yoast SEO plugin. -->","yoast_head_json":{"title":"Professores e funcion\u00e1rios aprovam proposta - Agazeta.net","robots":{"index":"index","follow":"follow","max-snippet":"max-snippet:-1","max-image-preview":"max-image-preview:large","max-video-preview":"max-video-preview:-1"},"canonical":"https:\/\/nk7-testes.com.br\/agazeta\/professores-e-funcionarios-aprovam-proposta\/","og_locale":"pt_BR","og_type":"article","og_title":"Professores e funcion\u00e1rios aprovam proposta - Agazeta.net","og_description":"Aulas em Brasileia come\u00e7am na segunda (29)","og_url":"https:\/\/nk7-testes.com.br\/agazeta\/professores-e-funcionarios-aprovam-proposta\/","og_site_name":"Agazeta.net","article_published_time":"2016-02-25T18:44:31+00:00","og_image":[{"width":458,"height":340,"url":"https:\/\/nk7-testes.com.br\/agazeta\/wp-content\/uploads\/2016\/02\/250216-cotidiano-brasileiavoltaasaulas.jpg","type":"image\/jpeg"}],"author":"Agazeta.Net","twitter_card":"summary_large_image","twitter_misc":{"Escrito por":"Agazeta.Net","Est. tempo de leitura":"1 minuto"},"schema":{"@context":"https:\/\/schema.org","@graph":[{"@type":"WebPage","@id":"https:\/\/nk7-testes.com.br\/agazeta\/professores-e-funcionarios-aprovam-proposta\/","url":"https:\/\/nk7-testes.com.br\/agazeta\/professores-e-funcionarios-aprovam-proposta\/","name":"Professores e funcion\u00e1rios aprovam proposta - Agazeta.net","isPartOf":{"@id":"https:\/\/nk7-testes.com.br\/agazeta\/#website"},"primaryImageOfPage":{"@id":"https:\/\/nk7-testes.com.br\/agazeta\/professores-e-funcionarios-aprovam-proposta\/#primaryimage"},"image":{"@id":"https:\/\/nk7-testes.com.br\/agazeta\/professores-e-funcionarios-aprovam-proposta\/#primaryimage"},"thumbnailUrl":"https:\/\/nk7-testes.com.br\/agazeta\/wp-content\/uploads\/2016\/02\/250216-cotidiano-brasileiavoltaasaulas.jpg","datePublished":"2016-02-25T18:44:31+00:00","author":{"@id":"https:\/\/nk7-testes.com.br\/agazeta\/#\/schema\/person\/6d6e25cb0435eb4a02fd44d30b4e3020"},"breadcrumb":{"@id":"https:\/\/nk7-testes.com.br\/agazeta\/professores-e-funcionarios-aprovam-proposta\/#breadcrumb"},"inLanguage":"pt-BR","potentialAction":[{"@type":"ReadAction","target":["https:\/\/nk7-testes.com.br\/agazeta\/professores-e-funcionarios-aprovam-proposta\/"]}]},{"@type":"ImageObject","inLanguage":"pt-BR","@id":"https:\/\/nk7-testes.com.br\/agazeta\/professores-e-funcionarios-aprovam-proposta\/#primaryimage","url":"https:\/\/nk7-testes.com.br\/agazeta\/wp-content\/uploads\/2016\/02\/250216-cotidiano-brasileiavoltaasaulas.jpg","contentUrl":"https:\/\/nk7-testes.com.br\/agazeta\/wp-content\/uploads\/2016\/02\/250216-cotidiano-brasileiavoltaasaulas.jpg","width":458,"height":340,"caption":"250216-cotidiano-brasileiavoltaasaulas"},{"@type":"BreadcrumbList","@id":"https:\/\/nk7-testes.com.br\/agazeta\/professores-e-funcionarios-aprovam-proposta\/#breadcrumb","itemListElement":[{"@type":"ListItem","position":1,"name":"In\u00edcio","item":"https:\/\/nk7-testes.com.br\/agazeta\/"},{"@type":"ListItem","position":2,"name":"Professores e funcion\u00e1rios aprovam proposta"}]},{"@type":"WebSite","@id":"https:\/\/nk7-testes.com.br\/agazeta\/#website","url":"https:\/\/nk7-testes.com.br\/agazeta\/","name":"Agazeta.net","description":"Agazeta.net - Not\u00edcias de Rio Branco\/AC","potentialAction":[{"@type":"SearchAction","target":{"@type":"EntryPoint","urlTemplate":"https:\/\/nk7-testes.com.br\/agazeta\/?s={search_term_string}"},"query-input":{"@type":"PropertyValueSpecification","valueRequired":true,"valueName":"search_term_string"}}],"inLanguage":"pt-BR"},{"@type":"Person","@id":"https:\/\/nk7-testes.com.br\/agazeta\/#\/schema\/person\/6d6e25cb0435eb4a02fd44d30b4e3020","name":"Agazeta.Net","url":"https:\/\/nk7-testes.com.br\/agazeta\/author\/agazeta\/"}]}},"_links":{"self":[{"href":"https:\/\/nk7-testes.com.br\/agazeta\/wp-json\/wp\/v2\/posts\/21281","targetHints":{"allow":["GET"]}}],"collection":[{"href":"https:\/\/nk7-testes.com.br\/agazeta\/wp-json\/wp\/v2\/posts"}],"about":[{"href":"https:\/\/nk7-testes.com.br\/agazeta\/wp-json\/wp\/v2\/types\/post"}],"author":[{"embeddable":true,"href":"https:\/\/nk7-testes.com.br\/agazeta\/wp-json\/wp\/v2\/users\/4"}],"replies":[{"embeddable":true,"href":"https:\/\/nk7-testes.com.br\/agazeta\/wp-json\/wp\/v2\/comments?post=21281"}],"version-history":[{"count":0,"href":"https:\/\/nk7-testes.com.br\/agazeta\/wp-json\/wp\/v2\/posts\/21281\/revisions"}],"wp:featuredmedia":[{"embeddable":true,"href":"https:\/\/nk7-testes.com.br\/agazeta\/wp-json\/wp\/v2\/media\/21280"}],"wp:attachment":[{"href":"https:\/\/nk7-testes.com.br\/agazeta\/wp-json\/wp\/v2\/media?parent=21281"}],"wp:term":[{"taxonomy":"category","embeddable":true,"href":"https:\/\/nk7-testes.com.br\/agazeta\/wp-json\/wp\/v2\/categories?post=21281"},{"taxonomy":"post_tag","embeddable":true,"href":"https:\/\/nk7-testes.com.br\/agazeta\/wp-json\/wp\/v2\/tags?post=21281"}],"curies":[{"name":"wp","href":"https:\/\/api.w.org\/{rel}","templated":true}]}}