{"id":21269,"date":"2016-02-25T13:23:43","date_gmt":"2016-02-25T13:23:43","guid":{"rendered":"https:\/\/abarevegan.com.br\/index.php\/2016\/02\/25\/falta-iluminacao-publica-na-avenida-amadeu-barbosa\/"},"modified":"2016-02-25T13:23:43","modified_gmt":"2016-02-25T13:23:43","slug":"falta-iluminacao-publica-na-avenida-amadeu-barbosa","status":"publish","type":"post","link":"https:\/\/nk7-testes.com.br\/agazeta\/falta-iluminacao-publica-na-avenida-amadeu-barbosa\/","title":{"rendered":"Falta ilumina\u00e7\u00e3o p\u00fablica na Avenida Amadeo Barbosa"},"content":{"rendered":"<p style=\"text-align: justify;\">Situa\u00e7\u00e3o favorece a\u00e7\u00f5es de marginais<\/p>\n<p style=\"text-align: justify;\">Os comerciantes da Avenida Amadeo Barbosa est\u00e3o reclamando da falta de ilumina\u00e7\u00e3o p\u00fablica no local. Segundo ele, parte da Amadeo Barbosa pr\u00f3ximo \u00e0 Via Chico Mendes, onde est\u00e3o instalados v\u00e1rios com\u00e9rcios e lanchonetes, est\u00e1 no escuro h\u00e1 quatro dias.<\/p>\n<p style=\"text-align: justify;\">Com isso, os comerciantes est\u00e3o com medo de assaltos. At\u00e9 as pessoas que ficam nas paradas de \u00f4nibus est\u00e3o com medo j\u00e1 que est\u00e1 tudo escuro. Com isso, fica mais f\u00e1cil para os marginais agirem, segundo eles.<\/p>\n<p style=\"text-align: justify;\">A Prefeitura de Rio Branco informou que enviou uma equipe na manh\u00e3 desta quinta-feira para resolver o problema.<\/p>\n","protected":false},"excerpt":{"rendered":"<p style=\"text-align: justify;\">Situa\u00e7\u00e3o favorece a\u00e7\u00f5es de marginais<\/p>\n","protected":false},"author":4,"featured_media":21268,"comment_status":"open","ping_status":"open","sticky":false,"template":"","format":"standard","meta":{"jnews-multi-image_gallery":[],"jnews_single_post":[],"jnews_primary_category":[],"jnews_social_meta":[],"jnews_review":[],"enable_review":"","type":"","name":"","summary":"","brand":"","sku":"","good":[],"bad":[],"score_override":"","override_value":"","rating":[],"price":[],"footnotes":""},"categories":[54],"tags":[],"class_list":["post-21269","post","type-post","status-publish","format-standard","has-post-thumbnail","hentry","category-cotidiano"],"yoast_head":"<!-- This site is optimized with the Yoast SEO plugin v26.5 - https:\/\/yoast.com\/wordpress\/plugins\/seo\/ -->\n<title>Falta ilumina\u00e7\u00e3o p\u00fablica na Avenida Amadeo Barbosa - Agazeta.net<\/title>\n<meta name=\"robots\" content=\"index, follow, max-snippet:-1, max-image-preview:large, max-video-preview:-1\" \/>\n<link rel=\"canonical\" href=\"https:\/\/nk7-testes.com.br\/agazeta\/falta-iluminacao-publica-na-avenida-amadeu-barbosa\/\" \/>\n<meta property=\"og:locale\" content=\"pt_BR\" \/>\n<meta property=\"og:type\" content=\"article\" \/>\n<meta property=\"og:title\" content=\"Falta ilumina\u00e7\u00e3o p\u00fablica na Avenida Amadeo Barbosa - Agazeta.net\" \/>\n<meta property=\"og:description\" content=\"Situa\u00e7\u00e3o favorece a\u00e7\u00f5es de marginais\" \/>\n<meta property=\"og:url\" content=\"https:\/\/nk7-testes.com.br\/agazeta\/falta-iluminacao-publica-na-avenida-amadeu-barbosa\/\" \/>\n<meta property=\"og:site_name\" content=\"Agazeta.net\" \/>\n<meta property=\"article:published_time\" content=\"2016-02-25T13:23:43+00:00\" \/>\n<meta property=\"og:image\" content=\"https:\/\/nk7-testes.com.br\/agazeta\/wp-content\/uploads\/2016\/02\/250216-cotidiano-faltadeiluminacao-cleriston.jpg\" \/>\n\t<meta property=\"og:image:width\" content=\"458\" \/>\n\t<meta property=\"og:image:height\" content=\"340\" \/>\n\t<meta property=\"og:image:type\" content=\"image\/jpeg\" \/>\n<meta name=\"author\" content=\"Agazeta.Net\" \/>\n<meta name=\"twitter:card\" content=\"summary_large_image\" \/>\n<meta name=\"twitter:label1\" content=\"Escrito por\" \/>\n\t<meta name=\"twitter:data1\" content=\"Agazeta.Net\" \/>\n\t<meta name=\"twitter:label2\" content=\"Est. tempo de leitura\" \/>\n\t<meta name=\"twitter:data2\" content=\"1 minuto\" \/>\n<script type=\"application\/ld+json\" class=\"yoast-schema-graph\">{\"@context\":\"https:\/\/schema.org\",\"@graph\":[{\"@type\":\"WebPage\",\"@id\":\"https:\/\/nk7-testes.com.br\/agazeta\/falta-iluminacao-publica-na-avenida-amadeu-barbosa\/\",\"url\":\"https:\/\/nk7-testes.com.br\/agazeta\/falta-iluminacao-publica-na-avenida-amadeu-barbosa\/\",\"name\":\"Falta ilumina\u00e7\u00e3o p\u00fablica na Avenida Amadeo Barbosa - Agazeta.net\",\"isPartOf\":{\"@id\":\"https:\/\/nk7-testes.com.br\/agazeta\/#website\"},\"primaryImageOfPage\":{\"@id\":\"https:\/\/nk7-testes.com.br\/agazeta\/falta-iluminacao-publica-na-avenida-amadeu-barbosa\/#primaryimage\"},\"image\":{\"@id\":\"https:\/\/nk7-testes.com.br\/agazeta\/falta-iluminacao-publica-na-avenida-amadeu-barbosa\/#primaryimage\"},\"thumbnailUrl\":\"https:\/\/nk7-testes.com.br\/agazeta\/wp-content\/uploads\/2016\/02\/250216-cotidiano-faltadeiluminacao-cleriston.jpg\",\"datePublished\":\"2016-02-25T13:23:43+00:00\",\"author\":{\"@id\":\"https:\/\/nk7-testes.com.br\/agazeta\/#\/schema\/person\/6d6e25cb0435eb4a02fd44d30b4e3020\"},\"breadcrumb\":{\"@id\":\"https:\/\/nk7-testes.com.br\/agazeta\/falta-iluminacao-publica-na-avenida-amadeu-barbosa\/#breadcrumb\"},\"inLanguage\":\"pt-BR\",\"potentialAction\":[{\"@type\":\"ReadAction\",\"target\":[\"https:\/\/nk7-testes.com.br\/agazeta\/falta-iluminacao-publica-na-avenida-amadeu-barbosa\/\"]}]},{\"@type\":\"ImageObject\",\"inLanguage\":\"pt-BR\",\"@id\":\"https:\/\/nk7-testes.com.br\/agazeta\/falta-iluminacao-publica-na-avenida-amadeu-barbosa\/#primaryimage\",\"url\":\"https:\/\/nk7-testes.com.br\/agazeta\/wp-content\/uploads\/2016\/02\/250216-cotidiano-faltadeiluminacao-cleriston.jpg\",\"contentUrl\":\"https:\/\/nk7-testes.com.br\/agazeta\/wp-content\/uploads\/2016\/02\/250216-cotidiano-faltadeiluminacao-cleriston.jpg\",\"width\":458,\"height\":340,\"caption\":\"250216-cotidiano-faltadeiluminacao-cleriston\"},{\"@type\":\"BreadcrumbList\",\"@id\":\"https:\/\/nk7-testes.com.br\/agazeta\/falta-iluminacao-publica-na-avenida-amadeu-barbosa\/#breadcrumb\",\"itemListElement\":[{\"@type\":\"ListItem\",\"position\":1,\"name\":\"In\u00edcio\",\"item\":\"https:\/\/nk7-testes.com.br\/agazeta\/\"},{\"@type\":\"ListItem\",\"position\":2,\"name\":\"Falta ilumina\u00e7\u00e3o p\u00fablica na Avenida Amadeo Barbosa\"}]},{\"@type\":\"WebSite\",\"@id\":\"https:\/\/nk7-testes.com.br\/agazeta\/#website\",\"url\":\"https:\/\/nk7-testes.com.br\/agazeta\/\",\"name\":\"Agazeta.net\",\"description\":\"Agazeta.net - Not\u00edcias de Rio Branco\/AC\",\"potentialAction\":[{\"@type\":\"SearchAction\",\"target\":{\"@type\":\"EntryPoint\",\"urlTemplate\":\"https:\/\/nk7-testes.com.br\/agazeta\/?s={search_term_string}\"},\"query-input\":{\"@type\":\"PropertyValueSpecification\",\"valueRequired\":true,\"valueName\":\"search_term_string\"}}],\"inLanguage\":\"pt-BR\"},{\"@type\":\"Person\",\"@id\":\"https:\/\/nk7-testes.com.br\/agazeta\/#\/schema\/person\/6d6e25cb0435eb4a02fd44d30b4e3020\",\"name\":\"Agazeta.Net\",\"url\":\"https:\/\/nk7-testes.com.br\/agazeta\/author\/agazeta\/\"}]}<\/script>\n<!-- \/ Yoast SEO plugin. -->","yoast_head_json":{"title":"Falta ilumina\u00e7\u00e3o p\u00fablica na Avenida Amadeo Barbosa - Agazeta.net","robots":{"index":"index","follow":"follow","max-snippet":"max-snippet:-1","max-image-preview":"max-image-preview:large","max-video-preview":"max-video-preview:-1"},"canonical":"https:\/\/nk7-testes.com.br\/agazeta\/falta-iluminacao-publica-na-avenida-amadeu-barbosa\/","og_locale":"pt_BR","og_type":"article","og_title":"Falta ilumina\u00e7\u00e3o p\u00fablica na Avenida Amadeo Barbosa - Agazeta.net","og_description":"Situa\u00e7\u00e3o favorece a\u00e7\u00f5es de marginais","og_url":"https:\/\/nk7-testes.com.br\/agazeta\/falta-iluminacao-publica-na-avenida-amadeu-barbosa\/","og_site_name":"Agazeta.net","article_published_time":"2016-02-25T13:23:43+00:00","og_image":[{"width":458,"height":340,"url":"https:\/\/nk7-testes.com.br\/agazeta\/wp-content\/uploads\/2016\/02\/250216-cotidiano-faltadeiluminacao-cleriston.jpg","type":"image\/jpeg"}],"author":"Agazeta.Net","twitter_card":"summary_large_image","twitter_misc":{"Escrito por":"Agazeta.Net","Est. tempo de leitura":"1 minuto"},"schema":{"@context":"https:\/\/schema.org","@graph":[{"@type":"WebPage","@id":"https:\/\/nk7-testes.com.br\/agazeta\/falta-iluminacao-publica-na-avenida-amadeu-barbosa\/","url":"https:\/\/nk7-testes.com.br\/agazeta\/falta-iluminacao-publica-na-avenida-amadeu-barbosa\/","name":"Falta ilumina\u00e7\u00e3o p\u00fablica na Avenida Amadeo Barbosa - Agazeta.net","isPartOf":{"@id":"https:\/\/nk7-testes.com.br\/agazeta\/#website"},"primaryImageOfPage":{"@id":"https:\/\/nk7-testes.com.br\/agazeta\/falta-iluminacao-publica-na-avenida-amadeu-barbosa\/#primaryimage"},"image":{"@id":"https:\/\/nk7-testes.com.br\/agazeta\/falta-iluminacao-publica-na-avenida-amadeu-barbosa\/#primaryimage"},"thumbnailUrl":"https:\/\/nk7-testes.com.br\/agazeta\/wp-content\/uploads\/2016\/02\/250216-cotidiano-faltadeiluminacao-cleriston.jpg","datePublished":"2016-02-25T13:23:43+00:00","author":{"@id":"https:\/\/nk7-testes.com.br\/agazeta\/#\/schema\/person\/6d6e25cb0435eb4a02fd44d30b4e3020"},"breadcrumb":{"@id":"https:\/\/nk7-testes.com.br\/agazeta\/falta-iluminacao-publica-na-avenida-amadeu-barbosa\/#breadcrumb"},"inLanguage":"pt-BR","potentialAction":[{"@type":"ReadAction","target":["https:\/\/nk7-testes.com.br\/agazeta\/falta-iluminacao-publica-na-avenida-amadeu-barbosa\/"]}]},{"@type":"ImageObject","inLanguage":"pt-BR","@id":"https:\/\/nk7-testes.com.br\/agazeta\/falta-iluminacao-publica-na-avenida-amadeu-barbosa\/#primaryimage","url":"https:\/\/nk7-testes.com.br\/agazeta\/wp-content\/uploads\/2016\/02\/250216-cotidiano-faltadeiluminacao-cleriston.jpg","contentUrl":"https:\/\/nk7-testes.com.br\/agazeta\/wp-content\/uploads\/2016\/02\/250216-cotidiano-faltadeiluminacao-cleriston.jpg","width":458,"height":340,"caption":"250216-cotidiano-faltadeiluminacao-cleriston"},{"@type":"BreadcrumbList","@id":"https:\/\/nk7-testes.com.br\/agazeta\/falta-iluminacao-publica-na-avenida-amadeu-barbosa\/#breadcrumb","itemListElement":[{"@type":"ListItem","position":1,"name":"In\u00edcio","item":"https:\/\/nk7-testes.com.br\/agazeta\/"},{"@type":"ListItem","position":2,"name":"Falta ilumina\u00e7\u00e3o p\u00fablica na Avenida Amadeo Barbosa"}]},{"@type":"WebSite","@id":"https:\/\/nk7-testes.com.br\/agazeta\/#website","url":"https:\/\/nk7-testes.com.br\/agazeta\/","name":"Agazeta.net","description":"Agazeta.net - Not\u00edcias de Rio Branco\/AC","potentialAction":[{"@type":"SearchAction","target":{"@type":"EntryPoint","urlTemplate":"https:\/\/nk7-testes.com.br\/agazeta\/?s={search_term_string}"},"query-input":{"@type":"PropertyValueSpecification","valueRequired":true,"valueName":"search_term_string"}}],"inLanguage":"pt-BR"},{"@type":"Person","@id":"https:\/\/nk7-testes.com.br\/agazeta\/#\/schema\/person\/6d6e25cb0435eb4a02fd44d30b4e3020","name":"Agazeta.Net","url":"https:\/\/nk7-testes.com.br\/agazeta\/author\/agazeta\/"}]}},"_links":{"self":[{"href":"https:\/\/nk7-testes.com.br\/agazeta\/wp-json\/wp\/v2\/posts\/21269","targetHints":{"allow":["GET"]}}],"collection":[{"href":"https:\/\/nk7-testes.com.br\/agazeta\/wp-json\/wp\/v2\/posts"}],"about":[{"href":"https:\/\/nk7-testes.com.br\/agazeta\/wp-json\/wp\/v2\/types\/post"}],"author":[{"embeddable":true,"href":"https:\/\/nk7-testes.com.br\/agazeta\/wp-json\/wp\/v2\/users\/4"}],"replies":[{"embeddable":true,"href":"https:\/\/nk7-testes.com.br\/agazeta\/wp-json\/wp\/v2\/comments?post=21269"}],"version-history":[{"count":0,"href":"https:\/\/nk7-testes.com.br\/agazeta\/wp-json\/wp\/v2\/posts\/21269\/revisions"}],"wp:featuredmedia":[{"embeddable":true,"href":"https:\/\/nk7-testes.com.br\/agazeta\/wp-json\/wp\/v2\/media\/21268"}],"wp:attachment":[{"href":"https:\/\/nk7-testes.com.br\/agazeta\/wp-json\/wp\/v2\/media?parent=21269"}],"wp:term":[{"taxonomy":"category","embeddable":true,"href":"https:\/\/nk7-testes.com.br\/agazeta\/wp-json\/wp\/v2\/categories?post=21269"},{"taxonomy":"post_tag","embeddable":true,"href":"https:\/\/nk7-testes.com.br\/agazeta\/wp-json\/wp\/v2\/tags?post=21269"}],"curies":[{"name":"wp","href":"https:\/\/api.w.org\/{rel}","templated":true}]}}