{"id":21247,"date":"2016-02-24T13:09:26","date_gmt":"2016-02-24T13:09:26","guid":{"rendered":"https:\/\/abarevegan.com.br\/index.php\/2016\/02\/24\/casos-notificados-de-dengue-aumentam-164-na-capital\/"},"modified":"2016-02-24T13:09:26","modified_gmt":"2016-02-24T13:09:26","slug":"casos-notificados-de-dengue-aumentam-164-na-capital","status":"publish","type":"post","link":"https:\/\/nk7-testes.com.br\/agazeta\/casos-notificados-de-dengue-aumentam-164-na-capital\/","title":{"rendered":"Casos notificados de dengue aumentam 164% na Capital"},"content":{"rendered":"<p style=\"text-align: justify;\">\u00daltimo boletim contradiz dado oficial anterior<\/p>\n<p style=\"text-align: justify;\">Entre os dias 17 e 23 de janeiro, as unidades de sa\u00fade de Rio Branco notificaram 634 casos suspeitos de dengue. Um aumento de 164% em rela\u00e7\u00e3o ao mesmo per\u00edodo do ano passado, quando foram registradas 240 notifica\u00e7\u00f5es.<\/p>\n<p style=\"text-align: justify;\">De acordo com o secret\u00e1rio municipal de sa\u00fade, Oteniel Almeida, houve aumento, por que mais pessoas procuraram atendimento e mais exames laboratoriais foram solicitados.<\/p>\n<p style=\"text-align: justify;\">\u201cN\u00f3s acreditamos que foi a mobiliza\u00e7\u00e3o que intensificou e as pessoas procuraram mais as unidades de sa\u00fade. Ano passado, as pessoas talvez sentiram o sintoma e n\u00e3o procuraram\u201d, disse.<\/p>\n<p style=\"text-align: justify;\">Do total de exames com suspeita de dengue, 5% apresentaram positividade, ou seja, 32 pessoas contra\u00edram a doen\u00e7a. Como os n\u00fameros do boletim s\u00e3o referentes a pen\u00faltima semana de janeiro n\u00e3o h\u00e1 como saber quantas pessoas hoje, est\u00e3o com dengue.<\/p>\n<p style=\"text-align: justify;\">Mas segundo o secret\u00e1rio, as unidades de sa\u00fade est\u00e3o preparadas para receber os casos suspeitos e encaminh\u00e1-los para procedimentos e tratamento.<\/p>\n<p style=\"text-align: justify;\">Um detalhe no boletim, \u00e9 que o Laborat\u00f3rio Central n\u00e3o est\u00e1 realizando exames para diagn\u00f3stico de dengue por falta de material.<\/p>\n<p style=\"text-align: justify;\">Em Rio Branco ainda n\u00e3o foi confirmada a circula\u00e7\u00e3o do zika v\u00edrus e chikungunya, segundo a secretaria, algumas casos suspeitos s\u00e3o investigados.<\/p>\n<p style=\"text-align: justify;\">A partir da pr\u00f3xima semana, a Secretaria municipal de sa\u00fade vai come\u00e7ar a entrar nos terrenos baldios e quintais abandonados ou desocupados, suspeitos de abrigar focos do mosquito Aedes aegipty.<\/p>\n<p style=\"text-align: justify;\">A entrada compuls\u00f3ria como \u00e9 chamada, consiste na elimina\u00e7\u00e3o dos focos do mosquito e tamb\u00e9m na limpeza do local. Este \u00faltimo servi\u00e7o, a limpeza, ser\u00e1 pago posteriormente pelo dono da propriedade.<\/p>\n<p style=\"text-align: justify;\">\u201c\u00c9 uma parceria com o Minist\u00e9rio P\u00fablico e agora a gente espera colocar em efetividade. Evidentemente que o nosso pedido \u00e9 sempre da conscientiza\u00e7\u00e3o para que a popula\u00e7\u00e3o nos ajude\u201d, completou o secret\u00e1rio.<\/p>\n","protected":false},"excerpt":{"rendered":"<p style=\"text-align: justify;\">\u00daltimo boletim contradiz dado oficial anterior<\/p>\n","protected":false},"author":4,"featured_media":21246,"comment_status":"open","ping_status":"open","sticky":false,"template":"","format":"standard","meta":{"jnews-multi-image_gallery":[],"jnews_single_post":[],"jnews_primary_category":[],"jnews_social_meta":[],"jnews_review":[],"enable_review":"","type":"","name":"","summary":"","brand":"","sku":"","good":[],"bad":[],"score_override":"","override_value":"","rating":[],"price":[],"footnotes":""},"categories":[54],"tags":[],"class_list":["post-21247","post","type-post","status-publish","format-standard","has-post-thumbnail","hentry","category-cotidiano"],"yoast_head":"<!-- This site is optimized with the Yoast SEO plugin v26.5 - https:\/\/yoast.com\/wordpress\/plugins\/seo\/ -->\n<title>Casos notificados de dengue aumentam 164% na Capital - Agazeta.net<\/title>\n<meta name=\"robots\" content=\"index, follow, max-snippet:-1, max-image-preview:large, max-video-preview:-1\" \/>\n<link rel=\"canonical\" href=\"https:\/\/nk7-testes.com.br\/agazeta\/casos-notificados-de-dengue-aumentam-164-na-capital\/\" \/>\n<meta property=\"og:locale\" content=\"pt_BR\" \/>\n<meta property=\"og:type\" content=\"article\" \/>\n<meta property=\"og:title\" content=\"Casos notificados de dengue aumentam 164% na Capital - Agazeta.net\" \/>\n<meta property=\"og:description\" content=\"\u00daltimo boletim contradiz dado oficial anterior\" \/>\n<meta property=\"og:url\" content=\"https:\/\/nk7-testes.com.br\/agazeta\/casos-notificados-de-dengue-aumentam-164-na-capital\/\" \/>\n<meta property=\"og:site_name\" content=\"Agazeta.net\" \/>\n<meta property=\"article:published_time\" content=\"2016-02-24T13:09:26+00:00\" \/>\n<meta property=\"og:image\" content=\"https:\/\/nk7-testes.com.br\/agazeta\/wp-content\/uploads\/2016\/02\/240216-cotidiano-denguenosbairros-ascompmrb.JPG\" \/>\n\t<meta property=\"og:image:width\" content=\"458\" \/>\n\t<meta property=\"og:image:height\" content=\"340\" \/>\n\t<meta property=\"og:image:type\" content=\"image\/jpeg\" \/>\n<meta name=\"author\" content=\"Agazeta.Net\" \/>\n<meta name=\"twitter:card\" content=\"summary_large_image\" \/>\n<meta name=\"twitter:label1\" content=\"Escrito por\" \/>\n\t<meta name=\"twitter:data1\" content=\"Agazeta.Net\" \/>\n\t<meta name=\"twitter:label2\" content=\"Est. tempo de leitura\" \/>\n\t<meta name=\"twitter:data2\" content=\"2 minutos\" \/>\n<script type=\"application\/ld+json\" class=\"yoast-schema-graph\">{\"@context\":\"https:\/\/schema.org\",\"@graph\":[{\"@type\":\"WebPage\",\"@id\":\"https:\/\/nk7-testes.com.br\/agazeta\/casos-notificados-de-dengue-aumentam-164-na-capital\/\",\"url\":\"https:\/\/nk7-testes.com.br\/agazeta\/casos-notificados-de-dengue-aumentam-164-na-capital\/\",\"name\":\"Casos notificados de dengue aumentam 164% na Capital - Agazeta.net\",\"isPartOf\":{\"@id\":\"https:\/\/nk7-testes.com.br\/agazeta\/#website\"},\"primaryImageOfPage\":{\"@id\":\"https:\/\/nk7-testes.com.br\/agazeta\/casos-notificados-de-dengue-aumentam-164-na-capital\/#primaryimage\"},\"image\":{\"@id\":\"https:\/\/nk7-testes.com.br\/agazeta\/casos-notificados-de-dengue-aumentam-164-na-capital\/#primaryimage\"},\"thumbnailUrl\":\"https:\/\/nk7-testes.com.br\/agazeta\/wp-content\/uploads\/2016\/02\/240216-cotidiano-denguenosbairros-ascompmrb.JPG\",\"datePublished\":\"2016-02-24T13:09:26+00:00\",\"author\":{\"@id\":\"https:\/\/nk7-testes.com.br\/agazeta\/#\/schema\/person\/6d6e25cb0435eb4a02fd44d30b4e3020\"},\"breadcrumb\":{\"@id\":\"https:\/\/nk7-testes.com.br\/agazeta\/casos-notificados-de-dengue-aumentam-164-na-capital\/#breadcrumb\"},\"inLanguage\":\"pt-BR\",\"potentialAction\":[{\"@type\":\"ReadAction\",\"target\":[\"https:\/\/nk7-testes.com.br\/agazeta\/casos-notificados-de-dengue-aumentam-164-na-capital\/\"]}]},{\"@type\":\"ImageObject\",\"inLanguage\":\"pt-BR\",\"@id\":\"https:\/\/nk7-testes.com.br\/agazeta\/casos-notificados-de-dengue-aumentam-164-na-capital\/#primaryimage\",\"url\":\"https:\/\/nk7-testes.com.br\/agazeta\/wp-content\/uploads\/2016\/02\/240216-cotidiano-denguenosbairros-ascompmrb.JPG\",\"contentUrl\":\"https:\/\/nk7-testes.com.br\/agazeta\/wp-content\/uploads\/2016\/02\/240216-cotidiano-denguenosbairros-ascompmrb.JPG\",\"width\":458,\"height\":340,\"caption\":\"240216-cotidiano-denguenosbairros-ascompmrb\"},{\"@type\":\"BreadcrumbList\",\"@id\":\"https:\/\/nk7-testes.com.br\/agazeta\/casos-notificados-de-dengue-aumentam-164-na-capital\/#breadcrumb\",\"itemListElement\":[{\"@type\":\"ListItem\",\"position\":1,\"name\":\"In\u00edcio\",\"item\":\"https:\/\/nk7-testes.com.br\/agazeta\/\"},{\"@type\":\"ListItem\",\"position\":2,\"name\":\"Casos notificados de dengue aumentam 164% na Capital\"}]},{\"@type\":\"WebSite\",\"@id\":\"https:\/\/nk7-testes.com.br\/agazeta\/#website\",\"url\":\"https:\/\/nk7-testes.com.br\/agazeta\/\",\"name\":\"Agazeta.net\",\"description\":\"Agazeta.net - Not\u00edcias de Rio Branco\/AC\",\"potentialAction\":[{\"@type\":\"SearchAction\",\"target\":{\"@type\":\"EntryPoint\",\"urlTemplate\":\"https:\/\/nk7-testes.com.br\/agazeta\/?s={search_term_string}\"},\"query-input\":{\"@type\":\"PropertyValueSpecification\",\"valueRequired\":true,\"valueName\":\"search_term_string\"}}],\"inLanguage\":\"pt-BR\"},{\"@type\":\"Person\",\"@id\":\"https:\/\/nk7-testes.com.br\/agazeta\/#\/schema\/person\/6d6e25cb0435eb4a02fd44d30b4e3020\",\"name\":\"Agazeta.Net\",\"url\":\"https:\/\/nk7-testes.com.br\/agazeta\/author\/agazeta\/\"}]}<\/script>\n<!-- \/ Yoast SEO plugin. -->","yoast_head_json":{"title":"Casos notificados de dengue aumentam 164% na Capital - Agazeta.net","robots":{"index":"index","follow":"follow","max-snippet":"max-snippet:-1","max-image-preview":"max-image-preview:large","max-video-preview":"max-video-preview:-1"},"canonical":"https:\/\/nk7-testes.com.br\/agazeta\/casos-notificados-de-dengue-aumentam-164-na-capital\/","og_locale":"pt_BR","og_type":"article","og_title":"Casos notificados de dengue aumentam 164% na Capital - Agazeta.net","og_description":"\u00daltimo boletim contradiz dado oficial anterior","og_url":"https:\/\/nk7-testes.com.br\/agazeta\/casos-notificados-de-dengue-aumentam-164-na-capital\/","og_site_name":"Agazeta.net","article_published_time":"2016-02-24T13:09:26+00:00","og_image":[{"width":458,"height":340,"url":"https:\/\/nk7-testes.com.br\/agazeta\/wp-content\/uploads\/2016\/02\/240216-cotidiano-denguenosbairros-ascompmrb.JPG","type":"image\/jpeg"}],"author":"Agazeta.Net","twitter_card":"summary_large_image","twitter_misc":{"Escrito por":"Agazeta.Net","Est. tempo de leitura":"2 minutos"},"schema":{"@context":"https:\/\/schema.org","@graph":[{"@type":"WebPage","@id":"https:\/\/nk7-testes.com.br\/agazeta\/casos-notificados-de-dengue-aumentam-164-na-capital\/","url":"https:\/\/nk7-testes.com.br\/agazeta\/casos-notificados-de-dengue-aumentam-164-na-capital\/","name":"Casos notificados de dengue aumentam 164% na Capital - Agazeta.net","isPartOf":{"@id":"https:\/\/nk7-testes.com.br\/agazeta\/#website"},"primaryImageOfPage":{"@id":"https:\/\/nk7-testes.com.br\/agazeta\/casos-notificados-de-dengue-aumentam-164-na-capital\/#primaryimage"},"image":{"@id":"https:\/\/nk7-testes.com.br\/agazeta\/casos-notificados-de-dengue-aumentam-164-na-capital\/#primaryimage"},"thumbnailUrl":"https:\/\/nk7-testes.com.br\/agazeta\/wp-content\/uploads\/2016\/02\/240216-cotidiano-denguenosbairros-ascompmrb.JPG","datePublished":"2016-02-24T13:09:26+00:00","author":{"@id":"https:\/\/nk7-testes.com.br\/agazeta\/#\/schema\/person\/6d6e25cb0435eb4a02fd44d30b4e3020"},"breadcrumb":{"@id":"https:\/\/nk7-testes.com.br\/agazeta\/casos-notificados-de-dengue-aumentam-164-na-capital\/#breadcrumb"},"inLanguage":"pt-BR","potentialAction":[{"@type":"ReadAction","target":["https:\/\/nk7-testes.com.br\/agazeta\/casos-notificados-de-dengue-aumentam-164-na-capital\/"]}]},{"@type":"ImageObject","inLanguage":"pt-BR","@id":"https:\/\/nk7-testes.com.br\/agazeta\/casos-notificados-de-dengue-aumentam-164-na-capital\/#primaryimage","url":"https:\/\/nk7-testes.com.br\/agazeta\/wp-content\/uploads\/2016\/02\/240216-cotidiano-denguenosbairros-ascompmrb.JPG","contentUrl":"https:\/\/nk7-testes.com.br\/agazeta\/wp-content\/uploads\/2016\/02\/240216-cotidiano-denguenosbairros-ascompmrb.JPG","width":458,"height":340,"caption":"240216-cotidiano-denguenosbairros-ascompmrb"},{"@type":"BreadcrumbList","@id":"https:\/\/nk7-testes.com.br\/agazeta\/casos-notificados-de-dengue-aumentam-164-na-capital\/#breadcrumb","itemListElement":[{"@type":"ListItem","position":1,"name":"In\u00edcio","item":"https:\/\/nk7-testes.com.br\/agazeta\/"},{"@type":"ListItem","position":2,"name":"Casos notificados de dengue aumentam 164% na Capital"}]},{"@type":"WebSite","@id":"https:\/\/nk7-testes.com.br\/agazeta\/#website","url":"https:\/\/nk7-testes.com.br\/agazeta\/","name":"Agazeta.net","description":"Agazeta.net - Not\u00edcias de Rio Branco\/AC","potentialAction":[{"@type":"SearchAction","target":{"@type":"EntryPoint","urlTemplate":"https:\/\/nk7-testes.com.br\/agazeta\/?s={search_term_string}"},"query-input":{"@type":"PropertyValueSpecification","valueRequired":true,"valueName":"search_term_string"}}],"inLanguage":"pt-BR"},{"@type":"Person","@id":"https:\/\/nk7-testes.com.br\/agazeta\/#\/schema\/person\/6d6e25cb0435eb4a02fd44d30b4e3020","name":"Agazeta.Net","url":"https:\/\/nk7-testes.com.br\/agazeta\/author\/agazeta\/"}]}},"_links":{"self":[{"href":"https:\/\/nk7-testes.com.br\/agazeta\/wp-json\/wp\/v2\/posts\/21247","targetHints":{"allow":["GET"]}}],"collection":[{"href":"https:\/\/nk7-testes.com.br\/agazeta\/wp-json\/wp\/v2\/posts"}],"about":[{"href":"https:\/\/nk7-testes.com.br\/agazeta\/wp-json\/wp\/v2\/types\/post"}],"author":[{"embeddable":true,"href":"https:\/\/nk7-testes.com.br\/agazeta\/wp-json\/wp\/v2\/users\/4"}],"replies":[{"embeddable":true,"href":"https:\/\/nk7-testes.com.br\/agazeta\/wp-json\/wp\/v2\/comments?post=21247"}],"version-history":[{"count":0,"href":"https:\/\/nk7-testes.com.br\/agazeta\/wp-json\/wp\/v2\/posts\/21247\/revisions"}],"wp:featuredmedia":[{"embeddable":true,"href":"https:\/\/nk7-testes.com.br\/agazeta\/wp-json\/wp\/v2\/media\/21246"}],"wp:attachment":[{"href":"https:\/\/nk7-testes.com.br\/agazeta\/wp-json\/wp\/v2\/media?parent=21247"}],"wp:term":[{"taxonomy":"category","embeddable":true,"href":"https:\/\/nk7-testes.com.br\/agazeta\/wp-json\/wp\/v2\/categories?post=21247"},{"taxonomy":"post_tag","embeddable":true,"href":"https:\/\/nk7-testes.com.br\/agazeta\/wp-json\/wp\/v2\/tags?post=21247"}],"curies":[{"name":"wp","href":"https:\/\/api.w.org\/{rel}","templated":true}]}}