{"id":21243,"date":"2016-02-23T22:09:31","date_gmt":"2016-02-23T22:09:31","guid":{"rendered":"https:\/\/abarevegan.com.br\/index.php\/2016\/02\/23\/tj-garante-acessibilidade-de-pessoas-com-deficiencia\/"},"modified":"2016-02-23T22:09:31","modified_gmt":"2016-02-23T22:09:31","slug":"tj-garante-acessibilidade-de-pessoas-com-deficiencia","status":"publish","type":"post","link":"https:\/\/nk7-testes.com.br\/agazeta\/tj-garante-acessibilidade-de-pessoas-com-deficiencia\/","title":{"rendered":"TJ garante acessibilidade de pessoas com defici\u00eancia"},"content":{"rendered":"<p style=\"text-align: justify;\">\u201cQueremos ouvi-los, dando-lhes acolhimento\u201d<\/p>\n<p style=\"text-align: justify;\">Quem conhece Ediv\u00e2nio Silva Barbosa e o v\u00ea sorrindo, n\u00e3o imagina que ele passou 14 anos em depress\u00e3o, a maior parte deles sem ao menos sair de casa. Com apenas 13 anos, sofreu um acidente em uma marcenaria de Rio Branco, perdeu todos os movimentos do corpo e ficou tetrapl\u00e9gico. \u201cPassou por nove m\u00e9dicos do Sarah Kubitschek\u201d \u2013 maior hospital de reabilita\u00e7\u00e3o do Brasil \u2013 e o diagn\u00f3stico foi o mesmo: \u201cn\u00e3o tem mais jeito, nunca mais vai se recuperar\u201d.<\/p>\n<p style=\"text-align: justify;\">Hoje, Ediv\u00e2nio, com 34 anos, \u00e9 presidente do Centro de Apoio \u00e0 Pessoa com Defici\u00eancia F\u00edsica do Acre (Capedac), ajuda outras pessoas com o mesmo problema e revela qual \u00e9 o seu sonho: \u201ctirar cadeirantes de dentro de casa e da depress\u00e3o\u201d. Exemplo de supera\u00e7\u00e3o e com muita for\u00e7a de vontade, ele j\u00e1 foi tr\u00eas vezes campe\u00e3o acreano de bocha adaptada e uma campe\u00e3o da Regi\u00e3o Norte.<\/p>\n<p style=\"text-align: justify;\">O que o Tribunal de Justi\u00e7a do Acre tem a ver com isso? Tudo! A atual gest\u00e3o convidou o Capedac para ouvir suas necessidades, conhecer de perto a sua realidade e, principalmente, manifestar o que pensa sobre o tema.<\/p>\n<p style=\"text-align: justify;\">\u201cA maior defici\u00eancia \u00e9 a insensibilidade. Queremos ouvi-los, dando-lhes o merecido acolhimento e import\u00e2ncia, e dizer que vamos fazer valer a Lei de Acessibilidade, e que atuamos com um olhar mais humano, de inclus\u00e3o social\u201d, disse a desembargadora-presidente Cezarinete Angelim.<\/p>\n<p style=\"text-align: justify;\">\u201c\u00c9 a primeira vez que somos convidados por uma institui\u00e7\u00e3o no Acre, pois geralmente temos de correr atr\u00e1s e agendar, \u00e9 sempre uma dificuldade\u201d, frisou Ediv\u00e2nio.<\/p>\n<p style=\"text-align: justify;\">Al\u00e9m dos integrantes do Capedac, participaram do encontro a ju\u00edza-auxiliar da Presid\u00eancia, Mirla Regina, diretores, assessores e secret\u00e1rios do Tribunal, bem como Dilaina Costa, representando na ocasi\u00e3o o Conselho Estadual das Pessoas com Defici\u00eancia (Comede).<\/p>\n<p style=\"text-align: justify;\">O cadeirante Jos\u00e9 Aurismar (o Mazinho) assinalou que \u201cnunca foi t\u00e3o bem recebido\u201d, destacando qual o seu objetivo. \u201cO que queremos \u00e9 o que o Tribunal est\u00e1 fazendo hoje, nos tratando de igual para igual, nos dando essa aten\u00e7\u00e3o. Temos metas, objetivos, fam\u00edlia, e o que buscamos \u00e9 a oportunidade de crescer, de nos realizar socialmente\u201d, disse.<\/p>\n<p style=\"text-align: justify;\">O que o Tribunal vai fazer<\/p>\n<p style=\"text-align: justify;\">A desembargadora Cezarinete Angelim informou que o Tribunal de Justi\u00e7a vai garantir maior acessibilidade das pessoas com defici\u00eancia em v\u00e1rios aspectos. \u201cIsso vai muito al\u00e9m de assegurar vagas no estacionamento, o que j\u00e1 fazemos. Trata-se na verdade de tornar a Institui\u00e7\u00e3o mais acess\u00edvel em rela\u00e7\u00e3o aos seus espa\u00e7os f\u00edsicos, estrutura e aos servi\u00e7os oferecidos\u201d, explicou.<\/p>\n<p style=\"text-align: justify;\">\u201cQueremos proporcionar a independ\u00eancia da pessoa com defici\u00eancia em seu deslocamento e na intera\u00e7\u00e3o com os servi\u00e7os judiciais e administrativos prestados \u00e0 sociedade\u201d.<\/p>\n<p style=\"text-align: justify;\">\u201cAqui percebemos que pessoas est\u00e3o sendo tratadas como pessoas, com total respeito a sua dignidade. Hoje temos sete entidades que representam os diversos tipos de defici\u00eancia. Estamos crescendo, por isso s\u00f3 temos que agradecer por esta parceria, que nos fortalece\u201d, explicou a representante do Comede.<\/p>\n<p style=\"text-align: justify;\">A desembargadora-presidente colocou toda a sua equipe \u00e0 disposi\u00e7\u00e3o do Capedac, e anunciou que j\u00e1 no pr\u00f3ximo m\u00eas de abril ser\u00e1 oferecido Curso de Libras (linguagem de sinais) \u2013 algo in\u00e9dito na hist\u00f3ria do Judici\u00e1rio Estadual -, voltado aos servidores (e magistrados). O objetivo \u00e9 a sensibiliza\u00e7\u00e3o e a capacita\u00e7\u00e3o das equipes de trabalho para que venham proporcionar o atendimento adequado. <br \/>Cezarinete Angelim tamb\u00e9m declarou que ser\u00e1 produzida uma cartilha com informa\u00e7\u00f5es relevantes, como orienta\u00e7\u00f5es, direitos e deveres \u2013 atendendo a um pedido dos integrantes do Centro.<\/p>\n<p style=\"text-align: justify;\">Ediv\u00e2nio Barbosa, Mazinho, Jo\u00e3o Paulo, Manoel de Jesus e Alexsandro Bezerra tamb\u00e9m solicitaram a oportunidade de ministrar palestras sobre as dificuldades que enfrentam no dia a dia e tamb\u00e9m de cunho motivacional \u2013 no que foram prontamente atendidos pela presidente do TJAC.<\/p>\n<p style=\"text-align: justify;\">A Diretoria de Informa\u00e7\u00e3o Institucional, por meio da Ger\u00eancia de Acervos (Geace), dar\u00e1 todo apoio a essa a\u00e7\u00e3o, com o trabalho desenvolvido pela servidora Ana L\u00facia.<\/p>\n<p style=\"text-align: justify;\">De acordo com o \u00faltimo recenseamento realizado pelo Instituto Brasileiro de Geografia e Estat\u00edstica (IBGE), indica que 14,5% da popula\u00e7\u00e3o brasileira apresenta algum tipo de defici\u00eancia. Ainda conforme o IBGE, no caso do Acre, para uma popula\u00e7\u00e3o de pouco mais de 700 mil pessoas, h\u00e1 pelo menos 165 mil pessoas com defici\u00eancia.<\/p>\n","protected":false},"excerpt":{"rendered":"<p style=\"text-align: justify;\">\u201cQueremos ouvi-los, dando-lhes acolhimento\u201d<\/p>\n","protected":false},"author":4,"featured_media":21242,"comment_status":"open","ping_status":"open","sticky":false,"template":"","format":"standard","meta":{"jnews-multi-image_gallery":[],"jnews_single_post":[],"jnews_primary_category":[],"jnews_social_meta":[],"jnews_review":[],"enable_review":"","type":"","name":"","summary":"","brand":"","sku":"","good":[],"bad":[],"score_override":"","override_value":"","rating":[],"price":[],"footnotes":""},"categories":[54],"tags":[],"class_list":["post-21243","post","type-post","status-publish","format-standard","has-post-thumbnail","hentry","category-cotidiano"],"yoast_head":"<!-- This site is optimized with the Yoast SEO plugin v26.5 - https:\/\/yoast.com\/wordpress\/plugins\/seo\/ -->\n<title>TJ garante acessibilidade de pessoas com defici\u00eancia - Agazeta.net<\/title>\n<meta name=\"robots\" content=\"index, follow, max-snippet:-1, max-image-preview:large, max-video-preview:-1\" \/>\n<link rel=\"canonical\" href=\"https:\/\/nk7-testes.com.br\/agazeta\/tj-garante-acessibilidade-de-pessoas-com-deficiencia\/\" \/>\n<meta property=\"og:locale\" content=\"pt_BR\" \/>\n<meta property=\"og:type\" content=\"article\" \/>\n<meta property=\"og:title\" content=\"TJ garante acessibilidade de pessoas com defici\u00eancia - Agazeta.net\" \/>\n<meta property=\"og:description\" content=\"\u201cQueremos ouvi-los, dando-lhes acolhimento\u201d\" \/>\n<meta property=\"og:url\" content=\"https:\/\/nk7-testes.com.br\/agazeta\/tj-garante-acessibilidade-de-pessoas-com-deficiencia\/\" \/>\n<meta property=\"og:site_name\" content=\"Agazeta.net\" \/>\n<meta property=\"article:published_time\" content=\"2016-02-23T22:09:31+00:00\" \/>\n<meta property=\"og:image\" content=\"https:\/\/nk7-testes.com.br\/agazeta\/wp-content\/uploads\/2016\/02\/230216-cotidiano-acessibilidade-agenciatj.jpg\" \/>\n\t<meta property=\"og:image:width\" content=\"458\" \/>\n\t<meta property=\"og:image:height\" content=\"340\" \/>\n\t<meta property=\"og:image:type\" content=\"image\/jpeg\" \/>\n<meta name=\"author\" content=\"Agazeta.Net\" \/>\n<meta name=\"twitter:card\" content=\"summary_large_image\" \/>\n<meta name=\"twitter:label1\" content=\"Escrito por\" \/>\n\t<meta name=\"twitter:data1\" content=\"Agazeta.Net\" \/>\n\t<meta name=\"twitter:label2\" content=\"Est. tempo de leitura\" \/>\n\t<meta name=\"twitter:data2\" content=\"4 minutos\" \/>\n<script type=\"application\/ld+json\" class=\"yoast-schema-graph\">{\"@context\":\"https:\/\/schema.org\",\"@graph\":[{\"@type\":\"WebPage\",\"@id\":\"https:\/\/nk7-testes.com.br\/agazeta\/tj-garante-acessibilidade-de-pessoas-com-deficiencia\/\",\"url\":\"https:\/\/nk7-testes.com.br\/agazeta\/tj-garante-acessibilidade-de-pessoas-com-deficiencia\/\",\"name\":\"TJ garante acessibilidade de pessoas com defici\u00eancia - Agazeta.net\",\"isPartOf\":{\"@id\":\"https:\/\/nk7-testes.com.br\/agazeta\/#website\"},\"primaryImageOfPage\":{\"@id\":\"https:\/\/nk7-testes.com.br\/agazeta\/tj-garante-acessibilidade-de-pessoas-com-deficiencia\/#primaryimage\"},\"image\":{\"@id\":\"https:\/\/nk7-testes.com.br\/agazeta\/tj-garante-acessibilidade-de-pessoas-com-deficiencia\/#primaryimage\"},\"thumbnailUrl\":\"https:\/\/nk7-testes.com.br\/agazeta\/wp-content\/uploads\/2016\/02\/230216-cotidiano-acessibilidade-agenciatj.jpg\",\"datePublished\":\"2016-02-23T22:09:31+00:00\",\"author\":{\"@id\":\"https:\/\/nk7-testes.com.br\/agazeta\/#\/schema\/person\/6d6e25cb0435eb4a02fd44d30b4e3020\"},\"breadcrumb\":{\"@id\":\"https:\/\/nk7-testes.com.br\/agazeta\/tj-garante-acessibilidade-de-pessoas-com-deficiencia\/#breadcrumb\"},\"inLanguage\":\"pt-BR\",\"potentialAction\":[{\"@type\":\"ReadAction\",\"target\":[\"https:\/\/nk7-testes.com.br\/agazeta\/tj-garante-acessibilidade-de-pessoas-com-deficiencia\/\"]}]},{\"@type\":\"ImageObject\",\"inLanguage\":\"pt-BR\",\"@id\":\"https:\/\/nk7-testes.com.br\/agazeta\/tj-garante-acessibilidade-de-pessoas-com-deficiencia\/#primaryimage\",\"url\":\"https:\/\/nk7-testes.com.br\/agazeta\/wp-content\/uploads\/2016\/02\/230216-cotidiano-acessibilidade-agenciatj.jpg\",\"contentUrl\":\"https:\/\/nk7-testes.com.br\/agazeta\/wp-content\/uploads\/2016\/02\/230216-cotidiano-acessibilidade-agenciatj.jpg\",\"width\":458,\"height\":340,\"caption\":\"230216-cotidiano-acessibilidade-agenciatj\"},{\"@type\":\"BreadcrumbList\",\"@id\":\"https:\/\/nk7-testes.com.br\/agazeta\/tj-garante-acessibilidade-de-pessoas-com-deficiencia\/#breadcrumb\",\"itemListElement\":[{\"@type\":\"ListItem\",\"position\":1,\"name\":\"In\u00edcio\",\"item\":\"https:\/\/nk7-testes.com.br\/agazeta\/\"},{\"@type\":\"ListItem\",\"position\":2,\"name\":\"TJ garante acessibilidade de pessoas com defici\u00eancia\"}]},{\"@type\":\"WebSite\",\"@id\":\"https:\/\/nk7-testes.com.br\/agazeta\/#website\",\"url\":\"https:\/\/nk7-testes.com.br\/agazeta\/\",\"name\":\"Agazeta.net\",\"description\":\"Agazeta.net - Not\u00edcias de Rio Branco\/AC\",\"potentialAction\":[{\"@type\":\"SearchAction\",\"target\":{\"@type\":\"EntryPoint\",\"urlTemplate\":\"https:\/\/nk7-testes.com.br\/agazeta\/?s={search_term_string}\"},\"query-input\":{\"@type\":\"PropertyValueSpecification\",\"valueRequired\":true,\"valueName\":\"search_term_string\"}}],\"inLanguage\":\"pt-BR\"},{\"@type\":\"Person\",\"@id\":\"https:\/\/nk7-testes.com.br\/agazeta\/#\/schema\/person\/6d6e25cb0435eb4a02fd44d30b4e3020\",\"name\":\"Agazeta.Net\",\"url\":\"https:\/\/nk7-testes.com.br\/agazeta\/author\/agazeta\/\"}]}<\/script>\n<!-- \/ Yoast SEO plugin. -->","yoast_head_json":{"title":"TJ garante acessibilidade de pessoas com defici\u00eancia - Agazeta.net","robots":{"index":"index","follow":"follow","max-snippet":"max-snippet:-1","max-image-preview":"max-image-preview:large","max-video-preview":"max-video-preview:-1"},"canonical":"https:\/\/nk7-testes.com.br\/agazeta\/tj-garante-acessibilidade-de-pessoas-com-deficiencia\/","og_locale":"pt_BR","og_type":"article","og_title":"TJ garante acessibilidade de pessoas com defici\u00eancia - Agazeta.net","og_description":"\u201cQueremos ouvi-los, dando-lhes acolhimento\u201d","og_url":"https:\/\/nk7-testes.com.br\/agazeta\/tj-garante-acessibilidade-de-pessoas-com-deficiencia\/","og_site_name":"Agazeta.net","article_published_time":"2016-02-23T22:09:31+00:00","og_image":[{"width":458,"height":340,"url":"https:\/\/nk7-testes.com.br\/agazeta\/wp-content\/uploads\/2016\/02\/230216-cotidiano-acessibilidade-agenciatj.jpg","type":"image\/jpeg"}],"author":"Agazeta.Net","twitter_card":"summary_large_image","twitter_misc":{"Escrito por":"Agazeta.Net","Est. tempo de leitura":"4 minutos"},"schema":{"@context":"https:\/\/schema.org","@graph":[{"@type":"WebPage","@id":"https:\/\/nk7-testes.com.br\/agazeta\/tj-garante-acessibilidade-de-pessoas-com-deficiencia\/","url":"https:\/\/nk7-testes.com.br\/agazeta\/tj-garante-acessibilidade-de-pessoas-com-deficiencia\/","name":"TJ garante acessibilidade de pessoas com defici\u00eancia - Agazeta.net","isPartOf":{"@id":"https:\/\/nk7-testes.com.br\/agazeta\/#website"},"primaryImageOfPage":{"@id":"https:\/\/nk7-testes.com.br\/agazeta\/tj-garante-acessibilidade-de-pessoas-com-deficiencia\/#primaryimage"},"image":{"@id":"https:\/\/nk7-testes.com.br\/agazeta\/tj-garante-acessibilidade-de-pessoas-com-deficiencia\/#primaryimage"},"thumbnailUrl":"https:\/\/nk7-testes.com.br\/agazeta\/wp-content\/uploads\/2016\/02\/230216-cotidiano-acessibilidade-agenciatj.jpg","datePublished":"2016-02-23T22:09:31+00:00","author":{"@id":"https:\/\/nk7-testes.com.br\/agazeta\/#\/schema\/person\/6d6e25cb0435eb4a02fd44d30b4e3020"},"breadcrumb":{"@id":"https:\/\/nk7-testes.com.br\/agazeta\/tj-garante-acessibilidade-de-pessoas-com-deficiencia\/#breadcrumb"},"inLanguage":"pt-BR","potentialAction":[{"@type":"ReadAction","target":["https:\/\/nk7-testes.com.br\/agazeta\/tj-garante-acessibilidade-de-pessoas-com-deficiencia\/"]}]},{"@type":"ImageObject","inLanguage":"pt-BR","@id":"https:\/\/nk7-testes.com.br\/agazeta\/tj-garante-acessibilidade-de-pessoas-com-deficiencia\/#primaryimage","url":"https:\/\/nk7-testes.com.br\/agazeta\/wp-content\/uploads\/2016\/02\/230216-cotidiano-acessibilidade-agenciatj.jpg","contentUrl":"https:\/\/nk7-testes.com.br\/agazeta\/wp-content\/uploads\/2016\/02\/230216-cotidiano-acessibilidade-agenciatj.jpg","width":458,"height":340,"caption":"230216-cotidiano-acessibilidade-agenciatj"},{"@type":"BreadcrumbList","@id":"https:\/\/nk7-testes.com.br\/agazeta\/tj-garante-acessibilidade-de-pessoas-com-deficiencia\/#breadcrumb","itemListElement":[{"@type":"ListItem","position":1,"name":"In\u00edcio","item":"https:\/\/nk7-testes.com.br\/agazeta\/"},{"@type":"ListItem","position":2,"name":"TJ garante acessibilidade de pessoas com defici\u00eancia"}]},{"@type":"WebSite","@id":"https:\/\/nk7-testes.com.br\/agazeta\/#website","url":"https:\/\/nk7-testes.com.br\/agazeta\/","name":"Agazeta.net","description":"Agazeta.net - Not\u00edcias de Rio Branco\/AC","potentialAction":[{"@type":"SearchAction","target":{"@type":"EntryPoint","urlTemplate":"https:\/\/nk7-testes.com.br\/agazeta\/?s={search_term_string}"},"query-input":{"@type":"PropertyValueSpecification","valueRequired":true,"valueName":"search_term_string"}}],"inLanguage":"pt-BR"},{"@type":"Person","@id":"https:\/\/nk7-testes.com.br\/agazeta\/#\/schema\/person\/6d6e25cb0435eb4a02fd44d30b4e3020","name":"Agazeta.Net","url":"https:\/\/nk7-testes.com.br\/agazeta\/author\/agazeta\/"}]}},"_links":{"self":[{"href":"https:\/\/nk7-testes.com.br\/agazeta\/wp-json\/wp\/v2\/posts\/21243","targetHints":{"allow":["GET"]}}],"collection":[{"href":"https:\/\/nk7-testes.com.br\/agazeta\/wp-json\/wp\/v2\/posts"}],"about":[{"href":"https:\/\/nk7-testes.com.br\/agazeta\/wp-json\/wp\/v2\/types\/post"}],"author":[{"embeddable":true,"href":"https:\/\/nk7-testes.com.br\/agazeta\/wp-json\/wp\/v2\/users\/4"}],"replies":[{"embeddable":true,"href":"https:\/\/nk7-testes.com.br\/agazeta\/wp-json\/wp\/v2\/comments?post=21243"}],"version-history":[{"count":0,"href":"https:\/\/nk7-testes.com.br\/agazeta\/wp-json\/wp\/v2\/posts\/21243\/revisions"}],"wp:featuredmedia":[{"embeddable":true,"href":"https:\/\/nk7-testes.com.br\/agazeta\/wp-json\/wp\/v2\/media\/21242"}],"wp:attachment":[{"href":"https:\/\/nk7-testes.com.br\/agazeta\/wp-json\/wp\/v2\/media?parent=21243"}],"wp:term":[{"taxonomy":"category","embeddable":true,"href":"https:\/\/nk7-testes.com.br\/agazeta\/wp-json\/wp\/v2\/categories?post=21243"},{"taxonomy":"post_tag","embeddable":true,"href":"https:\/\/nk7-testes.com.br\/agazeta\/wp-json\/wp\/v2\/tags?post=21243"}],"curies":[{"name":"wp","href":"https:\/\/api.w.org\/{rel}","templated":true}]}}