{"id":21230,"date":"2016-02-23T15:16:12","date_gmt":"2016-02-23T15:16:12","guid":{"rendered":"https:\/\/abarevegan.com.br\/index.php\/2016\/02\/23\/mais-caminhonetes-sao-roubadas-na-capital\/"},"modified":"2016-02-23T15:16:12","modified_gmt":"2016-02-23T15:16:12","slug":"mais-caminhonetes-sao-roubadas-na-capital","status":"publish","type":"post","link":"https:\/\/nk7-testes.com.br\/agazeta\/mais-caminhonetes-sao-roubadas-na-capital\/","title":{"rendered":"Mais caminhonetes s\u00e3o roubadas na Capital"},"content":{"rendered":"<p style=\"text-align: justify;\">Dois ve\u00edculos foram roubados no fim de semana<\/p>\n<p style=\"text-align: justify;\">O aumento no n\u00famero de roubo de caminhonetes preocupa propriet\u00e1rios desse tipo de ve\u00edculo. Somente na Capital, no \u00faltimo final de semana, duas caminhonetes foram roubadas. A pol\u00edcia conseguiu restituir os bens com rapidez.<\/p>\n<p style=\"text-align: justify;\">O primeiro caso aconteceu na noite de sexta-feira (19). Por volta das 19 horas, um motorista que chegava para estacionar o ve\u00edculo no p\u00e1tio do Senai foi rendido por 6 homens, sendo quatro adolescentes.<\/p>\n<p style=\"text-align: justify;\">Em seguida, ele foi mantido ref\u00e9m e levado at\u00e9 a Estrada do Amap\u00e1. Segundo relatou \u00e0 pol\u00edcia, o motorista foi agredido pelos assaltantes, que o amea\u00e7avam com arma, exigindo dinheiro.<\/p>\n<p style=\"text-align: justify;\">No outro dia, a Pol\u00edcia Civil iniciou as investiga\u00e7\u00f5es, e com ajuda de den\u00fancia an\u00f4nima e da Pol\u00edcia Militar, o ve\u00edculo foi recuperado.<\/p>\n<p style=\"text-align: justify;\">A caminhonete estava estacionada na casa do principal suspeito do bando, na rua Rio de Janeiro no Bairro Floresta. Marcio Ferreira de Souza, 26, foi preso em flagrante. O outro maior preso na opera\u00e7\u00e3o foi Jhon Alif da Silva, 21.<\/p>\n<p style=\"text-align: justify;\">O segundo roubo tamb\u00e9m ocorreu na \u00faltima sexta-feira, na resid\u00eancia de um casal de idosos, moradores de uma propriedade rural na estrada Transacreana. Cinco suspeitos armados invadiram o local e levaram a caminhonete da fam\u00edlia.<\/p>\n<p style=\"text-align: justify;\">Pr\u00f3ximo a Eta II, regi\u00e3o da Sobral, uma equipe de policiais suspeitou do grupo e seguiu o ve\u00edculo. O condutor nervoso perdeu o controle e bateu contra um poste. Uma pessoa foi presa.<\/p>\n","protected":false},"excerpt":{"rendered":"<p style=\"text-align: justify;\">Dois ve\u00edculos foram roubados no fim de semana<\/p>\n","protected":false},"author":4,"featured_media":21229,"comment_status":"open","ping_status":"open","sticky":false,"template":"","format":"standard","meta":{"jnews-multi-image_gallery":[],"jnews_single_post":[],"jnews_primary_category":[],"jnews_social_meta":[],"jnews_review":[],"enable_review":"","type":"","name":"","summary":"","brand":"","sku":"","good":[],"bad":[],"score_override":"","override_value":"","rating":[],"price":[],"footnotes":""},"categories":[44],"tags":[],"class_list":["post-21230","post","type-post","status-publish","format-standard","has-post-thumbnail","hentry","category-policia"],"yoast_head":"<!-- This site is optimized with the Yoast SEO plugin v26.5 - https:\/\/yoast.com\/wordpress\/plugins\/seo\/ -->\n<title>Mais caminhonetes s\u00e3o roubadas na Capital - Agazeta.net<\/title>\n<meta name=\"robots\" content=\"index, follow, max-snippet:-1, max-image-preview:large, max-video-preview:-1\" \/>\n<link rel=\"canonical\" href=\"https:\/\/nk7-testes.com.br\/agazeta\/mais-caminhonetes-sao-roubadas-na-capital\/\" \/>\n<meta property=\"og:locale\" content=\"pt_BR\" \/>\n<meta property=\"og:type\" content=\"article\" \/>\n<meta property=\"og:title\" content=\"Mais caminhonetes s\u00e3o roubadas na Capital - Agazeta.net\" \/>\n<meta property=\"og:description\" content=\"Dois ve\u00edculos foram roubados no fim de semana\" \/>\n<meta property=\"og:url\" content=\"https:\/\/nk7-testes.com.br\/agazeta\/mais-caminhonetes-sao-roubadas-na-capital\/\" \/>\n<meta property=\"og:site_name\" content=\"Agazeta.net\" \/>\n<meta property=\"article:published_time\" content=\"2016-02-23T15:16:12+00:00\" \/>\n<meta property=\"og:image\" content=\"https:\/\/nk7-testes.com.br\/agazeta\/wp-content\/uploads\/2016\/02\/230216-policia-caminhonete-cleriston.jpg\" \/>\n\t<meta property=\"og:image:width\" content=\"458\" \/>\n\t<meta property=\"og:image:height\" content=\"340\" \/>\n\t<meta property=\"og:image:type\" content=\"image\/jpeg\" \/>\n<meta name=\"author\" content=\"Agazeta.Net\" \/>\n<meta name=\"twitter:card\" content=\"summary_large_image\" \/>\n<meta name=\"twitter:label1\" content=\"Escrito por\" \/>\n\t<meta name=\"twitter:data1\" content=\"Agazeta.Net\" \/>\n\t<meta name=\"twitter:label2\" content=\"Est. tempo de leitura\" \/>\n\t<meta name=\"twitter:data2\" content=\"1 minuto\" \/>\n<script type=\"application\/ld+json\" class=\"yoast-schema-graph\">{\"@context\":\"https:\/\/schema.org\",\"@graph\":[{\"@type\":\"WebPage\",\"@id\":\"https:\/\/nk7-testes.com.br\/agazeta\/mais-caminhonetes-sao-roubadas-na-capital\/\",\"url\":\"https:\/\/nk7-testes.com.br\/agazeta\/mais-caminhonetes-sao-roubadas-na-capital\/\",\"name\":\"Mais caminhonetes s\u00e3o roubadas na Capital - Agazeta.net\",\"isPartOf\":{\"@id\":\"https:\/\/nk7-testes.com.br\/agazeta\/#website\"},\"primaryImageOfPage\":{\"@id\":\"https:\/\/nk7-testes.com.br\/agazeta\/mais-caminhonetes-sao-roubadas-na-capital\/#primaryimage\"},\"image\":{\"@id\":\"https:\/\/nk7-testes.com.br\/agazeta\/mais-caminhonetes-sao-roubadas-na-capital\/#primaryimage\"},\"thumbnailUrl\":\"https:\/\/nk7-testes.com.br\/agazeta\/wp-content\/uploads\/2016\/02\/230216-policia-caminhonete-cleriston.jpg\",\"datePublished\":\"2016-02-23T15:16:12+00:00\",\"author\":{\"@id\":\"https:\/\/nk7-testes.com.br\/agazeta\/#\/schema\/person\/6d6e25cb0435eb4a02fd44d30b4e3020\"},\"breadcrumb\":{\"@id\":\"https:\/\/nk7-testes.com.br\/agazeta\/mais-caminhonetes-sao-roubadas-na-capital\/#breadcrumb\"},\"inLanguage\":\"pt-BR\",\"potentialAction\":[{\"@type\":\"ReadAction\",\"target\":[\"https:\/\/nk7-testes.com.br\/agazeta\/mais-caminhonetes-sao-roubadas-na-capital\/\"]}]},{\"@type\":\"ImageObject\",\"inLanguage\":\"pt-BR\",\"@id\":\"https:\/\/nk7-testes.com.br\/agazeta\/mais-caminhonetes-sao-roubadas-na-capital\/#primaryimage\",\"url\":\"https:\/\/nk7-testes.com.br\/agazeta\/wp-content\/uploads\/2016\/02\/230216-policia-caminhonete-cleriston.jpg\",\"contentUrl\":\"https:\/\/nk7-testes.com.br\/agazeta\/wp-content\/uploads\/2016\/02\/230216-policia-caminhonete-cleriston.jpg\",\"width\":458,\"height\":340,\"caption\":\"230216-policia-caminhonete-cleriston\"},{\"@type\":\"BreadcrumbList\",\"@id\":\"https:\/\/nk7-testes.com.br\/agazeta\/mais-caminhonetes-sao-roubadas-na-capital\/#breadcrumb\",\"itemListElement\":[{\"@type\":\"ListItem\",\"position\":1,\"name\":\"In\u00edcio\",\"item\":\"https:\/\/nk7-testes.com.br\/agazeta\/\"},{\"@type\":\"ListItem\",\"position\":2,\"name\":\"Mais caminhonetes s\u00e3o roubadas na Capital\"}]},{\"@type\":\"WebSite\",\"@id\":\"https:\/\/nk7-testes.com.br\/agazeta\/#website\",\"url\":\"https:\/\/nk7-testes.com.br\/agazeta\/\",\"name\":\"Agazeta.net\",\"description\":\"Agazeta.net - Not\u00edcias de Rio Branco\/AC\",\"potentialAction\":[{\"@type\":\"SearchAction\",\"target\":{\"@type\":\"EntryPoint\",\"urlTemplate\":\"https:\/\/nk7-testes.com.br\/agazeta\/?s={search_term_string}\"},\"query-input\":{\"@type\":\"PropertyValueSpecification\",\"valueRequired\":true,\"valueName\":\"search_term_string\"}}],\"inLanguage\":\"pt-BR\"},{\"@type\":\"Person\",\"@id\":\"https:\/\/nk7-testes.com.br\/agazeta\/#\/schema\/person\/6d6e25cb0435eb4a02fd44d30b4e3020\",\"name\":\"Agazeta.Net\",\"url\":\"https:\/\/nk7-testes.com.br\/agazeta\/author\/agazeta\/\"}]}<\/script>\n<!-- \/ Yoast SEO plugin. -->","yoast_head_json":{"title":"Mais caminhonetes s\u00e3o roubadas na Capital - Agazeta.net","robots":{"index":"index","follow":"follow","max-snippet":"max-snippet:-1","max-image-preview":"max-image-preview:large","max-video-preview":"max-video-preview:-1"},"canonical":"https:\/\/nk7-testes.com.br\/agazeta\/mais-caminhonetes-sao-roubadas-na-capital\/","og_locale":"pt_BR","og_type":"article","og_title":"Mais caminhonetes s\u00e3o roubadas na Capital - Agazeta.net","og_description":"Dois ve\u00edculos foram roubados no fim de semana","og_url":"https:\/\/nk7-testes.com.br\/agazeta\/mais-caminhonetes-sao-roubadas-na-capital\/","og_site_name":"Agazeta.net","article_published_time":"2016-02-23T15:16:12+00:00","og_image":[{"width":458,"height":340,"url":"https:\/\/nk7-testes.com.br\/agazeta\/wp-content\/uploads\/2016\/02\/230216-policia-caminhonete-cleriston.jpg","type":"image\/jpeg"}],"author":"Agazeta.Net","twitter_card":"summary_large_image","twitter_misc":{"Escrito por":"Agazeta.Net","Est. tempo de leitura":"1 minuto"},"schema":{"@context":"https:\/\/schema.org","@graph":[{"@type":"WebPage","@id":"https:\/\/nk7-testes.com.br\/agazeta\/mais-caminhonetes-sao-roubadas-na-capital\/","url":"https:\/\/nk7-testes.com.br\/agazeta\/mais-caminhonetes-sao-roubadas-na-capital\/","name":"Mais caminhonetes s\u00e3o roubadas na Capital - Agazeta.net","isPartOf":{"@id":"https:\/\/nk7-testes.com.br\/agazeta\/#website"},"primaryImageOfPage":{"@id":"https:\/\/nk7-testes.com.br\/agazeta\/mais-caminhonetes-sao-roubadas-na-capital\/#primaryimage"},"image":{"@id":"https:\/\/nk7-testes.com.br\/agazeta\/mais-caminhonetes-sao-roubadas-na-capital\/#primaryimage"},"thumbnailUrl":"https:\/\/nk7-testes.com.br\/agazeta\/wp-content\/uploads\/2016\/02\/230216-policia-caminhonete-cleriston.jpg","datePublished":"2016-02-23T15:16:12+00:00","author":{"@id":"https:\/\/nk7-testes.com.br\/agazeta\/#\/schema\/person\/6d6e25cb0435eb4a02fd44d30b4e3020"},"breadcrumb":{"@id":"https:\/\/nk7-testes.com.br\/agazeta\/mais-caminhonetes-sao-roubadas-na-capital\/#breadcrumb"},"inLanguage":"pt-BR","potentialAction":[{"@type":"ReadAction","target":["https:\/\/nk7-testes.com.br\/agazeta\/mais-caminhonetes-sao-roubadas-na-capital\/"]}]},{"@type":"ImageObject","inLanguage":"pt-BR","@id":"https:\/\/nk7-testes.com.br\/agazeta\/mais-caminhonetes-sao-roubadas-na-capital\/#primaryimage","url":"https:\/\/nk7-testes.com.br\/agazeta\/wp-content\/uploads\/2016\/02\/230216-policia-caminhonete-cleriston.jpg","contentUrl":"https:\/\/nk7-testes.com.br\/agazeta\/wp-content\/uploads\/2016\/02\/230216-policia-caminhonete-cleriston.jpg","width":458,"height":340,"caption":"230216-policia-caminhonete-cleriston"},{"@type":"BreadcrumbList","@id":"https:\/\/nk7-testes.com.br\/agazeta\/mais-caminhonetes-sao-roubadas-na-capital\/#breadcrumb","itemListElement":[{"@type":"ListItem","position":1,"name":"In\u00edcio","item":"https:\/\/nk7-testes.com.br\/agazeta\/"},{"@type":"ListItem","position":2,"name":"Mais caminhonetes s\u00e3o roubadas na Capital"}]},{"@type":"WebSite","@id":"https:\/\/nk7-testes.com.br\/agazeta\/#website","url":"https:\/\/nk7-testes.com.br\/agazeta\/","name":"Agazeta.net","description":"Agazeta.net - Not\u00edcias de Rio Branco\/AC","potentialAction":[{"@type":"SearchAction","target":{"@type":"EntryPoint","urlTemplate":"https:\/\/nk7-testes.com.br\/agazeta\/?s={search_term_string}"},"query-input":{"@type":"PropertyValueSpecification","valueRequired":true,"valueName":"search_term_string"}}],"inLanguage":"pt-BR"},{"@type":"Person","@id":"https:\/\/nk7-testes.com.br\/agazeta\/#\/schema\/person\/6d6e25cb0435eb4a02fd44d30b4e3020","name":"Agazeta.Net","url":"https:\/\/nk7-testes.com.br\/agazeta\/author\/agazeta\/"}]}},"_links":{"self":[{"href":"https:\/\/nk7-testes.com.br\/agazeta\/wp-json\/wp\/v2\/posts\/21230","targetHints":{"allow":["GET"]}}],"collection":[{"href":"https:\/\/nk7-testes.com.br\/agazeta\/wp-json\/wp\/v2\/posts"}],"about":[{"href":"https:\/\/nk7-testes.com.br\/agazeta\/wp-json\/wp\/v2\/types\/post"}],"author":[{"embeddable":true,"href":"https:\/\/nk7-testes.com.br\/agazeta\/wp-json\/wp\/v2\/users\/4"}],"replies":[{"embeddable":true,"href":"https:\/\/nk7-testes.com.br\/agazeta\/wp-json\/wp\/v2\/comments?post=21230"}],"version-history":[{"count":0,"href":"https:\/\/nk7-testes.com.br\/agazeta\/wp-json\/wp\/v2\/posts\/21230\/revisions"}],"wp:featuredmedia":[{"embeddable":true,"href":"https:\/\/nk7-testes.com.br\/agazeta\/wp-json\/wp\/v2\/media\/21229"}],"wp:attachment":[{"href":"https:\/\/nk7-testes.com.br\/agazeta\/wp-json\/wp\/v2\/media?parent=21230"}],"wp:term":[{"taxonomy":"category","embeddable":true,"href":"https:\/\/nk7-testes.com.br\/agazeta\/wp-json\/wp\/v2\/categories?post=21230"},{"taxonomy":"post_tag","embeddable":true,"href":"https:\/\/nk7-testes.com.br\/agazeta\/wp-json\/wp\/v2\/tags?post=21230"}],"curies":[{"name":"wp","href":"https:\/\/api.w.org\/{rel}","templated":true}]}}