{"id":21218,"date":"2016-02-22T21:51:20","date_gmt":"2016-02-22T21:51:20","guid":{"rendered":"https:\/\/abarevegan.com.br\/index.php\/2016\/02\/22\/polo-moveleiro-confecciona-mobiliario-para-escritorios\/"},"modified":"2016-02-22T21:51:20","modified_gmt":"2016-02-22T21:51:20","slug":"polo-moveleiro-confecciona-mobiliario-para-escritorios","status":"publish","type":"post","link":"https:\/\/nk7-testes.com.br\/agazeta\/polo-moveleiro-confecciona-mobiliario-para-escritorios\/","title":{"rendered":"Polo Moveleiro confecciona mobili\u00e1rio para escrit\u00f3rios"},"content":{"rendered":"<p style=\"text-align: justify;\">Seaprof disponibiliza R$ 500 mil, anuncia governo<\/p>\n<p style=\"text-align: justify;\">A Secretaria de Extens\u00e3o Agroflorestal e Produ\u00e7\u00e3o Familiar (Seaprof) vai investir quase R$ 500 mil no Polo Moveleiro de Rio Branco com a aquisi\u00e7\u00e3o de mobili\u00e1rios para atender a demanda de suas unidades, tanto na capital quando no interior.<br \/>Os recursos, frutos de conv\u00eanio com o Banco Mundial, v\u00e3o beneficiar 11 empresas instaladas no Polo Moveleiro.<\/p>\n<p style=\"text-align: justify;\">Glenilson Figueiredo, gestor da Seaprof, reuniu-ae com os representantes das marcenarias que ir\u00e3o confeccionar os m\u00f3veis. Ao todo, s\u00e3o 525 mobili\u00e1rios entre mesas, gaveteiros, arm\u00e1rios, estantes e poltronas, al\u00e9m de porta-CPU.<\/p>\n<p style=\"text-align: justify;\">A aquisi\u00e7\u00e3o est\u00e1 relacionada ao Programa de Regionaliza\u00e7\u00e3o do Mobili\u00e1rio da Administra\u00e7\u00e3o P\u00fablica Direta e Indireta do Estado, criado em 2011, para incentivar o setor moveleiro do Acre.<\/p>\n<p style=\"text-align: justify;\">Joel Ara\u00fajo, chefe do Departamento de Compras Governamentais da Secretaria de Desenvolvimento Florestal, Ind\u00fastria, Com\u00e9rcio e Servi\u00e7os Sustent\u00e1veis (Sedens), explica como funciona o programa.<\/p>\n<p style=\"text-align: justify;\">\u201cOs \u00f3rg\u00e3os p\u00fablicos nos encaminham suas demandas e n\u00f3s distribu\u00edmos entre as empresas que est\u00e3o credenciadas no programa, de acordo com a capacidade de produ\u00e7\u00e3o de cada uma\u201d.<\/p>\n<p style=\"text-align: justify;\">Glenilson Figueiredo explica que a op\u00e7\u00e3o pelos m\u00f3veis acreanos levou em conta a gera\u00e7\u00e3o de emprego no Polo Moveleiro, o designer e a qualidade dos produtos fabricados no local.<\/p>\n<p style=\"text-align: justify;\">\u201cS\u00e3o m\u00f3veis maravilhosos, que cada vez consegue mais espa\u00e7o no mercado. Os investimentos do governo t\u00eam transformado o Polo Moveleiro e estamos felizes em poder contribuir para o crescimento e valorizar o trabalho t\u00e3o bem feito dessas empresas\u201d.<\/p>\n<p style=\"text-align: justify;\">As 11 empresas beneficiadas absorvem a m\u00e3o de obra de cerca de 60 marceneiros. Na pr\u00f3xima semana, o governador Ti\u00e3o Viana assina a ordem de servi\u00e7o no valor de R$ 485 mil, para a constru\u00e7\u00e3o dos m\u00f3veis.<\/p>\n","protected":false},"excerpt":{"rendered":"<p style=\"text-align: justify;\">Seaprof disponibiliza R$ 500 mil, anuncia governo<\/p>\n","protected":false},"author":4,"featured_media":21217,"comment_status":"open","ping_status":"open","sticky":false,"template":"","format":"standard","meta":{"jnews-multi-image_gallery":[],"jnews_single_post":[],"jnews_primary_category":[],"jnews_social_meta":[],"jnews_review":[],"enable_review":"","type":"","name":"","summary":"","brand":"","sku":"","good":[],"bad":[],"score_override":"","override_value":"","rating":[],"price":[],"footnotes":""},"categories":[54],"tags":[],"class_list":["post-21218","post","type-post","status-publish","format-standard","has-post-thumbnail","hentry","category-cotidiano"],"yoast_head":"<!-- This site is optimized with the Yoast SEO plugin v26.5 - https:\/\/yoast.com\/wordpress\/plugins\/seo\/ -->\n<title>Polo Moveleiro confecciona mobili\u00e1rio para escrit\u00f3rios - Agazeta.net<\/title>\n<meta name=\"robots\" content=\"index, follow, max-snippet:-1, max-image-preview:large, max-video-preview:-1\" \/>\n<link rel=\"canonical\" href=\"https:\/\/nk7-testes.com.br\/agazeta\/polo-moveleiro-confecciona-mobiliario-para-escritorios\/\" \/>\n<meta property=\"og:locale\" content=\"pt_BR\" \/>\n<meta property=\"og:type\" content=\"article\" \/>\n<meta property=\"og:title\" content=\"Polo Moveleiro confecciona mobili\u00e1rio para escrit\u00f3rios - Agazeta.net\" \/>\n<meta property=\"og:description\" content=\"Seaprof disponibiliza R$ 500 mil, anuncia governo\" \/>\n<meta property=\"og:url\" content=\"https:\/\/nk7-testes.com.br\/agazeta\/polo-moveleiro-confecciona-mobiliario-para-escritorios\/\" \/>\n<meta property=\"og:site_name\" content=\"Agazeta.net\" \/>\n<meta property=\"article:published_time\" content=\"2016-02-22T21:51:20+00:00\" \/>\n<meta property=\"og:image\" content=\"https:\/\/nk7-testes.com.br\/agazeta\/wp-content\/uploads\/2016\/02\/220216-cotidiano-industriamoveis-leonidasbadaro.jpg\" \/>\n\t<meta property=\"og:image:width\" content=\"458\" \/>\n\t<meta property=\"og:image:height\" content=\"340\" \/>\n\t<meta property=\"og:image:type\" content=\"image\/jpeg\" \/>\n<meta name=\"author\" content=\"Agazeta.Net\" \/>\n<meta name=\"twitter:card\" content=\"summary_large_image\" \/>\n<meta name=\"twitter:label1\" content=\"Escrito por\" \/>\n\t<meta name=\"twitter:data1\" content=\"Agazeta.Net\" \/>\n\t<meta name=\"twitter:label2\" content=\"Est. tempo de leitura\" \/>\n\t<meta name=\"twitter:data2\" content=\"2 minutos\" \/>\n<script type=\"application\/ld+json\" class=\"yoast-schema-graph\">{\"@context\":\"https:\/\/schema.org\",\"@graph\":[{\"@type\":\"WebPage\",\"@id\":\"https:\/\/nk7-testes.com.br\/agazeta\/polo-moveleiro-confecciona-mobiliario-para-escritorios\/\",\"url\":\"https:\/\/nk7-testes.com.br\/agazeta\/polo-moveleiro-confecciona-mobiliario-para-escritorios\/\",\"name\":\"Polo Moveleiro confecciona mobili\u00e1rio para escrit\u00f3rios - Agazeta.net\",\"isPartOf\":{\"@id\":\"https:\/\/nk7-testes.com.br\/agazeta\/#website\"},\"primaryImageOfPage\":{\"@id\":\"https:\/\/nk7-testes.com.br\/agazeta\/polo-moveleiro-confecciona-mobiliario-para-escritorios\/#primaryimage\"},\"image\":{\"@id\":\"https:\/\/nk7-testes.com.br\/agazeta\/polo-moveleiro-confecciona-mobiliario-para-escritorios\/#primaryimage\"},\"thumbnailUrl\":\"https:\/\/nk7-testes.com.br\/agazeta\/wp-content\/uploads\/2016\/02\/220216-cotidiano-industriamoveis-leonidasbadaro.jpg\",\"datePublished\":\"2016-02-22T21:51:20+00:00\",\"author\":{\"@id\":\"https:\/\/nk7-testes.com.br\/agazeta\/#\/schema\/person\/6d6e25cb0435eb4a02fd44d30b4e3020\"},\"breadcrumb\":{\"@id\":\"https:\/\/nk7-testes.com.br\/agazeta\/polo-moveleiro-confecciona-mobiliario-para-escritorios\/#breadcrumb\"},\"inLanguage\":\"pt-BR\",\"potentialAction\":[{\"@type\":\"ReadAction\",\"target\":[\"https:\/\/nk7-testes.com.br\/agazeta\/polo-moveleiro-confecciona-mobiliario-para-escritorios\/\"]}]},{\"@type\":\"ImageObject\",\"inLanguage\":\"pt-BR\",\"@id\":\"https:\/\/nk7-testes.com.br\/agazeta\/polo-moveleiro-confecciona-mobiliario-para-escritorios\/#primaryimage\",\"url\":\"https:\/\/nk7-testes.com.br\/agazeta\/wp-content\/uploads\/2016\/02\/220216-cotidiano-industriamoveis-leonidasbadaro.jpg\",\"contentUrl\":\"https:\/\/nk7-testes.com.br\/agazeta\/wp-content\/uploads\/2016\/02\/220216-cotidiano-industriamoveis-leonidasbadaro.jpg\",\"width\":458,\"height\":340,\"caption\":\"220216-cotidiano-industriamoveis-leonidasbadaro\"},{\"@type\":\"BreadcrumbList\",\"@id\":\"https:\/\/nk7-testes.com.br\/agazeta\/polo-moveleiro-confecciona-mobiliario-para-escritorios\/#breadcrumb\",\"itemListElement\":[{\"@type\":\"ListItem\",\"position\":1,\"name\":\"In\u00edcio\",\"item\":\"https:\/\/nk7-testes.com.br\/agazeta\/\"},{\"@type\":\"ListItem\",\"position\":2,\"name\":\"Polo Moveleiro confecciona mobili\u00e1rio para escrit\u00f3rios\"}]},{\"@type\":\"WebSite\",\"@id\":\"https:\/\/nk7-testes.com.br\/agazeta\/#website\",\"url\":\"https:\/\/nk7-testes.com.br\/agazeta\/\",\"name\":\"Agazeta.net\",\"description\":\"Agazeta.net - Not\u00edcias de Rio Branco\/AC\",\"potentialAction\":[{\"@type\":\"SearchAction\",\"target\":{\"@type\":\"EntryPoint\",\"urlTemplate\":\"https:\/\/nk7-testes.com.br\/agazeta\/?s={search_term_string}\"},\"query-input\":{\"@type\":\"PropertyValueSpecification\",\"valueRequired\":true,\"valueName\":\"search_term_string\"}}],\"inLanguage\":\"pt-BR\"},{\"@type\":\"Person\",\"@id\":\"https:\/\/nk7-testes.com.br\/agazeta\/#\/schema\/person\/6d6e25cb0435eb4a02fd44d30b4e3020\",\"name\":\"Agazeta.Net\",\"url\":\"https:\/\/nk7-testes.com.br\/agazeta\/author\/agazeta\/\"}]}<\/script>\n<!-- \/ Yoast SEO plugin. -->","yoast_head_json":{"title":"Polo Moveleiro confecciona mobili\u00e1rio para escrit\u00f3rios - Agazeta.net","robots":{"index":"index","follow":"follow","max-snippet":"max-snippet:-1","max-image-preview":"max-image-preview:large","max-video-preview":"max-video-preview:-1"},"canonical":"https:\/\/nk7-testes.com.br\/agazeta\/polo-moveleiro-confecciona-mobiliario-para-escritorios\/","og_locale":"pt_BR","og_type":"article","og_title":"Polo Moveleiro confecciona mobili\u00e1rio para escrit\u00f3rios - Agazeta.net","og_description":"Seaprof disponibiliza R$ 500 mil, anuncia governo","og_url":"https:\/\/nk7-testes.com.br\/agazeta\/polo-moveleiro-confecciona-mobiliario-para-escritorios\/","og_site_name":"Agazeta.net","article_published_time":"2016-02-22T21:51:20+00:00","og_image":[{"width":458,"height":340,"url":"https:\/\/nk7-testes.com.br\/agazeta\/wp-content\/uploads\/2016\/02\/220216-cotidiano-industriamoveis-leonidasbadaro.jpg","type":"image\/jpeg"}],"author":"Agazeta.Net","twitter_card":"summary_large_image","twitter_misc":{"Escrito por":"Agazeta.Net","Est. tempo de leitura":"2 minutos"},"schema":{"@context":"https:\/\/schema.org","@graph":[{"@type":"WebPage","@id":"https:\/\/nk7-testes.com.br\/agazeta\/polo-moveleiro-confecciona-mobiliario-para-escritorios\/","url":"https:\/\/nk7-testes.com.br\/agazeta\/polo-moveleiro-confecciona-mobiliario-para-escritorios\/","name":"Polo Moveleiro confecciona mobili\u00e1rio para escrit\u00f3rios - Agazeta.net","isPartOf":{"@id":"https:\/\/nk7-testes.com.br\/agazeta\/#website"},"primaryImageOfPage":{"@id":"https:\/\/nk7-testes.com.br\/agazeta\/polo-moveleiro-confecciona-mobiliario-para-escritorios\/#primaryimage"},"image":{"@id":"https:\/\/nk7-testes.com.br\/agazeta\/polo-moveleiro-confecciona-mobiliario-para-escritorios\/#primaryimage"},"thumbnailUrl":"https:\/\/nk7-testes.com.br\/agazeta\/wp-content\/uploads\/2016\/02\/220216-cotidiano-industriamoveis-leonidasbadaro.jpg","datePublished":"2016-02-22T21:51:20+00:00","author":{"@id":"https:\/\/nk7-testes.com.br\/agazeta\/#\/schema\/person\/6d6e25cb0435eb4a02fd44d30b4e3020"},"breadcrumb":{"@id":"https:\/\/nk7-testes.com.br\/agazeta\/polo-moveleiro-confecciona-mobiliario-para-escritorios\/#breadcrumb"},"inLanguage":"pt-BR","potentialAction":[{"@type":"ReadAction","target":["https:\/\/nk7-testes.com.br\/agazeta\/polo-moveleiro-confecciona-mobiliario-para-escritorios\/"]}]},{"@type":"ImageObject","inLanguage":"pt-BR","@id":"https:\/\/nk7-testes.com.br\/agazeta\/polo-moveleiro-confecciona-mobiliario-para-escritorios\/#primaryimage","url":"https:\/\/nk7-testes.com.br\/agazeta\/wp-content\/uploads\/2016\/02\/220216-cotidiano-industriamoveis-leonidasbadaro.jpg","contentUrl":"https:\/\/nk7-testes.com.br\/agazeta\/wp-content\/uploads\/2016\/02\/220216-cotidiano-industriamoveis-leonidasbadaro.jpg","width":458,"height":340,"caption":"220216-cotidiano-industriamoveis-leonidasbadaro"},{"@type":"BreadcrumbList","@id":"https:\/\/nk7-testes.com.br\/agazeta\/polo-moveleiro-confecciona-mobiliario-para-escritorios\/#breadcrumb","itemListElement":[{"@type":"ListItem","position":1,"name":"In\u00edcio","item":"https:\/\/nk7-testes.com.br\/agazeta\/"},{"@type":"ListItem","position":2,"name":"Polo Moveleiro confecciona mobili\u00e1rio para escrit\u00f3rios"}]},{"@type":"WebSite","@id":"https:\/\/nk7-testes.com.br\/agazeta\/#website","url":"https:\/\/nk7-testes.com.br\/agazeta\/","name":"Agazeta.net","description":"Agazeta.net - Not\u00edcias de Rio Branco\/AC","potentialAction":[{"@type":"SearchAction","target":{"@type":"EntryPoint","urlTemplate":"https:\/\/nk7-testes.com.br\/agazeta\/?s={search_term_string}"},"query-input":{"@type":"PropertyValueSpecification","valueRequired":true,"valueName":"search_term_string"}}],"inLanguage":"pt-BR"},{"@type":"Person","@id":"https:\/\/nk7-testes.com.br\/agazeta\/#\/schema\/person\/6d6e25cb0435eb4a02fd44d30b4e3020","name":"Agazeta.Net","url":"https:\/\/nk7-testes.com.br\/agazeta\/author\/agazeta\/"}]}},"_links":{"self":[{"href":"https:\/\/nk7-testes.com.br\/agazeta\/wp-json\/wp\/v2\/posts\/21218","targetHints":{"allow":["GET"]}}],"collection":[{"href":"https:\/\/nk7-testes.com.br\/agazeta\/wp-json\/wp\/v2\/posts"}],"about":[{"href":"https:\/\/nk7-testes.com.br\/agazeta\/wp-json\/wp\/v2\/types\/post"}],"author":[{"embeddable":true,"href":"https:\/\/nk7-testes.com.br\/agazeta\/wp-json\/wp\/v2\/users\/4"}],"replies":[{"embeddable":true,"href":"https:\/\/nk7-testes.com.br\/agazeta\/wp-json\/wp\/v2\/comments?post=21218"}],"version-history":[{"count":0,"href":"https:\/\/nk7-testes.com.br\/agazeta\/wp-json\/wp\/v2\/posts\/21218\/revisions"}],"wp:featuredmedia":[{"embeddable":true,"href":"https:\/\/nk7-testes.com.br\/agazeta\/wp-json\/wp\/v2\/media\/21217"}],"wp:attachment":[{"href":"https:\/\/nk7-testes.com.br\/agazeta\/wp-json\/wp\/v2\/media?parent=21218"}],"wp:term":[{"taxonomy":"category","embeddable":true,"href":"https:\/\/nk7-testes.com.br\/agazeta\/wp-json\/wp\/v2\/categories?post=21218"},{"taxonomy":"post_tag","embeddable":true,"href":"https:\/\/nk7-testes.com.br\/agazeta\/wp-json\/wp\/v2\/tags?post=21218"}],"curies":[{"name":"wp","href":"https:\/\/api.w.org\/{rel}","templated":true}]}}