{"id":21195,"date":"2016-02-22T15:59:00","date_gmt":"2016-02-22T15:59:00","guid":{"rendered":"https:\/\/abarevegan.com.br\/index.php\/2016\/02\/22\/retrospectiva-dos-ultimos-assaltos\/"},"modified":"2016-02-22T15:59:00","modified_gmt":"2016-02-22T15:59:00","slug":"retrospectiva-dos-ultimos-assaltos","status":"publish","type":"post","link":"https:\/\/nk7-testes.com.br\/agazeta\/retrospectiva-dos-ultimos-assaltos\/","title":{"rendered":"Retrospectiva dos \u00faltimos assaltos"},"content":{"rendered":"<p style=\"text-align: justify;\">Um hist\u00f3rico da viol\u00eancia no in\u00edcio de ano<\/p>\n<p style=\"text-align: justify;\">Do m\u00eas de dezembro de 2015 at\u00e9 fevereiro deste ano, a TV Gazeta noticiou v\u00e1rios crimes contra o patrim\u00f4nio. Casas arrombadas, escolas invadidas ou furtadas, sem falar dos roubos nos v\u00e1rios com\u00e9rcios da cidade.<\/p>\n<p style=\"text-align: justify;\">Na semana passada, essa relojoaria na rua Hugo Carneiro, no bairro do Bosque em Rio Branco foi alvo de criminosos em plena luz do dia. Os assaltantes foram flagrados por c\u00e2meras de seguran\u00e7a, ap\u00f3s cometer o roubo.<\/p>\n<p style=\"text-align: justify;\">De acordo com a dona do estabelecimento (que pediu para n\u00e3o ser identificada), os bandidos armados renderam funcion\u00e1rios e clientes, as imagens mostram os criminosos deixando o local.<\/p>\n<p style=\"text-align: justify;\">Na quinta-feira da semana passada, deputados estaduais tamb\u00e9m sentiram na pele a viol\u00eancia. Os parlamentares Heitor J\u00fanior e Jesus S\u00e9rgio, ambos do PDT, usaram a tribuna da Aleac para desabafar.<\/p>\n<p style=\"text-align: justify;\">Heitor J\u00fanior, que \u00e9 o presidente da comiss\u00e3o de Seguran\u00e7a P\u00fablica da Aleac, teve a casa invadida por bandidos, que entraram pelo telhado e levaram v\u00e1rios objetos da resid\u00eancia.<\/p>\n<p style=\"text-align: justify;\">J\u00e1 o deputado Jesus S\u00e9rgio foi v\u00edtima de arrombadores de carros. <br \/>Em dezembro, quatro homens armados invadiram uma distribuidora no bairro Castelo Branco e renderam dez funcion\u00e1rios. As imagens do circuito interno mostram a a\u00e7\u00e3o dos bandidos.<\/p>\n<p style=\"text-align: justify;\">Eles apontam as armas para os funcion\u00e1rios deitados no ch\u00e3o. Um dos ladr\u00f5es se assusta com um dos ref\u00e9ns, por pouco n\u00e3o efetua um disparo. Os criminosos fugiram levando seiscentos reais, celulares e outros pertences das v\u00edtimas.<\/p>\n<p style=\"text-align: justify;\">Nem escolas de crian\u00e7as especiais, os ladr\u00f5es perdoam, na primeira quinzena de dezembro, um fim de tarde dois criminosos pararam um carro em frente ao centro de ensino especial Dom Bosco e tentaram roubar celulares das m\u00e3es dos alunos.<\/p>\n<p style=\"text-align: justify;\">Desesperada, uma das mulheres corre para dentro do estabelecimento de ensino. Os assaltantes acabam desistindo e fogem de carro. O caso foi registrado pelas c\u00e2meras de seguran\u00e7a.<\/p>\n<p style=\"text-align: justify;\">As c\u00e2meras parece n\u00e3o intimidar os assaltantes, tamb\u00e9m em dezembro funcion\u00e1rios e clientes dessa loja de ferragens foram surpreendidos por uma dupla armada que chegou de moto.<\/p>\n<p style=\"text-align: justify;\">Enquanto um deles rendia funcion\u00e1rios na parte externa da loja, o outro criminoso fazia a limpa no escrit\u00f3rio. Clientes e funcion\u00e1rios foram obrigados a deitar no ch\u00e3o. Todo o dinheiro do caixa foi entregue aos bandidos.<\/p>\n<p style=\"text-align: justify;\">Aproximadamente mil reais, antes de sair ainda levaram celulares rel\u00f3gios e outros pertences das v\u00edtimas. Essa empresa de radiotaxi tamb\u00e9m foi assaltada. Os ladr\u00f5es fugiram levando um ve\u00edculo modelo Golf e mais e uma quantia em dinheiro. Dois homens armados renderam e amarraram os taxistas.<\/p>\n<p style=\"text-align: justify;\">Tamb\u00e9m no final do m\u00eas de janeiro, assaltantes invadiram essa cooperativa no bairro Seis de Agosto. Segundo a policia, tr\u00eas suspeitos participaram do crime, sendo dois menores.<\/p>\n<p style=\"text-align: justify;\">Na fuga, um deles foi morto. A pol\u00edcia diz que houve troca de tiros. Com os dois suspeitos presos a pol\u00edcia apreendeu duas armas. Nossa equipe procurou o delegado de pol\u00edcia respons\u00e1vel pela Delegacia de Investiga\u00e7\u00e3o Criminal.<\/p>\n<p style=\"text-align: justify;\">Questionado sobre os n\u00fameros de roubos e furtos em estabelecimentos e resid\u00eancias nos \u00faltimos meses, Karlesso N\u00e9spoli disse que n\u00e3o era poss\u00edvel levantar os n\u00fameros naquele momento, mas, segundo ele, a pol\u00edcia n\u00e3o deixa de investigar os casos.<\/p>\n<p style=\"text-align: justify;\">Enquanto aumenta a sensa\u00e7\u00e3o de inseguran\u00e7a na cidade, cresce a procura por itens de prote\u00e7\u00e3o ao patrim\u00f4nio.<\/p>\n","protected":false},"excerpt":{"rendered":"<p style=\"text-align: justify;\">Um hist\u00f3rico da viol\u00eancia no in\u00edcio de ano<\/p>\n","protected":false},"author":4,"featured_media":21194,"comment_status":"open","ping_status":"open","sticky":false,"template":"","format":"standard","meta":{"jnews-multi-image_gallery":[],"jnews_single_post":[],"jnews_primary_category":[],"jnews_social_meta":[],"jnews_review":[],"enable_review":"","type":"","name":"","summary":"","brand":"","sku":"","good":[],"bad":[],"score_override":"","override_value":"","rating":[],"price":[],"footnotes":""},"categories":[44],"tags":[],"class_list":["post-21195","post","type-post","status-publish","format-standard","has-post-thumbnail","hentry","category-policia"],"yoast_head":"<!-- This site is optimized with the Yoast SEO plugin v26.5 - https:\/\/yoast.com\/wordpress\/plugins\/seo\/ -->\n<title>Retrospectiva dos \u00faltimos assaltos - Agazeta.net<\/title>\n<meta name=\"robots\" content=\"index, follow, max-snippet:-1, max-image-preview:large, max-video-preview:-1\" \/>\n<link rel=\"canonical\" href=\"https:\/\/nk7-testes.com.br\/agazeta\/retrospectiva-dos-ultimos-assaltos\/\" \/>\n<meta property=\"og:locale\" content=\"pt_BR\" \/>\n<meta property=\"og:type\" content=\"article\" \/>\n<meta property=\"og:title\" content=\"Retrospectiva dos \u00faltimos assaltos - Agazeta.net\" \/>\n<meta property=\"og:description\" content=\"Um hist\u00f3rico da viol\u00eancia no in\u00edcio de ano\" \/>\n<meta property=\"og:url\" content=\"https:\/\/nk7-testes.com.br\/agazeta\/retrospectiva-dos-ultimos-assaltos\/\" \/>\n<meta property=\"og:site_name\" content=\"Agazeta.net\" \/>\n<meta property=\"article:published_time\" content=\"2016-02-22T15:59:00+00:00\" \/>\n<meta property=\"og:image\" content=\"https:\/\/nk7-testes.com.br\/agazeta\/wp-content\/uploads\/2016\/02\/220216-policia-balancoassaltos-cedida2.jpg\" \/>\n\t<meta property=\"og:image:width\" content=\"458\" \/>\n\t<meta property=\"og:image:height\" content=\"340\" \/>\n\t<meta property=\"og:image:type\" content=\"image\/jpeg\" \/>\n<meta name=\"author\" content=\"Agazeta.Net\" \/>\n<meta name=\"twitter:card\" content=\"summary_large_image\" \/>\n<meta name=\"twitter:label1\" content=\"Escrito por\" \/>\n\t<meta name=\"twitter:data1\" content=\"Agazeta.Net\" \/>\n\t<meta name=\"twitter:label2\" content=\"Est. tempo de leitura\" \/>\n\t<meta name=\"twitter:data2\" content=\"3 minutos\" \/>\n<script type=\"application\/ld+json\" class=\"yoast-schema-graph\">{\"@context\":\"https:\/\/schema.org\",\"@graph\":[{\"@type\":\"WebPage\",\"@id\":\"https:\/\/nk7-testes.com.br\/agazeta\/retrospectiva-dos-ultimos-assaltos\/\",\"url\":\"https:\/\/nk7-testes.com.br\/agazeta\/retrospectiva-dos-ultimos-assaltos\/\",\"name\":\"Retrospectiva dos \u00faltimos assaltos - Agazeta.net\",\"isPartOf\":{\"@id\":\"https:\/\/nk7-testes.com.br\/agazeta\/#website\"},\"primaryImageOfPage\":{\"@id\":\"https:\/\/nk7-testes.com.br\/agazeta\/retrospectiva-dos-ultimos-assaltos\/#primaryimage\"},\"image\":{\"@id\":\"https:\/\/nk7-testes.com.br\/agazeta\/retrospectiva-dos-ultimos-assaltos\/#primaryimage\"},\"thumbnailUrl\":\"https:\/\/nk7-testes.com.br\/agazeta\/wp-content\/uploads\/2016\/02\/220216-policia-balancoassaltos-cedida2.jpg\",\"datePublished\":\"2016-02-22T15:59:00+00:00\",\"author\":{\"@id\":\"https:\/\/nk7-testes.com.br\/agazeta\/#\/schema\/person\/6d6e25cb0435eb4a02fd44d30b4e3020\"},\"breadcrumb\":{\"@id\":\"https:\/\/nk7-testes.com.br\/agazeta\/retrospectiva-dos-ultimos-assaltos\/#breadcrumb\"},\"inLanguage\":\"pt-BR\",\"potentialAction\":[{\"@type\":\"ReadAction\",\"target\":[\"https:\/\/nk7-testes.com.br\/agazeta\/retrospectiva-dos-ultimos-assaltos\/\"]}]},{\"@type\":\"ImageObject\",\"inLanguage\":\"pt-BR\",\"@id\":\"https:\/\/nk7-testes.com.br\/agazeta\/retrospectiva-dos-ultimos-assaltos\/#primaryimage\",\"url\":\"https:\/\/nk7-testes.com.br\/agazeta\/wp-content\/uploads\/2016\/02\/220216-policia-balancoassaltos-cedida2.jpg\",\"contentUrl\":\"https:\/\/nk7-testes.com.br\/agazeta\/wp-content\/uploads\/2016\/02\/220216-policia-balancoassaltos-cedida2.jpg\",\"width\":458,\"height\":340,\"caption\":\"220216-policia-balancoassaltos-cedida2\"},{\"@type\":\"BreadcrumbList\",\"@id\":\"https:\/\/nk7-testes.com.br\/agazeta\/retrospectiva-dos-ultimos-assaltos\/#breadcrumb\",\"itemListElement\":[{\"@type\":\"ListItem\",\"position\":1,\"name\":\"In\u00edcio\",\"item\":\"https:\/\/nk7-testes.com.br\/agazeta\/\"},{\"@type\":\"ListItem\",\"position\":2,\"name\":\"Retrospectiva dos \u00faltimos assaltos\"}]},{\"@type\":\"WebSite\",\"@id\":\"https:\/\/nk7-testes.com.br\/agazeta\/#website\",\"url\":\"https:\/\/nk7-testes.com.br\/agazeta\/\",\"name\":\"Agazeta.net\",\"description\":\"Agazeta.net - Not\u00edcias de Rio Branco\/AC\",\"potentialAction\":[{\"@type\":\"SearchAction\",\"target\":{\"@type\":\"EntryPoint\",\"urlTemplate\":\"https:\/\/nk7-testes.com.br\/agazeta\/?s={search_term_string}\"},\"query-input\":{\"@type\":\"PropertyValueSpecification\",\"valueRequired\":true,\"valueName\":\"search_term_string\"}}],\"inLanguage\":\"pt-BR\"},{\"@type\":\"Person\",\"@id\":\"https:\/\/nk7-testes.com.br\/agazeta\/#\/schema\/person\/6d6e25cb0435eb4a02fd44d30b4e3020\",\"name\":\"Agazeta.Net\",\"url\":\"https:\/\/nk7-testes.com.br\/agazeta\/author\/agazeta\/\"}]}<\/script>\n<!-- \/ Yoast SEO plugin. -->","yoast_head_json":{"title":"Retrospectiva dos \u00faltimos assaltos - Agazeta.net","robots":{"index":"index","follow":"follow","max-snippet":"max-snippet:-1","max-image-preview":"max-image-preview:large","max-video-preview":"max-video-preview:-1"},"canonical":"https:\/\/nk7-testes.com.br\/agazeta\/retrospectiva-dos-ultimos-assaltos\/","og_locale":"pt_BR","og_type":"article","og_title":"Retrospectiva dos \u00faltimos assaltos - Agazeta.net","og_description":"Um hist\u00f3rico da viol\u00eancia no in\u00edcio de ano","og_url":"https:\/\/nk7-testes.com.br\/agazeta\/retrospectiva-dos-ultimos-assaltos\/","og_site_name":"Agazeta.net","article_published_time":"2016-02-22T15:59:00+00:00","og_image":[{"width":458,"height":340,"url":"https:\/\/nk7-testes.com.br\/agazeta\/wp-content\/uploads\/2016\/02\/220216-policia-balancoassaltos-cedida2.jpg","type":"image\/jpeg"}],"author":"Agazeta.Net","twitter_card":"summary_large_image","twitter_misc":{"Escrito por":"Agazeta.Net","Est. tempo de leitura":"3 minutos"},"schema":{"@context":"https:\/\/schema.org","@graph":[{"@type":"WebPage","@id":"https:\/\/nk7-testes.com.br\/agazeta\/retrospectiva-dos-ultimos-assaltos\/","url":"https:\/\/nk7-testes.com.br\/agazeta\/retrospectiva-dos-ultimos-assaltos\/","name":"Retrospectiva dos \u00faltimos assaltos - Agazeta.net","isPartOf":{"@id":"https:\/\/nk7-testes.com.br\/agazeta\/#website"},"primaryImageOfPage":{"@id":"https:\/\/nk7-testes.com.br\/agazeta\/retrospectiva-dos-ultimos-assaltos\/#primaryimage"},"image":{"@id":"https:\/\/nk7-testes.com.br\/agazeta\/retrospectiva-dos-ultimos-assaltos\/#primaryimage"},"thumbnailUrl":"https:\/\/nk7-testes.com.br\/agazeta\/wp-content\/uploads\/2016\/02\/220216-policia-balancoassaltos-cedida2.jpg","datePublished":"2016-02-22T15:59:00+00:00","author":{"@id":"https:\/\/nk7-testes.com.br\/agazeta\/#\/schema\/person\/6d6e25cb0435eb4a02fd44d30b4e3020"},"breadcrumb":{"@id":"https:\/\/nk7-testes.com.br\/agazeta\/retrospectiva-dos-ultimos-assaltos\/#breadcrumb"},"inLanguage":"pt-BR","potentialAction":[{"@type":"ReadAction","target":["https:\/\/nk7-testes.com.br\/agazeta\/retrospectiva-dos-ultimos-assaltos\/"]}]},{"@type":"ImageObject","inLanguage":"pt-BR","@id":"https:\/\/nk7-testes.com.br\/agazeta\/retrospectiva-dos-ultimos-assaltos\/#primaryimage","url":"https:\/\/nk7-testes.com.br\/agazeta\/wp-content\/uploads\/2016\/02\/220216-policia-balancoassaltos-cedida2.jpg","contentUrl":"https:\/\/nk7-testes.com.br\/agazeta\/wp-content\/uploads\/2016\/02\/220216-policia-balancoassaltos-cedida2.jpg","width":458,"height":340,"caption":"220216-policia-balancoassaltos-cedida2"},{"@type":"BreadcrumbList","@id":"https:\/\/nk7-testes.com.br\/agazeta\/retrospectiva-dos-ultimos-assaltos\/#breadcrumb","itemListElement":[{"@type":"ListItem","position":1,"name":"In\u00edcio","item":"https:\/\/nk7-testes.com.br\/agazeta\/"},{"@type":"ListItem","position":2,"name":"Retrospectiva dos \u00faltimos assaltos"}]},{"@type":"WebSite","@id":"https:\/\/nk7-testes.com.br\/agazeta\/#website","url":"https:\/\/nk7-testes.com.br\/agazeta\/","name":"Agazeta.net","description":"Agazeta.net - Not\u00edcias de Rio Branco\/AC","potentialAction":[{"@type":"SearchAction","target":{"@type":"EntryPoint","urlTemplate":"https:\/\/nk7-testes.com.br\/agazeta\/?s={search_term_string}"},"query-input":{"@type":"PropertyValueSpecification","valueRequired":true,"valueName":"search_term_string"}}],"inLanguage":"pt-BR"},{"@type":"Person","@id":"https:\/\/nk7-testes.com.br\/agazeta\/#\/schema\/person\/6d6e25cb0435eb4a02fd44d30b4e3020","name":"Agazeta.Net","url":"https:\/\/nk7-testes.com.br\/agazeta\/author\/agazeta\/"}]}},"_links":{"self":[{"href":"https:\/\/nk7-testes.com.br\/agazeta\/wp-json\/wp\/v2\/posts\/21195","targetHints":{"allow":["GET"]}}],"collection":[{"href":"https:\/\/nk7-testes.com.br\/agazeta\/wp-json\/wp\/v2\/posts"}],"about":[{"href":"https:\/\/nk7-testes.com.br\/agazeta\/wp-json\/wp\/v2\/types\/post"}],"author":[{"embeddable":true,"href":"https:\/\/nk7-testes.com.br\/agazeta\/wp-json\/wp\/v2\/users\/4"}],"replies":[{"embeddable":true,"href":"https:\/\/nk7-testes.com.br\/agazeta\/wp-json\/wp\/v2\/comments?post=21195"}],"version-history":[{"count":0,"href":"https:\/\/nk7-testes.com.br\/agazeta\/wp-json\/wp\/v2\/posts\/21195\/revisions"}],"wp:featuredmedia":[{"embeddable":true,"href":"https:\/\/nk7-testes.com.br\/agazeta\/wp-json\/wp\/v2\/media\/21194"}],"wp:attachment":[{"href":"https:\/\/nk7-testes.com.br\/agazeta\/wp-json\/wp\/v2\/media?parent=21195"}],"wp:term":[{"taxonomy":"category","embeddable":true,"href":"https:\/\/nk7-testes.com.br\/agazeta\/wp-json\/wp\/v2\/categories?post=21195"},{"taxonomy":"post_tag","embeddable":true,"href":"https:\/\/nk7-testes.com.br\/agazeta\/wp-json\/wp\/v2\/tags?post=21195"}],"curies":[{"name":"wp","href":"https:\/\/api.w.org\/{rel}","templated":true}]}}