{"id":21193,"date":"2016-02-22T14:46:57","date_gmt":"2016-02-22T14:46:57","guid":{"rendered":"https:\/\/abarevegan.com.br\/index.php\/2016\/02\/22\/pinheiro-assume-formalmente-presidencia-da-cacb\/"},"modified":"2016-02-22T14:46:57","modified_gmt":"2016-02-22T14:46:57","slug":"pinheiro-assume-formalmente-presidencia-da-cacb","status":"publish","type":"post","link":"https:\/\/nk7-testes.com.br\/agazeta\/pinheiro-assume-formalmente-presidencia-da-cacb\/","title":{"rendered":"Pinheiro assume formalmente presid\u00eancia da CACB"},"content":{"rendered":"<p style=\"text-align: justify;\">Cerim\u00f4nia ocorre na pr\u00f3xima quarta-feira<\/p>\n<p style=\"text-align: justify;\">George Pinheiro, presidente eleito da Confedera\u00e7\u00e3o das Associa\u00e7\u00f5es Comerciais e Empresariais do Brasil (CACB), ser\u00e1 empossado em cerim\u00f4nia formal no Hotel Royal Tulip Bras\u00edlia Alvorada, em 24 de fevereiro.<\/p>\n<p style=\"text-align: justify;\">Junto a ele, tamb\u00e9m tomar\u00e3o posse os demais vice-presidentes, conselho diretivo, fiscal e suplentes. Para a cerim\u00f4nia, foram convidados representantes pol\u00edticos e importantes entidades empresariais.<\/p>\n<p style=\"text-align: justify;\">Nos pr\u00f3ximos anos, os seis eixos orientadores da CACB s\u00e3o relacionamento institucional e legislativo, neg\u00f3cios internacionais, novos projetos, inova\u00e7\u00e3o e sustentabilidade, educa\u00e7\u00e3o executiva e comunica\u00e7\u00e3o e acesso a mercados. \u201cEsperamos marcar uma nova era para a economia e pol\u00edtica do Brasil\u201d, afirma George Pinheiro.<\/p>\n<p style=\"text-align: justify;\">Sobre a CACB<\/p>\n<p style=\"text-align: justify;\">Formada por 27 federa\u00e7\u00f5es, representantes de cada um dos estados, a CACB agrega 2.300 associa\u00e7\u00f5es comerciais e empresariais, as quais re\u00fanem por ades\u00e3o volunt\u00e1ria mais de dois milh\u00f5es de empres\u00e1rios em todo o pa\u00eds, sendo eles pessoas f\u00edsicas e jur\u00eddicas de todos os setores da economia.<\/p>\n<p style=\"text-align: justify;\">Como organiza\u00e7\u00e3o multissetorial, representa e expressa a opini\u00e3o independente de empres\u00e1rios do com\u00e9rcio, ind\u00fastria, agropecu\u00e1ria, servi\u00e7os, finan\u00e7as e profissionais liberais, de micro, pequenas, m\u00e9dias e grandes empresas.<\/p>\n<p style=\"text-align: justify;\">Como 89% dos associados s\u00e3o micro e pequenas empresas, a entidade se volta para esses agentes da economia, respons\u00e1veis por 27% do PIB, 52% dos empregos formais, 40% da massa salarial e mais de 95% dos CNPJs.<\/p>\n<p style=\"text-align: justify;\">Por sua abrang\u00eancia nacional, com associa\u00e7\u00f5es comerciais filiadas em mais de dois mil munic\u00edpios, a CACB \u00e9 uma das organiza\u00e7\u00f5es brasileiras com maior capilaridade.<\/p>\n<p style=\"text-align: justify;\">Al\u00e9m de desenvolver a\u00e7\u00f5es pol\u00edticas estrat\u00e9gicas para defesa dos interesses do empresariado no Congresso Nacional, a entidade trabalha como um \u00f3rg\u00e3o consultivo do Governo Federal. Entre suas bandeiras vitoriosas est\u00e3o a bem-sucedida campanha pela regulamenta\u00e7\u00e3o da arbitragem no Brasil e a aprova\u00e7\u00e3o da Lei Geral da Micro e Pequena.<\/p>\n<p style=\"text-align: justify;\">Recentemente a CACB se uniu a outras seis entidades para formar a Uni\u00e3o Nacional das Entidades de Com\u00e9rcio (Unesc), que apoia a Frente Parlamentar Mista em Defesa do Com\u00e9rcio, Servi\u00e7os e Empreendedorismo, com mais de 210 deputados e senadores.<\/p>\n<p style=\"text-align: justify;\">A CACB, unida \u00e0s demais entidades da UNECS &#8211; Associa\u00e7\u00e3o Brasileira de Supermercados (ABRAS), (Associa\u00e7\u00e3o Brasileira de Atacadistas e Distribuidores (ABAD), Associa\u00e7\u00e3o Brasileira de Lojistas de Shopping (Alshop), Associa\u00e7\u00e3o Brasileira de Bares e Restaurantes (Abrasel), Associa\u00e7\u00e3o Nacional de Materiais de Constru\u00e7\u00e3o (Anamaco) e Confedera\u00e7\u00e3o Nacional de Dirigentes Lojistas (CNDL) &#8211; representa um faturamento conjunto de R$ 788,4 bilh\u00f5es, ou 16,3% do PIB.<\/p>\n<p style=\"text-align: justify;\">Esses n\u00fameros equivalem a 83,7% das vendas da ind\u00fastria de alimentos e bebidas, 89,6% das vendas do food service (alimenta\u00e7\u00e3o fora do lar) e 64,9% das opera\u00e7\u00f5es com cart\u00e3o de cr\u00e9dito e d\u00e9bito no Brasil. Esses segmentos tamb\u00e9m s\u00e3o respons\u00e1veis por 9,22 milh\u00f5es de empregos, ou 19,4% das vagas formais do pa\u00eds.<\/p>\n","protected":false},"excerpt":{"rendered":"<p style=\"text-align: justify;\">Cerim\u00f4nia ocorre na pr\u00f3xima quarta-feira<\/p>\n","protected":false},"author":4,"featured_media":21192,"comment_status":"open","ping_status":"open","sticky":false,"template":"","format":"standard","meta":{"jnews-multi-image_gallery":[],"jnews_single_post":[],"jnews_primary_category":[],"jnews_social_meta":[],"jnews_review":[],"enable_review":"","type":"","name":"","summary":"","brand":"","sku":"","good":[],"bad":[],"score_override":"","override_value":"","rating":[],"price":[],"footnotes":""},"categories":[54],"tags":[],"class_list":["post-21193","post","type-post","status-publish","format-standard","has-post-thumbnail","hentry","category-cotidiano"],"yoast_head":"<!-- This site is optimized with the Yoast SEO plugin v26.5 - https:\/\/yoast.com\/wordpress\/plugins\/seo\/ -->\n<title>Pinheiro assume formalmente presid\u00eancia da CACB - Agazeta.net<\/title>\n<meta name=\"robots\" content=\"index, follow, max-snippet:-1, max-image-preview:large, max-video-preview:-1\" \/>\n<link rel=\"canonical\" href=\"https:\/\/nk7-testes.com.br\/agazeta\/pinheiro-assume-formalmente-presidencia-da-cacb\/\" \/>\n<meta property=\"og:locale\" content=\"pt_BR\" \/>\n<meta property=\"og:type\" content=\"article\" \/>\n<meta property=\"og:title\" content=\"Pinheiro assume formalmente presid\u00eancia da CACB - Agazeta.net\" \/>\n<meta property=\"og:description\" content=\"Cerim\u00f4nia ocorre na pr\u00f3xima quarta-feira\" \/>\n<meta property=\"og:url\" content=\"https:\/\/nk7-testes.com.br\/agazeta\/pinheiro-assume-formalmente-presidencia-da-cacb\/\" \/>\n<meta property=\"og:site_name\" content=\"Agazeta.net\" \/>\n<meta property=\"article:published_time\" content=\"2016-02-22T14:46:57+00:00\" \/>\n<meta property=\"og:image\" content=\"https:\/\/nk7-testes.com.br\/agazeta\/wp-content\/uploads\/2016\/02\/220216-cotidiano-goergepinheiro-cedida3.jpg\" \/>\n\t<meta property=\"og:image:width\" content=\"458\" \/>\n\t<meta property=\"og:image:height\" content=\"340\" \/>\n\t<meta property=\"og:image:type\" content=\"image\/jpeg\" \/>\n<meta name=\"author\" content=\"Agazeta.Net\" \/>\n<meta name=\"twitter:card\" content=\"summary_large_image\" \/>\n<meta name=\"twitter:label1\" content=\"Escrito por\" \/>\n\t<meta name=\"twitter:data1\" content=\"Agazeta.Net\" \/>\n\t<meta name=\"twitter:label2\" content=\"Est. tempo de leitura\" \/>\n\t<meta name=\"twitter:data2\" content=\"2 minutos\" \/>\n<script type=\"application\/ld+json\" class=\"yoast-schema-graph\">{\"@context\":\"https:\/\/schema.org\",\"@graph\":[{\"@type\":\"WebPage\",\"@id\":\"https:\/\/nk7-testes.com.br\/agazeta\/pinheiro-assume-formalmente-presidencia-da-cacb\/\",\"url\":\"https:\/\/nk7-testes.com.br\/agazeta\/pinheiro-assume-formalmente-presidencia-da-cacb\/\",\"name\":\"Pinheiro assume formalmente presid\u00eancia da CACB - Agazeta.net\",\"isPartOf\":{\"@id\":\"https:\/\/nk7-testes.com.br\/agazeta\/#website\"},\"primaryImageOfPage\":{\"@id\":\"https:\/\/nk7-testes.com.br\/agazeta\/pinheiro-assume-formalmente-presidencia-da-cacb\/#primaryimage\"},\"image\":{\"@id\":\"https:\/\/nk7-testes.com.br\/agazeta\/pinheiro-assume-formalmente-presidencia-da-cacb\/#primaryimage\"},\"thumbnailUrl\":\"https:\/\/nk7-testes.com.br\/agazeta\/wp-content\/uploads\/2016\/02\/220216-cotidiano-goergepinheiro-cedida3.jpg\",\"datePublished\":\"2016-02-22T14:46:57+00:00\",\"author\":{\"@id\":\"https:\/\/nk7-testes.com.br\/agazeta\/#\/schema\/person\/6d6e25cb0435eb4a02fd44d30b4e3020\"},\"breadcrumb\":{\"@id\":\"https:\/\/nk7-testes.com.br\/agazeta\/pinheiro-assume-formalmente-presidencia-da-cacb\/#breadcrumb\"},\"inLanguage\":\"pt-BR\",\"potentialAction\":[{\"@type\":\"ReadAction\",\"target\":[\"https:\/\/nk7-testes.com.br\/agazeta\/pinheiro-assume-formalmente-presidencia-da-cacb\/\"]}]},{\"@type\":\"ImageObject\",\"inLanguage\":\"pt-BR\",\"@id\":\"https:\/\/nk7-testes.com.br\/agazeta\/pinheiro-assume-formalmente-presidencia-da-cacb\/#primaryimage\",\"url\":\"https:\/\/nk7-testes.com.br\/agazeta\/wp-content\/uploads\/2016\/02\/220216-cotidiano-goergepinheiro-cedida3.jpg\",\"contentUrl\":\"https:\/\/nk7-testes.com.br\/agazeta\/wp-content\/uploads\/2016\/02\/220216-cotidiano-goergepinheiro-cedida3.jpg\",\"width\":458,\"height\":340,\"caption\":\"220216-cotidiano-goergepinheiro-cedida3\"},{\"@type\":\"BreadcrumbList\",\"@id\":\"https:\/\/nk7-testes.com.br\/agazeta\/pinheiro-assume-formalmente-presidencia-da-cacb\/#breadcrumb\",\"itemListElement\":[{\"@type\":\"ListItem\",\"position\":1,\"name\":\"In\u00edcio\",\"item\":\"https:\/\/nk7-testes.com.br\/agazeta\/\"},{\"@type\":\"ListItem\",\"position\":2,\"name\":\"Pinheiro assume formalmente presid\u00eancia da CACB\"}]},{\"@type\":\"WebSite\",\"@id\":\"https:\/\/nk7-testes.com.br\/agazeta\/#website\",\"url\":\"https:\/\/nk7-testes.com.br\/agazeta\/\",\"name\":\"Agazeta.net\",\"description\":\"Agazeta.net - Not\u00edcias de Rio Branco\/AC\",\"potentialAction\":[{\"@type\":\"SearchAction\",\"target\":{\"@type\":\"EntryPoint\",\"urlTemplate\":\"https:\/\/nk7-testes.com.br\/agazeta\/?s={search_term_string}\"},\"query-input\":{\"@type\":\"PropertyValueSpecification\",\"valueRequired\":true,\"valueName\":\"search_term_string\"}}],\"inLanguage\":\"pt-BR\"},{\"@type\":\"Person\",\"@id\":\"https:\/\/nk7-testes.com.br\/agazeta\/#\/schema\/person\/6d6e25cb0435eb4a02fd44d30b4e3020\",\"name\":\"Agazeta.Net\",\"url\":\"https:\/\/nk7-testes.com.br\/agazeta\/author\/agazeta\/\"}]}<\/script>\n<!-- \/ Yoast SEO plugin. -->","yoast_head_json":{"title":"Pinheiro assume formalmente presid\u00eancia da CACB - Agazeta.net","robots":{"index":"index","follow":"follow","max-snippet":"max-snippet:-1","max-image-preview":"max-image-preview:large","max-video-preview":"max-video-preview:-1"},"canonical":"https:\/\/nk7-testes.com.br\/agazeta\/pinheiro-assume-formalmente-presidencia-da-cacb\/","og_locale":"pt_BR","og_type":"article","og_title":"Pinheiro assume formalmente presid\u00eancia da CACB - Agazeta.net","og_description":"Cerim\u00f4nia ocorre na pr\u00f3xima quarta-feira","og_url":"https:\/\/nk7-testes.com.br\/agazeta\/pinheiro-assume-formalmente-presidencia-da-cacb\/","og_site_name":"Agazeta.net","article_published_time":"2016-02-22T14:46:57+00:00","og_image":[{"width":458,"height":340,"url":"https:\/\/nk7-testes.com.br\/agazeta\/wp-content\/uploads\/2016\/02\/220216-cotidiano-goergepinheiro-cedida3.jpg","type":"image\/jpeg"}],"author":"Agazeta.Net","twitter_card":"summary_large_image","twitter_misc":{"Escrito por":"Agazeta.Net","Est. tempo de leitura":"2 minutos"},"schema":{"@context":"https:\/\/schema.org","@graph":[{"@type":"WebPage","@id":"https:\/\/nk7-testes.com.br\/agazeta\/pinheiro-assume-formalmente-presidencia-da-cacb\/","url":"https:\/\/nk7-testes.com.br\/agazeta\/pinheiro-assume-formalmente-presidencia-da-cacb\/","name":"Pinheiro assume formalmente presid\u00eancia da CACB - Agazeta.net","isPartOf":{"@id":"https:\/\/nk7-testes.com.br\/agazeta\/#website"},"primaryImageOfPage":{"@id":"https:\/\/nk7-testes.com.br\/agazeta\/pinheiro-assume-formalmente-presidencia-da-cacb\/#primaryimage"},"image":{"@id":"https:\/\/nk7-testes.com.br\/agazeta\/pinheiro-assume-formalmente-presidencia-da-cacb\/#primaryimage"},"thumbnailUrl":"https:\/\/nk7-testes.com.br\/agazeta\/wp-content\/uploads\/2016\/02\/220216-cotidiano-goergepinheiro-cedida3.jpg","datePublished":"2016-02-22T14:46:57+00:00","author":{"@id":"https:\/\/nk7-testes.com.br\/agazeta\/#\/schema\/person\/6d6e25cb0435eb4a02fd44d30b4e3020"},"breadcrumb":{"@id":"https:\/\/nk7-testes.com.br\/agazeta\/pinheiro-assume-formalmente-presidencia-da-cacb\/#breadcrumb"},"inLanguage":"pt-BR","potentialAction":[{"@type":"ReadAction","target":["https:\/\/nk7-testes.com.br\/agazeta\/pinheiro-assume-formalmente-presidencia-da-cacb\/"]}]},{"@type":"ImageObject","inLanguage":"pt-BR","@id":"https:\/\/nk7-testes.com.br\/agazeta\/pinheiro-assume-formalmente-presidencia-da-cacb\/#primaryimage","url":"https:\/\/nk7-testes.com.br\/agazeta\/wp-content\/uploads\/2016\/02\/220216-cotidiano-goergepinheiro-cedida3.jpg","contentUrl":"https:\/\/nk7-testes.com.br\/agazeta\/wp-content\/uploads\/2016\/02\/220216-cotidiano-goergepinheiro-cedida3.jpg","width":458,"height":340,"caption":"220216-cotidiano-goergepinheiro-cedida3"},{"@type":"BreadcrumbList","@id":"https:\/\/nk7-testes.com.br\/agazeta\/pinheiro-assume-formalmente-presidencia-da-cacb\/#breadcrumb","itemListElement":[{"@type":"ListItem","position":1,"name":"In\u00edcio","item":"https:\/\/nk7-testes.com.br\/agazeta\/"},{"@type":"ListItem","position":2,"name":"Pinheiro assume formalmente presid\u00eancia da CACB"}]},{"@type":"WebSite","@id":"https:\/\/nk7-testes.com.br\/agazeta\/#website","url":"https:\/\/nk7-testes.com.br\/agazeta\/","name":"Agazeta.net","description":"Agazeta.net - Not\u00edcias de Rio Branco\/AC","potentialAction":[{"@type":"SearchAction","target":{"@type":"EntryPoint","urlTemplate":"https:\/\/nk7-testes.com.br\/agazeta\/?s={search_term_string}"},"query-input":{"@type":"PropertyValueSpecification","valueRequired":true,"valueName":"search_term_string"}}],"inLanguage":"pt-BR"},{"@type":"Person","@id":"https:\/\/nk7-testes.com.br\/agazeta\/#\/schema\/person\/6d6e25cb0435eb4a02fd44d30b4e3020","name":"Agazeta.Net","url":"https:\/\/nk7-testes.com.br\/agazeta\/author\/agazeta\/"}]}},"_links":{"self":[{"href":"https:\/\/nk7-testes.com.br\/agazeta\/wp-json\/wp\/v2\/posts\/21193","targetHints":{"allow":["GET"]}}],"collection":[{"href":"https:\/\/nk7-testes.com.br\/agazeta\/wp-json\/wp\/v2\/posts"}],"about":[{"href":"https:\/\/nk7-testes.com.br\/agazeta\/wp-json\/wp\/v2\/types\/post"}],"author":[{"embeddable":true,"href":"https:\/\/nk7-testes.com.br\/agazeta\/wp-json\/wp\/v2\/users\/4"}],"replies":[{"embeddable":true,"href":"https:\/\/nk7-testes.com.br\/agazeta\/wp-json\/wp\/v2\/comments?post=21193"}],"version-history":[{"count":0,"href":"https:\/\/nk7-testes.com.br\/agazeta\/wp-json\/wp\/v2\/posts\/21193\/revisions"}],"wp:featuredmedia":[{"embeddable":true,"href":"https:\/\/nk7-testes.com.br\/agazeta\/wp-json\/wp\/v2\/media\/21192"}],"wp:attachment":[{"href":"https:\/\/nk7-testes.com.br\/agazeta\/wp-json\/wp\/v2\/media?parent=21193"}],"wp:term":[{"taxonomy":"category","embeddable":true,"href":"https:\/\/nk7-testes.com.br\/agazeta\/wp-json\/wp\/v2\/categories?post=21193"},{"taxonomy":"post_tag","embeddable":true,"href":"https:\/\/nk7-testes.com.br\/agazeta\/wp-json\/wp\/v2\/tags?post=21193"}],"curies":[{"name":"wp","href":"https:\/\/api.w.org\/{rel}","templated":true}]}}