{"id":21188,"date":"2016-02-22T13:39:31","date_gmt":"2016-02-22T13:39:31","guid":{"rendered":"https:\/\/abarevegan.com.br\/index.php\/2016\/02\/22\/militares-atiram-em-perna-de-homem-armado-na-vila-caqueta\/"},"modified":"2016-02-22T13:39:31","modified_gmt":"2016-02-22T13:39:31","slug":"militares-atiram-em-perna-de-homem-armado-na-vila-caqueta","status":"publish","type":"post","link":"https:\/\/nk7-testes.com.br\/agazeta\/militares-atiram-em-perna-de-homem-armado-na-vila-caqueta\/","title":{"rendered":"Militares atiram em perna de homem armado na Vila Caquet\u00e1"},"content":{"rendered":"<p style=\"text-align: justify;\">Foi expulso de festa e voltou com espingarda<\/p>\n<p style=\"text-align: justify;\">Uma bebedeira que acontecia numa col\u00f4nia localizada pr\u00f3ximo da Vila Caquet\u00e1, na noite de s\u00e1bado (20), na estrada de Boca do Acre, por pouco n\u00e3o deixou como v\u00edtima Robson de Oliveira da Silva, 35.<\/p>\n<p style=\"text-align: justify;\">Ele estava uma festa na casa de Ernesto Mendes da Silva, 58. Este, o amea\u00e7ou de morte por duas vezes. Neste instante, Robson da Silva foi expulso da festa. Mas, ele n\u00e3o se conteve: foi at\u00e9 a casa onde morava e pegou uma espingarda. Voltou \u00e0 festa, mas os moradores acionaram a Pol\u00edcia Militar do 5\u00ba batalh\u00e3o.<\/p>\n<p style=\"text-align: justify;\">Os policiais foram ao local e encontraram o acusado com uma espingarda na rua. Foi dada a ordem para ele largar a arma, mas ele foi em dire\u00e7\u00e3o a um dos militares com arma.<\/p>\n<p style=\"text-align: justify;\">Foi quando os policias deram um tiro na perna do acusado que caiu ao ch\u00e3o. Ele foi transportado pelos pr\u00f3prios militares at\u00e9 o Pronto Socorro.<\/p>\n","protected":false},"excerpt":{"rendered":"<p style=\"text-align: justify;\">Foi expulso de festa e voltou com espingarda<\/p>\n","protected":false},"author":4,"featured_media":21187,"comment_status":"open","ping_status":"open","sticky":false,"template":"","format":"standard","meta":{"jnews-multi-image_gallery":[],"jnews_single_post":[],"jnews_primary_category":[],"jnews_social_meta":[],"jnews_review":[],"enable_review":"","type":"","name":"","summary":"","brand":"","sku":"","good":[],"bad":[],"score_override":"","override_value":"","rating":[],"price":[],"footnotes":""},"categories":[44],"tags":[],"class_list":["post-21188","post","type-post","status-publish","format-standard","has-post-thumbnail","hentry","category-policia"],"yoast_head":"<!-- This site is optimized with the Yoast SEO plugin v26.5 - https:\/\/yoast.com\/wordpress\/plugins\/seo\/ -->\n<title>Militares atiram em perna de homem armado na Vila Caquet\u00e1 - Agazeta.net<\/title>\n<meta name=\"robots\" content=\"index, follow, max-snippet:-1, max-image-preview:large, max-video-preview:-1\" \/>\n<link rel=\"canonical\" href=\"https:\/\/nk7-testes.com.br\/agazeta\/militares-atiram-em-perna-de-homem-armado-na-vila-caqueta\/\" \/>\n<meta property=\"og:locale\" content=\"pt_BR\" \/>\n<meta property=\"og:type\" content=\"article\" \/>\n<meta property=\"og:title\" content=\"Militares atiram em perna de homem armado na Vila Caquet\u00e1 - Agazeta.net\" \/>\n<meta property=\"og:description\" content=\"Foi expulso de festa e voltou com espingarda\" \/>\n<meta property=\"og:url\" content=\"https:\/\/nk7-testes.com.br\/agazeta\/militares-atiram-em-perna-de-homem-armado-na-vila-caqueta\/\" \/>\n<meta property=\"og:site_name\" content=\"Agazeta.net\" \/>\n<meta property=\"article:published_time\" content=\"2016-02-22T13:39:31+00:00\" \/>\n<meta property=\"og:image\" content=\"https:\/\/nk7-testes.com.br\/agazeta\/wp-content\/uploads\/2016\/02\/220216-policia-homemferido-cleriston.jpg\" \/>\n\t<meta property=\"og:image:width\" content=\"458\" \/>\n\t<meta property=\"og:image:height\" content=\"340\" \/>\n\t<meta property=\"og:image:type\" content=\"image\/jpeg\" \/>\n<meta name=\"author\" content=\"Agazeta.Net\" \/>\n<meta name=\"twitter:card\" content=\"summary_large_image\" \/>\n<meta name=\"twitter:label1\" content=\"Escrito por\" \/>\n\t<meta name=\"twitter:data1\" content=\"Agazeta.Net\" \/>\n\t<meta name=\"twitter:label2\" content=\"Est. tempo de leitura\" \/>\n\t<meta name=\"twitter:data2\" content=\"1 minuto\" \/>\n<script type=\"application\/ld+json\" class=\"yoast-schema-graph\">{\"@context\":\"https:\/\/schema.org\",\"@graph\":[{\"@type\":\"WebPage\",\"@id\":\"https:\/\/nk7-testes.com.br\/agazeta\/militares-atiram-em-perna-de-homem-armado-na-vila-caqueta\/\",\"url\":\"https:\/\/nk7-testes.com.br\/agazeta\/militares-atiram-em-perna-de-homem-armado-na-vila-caqueta\/\",\"name\":\"Militares atiram em perna de homem armado na Vila Caquet\u00e1 - Agazeta.net\",\"isPartOf\":{\"@id\":\"https:\/\/nk7-testes.com.br\/agazeta\/#website\"},\"primaryImageOfPage\":{\"@id\":\"https:\/\/nk7-testes.com.br\/agazeta\/militares-atiram-em-perna-de-homem-armado-na-vila-caqueta\/#primaryimage\"},\"image\":{\"@id\":\"https:\/\/nk7-testes.com.br\/agazeta\/militares-atiram-em-perna-de-homem-armado-na-vila-caqueta\/#primaryimage\"},\"thumbnailUrl\":\"https:\/\/nk7-testes.com.br\/agazeta\/wp-content\/uploads\/2016\/02\/220216-policia-homemferido-cleriston.jpg\",\"datePublished\":\"2016-02-22T13:39:31+00:00\",\"author\":{\"@id\":\"https:\/\/nk7-testes.com.br\/agazeta\/#\/schema\/person\/6d6e25cb0435eb4a02fd44d30b4e3020\"},\"breadcrumb\":{\"@id\":\"https:\/\/nk7-testes.com.br\/agazeta\/militares-atiram-em-perna-de-homem-armado-na-vila-caqueta\/#breadcrumb\"},\"inLanguage\":\"pt-BR\",\"potentialAction\":[{\"@type\":\"ReadAction\",\"target\":[\"https:\/\/nk7-testes.com.br\/agazeta\/militares-atiram-em-perna-de-homem-armado-na-vila-caqueta\/\"]}]},{\"@type\":\"ImageObject\",\"inLanguage\":\"pt-BR\",\"@id\":\"https:\/\/nk7-testes.com.br\/agazeta\/militares-atiram-em-perna-de-homem-armado-na-vila-caqueta\/#primaryimage\",\"url\":\"https:\/\/nk7-testes.com.br\/agazeta\/wp-content\/uploads\/2016\/02\/220216-policia-homemferido-cleriston.jpg\",\"contentUrl\":\"https:\/\/nk7-testes.com.br\/agazeta\/wp-content\/uploads\/2016\/02\/220216-policia-homemferido-cleriston.jpg\",\"width\":458,\"height\":340,\"caption\":\"220216-policia-homemferido-cleriston\"},{\"@type\":\"BreadcrumbList\",\"@id\":\"https:\/\/nk7-testes.com.br\/agazeta\/militares-atiram-em-perna-de-homem-armado-na-vila-caqueta\/#breadcrumb\",\"itemListElement\":[{\"@type\":\"ListItem\",\"position\":1,\"name\":\"In\u00edcio\",\"item\":\"https:\/\/nk7-testes.com.br\/agazeta\/\"},{\"@type\":\"ListItem\",\"position\":2,\"name\":\"Militares atiram em perna de homem armado na Vila Caquet\u00e1\"}]},{\"@type\":\"WebSite\",\"@id\":\"https:\/\/nk7-testes.com.br\/agazeta\/#website\",\"url\":\"https:\/\/nk7-testes.com.br\/agazeta\/\",\"name\":\"Agazeta.net\",\"description\":\"Agazeta.net - Not\u00edcias de Rio Branco\/AC\",\"potentialAction\":[{\"@type\":\"SearchAction\",\"target\":{\"@type\":\"EntryPoint\",\"urlTemplate\":\"https:\/\/nk7-testes.com.br\/agazeta\/?s={search_term_string}\"},\"query-input\":{\"@type\":\"PropertyValueSpecification\",\"valueRequired\":true,\"valueName\":\"search_term_string\"}}],\"inLanguage\":\"pt-BR\"},{\"@type\":\"Person\",\"@id\":\"https:\/\/nk7-testes.com.br\/agazeta\/#\/schema\/person\/6d6e25cb0435eb4a02fd44d30b4e3020\",\"name\":\"Agazeta.Net\",\"url\":\"https:\/\/nk7-testes.com.br\/agazeta\/author\/agazeta\/\"}]}<\/script>\n<!-- \/ Yoast SEO plugin. -->","yoast_head_json":{"title":"Militares atiram em perna de homem armado na Vila Caquet\u00e1 - Agazeta.net","robots":{"index":"index","follow":"follow","max-snippet":"max-snippet:-1","max-image-preview":"max-image-preview:large","max-video-preview":"max-video-preview:-1"},"canonical":"https:\/\/nk7-testes.com.br\/agazeta\/militares-atiram-em-perna-de-homem-armado-na-vila-caqueta\/","og_locale":"pt_BR","og_type":"article","og_title":"Militares atiram em perna de homem armado na Vila Caquet\u00e1 - Agazeta.net","og_description":"Foi expulso de festa e voltou com espingarda","og_url":"https:\/\/nk7-testes.com.br\/agazeta\/militares-atiram-em-perna-de-homem-armado-na-vila-caqueta\/","og_site_name":"Agazeta.net","article_published_time":"2016-02-22T13:39:31+00:00","og_image":[{"width":458,"height":340,"url":"https:\/\/nk7-testes.com.br\/agazeta\/wp-content\/uploads\/2016\/02\/220216-policia-homemferido-cleriston.jpg","type":"image\/jpeg"}],"author":"Agazeta.Net","twitter_card":"summary_large_image","twitter_misc":{"Escrito por":"Agazeta.Net","Est. tempo de leitura":"1 minuto"},"schema":{"@context":"https:\/\/schema.org","@graph":[{"@type":"WebPage","@id":"https:\/\/nk7-testes.com.br\/agazeta\/militares-atiram-em-perna-de-homem-armado-na-vila-caqueta\/","url":"https:\/\/nk7-testes.com.br\/agazeta\/militares-atiram-em-perna-de-homem-armado-na-vila-caqueta\/","name":"Militares atiram em perna de homem armado na Vila Caquet\u00e1 - Agazeta.net","isPartOf":{"@id":"https:\/\/nk7-testes.com.br\/agazeta\/#website"},"primaryImageOfPage":{"@id":"https:\/\/nk7-testes.com.br\/agazeta\/militares-atiram-em-perna-de-homem-armado-na-vila-caqueta\/#primaryimage"},"image":{"@id":"https:\/\/nk7-testes.com.br\/agazeta\/militares-atiram-em-perna-de-homem-armado-na-vila-caqueta\/#primaryimage"},"thumbnailUrl":"https:\/\/nk7-testes.com.br\/agazeta\/wp-content\/uploads\/2016\/02\/220216-policia-homemferido-cleriston.jpg","datePublished":"2016-02-22T13:39:31+00:00","author":{"@id":"https:\/\/nk7-testes.com.br\/agazeta\/#\/schema\/person\/6d6e25cb0435eb4a02fd44d30b4e3020"},"breadcrumb":{"@id":"https:\/\/nk7-testes.com.br\/agazeta\/militares-atiram-em-perna-de-homem-armado-na-vila-caqueta\/#breadcrumb"},"inLanguage":"pt-BR","potentialAction":[{"@type":"ReadAction","target":["https:\/\/nk7-testes.com.br\/agazeta\/militares-atiram-em-perna-de-homem-armado-na-vila-caqueta\/"]}]},{"@type":"ImageObject","inLanguage":"pt-BR","@id":"https:\/\/nk7-testes.com.br\/agazeta\/militares-atiram-em-perna-de-homem-armado-na-vila-caqueta\/#primaryimage","url":"https:\/\/nk7-testes.com.br\/agazeta\/wp-content\/uploads\/2016\/02\/220216-policia-homemferido-cleriston.jpg","contentUrl":"https:\/\/nk7-testes.com.br\/agazeta\/wp-content\/uploads\/2016\/02\/220216-policia-homemferido-cleriston.jpg","width":458,"height":340,"caption":"220216-policia-homemferido-cleriston"},{"@type":"BreadcrumbList","@id":"https:\/\/nk7-testes.com.br\/agazeta\/militares-atiram-em-perna-de-homem-armado-na-vila-caqueta\/#breadcrumb","itemListElement":[{"@type":"ListItem","position":1,"name":"In\u00edcio","item":"https:\/\/nk7-testes.com.br\/agazeta\/"},{"@type":"ListItem","position":2,"name":"Militares atiram em perna de homem armado na Vila Caquet\u00e1"}]},{"@type":"WebSite","@id":"https:\/\/nk7-testes.com.br\/agazeta\/#website","url":"https:\/\/nk7-testes.com.br\/agazeta\/","name":"Agazeta.net","description":"Agazeta.net - Not\u00edcias de Rio Branco\/AC","potentialAction":[{"@type":"SearchAction","target":{"@type":"EntryPoint","urlTemplate":"https:\/\/nk7-testes.com.br\/agazeta\/?s={search_term_string}"},"query-input":{"@type":"PropertyValueSpecification","valueRequired":true,"valueName":"search_term_string"}}],"inLanguage":"pt-BR"},{"@type":"Person","@id":"https:\/\/nk7-testes.com.br\/agazeta\/#\/schema\/person\/6d6e25cb0435eb4a02fd44d30b4e3020","name":"Agazeta.Net","url":"https:\/\/nk7-testes.com.br\/agazeta\/author\/agazeta\/"}]}},"_links":{"self":[{"href":"https:\/\/nk7-testes.com.br\/agazeta\/wp-json\/wp\/v2\/posts\/21188","targetHints":{"allow":["GET"]}}],"collection":[{"href":"https:\/\/nk7-testes.com.br\/agazeta\/wp-json\/wp\/v2\/posts"}],"about":[{"href":"https:\/\/nk7-testes.com.br\/agazeta\/wp-json\/wp\/v2\/types\/post"}],"author":[{"embeddable":true,"href":"https:\/\/nk7-testes.com.br\/agazeta\/wp-json\/wp\/v2\/users\/4"}],"replies":[{"embeddable":true,"href":"https:\/\/nk7-testes.com.br\/agazeta\/wp-json\/wp\/v2\/comments?post=21188"}],"version-history":[{"count":0,"href":"https:\/\/nk7-testes.com.br\/agazeta\/wp-json\/wp\/v2\/posts\/21188\/revisions"}],"wp:featuredmedia":[{"embeddable":true,"href":"https:\/\/nk7-testes.com.br\/agazeta\/wp-json\/wp\/v2\/media\/21187"}],"wp:attachment":[{"href":"https:\/\/nk7-testes.com.br\/agazeta\/wp-json\/wp\/v2\/media?parent=21188"}],"wp:term":[{"taxonomy":"category","embeddable":true,"href":"https:\/\/nk7-testes.com.br\/agazeta\/wp-json\/wp\/v2\/categories?post=21188"},{"taxonomy":"post_tag","embeddable":true,"href":"https:\/\/nk7-testes.com.br\/agazeta\/wp-json\/wp\/v2\/tags?post=21188"}],"curies":[{"name":"wp","href":"https:\/\/api.w.org\/{rel}","templated":true}]}}