{"id":21170,"date":"2016-02-19T23:11:02","date_gmt":"2016-02-19T23:11:02","guid":{"rendered":"https:\/\/abarevegan.com.br\/index.php\/2016\/02\/19\/atraso-do-aluguel-social-expoe-exclusao-no-acre\/"},"modified":"2016-02-19T23:11:02","modified_gmt":"2016-02-19T23:11:02","slug":"atraso-do-aluguel-social-expoe-exclusao-no-acre","status":"publish","type":"post","link":"https:\/\/nk7-testes.com.br\/agazeta\/atraso-do-aluguel-social-expoe-exclusao-no-acre\/","title":{"rendered":"Atraso do aluguel social exp\u00f5e exclus\u00e3o no Acre"},"content":{"rendered":"<p style=\"text-align: justify;\">Dois eventos sobre o assunto marcaram a semana<\/p>\n<p style=\"text-align: justify;\">Nesta semana, dois casos vieram a p\u00fablico, mostrando os transtornos causados \u00e0s fam\u00edlias beneficiadas pelo aluguel social. Resultado de despejo e amea\u00e7as de propriet\u00e1rios de im\u00f3veis s\u00e3o alguns problemas que o poder p\u00fablico vai continuar enfrentando, at\u00e9 regularizar os pagamentos.<\/p>\n<p style=\"text-align: justify;\">Durante todo o dia, na \u00faltima quinta-feira (18), Vanessa Pereira manteve os 6 filhos debaixo de uma tenda, na entrada do Bairro Defesa Civil, em Rio Branco. Foi a forma que ela encontrou para chamar a aten\u00e7\u00e3o do poder p\u00fablico a um problema decorrente. A fam\u00edlia teria sido amea\u00e7ada mais uma vez de despejo, pelo dono do im\u00f3vel, que recebe do Estado, o aluguel social.<\/p>\n<p style=\"text-align: justify;\">Vanessa n\u00e3o se enquadra em programa habitacional porque possui um pequeno terreno no bairro. Mesmo com a aparente condi\u00e7\u00e3o favor\u00e1vel, ela n\u00e3o tem recursos para levantar uma casa.<\/p>\n<p style=\"text-align: justify;\">A moradia antiga foi isolada pela Defesa Civil e pouco tempo depois desmoronou. De t\u00e3o podres, as t\u00e1buas n\u00e3o resistiram.<\/p>\n<p style=\"text-align: justify;\">Os assistentes sociais do estado estiveram no local e se esfor\u00e7aram em convencer a mulher a procurar outro im\u00f3vel para alugar. Explicar que o poder p\u00fablico n\u00e3o pode construir no im\u00f3vel que Vanessa j\u00e1 possui, foi tarefa dif\u00edcil.<\/p>\n<p style=\"text-align: justify;\">\u201cPor ela ter terreno n\u00e3o se enquadra no Programa Minha Casa Minha Vida para receber uma habita\u00e7\u00e3o. O que pedimos \u00e9 que junto com ela procuremos um local para ela voltar ao aluguel social, at\u00e9 que a comunidade, n\u00f3s servidores, como pessoas, possamos ajud\u00e1-la a construir\u201d, disse o diretor de gest\u00e3o interna da Secretaria de Desenvolvimento Social, Ant\u00f4nio Crispim.<\/p>\n<p style=\"text-align: justify;\">Ap\u00f3s longas conversas, Vanessa decidiu procurar um novo local para alugar. Ela tamb\u00e9m iniciou uma campanha para conseguir o material para construir uma nova casa. \u201cO que puderem me ajudar \u00e9 bem vindo. Preciso de madeira. N\u00e3o tenho geladeira\u201d, disse.<\/p>\n<p style=\"text-align: justify;\">Esse n\u00e3o foi o primeiro conflito da semana, envolvendo o tema aluguel social. Na segunda-feira (15), antigos moradores do Conjunto Esperan\u00e7a bloquearam a Avenida Cear\u00e1. De um lado, manifestantes revoltados com o atraso de at\u00e9 cinco meses do aluguel social; de outro, motoristas furiosos em ter a passagem impedida. O protesto com duas horas de dura\u00e7\u00e3o foi marcado por xingamentos e momentos de tens\u00e3o.<\/p>\n<p style=\"text-align: justify;\">Segundo o presidente da associa\u00e7\u00e3o de moradores Arivaldo Mendes o protesto foi a \u00faltima investida das fam\u00edlias, cansadas de tantos constrangimentos. \u201cEssas pessoas sofrem in\u00fameros transtornos al\u00e9m dos constrangimentos. Perdem os im\u00f3veis com tantas mudan\u00e7as e despejos\u201d, explica.<\/p>\n<p style=\"text-align: justify;\">O aluguel social existe para abrigar fam\u00edlias pobres ou em situa\u00e7\u00e3o de mis\u00e9ria. Ele funciona como um importante aux\u00edlio para pessoas que vivem em \u00e1reas de risco ou que n\u00e3o possam pagar pelo aluguel. O benef\u00edcio \u00e9 pago pelas prefeituras e governo dos Estados, mas, em muitos casos, o Governo Federal \u00e9 que cobre as despesas.<\/p>\n<p style=\"text-align: justify;\">Com o pa\u00eds vivendo sua maior crise econ\u00f4mica e recentes cortes no or\u00e7amento, as perspectivas s\u00e3o preocupantes, para quem depende do aux\u00edlio. Segundo a assessoria de comunica\u00e7\u00e3o da prefeitura, n\u00e3o h\u00e1 atrasos no aluguel das fam\u00edlias abrigadas pelo munic\u00edpio.<\/p>\n<p style=\"text-align: justify;\">A Secretaria de Estado do Desenvolvimento Social (Seds) admite o atraso nos repasses do aluguel social, contudo n\u00e3o informa o valor, nem mesmo quando ser\u00e1 regularizado.<\/p>\n","protected":false},"excerpt":{"rendered":"<p style=\"text-align: justify;\">Dois eventos sobre o assunto marcaram a semana<\/p>\n","protected":false},"author":4,"featured_media":21169,"comment_status":"open","ping_status":"open","sticky":false,"template":"","format":"standard","meta":{"jnews-multi-image_gallery":[],"jnews_single_post":[],"jnews_primary_category":[],"jnews_social_meta":[],"jnews_review":[],"enable_review":"","type":"","name":"","summary":"","brand":"","sku":"","good":[],"bad":[],"score_override":"","override_value":"","rating":[],"price":[],"footnotes":""},"categories":[54],"tags":[],"class_list":["post-21170","post","type-post","status-publish","format-standard","has-post-thumbnail","hentry","category-cotidiano"],"yoast_head":"<!-- This site is optimized with the Yoast SEO plugin v26.5 - https:\/\/yoast.com\/wordpress\/plugins\/seo\/ -->\n<title>Atraso do aluguel social exp\u00f5e exclus\u00e3o no Acre - Agazeta.net<\/title>\n<meta name=\"robots\" content=\"index, follow, max-snippet:-1, max-image-preview:large, max-video-preview:-1\" \/>\n<link rel=\"canonical\" href=\"https:\/\/nk7-testes.com.br\/agazeta\/atraso-do-aluguel-social-expoe-exclusao-no-acre\/\" \/>\n<meta property=\"og:locale\" content=\"pt_BR\" \/>\n<meta property=\"og:type\" content=\"article\" \/>\n<meta property=\"og:title\" content=\"Atraso do aluguel social exp\u00f5e exclus\u00e3o no Acre - Agazeta.net\" \/>\n<meta property=\"og:description\" content=\"Dois eventos sobre o assunto marcaram a semana\" \/>\n<meta property=\"og:url\" content=\"https:\/\/nk7-testes.com.br\/agazeta\/atraso-do-aluguel-social-expoe-exclusao-no-acre\/\" \/>\n<meta property=\"og:site_name\" content=\"Agazeta.net\" \/>\n<meta property=\"article:published_time\" content=\"2016-02-19T23:11:02+00:00\" \/>\n<meta property=\"og:image\" content=\"https:\/\/nk7-testes.com.br\/agazeta\/wp-content\/uploads\/2016\/02\/190216-cotidiano-aluguelsocial-tvgazeta.jpg\" \/>\n\t<meta property=\"og:image:width\" content=\"458\" \/>\n\t<meta property=\"og:image:height\" content=\"340\" \/>\n\t<meta property=\"og:image:type\" content=\"image\/jpeg\" \/>\n<meta name=\"author\" content=\"Agazeta.Net\" \/>\n<meta name=\"twitter:card\" content=\"summary_large_image\" \/>\n<meta name=\"twitter:label1\" content=\"Escrito por\" \/>\n\t<meta name=\"twitter:data1\" content=\"Agazeta.Net\" \/>\n\t<meta name=\"twitter:label2\" content=\"Est. tempo de leitura\" \/>\n\t<meta name=\"twitter:data2\" content=\"3 minutos\" \/>\n<script type=\"application\/ld+json\" class=\"yoast-schema-graph\">{\"@context\":\"https:\/\/schema.org\",\"@graph\":[{\"@type\":\"WebPage\",\"@id\":\"https:\/\/nk7-testes.com.br\/agazeta\/atraso-do-aluguel-social-expoe-exclusao-no-acre\/\",\"url\":\"https:\/\/nk7-testes.com.br\/agazeta\/atraso-do-aluguel-social-expoe-exclusao-no-acre\/\",\"name\":\"Atraso do aluguel social exp\u00f5e exclus\u00e3o no Acre - Agazeta.net\",\"isPartOf\":{\"@id\":\"https:\/\/nk7-testes.com.br\/agazeta\/#website\"},\"primaryImageOfPage\":{\"@id\":\"https:\/\/nk7-testes.com.br\/agazeta\/atraso-do-aluguel-social-expoe-exclusao-no-acre\/#primaryimage\"},\"image\":{\"@id\":\"https:\/\/nk7-testes.com.br\/agazeta\/atraso-do-aluguel-social-expoe-exclusao-no-acre\/#primaryimage\"},\"thumbnailUrl\":\"https:\/\/nk7-testes.com.br\/agazeta\/wp-content\/uploads\/2016\/02\/190216-cotidiano-aluguelsocial-tvgazeta.jpg\",\"datePublished\":\"2016-02-19T23:11:02+00:00\",\"author\":{\"@id\":\"https:\/\/nk7-testes.com.br\/agazeta\/#\/schema\/person\/6d6e25cb0435eb4a02fd44d30b4e3020\"},\"breadcrumb\":{\"@id\":\"https:\/\/nk7-testes.com.br\/agazeta\/atraso-do-aluguel-social-expoe-exclusao-no-acre\/#breadcrumb\"},\"inLanguage\":\"pt-BR\",\"potentialAction\":[{\"@type\":\"ReadAction\",\"target\":[\"https:\/\/nk7-testes.com.br\/agazeta\/atraso-do-aluguel-social-expoe-exclusao-no-acre\/\"]}]},{\"@type\":\"ImageObject\",\"inLanguage\":\"pt-BR\",\"@id\":\"https:\/\/nk7-testes.com.br\/agazeta\/atraso-do-aluguel-social-expoe-exclusao-no-acre\/#primaryimage\",\"url\":\"https:\/\/nk7-testes.com.br\/agazeta\/wp-content\/uploads\/2016\/02\/190216-cotidiano-aluguelsocial-tvgazeta.jpg\",\"contentUrl\":\"https:\/\/nk7-testes.com.br\/agazeta\/wp-content\/uploads\/2016\/02\/190216-cotidiano-aluguelsocial-tvgazeta.jpg\",\"width\":458,\"height\":340,\"caption\":\"190216-cotidiano-aluguelsocial-tvgazeta\"},{\"@type\":\"BreadcrumbList\",\"@id\":\"https:\/\/nk7-testes.com.br\/agazeta\/atraso-do-aluguel-social-expoe-exclusao-no-acre\/#breadcrumb\",\"itemListElement\":[{\"@type\":\"ListItem\",\"position\":1,\"name\":\"In\u00edcio\",\"item\":\"https:\/\/nk7-testes.com.br\/agazeta\/\"},{\"@type\":\"ListItem\",\"position\":2,\"name\":\"Atraso do aluguel social exp\u00f5e exclus\u00e3o no Acre\"}]},{\"@type\":\"WebSite\",\"@id\":\"https:\/\/nk7-testes.com.br\/agazeta\/#website\",\"url\":\"https:\/\/nk7-testes.com.br\/agazeta\/\",\"name\":\"Agazeta.net\",\"description\":\"Agazeta.net - Not\u00edcias de Rio Branco\/AC\",\"potentialAction\":[{\"@type\":\"SearchAction\",\"target\":{\"@type\":\"EntryPoint\",\"urlTemplate\":\"https:\/\/nk7-testes.com.br\/agazeta\/?s={search_term_string}\"},\"query-input\":{\"@type\":\"PropertyValueSpecification\",\"valueRequired\":true,\"valueName\":\"search_term_string\"}}],\"inLanguage\":\"pt-BR\"},{\"@type\":\"Person\",\"@id\":\"https:\/\/nk7-testes.com.br\/agazeta\/#\/schema\/person\/6d6e25cb0435eb4a02fd44d30b4e3020\",\"name\":\"Agazeta.Net\",\"url\":\"https:\/\/nk7-testes.com.br\/agazeta\/author\/agazeta\/\"}]}<\/script>\n<!-- \/ Yoast SEO plugin. -->","yoast_head_json":{"title":"Atraso do aluguel social exp\u00f5e exclus\u00e3o no Acre - Agazeta.net","robots":{"index":"index","follow":"follow","max-snippet":"max-snippet:-1","max-image-preview":"max-image-preview:large","max-video-preview":"max-video-preview:-1"},"canonical":"https:\/\/nk7-testes.com.br\/agazeta\/atraso-do-aluguel-social-expoe-exclusao-no-acre\/","og_locale":"pt_BR","og_type":"article","og_title":"Atraso do aluguel social exp\u00f5e exclus\u00e3o no Acre - Agazeta.net","og_description":"Dois eventos sobre o assunto marcaram a semana","og_url":"https:\/\/nk7-testes.com.br\/agazeta\/atraso-do-aluguel-social-expoe-exclusao-no-acre\/","og_site_name":"Agazeta.net","article_published_time":"2016-02-19T23:11:02+00:00","og_image":[{"width":458,"height":340,"url":"https:\/\/nk7-testes.com.br\/agazeta\/wp-content\/uploads\/2016\/02\/190216-cotidiano-aluguelsocial-tvgazeta.jpg","type":"image\/jpeg"}],"author":"Agazeta.Net","twitter_card":"summary_large_image","twitter_misc":{"Escrito por":"Agazeta.Net","Est. tempo de leitura":"3 minutos"},"schema":{"@context":"https:\/\/schema.org","@graph":[{"@type":"WebPage","@id":"https:\/\/nk7-testes.com.br\/agazeta\/atraso-do-aluguel-social-expoe-exclusao-no-acre\/","url":"https:\/\/nk7-testes.com.br\/agazeta\/atraso-do-aluguel-social-expoe-exclusao-no-acre\/","name":"Atraso do aluguel social exp\u00f5e exclus\u00e3o no Acre - Agazeta.net","isPartOf":{"@id":"https:\/\/nk7-testes.com.br\/agazeta\/#website"},"primaryImageOfPage":{"@id":"https:\/\/nk7-testes.com.br\/agazeta\/atraso-do-aluguel-social-expoe-exclusao-no-acre\/#primaryimage"},"image":{"@id":"https:\/\/nk7-testes.com.br\/agazeta\/atraso-do-aluguel-social-expoe-exclusao-no-acre\/#primaryimage"},"thumbnailUrl":"https:\/\/nk7-testes.com.br\/agazeta\/wp-content\/uploads\/2016\/02\/190216-cotidiano-aluguelsocial-tvgazeta.jpg","datePublished":"2016-02-19T23:11:02+00:00","author":{"@id":"https:\/\/nk7-testes.com.br\/agazeta\/#\/schema\/person\/6d6e25cb0435eb4a02fd44d30b4e3020"},"breadcrumb":{"@id":"https:\/\/nk7-testes.com.br\/agazeta\/atraso-do-aluguel-social-expoe-exclusao-no-acre\/#breadcrumb"},"inLanguage":"pt-BR","potentialAction":[{"@type":"ReadAction","target":["https:\/\/nk7-testes.com.br\/agazeta\/atraso-do-aluguel-social-expoe-exclusao-no-acre\/"]}]},{"@type":"ImageObject","inLanguage":"pt-BR","@id":"https:\/\/nk7-testes.com.br\/agazeta\/atraso-do-aluguel-social-expoe-exclusao-no-acre\/#primaryimage","url":"https:\/\/nk7-testes.com.br\/agazeta\/wp-content\/uploads\/2016\/02\/190216-cotidiano-aluguelsocial-tvgazeta.jpg","contentUrl":"https:\/\/nk7-testes.com.br\/agazeta\/wp-content\/uploads\/2016\/02\/190216-cotidiano-aluguelsocial-tvgazeta.jpg","width":458,"height":340,"caption":"190216-cotidiano-aluguelsocial-tvgazeta"},{"@type":"BreadcrumbList","@id":"https:\/\/nk7-testes.com.br\/agazeta\/atraso-do-aluguel-social-expoe-exclusao-no-acre\/#breadcrumb","itemListElement":[{"@type":"ListItem","position":1,"name":"In\u00edcio","item":"https:\/\/nk7-testes.com.br\/agazeta\/"},{"@type":"ListItem","position":2,"name":"Atraso do aluguel social exp\u00f5e exclus\u00e3o no Acre"}]},{"@type":"WebSite","@id":"https:\/\/nk7-testes.com.br\/agazeta\/#website","url":"https:\/\/nk7-testes.com.br\/agazeta\/","name":"Agazeta.net","description":"Agazeta.net - Not\u00edcias de Rio Branco\/AC","potentialAction":[{"@type":"SearchAction","target":{"@type":"EntryPoint","urlTemplate":"https:\/\/nk7-testes.com.br\/agazeta\/?s={search_term_string}"},"query-input":{"@type":"PropertyValueSpecification","valueRequired":true,"valueName":"search_term_string"}}],"inLanguage":"pt-BR"},{"@type":"Person","@id":"https:\/\/nk7-testes.com.br\/agazeta\/#\/schema\/person\/6d6e25cb0435eb4a02fd44d30b4e3020","name":"Agazeta.Net","url":"https:\/\/nk7-testes.com.br\/agazeta\/author\/agazeta\/"}]}},"_links":{"self":[{"href":"https:\/\/nk7-testes.com.br\/agazeta\/wp-json\/wp\/v2\/posts\/21170","targetHints":{"allow":["GET"]}}],"collection":[{"href":"https:\/\/nk7-testes.com.br\/agazeta\/wp-json\/wp\/v2\/posts"}],"about":[{"href":"https:\/\/nk7-testes.com.br\/agazeta\/wp-json\/wp\/v2\/types\/post"}],"author":[{"embeddable":true,"href":"https:\/\/nk7-testes.com.br\/agazeta\/wp-json\/wp\/v2\/users\/4"}],"replies":[{"embeddable":true,"href":"https:\/\/nk7-testes.com.br\/agazeta\/wp-json\/wp\/v2\/comments?post=21170"}],"version-history":[{"count":0,"href":"https:\/\/nk7-testes.com.br\/agazeta\/wp-json\/wp\/v2\/posts\/21170\/revisions"}],"wp:featuredmedia":[{"embeddable":true,"href":"https:\/\/nk7-testes.com.br\/agazeta\/wp-json\/wp\/v2\/media\/21169"}],"wp:attachment":[{"href":"https:\/\/nk7-testes.com.br\/agazeta\/wp-json\/wp\/v2\/media?parent=21170"}],"wp:term":[{"taxonomy":"category","embeddable":true,"href":"https:\/\/nk7-testes.com.br\/agazeta\/wp-json\/wp\/v2\/categories?post=21170"},{"taxonomy":"post_tag","embeddable":true,"href":"https:\/\/nk7-testes.com.br\/agazeta\/wp-json\/wp\/v2\/tags?post=21170"}],"curies":[{"name":"wp","href":"https:\/\/api.w.org\/{rel}","templated":true}]}}