{"id":21155,"date":"2016-02-18T20:50:02","date_gmt":"2016-02-18T20:50:02","guid":{"rendered":"https:\/\/abarevegan.com.br\/index.php\/2016\/02\/18\/vereadora-denuncia-problemas-em-escolas-publicas\/"},"modified":"2016-02-18T20:50:02","modified_gmt":"2016-02-18T20:50:02","slug":"vereadora-denuncia-problemas-em-escolas-publicas","status":"publish","type":"post","link":"https:\/\/nk7-testes.com.br\/agazeta\/vereadora-denuncia-problemas-em-escolas-publicas\/","title":{"rendered":"Vereadora denuncia problemas em escolas p\u00fablicas"},"content":{"rendered":"<p style=\"text-align: justify;\">Goteiras e telhados caindo s\u00e3o alguns dos problemas<\/p>\n<p style=\"text-align: justify;\">A vereadora Lene Petec\u00e3o voltou a apresentar relat\u00f3rio apontando o p\u00e9ssimo estado das escolas de Rio Branco. No ano passado a parlamentar entregou a mesa diretora da c\u00e2mara uma lista com 10 unidades que precisavam de reforma urgente. Nessa quinta-feira (18), o segundo relat\u00f3rio trazia mais 8 escolas que precisam de interven\u00e7\u00f5es urgentes.<\/p>\n<p style=\"text-align: justify;\">A principal delas fica no bairro Tancredo Neves. Na entrada da escola Ismael Gomes de Carvalho, tudo parece perfeito. O jardim constru\u00eddo com dinheiro dos funcion\u00e1rios e alunos disfar\u00e7a a precariedade do pr\u00e9dio.<\/p>\n<p style=\"text-align: justify;\">Ao entrar nas depend\u00eancias da escola logo se nota que a unidade precisa de uma reforma urgente. Na entrada uma rachadura compromete a parede de uma sala de aula. Na secretaria, a infiltra\u00e7\u00e3o est\u00e1 arrancando o reboco. As funcion\u00e1rias colocaram uma manta de TNT para disfar\u00e7ar e reduzir o odor do mofo.<\/p>\n<p style=\"text-align: justify;\">O telhado est\u00e1 caindo, cheio de goteiras. As colunas e lumin\u00e1rias quebradas mostram a import\u00e2ncia que a Secretaria de Educa\u00e7\u00e3o da capital d\u00e1 para a escola. A torneira do bebedouro est\u00e1 segura com uma luva cir\u00fargica. Os moradores j\u00e1 fizeram um abaixo assinado pedindo a reforma. A espera continua.<\/p>\n<p style=\"text-align: justify;\">A escola Ismael Gomes encabe\u00e7a a lista do relat\u00f3rio entregue \u00e0 mesa diretora da c\u00e2mara. A vereadora Lene Petec\u00e3o, mostra com fotos os detalhes dos problemas vividos pelos alunos, professores e funcion\u00e1rios das escolas. \u201cO prefeito precisa definir qual \u00e9 a prioridade do seu governo. A educa\u00e7\u00e3o precisa ser mais bem cuidada. Os alunos merecem um lugar digno para frequentarem. N\u00e3o d\u00e1 para sacrificar as crian\u00e7as com locais insalubres\u201d, reclamou.<\/p>\n<p style=\"text-align: justify;\">Quando foi apresentado o primeiro relat\u00f3rio no ano passado, o presidente da comiss\u00e3o de educa\u00e7\u00e3o, vereador Roger Correia, que \u00e9 professor, disse que faria uma visita nas escolas e entregaria um documento ao prefeito. N\u00e3o fez. Agora existem mais 8 para ele fiscalizar.<\/p>\n<p style=\"text-align: justify;\">Na rela\u00e7\u00e3o desse segundo relat\u00f3rio est\u00e3o as escolas: Valdiva de Castro dos Santos, no bairro Universit\u00e1rio; Padre Peregrino, Tucum\u00e3; Anita dos Santos, Belo Jardim I; Bom Jesus, no Taquari; Maria Lucia Moura, Morada do Sol; Luiza Carneiro Dantas, S\u00e3o Francisco e as creches: Jairo J\u00fanior no bairro Tancredo Neves e Gumercindo Bessa no Universit\u00e1rio.<\/p>\n<p style=\"text-align: justify;\">O l\u00edder do prefeito, vereador Gabriel Forneck, informou que a Secretaria de Educa\u00e7\u00e3o j\u00e1 mapeou as 96 escolas do munic\u00edpio e vai priorizar as que apresentarem uma situa\u00e7\u00e3o mais cr\u00edtica. \u201cA prefeitura sabe desses problemas e vai tentar resolver. O problema \u00e9 a crise que o pa\u00eds est\u00e1 passando. O munic\u00edpio s\u00f3 recebe recursos para construir escolas, o Minist\u00e9rio n\u00e3o envia para a reforma. A prefeitura tem poucos recursos pr\u00f3prios\u201d, alegou.<\/p>\n","protected":false},"excerpt":{"rendered":"<p style=\"text-align: justify;\">Goteiras e telhados caindo s\u00e3o alguns dos problemas<\/p>\n","protected":false},"author":4,"featured_media":21154,"comment_status":"open","ping_status":"open","sticky":false,"template":"","format":"standard","meta":{"jnews-multi-image_gallery":[],"jnews_single_post":[],"jnews_primary_category":[],"jnews_social_meta":[],"jnews_review":[],"enable_review":"","type":"","name":"","summary":"","brand":"","sku":"","good":[],"bad":[],"score_override":"","override_value":"","rating":[],"price":[],"footnotes":""},"categories":[54],"tags":[],"class_list":["post-21155","post","type-post","status-publish","format-standard","has-post-thumbnail","hentry","category-cotidiano"],"yoast_head":"<!-- This site is optimized with the Yoast SEO plugin v26.5 - https:\/\/yoast.com\/wordpress\/plugins\/seo\/ -->\n<title>Vereadora denuncia problemas em escolas p\u00fablicas - Agazeta.net<\/title>\n<meta name=\"robots\" content=\"index, follow, max-snippet:-1, max-image-preview:large, max-video-preview:-1\" \/>\n<link rel=\"canonical\" href=\"https:\/\/nk7-testes.com.br\/agazeta\/vereadora-denuncia-problemas-em-escolas-publicas\/\" \/>\n<meta property=\"og:locale\" content=\"pt_BR\" \/>\n<meta property=\"og:type\" content=\"article\" \/>\n<meta property=\"og:title\" content=\"Vereadora denuncia problemas em escolas p\u00fablicas - Agazeta.net\" \/>\n<meta property=\"og:description\" content=\"Goteiras e telhados caindo s\u00e3o alguns dos problemas\" \/>\n<meta property=\"og:url\" content=\"https:\/\/nk7-testes.com.br\/agazeta\/vereadora-denuncia-problemas-em-escolas-publicas\/\" \/>\n<meta property=\"og:site_name\" content=\"Agazeta.net\" \/>\n<meta property=\"article:published_time\" content=\"2016-02-18T20:50:02+00:00\" \/>\n<meta property=\"og:image\" content=\"https:\/\/nk7-testes.com.br\/agazeta\/wp-content\/uploads\/2016\/02\/18216-cotidiano-escolas-problemas.jpg\" \/>\n\t<meta property=\"og:image:width\" content=\"458\" \/>\n\t<meta property=\"og:image:height\" content=\"340\" \/>\n\t<meta property=\"og:image:type\" content=\"image\/jpeg\" \/>\n<meta name=\"author\" content=\"Agazeta.Net\" \/>\n<meta name=\"twitter:card\" content=\"summary_large_image\" \/>\n<meta name=\"twitter:label1\" content=\"Escrito por\" \/>\n\t<meta name=\"twitter:data1\" content=\"Agazeta.Net\" \/>\n\t<meta name=\"twitter:label2\" content=\"Est. tempo de leitura\" \/>\n\t<meta name=\"twitter:data2\" content=\"2 minutos\" \/>\n<script type=\"application\/ld+json\" class=\"yoast-schema-graph\">{\"@context\":\"https:\/\/schema.org\",\"@graph\":[{\"@type\":\"WebPage\",\"@id\":\"https:\/\/nk7-testes.com.br\/agazeta\/vereadora-denuncia-problemas-em-escolas-publicas\/\",\"url\":\"https:\/\/nk7-testes.com.br\/agazeta\/vereadora-denuncia-problemas-em-escolas-publicas\/\",\"name\":\"Vereadora denuncia problemas em escolas p\u00fablicas - Agazeta.net\",\"isPartOf\":{\"@id\":\"https:\/\/nk7-testes.com.br\/agazeta\/#website\"},\"primaryImageOfPage\":{\"@id\":\"https:\/\/nk7-testes.com.br\/agazeta\/vereadora-denuncia-problemas-em-escolas-publicas\/#primaryimage\"},\"image\":{\"@id\":\"https:\/\/nk7-testes.com.br\/agazeta\/vereadora-denuncia-problemas-em-escolas-publicas\/#primaryimage\"},\"thumbnailUrl\":\"https:\/\/nk7-testes.com.br\/agazeta\/wp-content\/uploads\/2016\/02\/18216-cotidiano-escolas-problemas.jpg\",\"datePublished\":\"2016-02-18T20:50:02+00:00\",\"author\":{\"@id\":\"https:\/\/nk7-testes.com.br\/agazeta\/#\/schema\/person\/6d6e25cb0435eb4a02fd44d30b4e3020\"},\"breadcrumb\":{\"@id\":\"https:\/\/nk7-testes.com.br\/agazeta\/vereadora-denuncia-problemas-em-escolas-publicas\/#breadcrumb\"},\"inLanguage\":\"pt-BR\",\"potentialAction\":[{\"@type\":\"ReadAction\",\"target\":[\"https:\/\/nk7-testes.com.br\/agazeta\/vereadora-denuncia-problemas-em-escolas-publicas\/\"]}]},{\"@type\":\"ImageObject\",\"inLanguage\":\"pt-BR\",\"@id\":\"https:\/\/nk7-testes.com.br\/agazeta\/vereadora-denuncia-problemas-em-escolas-publicas\/#primaryimage\",\"url\":\"https:\/\/nk7-testes.com.br\/agazeta\/wp-content\/uploads\/2016\/02\/18216-cotidiano-escolas-problemas.jpg\",\"contentUrl\":\"https:\/\/nk7-testes.com.br\/agazeta\/wp-content\/uploads\/2016\/02\/18216-cotidiano-escolas-problemas.jpg\",\"width\":458,\"height\":340,\"caption\":\"18216-cotidiano-escolas-problemas\"},{\"@type\":\"BreadcrumbList\",\"@id\":\"https:\/\/nk7-testes.com.br\/agazeta\/vereadora-denuncia-problemas-em-escolas-publicas\/#breadcrumb\",\"itemListElement\":[{\"@type\":\"ListItem\",\"position\":1,\"name\":\"In\u00edcio\",\"item\":\"https:\/\/nk7-testes.com.br\/agazeta\/\"},{\"@type\":\"ListItem\",\"position\":2,\"name\":\"Vereadora denuncia problemas em escolas p\u00fablicas\"}]},{\"@type\":\"WebSite\",\"@id\":\"https:\/\/nk7-testes.com.br\/agazeta\/#website\",\"url\":\"https:\/\/nk7-testes.com.br\/agazeta\/\",\"name\":\"Agazeta.net\",\"description\":\"Agazeta.net - Not\u00edcias de Rio Branco\/AC\",\"potentialAction\":[{\"@type\":\"SearchAction\",\"target\":{\"@type\":\"EntryPoint\",\"urlTemplate\":\"https:\/\/nk7-testes.com.br\/agazeta\/?s={search_term_string}\"},\"query-input\":{\"@type\":\"PropertyValueSpecification\",\"valueRequired\":true,\"valueName\":\"search_term_string\"}}],\"inLanguage\":\"pt-BR\"},{\"@type\":\"Person\",\"@id\":\"https:\/\/nk7-testes.com.br\/agazeta\/#\/schema\/person\/6d6e25cb0435eb4a02fd44d30b4e3020\",\"name\":\"Agazeta.Net\",\"url\":\"https:\/\/nk7-testes.com.br\/agazeta\/author\/agazeta\/\"}]}<\/script>\n<!-- \/ Yoast SEO plugin. -->","yoast_head_json":{"title":"Vereadora denuncia problemas em escolas p\u00fablicas - Agazeta.net","robots":{"index":"index","follow":"follow","max-snippet":"max-snippet:-1","max-image-preview":"max-image-preview:large","max-video-preview":"max-video-preview:-1"},"canonical":"https:\/\/nk7-testes.com.br\/agazeta\/vereadora-denuncia-problemas-em-escolas-publicas\/","og_locale":"pt_BR","og_type":"article","og_title":"Vereadora denuncia problemas em escolas p\u00fablicas - Agazeta.net","og_description":"Goteiras e telhados caindo s\u00e3o alguns dos problemas","og_url":"https:\/\/nk7-testes.com.br\/agazeta\/vereadora-denuncia-problemas-em-escolas-publicas\/","og_site_name":"Agazeta.net","article_published_time":"2016-02-18T20:50:02+00:00","og_image":[{"width":458,"height":340,"url":"https:\/\/nk7-testes.com.br\/agazeta\/wp-content\/uploads\/2016\/02\/18216-cotidiano-escolas-problemas.jpg","type":"image\/jpeg"}],"author":"Agazeta.Net","twitter_card":"summary_large_image","twitter_misc":{"Escrito por":"Agazeta.Net","Est. tempo de leitura":"2 minutos"},"schema":{"@context":"https:\/\/schema.org","@graph":[{"@type":"WebPage","@id":"https:\/\/nk7-testes.com.br\/agazeta\/vereadora-denuncia-problemas-em-escolas-publicas\/","url":"https:\/\/nk7-testes.com.br\/agazeta\/vereadora-denuncia-problemas-em-escolas-publicas\/","name":"Vereadora denuncia problemas em escolas p\u00fablicas - Agazeta.net","isPartOf":{"@id":"https:\/\/nk7-testes.com.br\/agazeta\/#website"},"primaryImageOfPage":{"@id":"https:\/\/nk7-testes.com.br\/agazeta\/vereadora-denuncia-problemas-em-escolas-publicas\/#primaryimage"},"image":{"@id":"https:\/\/nk7-testes.com.br\/agazeta\/vereadora-denuncia-problemas-em-escolas-publicas\/#primaryimage"},"thumbnailUrl":"https:\/\/nk7-testes.com.br\/agazeta\/wp-content\/uploads\/2016\/02\/18216-cotidiano-escolas-problemas.jpg","datePublished":"2016-02-18T20:50:02+00:00","author":{"@id":"https:\/\/nk7-testes.com.br\/agazeta\/#\/schema\/person\/6d6e25cb0435eb4a02fd44d30b4e3020"},"breadcrumb":{"@id":"https:\/\/nk7-testes.com.br\/agazeta\/vereadora-denuncia-problemas-em-escolas-publicas\/#breadcrumb"},"inLanguage":"pt-BR","potentialAction":[{"@type":"ReadAction","target":["https:\/\/nk7-testes.com.br\/agazeta\/vereadora-denuncia-problemas-em-escolas-publicas\/"]}]},{"@type":"ImageObject","inLanguage":"pt-BR","@id":"https:\/\/nk7-testes.com.br\/agazeta\/vereadora-denuncia-problemas-em-escolas-publicas\/#primaryimage","url":"https:\/\/nk7-testes.com.br\/agazeta\/wp-content\/uploads\/2016\/02\/18216-cotidiano-escolas-problemas.jpg","contentUrl":"https:\/\/nk7-testes.com.br\/agazeta\/wp-content\/uploads\/2016\/02\/18216-cotidiano-escolas-problemas.jpg","width":458,"height":340,"caption":"18216-cotidiano-escolas-problemas"},{"@type":"BreadcrumbList","@id":"https:\/\/nk7-testes.com.br\/agazeta\/vereadora-denuncia-problemas-em-escolas-publicas\/#breadcrumb","itemListElement":[{"@type":"ListItem","position":1,"name":"In\u00edcio","item":"https:\/\/nk7-testes.com.br\/agazeta\/"},{"@type":"ListItem","position":2,"name":"Vereadora denuncia problemas em escolas p\u00fablicas"}]},{"@type":"WebSite","@id":"https:\/\/nk7-testes.com.br\/agazeta\/#website","url":"https:\/\/nk7-testes.com.br\/agazeta\/","name":"Agazeta.net","description":"Agazeta.net - Not\u00edcias de Rio Branco\/AC","potentialAction":[{"@type":"SearchAction","target":{"@type":"EntryPoint","urlTemplate":"https:\/\/nk7-testes.com.br\/agazeta\/?s={search_term_string}"},"query-input":{"@type":"PropertyValueSpecification","valueRequired":true,"valueName":"search_term_string"}}],"inLanguage":"pt-BR"},{"@type":"Person","@id":"https:\/\/nk7-testes.com.br\/agazeta\/#\/schema\/person\/6d6e25cb0435eb4a02fd44d30b4e3020","name":"Agazeta.Net","url":"https:\/\/nk7-testes.com.br\/agazeta\/author\/agazeta\/"}]}},"_links":{"self":[{"href":"https:\/\/nk7-testes.com.br\/agazeta\/wp-json\/wp\/v2\/posts\/21155","targetHints":{"allow":["GET"]}}],"collection":[{"href":"https:\/\/nk7-testes.com.br\/agazeta\/wp-json\/wp\/v2\/posts"}],"about":[{"href":"https:\/\/nk7-testes.com.br\/agazeta\/wp-json\/wp\/v2\/types\/post"}],"author":[{"embeddable":true,"href":"https:\/\/nk7-testes.com.br\/agazeta\/wp-json\/wp\/v2\/users\/4"}],"replies":[{"embeddable":true,"href":"https:\/\/nk7-testes.com.br\/agazeta\/wp-json\/wp\/v2\/comments?post=21155"}],"version-history":[{"count":0,"href":"https:\/\/nk7-testes.com.br\/agazeta\/wp-json\/wp\/v2\/posts\/21155\/revisions"}],"wp:featuredmedia":[{"embeddable":true,"href":"https:\/\/nk7-testes.com.br\/agazeta\/wp-json\/wp\/v2\/media\/21154"}],"wp:attachment":[{"href":"https:\/\/nk7-testes.com.br\/agazeta\/wp-json\/wp\/v2\/media?parent=21155"}],"wp:term":[{"taxonomy":"category","embeddable":true,"href":"https:\/\/nk7-testes.com.br\/agazeta\/wp-json\/wp\/v2\/categories?post=21155"},{"taxonomy":"post_tag","embeddable":true,"href":"https:\/\/nk7-testes.com.br\/agazeta\/wp-json\/wp\/v2\/tags?post=21155"}],"curies":[{"name":"wp","href":"https:\/\/api.w.org\/{rel}","templated":true}]}}