{"id":21149,"date":"2016-02-18T19:11:36","date_gmt":"2016-02-18T19:11:36","guid":{"rendered":"https:\/\/abarevegan.com.br\/index.php\/2016\/02\/18\/populacao-promove-carreta-em-brasileia\/"},"modified":"2016-02-18T19:11:36","modified_gmt":"2016-02-18T19:11:36","slug":"populacao-promove-carreta-em-brasileia","status":"publish","type":"post","link":"https:\/\/nk7-testes.com.br\/agazeta\/populacao-promove-carreta-em-brasileia\/","title":{"rendered":"Popula\u00e7\u00e3o promove carreata em Brasil\u00e9ia"},"content":{"rendered":"<p style=\"text-align: justify;\">Protesto foi contra problemas nas ruas do munic\u00edpio<\/p>\n<p style=\"text-align: justify;\">A carreata programa pelos empres\u00e1rios que tem com\u00e9rcios na Avenida Manoel Marinho Monte, extens\u00e3o da BR-317 localizada na parte alta da cidade de Brasil\u00e9ia, foi realizada nesta quinta-feira (18).<\/p>\n<p style=\"text-align: justify;\">Centenas de ve\u00edculos entre carros e motos, trafegaram pelas principais ruas e avenidas da cidade, com o objetivo de chamar a aten\u00e7\u00e3o das autoridades competentes para as condi\u00e7\u00f5es em que se encontram \u00e0s ruas do munic\u00edpio. \u201cN\u00e3o podemos mais deixar como est\u00e1, chegamos ao limite e queremos uma solu\u00e7\u00e3o de quem quer que seja. Estamos cansados de promessas desde a esfera federal e esse foi apenas o in\u00edcio\u201d, disse um dos organizadores que n\u00e3o se identificou.<\/p>\n<p style=\"text-align: justify;\">Est\u00e1 previsto para o dia 23, pr\u00f3xima ter\u00e7a-feira, um bloqueio da BR-317, sentido Brasil\u00e9ia\/Assis Brasil, onde carretas de combust\u00edvel que abastecem a Bol\u00edvia, ser\u00e3o impedidas de passar e chegar em seu destino final. Caso aconte\u00e7a, a cidade de Cobija, capital de Pando\/Bol\u00edvia, poder\u00e1 sofrer um apag\u00e3o de energia, j\u00e1 que precisa de diesel para as termoel\u00e9tricas.<\/p>\n<p style=\"text-align: justify;\">Uma reuni\u00e3o aconteceu no final desta quart-feira (16), que se estendeu at\u00e9 a noite no gabinete do prefeito de Brasil\u00e9ia, Everaldo Gomes, onde foi exposto as reinvindica\u00e7\u00f5es e motivos do movimento ao gestor. Uma planilha foi exibida aos presentes e ficou acordado que haver\u00e1 outros encontros para que possam chegar a uma solu\u00e7\u00e3o mais r\u00e1pida poss\u00edvel.<\/p>\n<p style=\"text-align: justify;\">Tamb\u00e9m foi dito por parte da organiza\u00e7\u00e3o que, esse movimento \u00e9 independente, sem qualquer interfer\u00eancia de pol\u00edticos, uma vez que muitos tiveram sua oportunidade em rela\u00e7\u00e3o \u00e0 Avenida, que \u00e9 uma das principais vias empresariais da cidade que geram empregos e impostos ao Munic\u00edpio e Estado.<\/p>\n","protected":false},"excerpt":{"rendered":"<p style=\"text-align: justify;\">Protesto foi contra problemas nas ruas do munic\u00edpio<\/p>\n","protected":false},"author":4,"featured_media":21148,"comment_status":"open","ping_status":"open","sticky":false,"template":"","format":"standard","meta":{"jnews-multi-image_gallery":[],"jnews_single_post":[],"jnews_primary_category":[],"jnews_social_meta":[],"jnews_review":[],"enable_review":"","type":"","name":"","summary":"","brand":"","sku":"","good":[],"bad":[],"score_override":"","override_value":"","rating":[],"price":[],"footnotes":""},"categories":[54],"tags":[],"class_list":["post-21149","post","type-post","status-publish","format-standard","has-post-thumbnail","hentry","category-cotidiano"],"yoast_head":"<!-- This site is optimized with the Yoast SEO plugin v26.5 - https:\/\/yoast.com\/wordpress\/plugins\/seo\/ -->\n<title>Popula\u00e7\u00e3o promove carreata em Brasil\u00e9ia - Agazeta.net<\/title>\n<meta name=\"robots\" content=\"index, follow, max-snippet:-1, max-image-preview:large, max-video-preview:-1\" \/>\n<link rel=\"canonical\" href=\"https:\/\/nk7-testes.com.br\/agazeta\/populacao-promove-carreta-em-brasileia\/\" \/>\n<meta property=\"og:locale\" content=\"pt_BR\" \/>\n<meta property=\"og:type\" content=\"article\" \/>\n<meta property=\"og:title\" content=\"Popula\u00e7\u00e3o promove carreata em Brasil\u00e9ia - Agazeta.net\" \/>\n<meta property=\"og:description\" content=\"Protesto foi contra problemas nas ruas do munic\u00edpio\" \/>\n<meta property=\"og:url\" content=\"https:\/\/nk7-testes.com.br\/agazeta\/populacao-promove-carreta-em-brasileia\/\" \/>\n<meta property=\"og:site_name\" content=\"Agazeta.net\" \/>\n<meta property=\"article:published_time\" content=\"2016-02-18T19:11:36+00:00\" \/>\n<meta property=\"og:image\" content=\"https:\/\/nk7-testes.com.br\/agazeta\/wp-content\/uploads\/2016\/02\/180216-cotidiano-carreta.jpg\" \/>\n\t<meta property=\"og:image:width\" content=\"458\" \/>\n\t<meta property=\"og:image:height\" content=\"340\" \/>\n\t<meta property=\"og:image:type\" content=\"image\/jpeg\" \/>\n<meta name=\"author\" content=\"Agazeta.Net\" \/>\n<meta name=\"twitter:card\" content=\"summary_large_image\" \/>\n<meta name=\"twitter:label1\" content=\"Escrito por\" \/>\n\t<meta name=\"twitter:data1\" content=\"Agazeta.Net\" \/>\n\t<meta name=\"twitter:label2\" content=\"Est. tempo de leitura\" \/>\n\t<meta name=\"twitter:data2\" content=\"2 minutos\" \/>\n<script type=\"application\/ld+json\" class=\"yoast-schema-graph\">{\"@context\":\"https:\/\/schema.org\",\"@graph\":[{\"@type\":\"WebPage\",\"@id\":\"https:\/\/nk7-testes.com.br\/agazeta\/populacao-promove-carreta-em-brasileia\/\",\"url\":\"https:\/\/nk7-testes.com.br\/agazeta\/populacao-promove-carreta-em-brasileia\/\",\"name\":\"Popula\u00e7\u00e3o promove carreata em Brasil\u00e9ia - Agazeta.net\",\"isPartOf\":{\"@id\":\"https:\/\/nk7-testes.com.br\/agazeta\/#website\"},\"primaryImageOfPage\":{\"@id\":\"https:\/\/nk7-testes.com.br\/agazeta\/populacao-promove-carreta-em-brasileia\/#primaryimage\"},\"image\":{\"@id\":\"https:\/\/nk7-testes.com.br\/agazeta\/populacao-promove-carreta-em-brasileia\/#primaryimage\"},\"thumbnailUrl\":\"https:\/\/nk7-testes.com.br\/agazeta\/wp-content\/uploads\/2016\/02\/180216-cotidiano-carreta.jpg\",\"datePublished\":\"2016-02-18T19:11:36+00:00\",\"author\":{\"@id\":\"https:\/\/nk7-testes.com.br\/agazeta\/#\/schema\/person\/6d6e25cb0435eb4a02fd44d30b4e3020\"},\"breadcrumb\":{\"@id\":\"https:\/\/nk7-testes.com.br\/agazeta\/populacao-promove-carreta-em-brasileia\/#breadcrumb\"},\"inLanguage\":\"pt-BR\",\"potentialAction\":[{\"@type\":\"ReadAction\",\"target\":[\"https:\/\/nk7-testes.com.br\/agazeta\/populacao-promove-carreta-em-brasileia\/\"]}]},{\"@type\":\"ImageObject\",\"inLanguage\":\"pt-BR\",\"@id\":\"https:\/\/nk7-testes.com.br\/agazeta\/populacao-promove-carreta-em-brasileia\/#primaryimage\",\"url\":\"https:\/\/nk7-testes.com.br\/agazeta\/wp-content\/uploads\/2016\/02\/180216-cotidiano-carreta.jpg\",\"contentUrl\":\"https:\/\/nk7-testes.com.br\/agazeta\/wp-content\/uploads\/2016\/02\/180216-cotidiano-carreta.jpg\",\"width\":458,\"height\":340,\"caption\":\"180216-cotidiano-carreta\"},{\"@type\":\"BreadcrumbList\",\"@id\":\"https:\/\/nk7-testes.com.br\/agazeta\/populacao-promove-carreta-em-brasileia\/#breadcrumb\",\"itemListElement\":[{\"@type\":\"ListItem\",\"position\":1,\"name\":\"In\u00edcio\",\"item\":\"https:\/\/nk7-testes.com.br\/agazeta\/\"},{\"@type\":\"ListItem\",\"position\":2,\"name\":\"Popula\u00e7\u00e3o promove carreata em Brasil\u00e9ia\"}]},{\"@type\":\"WebSite\",\"@id\":\"https:\/\/nk7-testes.com.br\/agazeta\/#website\",\"url\":\"https:\/\/nk7-testes.com.br\/agazeta\/\",\"name\":\"Agazeta.net\",\"description\":\"Agazeta.net - Not\u00edcias de Rio Branco\/AC\",\"potentialAction\":[{\"@type\":\"SearchAction\",\"target\":{\"@type\":\"EntryPoint\",\"urlTemplate\":\"https:\/\/nk7-testes.com.br\/agazeta\/?s={search_term_string}\"},\"query-input\":{\"@type\":\"PropertyValueSpecification\",\"valueRequired\":true,\"valueName\":\"search_term_string\"}}],\"inLanguage\":\"pt-BR\"},{\"@type\":\"Person\",\"@id\":\"https:\/\/nk7-testes.com.br\/agazeta\/#\/schema\/person\/6d6e25cb0435eb4a02fd44d30b4e3020\",\"name\":\"Agazeta.Net\",\"url\":\"https:\/\/nk7-testes.com.br\/agazeta\/author\/agazeta\/\"}]}<\/script>\n<!-- \/ Yoast SEO plugin. -->","yoast_head_json":{"title":"Popula\u00e7\u00e3o promove carreata em Brasil\u00e9ia - Agazeta.net","robots":{"index":"index","follow":"follow","max-snippet":"max-snippet:-1","max-image-preview":"max-image-preview:large","max-video-preview":"max-video-preview:-1"},"canonical":"https:\/\/nk7-testes.com.br\/agazeta\/populacao-promove-carreta-em-brasileia\/","og_locale":"pt_BR","og_type":"article","og_title":"Popula\u00e7\u00e3o promove carreata em Brasil\u00e9ia - Agazeta.net","og_description":"Protesto foi contra problemas nas ruas do munic\u00edpio","og_url":"https:\/\/nk7-testes.com.br\/agazeta\/populacao-promove-carreta-em-brasileia\/","og_site_name":"Agazeta.net","article_published_time":"2016-02-18T19:11:36+00:00","og_image":[{"width":458,"height":340,"url":"https:\/\/nk7-testes.com.br\/agazeta\/wp-content\/uploads\/2016\/02\/180216-cotidiano-carreta.jpg","type":"image\/jpeg"}],"author":"Agazeta.Net","twitter_card":"summary_large_image","twitter_misc":{"Escrito por":"Agazeta.Net","Est. tempo de leitura":"2 minutos"},"schema":{"@context":"https:\/\/schema.org","@graph":[{"@type":"WebPage","@id":"https:\/\/nk7-testes.com.br\/agazeta\/populacao-promove-carreta-em-brasileia\/","url":"https:\/\/nk7-testes.com.br\/agazeta\/populacao-promove-carreta-em-brasileia\/","name":"Popula\u00e7\u00e3o promove carreata em Brasil\u00e9ia - Agazeta.net","isPartOf":{"@id":"https:\/\/nk7-testes.com.br\/agazeta\/#website"},"primaryImageOfPage":{"@id":"https:\/\/nk7-testes.com.br\/agazeta\/populacao-promove-carreta-em-brasileia\/#primaryimage"},"image":{"@id":"https:\/\/nk7-testes.com.br\/agazeta\/populacao-promove-carreta-em-brasileia\/#primaryimage"},"thumbnailUrl":"https:\/\/nk7-testes.com.br\/agazeta\/wp-content\/uploads\/2016\/02\/180216-cotidiano-carreta.jpg","datePublished":"2016-02-18T19:11:36+00:00","author":{"@id":"https:\/\/nk7-testes.com.br\/agazeta\/#\/schema\/person\/6d6e25cb0435eb4a02fd44d30b4e3020"},"breadcrumb":{"@id":"https:\/\/nk7-testes.com.br\/agazeta\/populacao-promove-carreta-em-brasileia\/#breadcrumb"},"inLanguage":"pt-BR","potentialAction":[{"@type":"ReadAction","target":["https:\/\/nk7-testes.com.br\/agazeta\/populacao-promove-carreta-em-brasileia\/"]}]},{"@type":"ImageObject","inLanguage":"pt-BR","@id":"https:\/\/nk7-testes.com.br\/agazeta\/populacao-promove-carreta-em-brasileia\/#primaryimage","url":"https:\/\/nk7-testes.com.br\/agazeta\/wp-content\/uploads\/2016\/02\/180216-cotidiano-carreta.jpg","contentUrl":"https:\/\/nk7-testes.com.br\/agazeta\/wp-content\/uploads\/2016\/02\/180216-cotidiano-carreta.jpg","width":458,"height":340,"caption":"180216-cotidiano-carreta"},{"@type":"BreadcrumbList","@id":"https:\/\/nk7-testes.com.br\/agazeta\/populacao-promove-carreta-em-brasileia\/#breadcrumb","itemListElement":[{"@type":"ListItem","position":1,"name":"In\u00edcio","item":"https:\/\/nk7-testes.com.br\/agazeta\/"},{"@type":"ListItem","position":2,"name":"Popula\u00e7\u00e3o promove carreata em Brasil\u00e9ia"}]},{"@type":"WebSite","@id":"https:\/\/nk7-testes.com.br\/agazeta\/#website","url":"https:\/\/nk7-testes.com.br\/agazeta\/","name":"Agazeta.net","description":"Agazeta.net - Not\u00edcias de Rio Branco\/AC","potentialAction":[{"@type":"SearchAction","target":{"@type":"EntryPoint","urlTemplate":"https:\/\/nk7-testes.com.br\/agazeta\/?s={search_term_string}"},"query-input":{"@type":"PropertyValueSpecification","valueRequired":true,"valueName":"search_term_string"}}],"inLanguage":"pt-BR"},{"@type":"Person","@id":"https:\/\/nk7-testes.com.br\/agazeta\/#\/schema\/person\/6d6e25cb0435eb4a02fd44d30b4e3020","name":"Agazeta.Net","url":"https:\/\/nk7-testes.com.br\/agazeta\/author\/agazeta\/"}]}},"_links":{"self":[{"href":"https:\/\/nk7-testes.com.br\/agazeta\/wp-json\/wp\/v2\/posts\/21149","targetHints":{"allow":["GET"]}}],"collection":[{"href":"https:\/\/nk7-testes.com.br\/agazeta\/wp-json\/wp\/v2\/posts"}],"about":[{"href":"https:\/\/nk7-testes.com.br\/agazeta\/wp-json\/wp\/v2\/types\/post"}],"author":[{"embeddable":true,"href":"https:\/\/nk7-testes.com.br\/agazeta\/wp-json\/wp\/v2\/users\/4"}],"replies":[{"embeddable":true,"href":"https:\/\/nk7-testes.com.br\/agazeta\/wp-json\/wp\/v2\/comments?post=21149"}],"version-history":[{"count":0,"href":"https:\/\/nk7-testes.com.br\/agazeta\/wp-json\/wp\/v2\/posts\/21149\/revisions"}],"wp:featuredmedia":[{"embeddable":true,"href":"https:\/\/nk7-testes.com.br\/agazeta\/wp-json\/wp\/v2\/media\/21148"}],"wp:attachment":[{"href":"https:\/\/nk7-testes.com.br\/agazeta\/wp-json\/wp\/v2\/media?parent=21149"}],"wp:term":[{"taxonomy":"category","embeddable":true,"href":"https:\/\/nk7-testes.com.br\/agazeta\/wp-json\/wp\/v2\/categories?post=21149"},{"taxonomy":"post_tag","embeddable":true,"href":"https:\/\/nk7-testes.com.br\/agazeta\/wp-json\/wp\/v2\/tags?post=21149"}],"curies":[{"name":"wp","href":"https:\/\/api.w.org\/{rel}","templated":true}]}}