{"id":21135,"date":"2016-02-18T14:37:15","date_gmt":"2016-02-18T14:37:15","guid":{"rendered":"https:\/\/abarevegan.com.br\/index.php\/2016\/02\/18\/stf-autoriza-prisao-apos-condenacao-em-2-instancia\/"},"modified":"2016-02-18T14:37:15","modified_gmt":"2016-02-18T14:37:15","slug":"stf-autoriza-prisao-apos-condenacao-em-2-instancia","status":"publish","type":"post","link":"https:\/\/nk7-testes.com.br\/agazeta\/stf-autoriza-prisao-apos-condenacao-em-2-instancia\/","title":{"rendered":"STF autoriza pris\u00e3o ap\u00f3s condena\u00e7\u00e3o em 2\u00aa inst\u00e2ncia"},"content":{"rendered":"<p style=\"text-align: justify;\">Vota\u00e7\u00e3o teve placar de sete votos a quatro<\/p>\n<p style=\"text-align: justify;\">Por 7 votos a 4, o Supremo Tribunal Federal (STF) decidiu que pessoas condenadas em segunda inst\u00e2ncia devem come\u00e7ar a cumprir pena antes do tr\u00e2nsito em julgado do processo (final do processo).<\/p>\n<p style=\"text-align: justify;\">Com a decis\u00e3o, um condenado poder\u00e1 iniciar o cumprimento da pena se a Justi\u00e7a de segunda inst\u00e2ncia rejeitar o recurso de apela\u00e7\u00e3o e mantiver a condena\u00e7\u00e3o definida pela primeira inst\u00e2ncia.<\/p>\n<p style=\"text-align: justify;\">A Corte fez uma revis\u00e3o da atual jurisprud\u00eancia para admitir que o princ\u00edpio constitucional da presun\u00e7\u00e3o de inoc\u00eancia cessa ap\u00f3s a confirma\u00e7\u00e3o da senten\u00e7a pela segunda inst\u00e2ncia.<\/p>\n<p style=\"text-align: justify;\">Votaram a favor do cumprimento da pena antes do fim de todos os recursos os ministros Teori Zavascki, Edson Fachin, Lu\u00eds Roberto Barroso, C\u00e1rmen L\u00facia, Dias Toffoli, Luiz Fux e Gilmar Mendes.<\/p>\n<p style=\"text-align: justify;\">Para o ministro Lu\u00eds Roberto Barroso, impossibilitar a execu\u00e7\u00e3o imediata da pena, ap\u00f3s a decis\u00e3o de um juiz de segundo grau, \u00e9 um est\u00edmulo a apresenta\u00e7\u00e3o de recursos protelat\u00f3rios para evitar o cumprimento da pena.<\/p>\n<p style=\"text-align: justify;\">Barroso lembrou que nenhum pa\u00eds do mundo impede a execu\u00e7\u00e3o da pena para esperar a manifesta\u00e7\u00e3o da Suprema Corte, como ocorre atualmente no Brasil.<\/p>\n<p style=\"text-align: justify;\">&#8220;A conclus\u00e3o de um processo criminal muitos anos depois do fato \u00e9 incapaz de dar \u00e0 sociedade a satisfa\u00e7\u00e3o necess\u00e1ria. E acaba o Direito Penal n\u00e3o desempenhando o m\u00ednimo que ele deve desempenhar&#8221;, disse o ministro.<\/p>\n<p style=\"text-align: justify;\">O ministro Luiz Fux acompanhou a maioria a favor da pris\u00e3o antes do tr\u00e2nsito em julgado. De acordo com Fux, toda pessoa tem direito \u00e0 presun\u00e7\u00e3o de inoc\u00eancia, garantido na Declara\u00e7\u00e3o Universal dos Direitos Humanos. No entanto, a presun\u00e7\u00e3o cessa ap\u00f3s a defini\u00e7\u00e3o de sua culpabilidade pela segunda inst\u00e2ncia.<\/p>\n<p style=\"text-align: justify;\">&#8220;Ningu\u00e9m consegue entender a seguinte equa\u00e7\u00e3o. O cidad\u00e3o tem a denuncia recebida, ele \u00e9 condenado em primeiro grau, ele \u00e9 condenado no ju\u00edzo da acusa\u00e7\u00e3o, ele \u00e9 condenado no STJ [Superior Tribunal de Justi\u00e7a] e ingressa presumidamente inocente no Supremo Tribunal Federal. Isso n\u00e3o corresponde \u00e0 expectativa da sociedade em rela\u00e7\u00e3o ao que seja presun\u00e7\u00e3o do inoc\u00eancia&#8221;, afirmou Fux.<\/p>\n<p style=\"text-align: justify;\">O julgamento terminou com quatro votos a favor da impossibilidade da execu\u00e7\u00e3o antecipada da pena antes do fim de todos os recursos. Os ministros Marco Aur\u00e9lio, Rosa Weber, Celso de Mello e o presidente, Ricardo Lewandowski, divergiram da maioria.<\/p>\n<p style=\"text-align: justify;\">Para o ministro Marco Aur\u00e9lio, a Constitui\u00e7\u00e3o determina que ningu\u00e9m pode cumprir pena antes do fim de todos os recursos poss\u00edveis. &#8220;Vindo um t\u00edtulo condenat\u00f3rio provis\u00f3rio, que ainda est\u00e1 sujeito a modifica\u00e7\u00e3o mediante recurso a ser modificado, a liberdade ser\u00e1 devolvida ao cidad\u00e3o?&#8221;, questionou o ministro.<\/p>\n<p style=\"text-align: justify;\">O decano da Corte, Celso de Mello, afirmou que a Constitui\u00e7\u00e3o estabeleceu limites para persecu\u00e7\u00e3o penal, que n\u00e3o podem ser ignorados, e defendeu a manuten\u00e7\u00e3o da jurisprud\u00eancia do tribunal.<\/p>\n<p style=\"text-align: justify;\">&#8220;Quando esta Corte, apoiando-se na presun\u00e7\u00e3o de inoc\u00eancia, afasta a possibilidade de execu\u00e7\u00e3o provis\u00f3ria da condena\u00e7\u00e3o criminal, impede que o Estado decrete arbitrariamente, por antecipa\u00e7\u00e3o, a implementac\u00e3o executiva de medidas privativas de liberdade&#8221;, argumentou.<\/p>\n<p style=\"text-align: justify;\">Lewandowski divergiu da maioria por entender que a Constitui\u00e7\u00e3o \u00e9 clara ao definir que ningu\u00e9m pode cumprir pena antecipada antes do tr\u00e2nsito em julgado. O presidente tamb\u00e9m disse que ficou perplexo com a mudan\u00e7a de posicionamento da Corte, que, segundo ele, vai implicar no aumento da popula\u00e7\u00e3o carcer\u00e1ria.<\/p>\n<p style=\"text-align: justify;\">&#8220;Queria manifestar minha perplexidade desta guinada da Corte com rela\u00e7\u00e3o \u00e0 esta decis\u00e3o paradigm\u00e1tica. Minha perplexidade diante do fato dela ser tomada logo depois de termos assentado que o sistema penitenci\u00e1rio brasileiro est\u00e1 absolutamente falido. E mais, afirmamos que o sistema se encontra no estado de coisas inconstitucional. Vamos facilitar a entrada de pessoas neste verdadeiro &#8216;Inferno de Dante&#8217;, que \u00e9 o nosso sistema prisional&#8221;.<\/p>\n<p style=\"text-align: justify;\">Juiz Moro<\/p>\n<p style=\"text-align: justify;\">O entendimento definido pela maioria do STF coincide com a proposta do juiz federal S\u00e9rgio Moro, respons\u00e1vel pela investiga\u00e7\u00e3o da Opera\u00e7\u00e3o Lava Jato. Em suas decis\u00f5es e em audi\u00eancias p\u00fablicas no Congresso Nacional, Moro defendeu a pris\u00e3o imediata de pessoas condenadas em segunda inst\u00e2ncia, mesmo que ainda estejam recorrendo aos tribunais superiores.<\/p>\n<p style=\"text-align: justify;\">A decis\u00e3o do STF poder\u00e1 ser aplicada nos casos de condena\u00e7\u00f5es de investigados na Lava Jato, como o do ex-tesoureiro do PT Jo\u00e3o Vaccari Neto, o ex-diretor da Petrobras Renato Duque, ex-deputados e executivos de empreiteiras que n\u00e3o fizeram acordo de dela\u00e7\u00e3o.<\/p>\n","protected":false},"excerpt":{"rendered":"<p style=\"text-align: justify;\">Vota\u00e7\u00e3o teve placar de sete votos a quatro<\/p>\n","protected":false},"author":4,"featured_media":21134,"comment_status":"open","ping_status":"open","sticky":false,"template":"","format":"standard","meta":{"jnews-multi-image_gallery":[],"jnews_single_post":[],"jnews_primary_category":[],"jnews_social_meta":[],"jnews_review":[],"enable_review":"","type":"","name":"","summary":"","brand":"","sku":"","good":[],"bad":[],"score_override":"","override_value":"","rating":[],"price":[],"footnotes":""},"categories":[44],"tags":[],"class_list":["post-21135","post","type-post","status-publish","format-standard","has-post-thumbnail","hentry","category-policia"],"yoast_head":"<!-- This site is optimized with the Yoast SEO plugin v26.5 - https:\/\/yoast.com\/wordpress\/plugins\/seo\/ -->\n<title>STF autoriza pris\u00e3o ap\u00f3s condena\u00e7\u00e3o em 2\u00aa inst\u00e2ncia - Agazeta.net<\/title>\n<meta name=\"robots\" content=\"index, follow, max-snippet:-1, max-image-preview:large, max-video-preview:-1\" \/>\n<link rel=\"canonical\" href=\"https:\/\/nk7-testes.com.br\/agazeta\/stf-autoriza-prisao-apos-condenacao-em-2-instancia\/\" \/>\n<meta property=\"og:locale\" content=\"pt_BR\" \/>\n<meta property=\"og:type\" content=\"article\" \/>\n<meta property=\"og:title\" content=\"STF autoriza pris\u00e3o ap\u00f3s condena\u00e7\u00e3o em 2\u00aa inst\u00e2ncia - Agazeta.net\" \/>\n<meta property=\"og:description\" content=\"Vota\u00e7\u00e3o teve placar de sete votos a quatro\" \/>\n<meta property=\"og:url\" content=\"https:\/\/nk7-testes.com.br\/agazeta\/stf-autoriza-prisao-apos-condenacao-em-2-instancia\/\" \/>\n<meta property=\"og:site_name\" content=\"Agazeta.net\" \/>\n<meta property=\"article:published_time\" content=\"2016-02-18T14:37:15+00:00\" \/>\n<meta property=\"og:image\" content=\"https:\/\/nk7-testes.com.br\/agazeta\/wp-content\/uploads\/2016\/02\/180216-policia-supremotribunal-supremotribunalfederal.jpg\" \/>\n\t<meta property=\"og:image:width\" content=\"458\" \/>\n\t<meta property=\"og:image:height\" content=\"340\" \/>\n\t<meta property=\"og:image:type\" content=\"image\/jpeg\" \/>\n<meta name=\"author\" content=\"Agazeta.Net\" \/>\n<meta name=\"twitter:card\" content=\"summary_large_image\" \/>\n<meta name=\"twitter:label1\" content=\"Escrito por\" \/>\n\t<meta name=\"twitter:data1\" content=\"Agazeta.Net\" \/>\n\t<meta name=\"twitter:label2\" content=\"Est. tempo de leitura\" \/>\n\t<meta name=\"twitter:data2\" content=\"4 minutos\" \/>\n<script type=\"application\/ld+json\" class=\"yoast-schema-graph\">{\"@context\":\"https:\/\/schema.org\",\"@graph\":[{\"@type\":\"WebPage\",\"@id\":\"https:\/\/nk7-testes.com.br\/agazeta\/stf-autoriza-prisao-apos-condenacao-em-2-instancia\/\",\"url\":\"https:\/\/nk7-testes.com.br\/agazeta\/stf-autoriza-prisao-apos-condenacao-em-2-instancia\/\",\"name\":\"STF autoriza pris\u00e3o ap\u00f3s condena\u00e7\u00e3o em 2\u00aa inst\u00e2ncia - Agazeta.net\",\"isPartOf\":{\"@id\":\"https:\/\/nk7-testes.com.br\/agazeta\/#website\"},\"primaryImageOfPage\":{\"@id\":\"https:\/\/nk7-testes.com.br\/agazeta\/stf-autoriza-prisao-apos-condenacao-em-2-instancia\/#primaryimage\"},\"image\":{\"@id\":\"https:\/\/nk7-testes.com.br\/agazeta\/stf-autoriza-prisao-apos-condenacao-em-2-instancia\/#primaryimage\"},\"thumbnailUrl\":\"https:\/\/nk7-testes.com.br\/agazeta\/wp-content\/uploads\/2016\/02\/180216-policia-supremotribunal-supremotribunalfederal.jpg\",\"datePublished\":\"2016-02-18T14:37:15+00:00\",\"author\":{\"@id\":\"https:\/\/nk7-testes.com.br\/agazeta\/#\/schema\/person\/6d6e25cb0435eb4a02fd44d30b4e3020\"},\"breadcrumb\":{\"@id\":\"https:\/\/nk7-testes.com.br\/agazeta\/stf-autoriza-prisao-apos-condenacao-em-2-instancia\/#breadcrumb\"},\"inLanguage\":\"pt-BR\",\"potentialAction\":[{\"@type\":\"ReadAction\",\"target\":[\"https:\/\/nk7-testes.com.br\/agazeta\/stf-autoriza-prisao-apos-condenacao-em-2-instancia\/\"]}]},{\"@type\":\"ImageObject\",\"inLanguage\":\"pt-BR\",\"@id\":\"https:\/\/nk7-testes.com.br\/agazeta\/stf-autoriza-prisao-apos-condenacao-em-2-instancia\/#primaryimage\",\"url\":\"https:\/\/nk7-testes.com.br\/agazeta\/wp-content\/uploads\/2016\/02\/180216-policia-supremotribunal-supremotribunalfederal.jpg\",\"contentUrl\":\"https:\/\/nk7-testes.com.br\/agazeta\/wp-content\/uploads\/2016\/02\/180216-policia-supremotribunal-supremotribunalfederal.jpg\",\"width\":458,\"height\":340,\"caption\":\"180216-policia-supremotribunal-supremotribunalfederal\"},{\"@type\":\"BreadcrumbList\",\"@id\":\"https:\/\/nk7-testes.com.br\/agazeta\/stf-autoriza-prisao-apos-condenacao-em-2-instancia\/#breadcrumb\",\"itemListElement\":[{\"@type\":\"ListItem\",\"position\":1,\"name\":\"In\u00edcio\",\"item\":\"https:\/\/nk7-testes.com.br\/agazeta\/\"},{\"@type\":\"ListItem\",\"position\":2,\"name\":\"STF autoriza pris\u00e3o ap\u00f3s condena\u00e7\u00e3o em 2\u00aa inst\u00e2ncia\"}]},{\"@type\":\"WebSite\",\"@id\":\"https:\/\/nk7-testes.com.br\/agazeta\/#website\",\"url\":\"https:\/\/nk7-testes.com.br\/agazeta\/\",\"name\":\"Agazeta.net\",\"description\":\"Agazeta.net - Not\u00edcias de Rio Branco\/AC\",\"potentialAction\":[{\"@type\":\"SearchAction\",\"target\":{\"@type\":\"EntryPoint\",\"urlTemplate\":\"https:\/\/nk7-testes.com.br\/agazeta\/?s={search_term_string}\"},\"query-input\":{\"@type\":\"PropertyValueSpecification\",\"valueRequired\":true,\"valueName\":\"search_term_string\"}}],\"inLanguage\":\"pt-BR\"},{\"@type\":\"Person\",\"@id\":\"https:\/\/nk7-testes.com.br\/agazeta\/#\/schema\/person\/6d6e25cb0435eb4a02fd44d30b4e3020\",\"name\":\"Agazeta.Net\",\"url\":\"https:\/\/nk7-testes.com.br\/agazeta\/author\/agazeta\/\"}]}<\/script>\n<!-- \/ Yoast SEO plugin. -->","yoast_head_json":{"title":"STF autoriza pris\u00e3o ap\u00f3s condena\u00e7\u00e3o em 2\u00aa inst\u00e2ncia - Agazeta.net","robots":{"index":"index","follow":"follow","max-snippet":"max-snippet:-1","max-image-preview":"max-image-preview:large","max-video-preview":"max-video-preview:-1"},"canonical":"https:\/\/nk7-testes.com.br\/agazeta\/stf-autoriza-prisao-apos-condenacao-em-2-instancia\/","og_locale":"pt_BR","og_type":"article","og_title":"STF autoriza pris\u00e3o ap\u00f3s condena\u00e7\u00e3o em 2\u00aa inst\u00e2ncia - Agazeta.net","og_description":"Vota\u00e7\u00e3o teve placar de sete votos a quatro","og_url":"https:\/\/nk7-testes.com.br\/agazeta\/stf-autoriza-prisao-apos-condenacao-em-2-instancia\/","og_site_name":"Agazeta.net","article_published_time":"2016-02-18T14:37:15+00:00","og_image":[{"width":458,"height":340,"url":"https:\/\/nk7-testes.com.br\/agazeta\/wp-content\/uploads\/2016\/02\/180216-policia-supremotribunal-supremotribunalfederal.jpg","type":"image\/jpeg"}],"author":"Agazeta.Net","twitter_card":"summary_large_image","twitter_misc":{"Escrito por":"Agazeta.Net","Est. tempo de leitura":"4 minutos"},"schema":{"@context":"https:\/\/schema.org","@graph":[{"@type":"WebPage","@id":"https:\/\/nk7-testes.com.br\/agazeta\/stf-autoriza-prisao-apos-condenacao-em-2-instancia\/","url":"https:\/\/nk7-testes.com.br\/agazeta\/stf-autoriza-prisao-apos-condenacao-em-2-instancia\/","name":"STF autoriza pris\u00e3o ap\u00f3s condena\u00e7\u00e3o em 2\u00aa inst\u00e2ncia - Agazeta.net","isPartOf":{"@id":"https:\/\/nk7-testes.com.br\/agazeta\/#website"},"primaryImageOfPage":{"@id":"https:\/\/nk7-testes.com.br\/agazeta\/stf-autoriza-prisao-apos-condenacao-em-2-instancia\/#primaryimage"},"image":{"@id":"https:\/\/nk7-testes.com.br\/agazeta\/stf-autoriza-prisao-apos-condenacao-em-2-instancia\/#primaryimage"},"thumbnailUrl":"https:\/\/nk7-testes.com.br\/agazeta\/wp-content\/uploads\/2016\/02\/180216-policia-supremotribunal-supremotribunalfederal.jpg","datePublished":"2016-02-18T14:37:15+00:00","author":{"@id":"https:\/\/nk7-testes.com.br\/agazeta\/#\/schema\/person\/6d6e25cb0435eb4a02fd44d30b4e3020"},"breadcrumb":{"@id":"https:\/\/nk7-testes.com.br\/agazeta\/stf-autoriza-prisao-apos-condenacao-em-2-instancia\/#breadcrumb"},"inLanguage":"pt-BR","potentialAction":[{"@type":"ReadAction","target":["https:\/\/nk7-testes.com.br\/agazeta\/stf-autoriza-prisao-apos-condenacao-em-2-instancia\/"]}]},{"@type":"ImageObject","inLanguage":"pt-BR","@id":"https:\/\/nk7-testes.com.br\/agazeta\/stf-autoriza-prisao-apos-condenacao-em-2-instancia\/#primaryimage","url":"https:\/\/nk7-testes.com.br\/agazeta\/wp-content\/uploads\/2016\/02\/180216-policia-supremotribunal-supremotribunalfederal.jpg","contentUrl":"https:\/\/nk7-testes.com.br\/agazeta\/wp-content\/uploads\/2016\/02\/180216-policia-supremotribunal-supremotribunalfederal.jpg","width":458,"height":340,"caption":"180216-policia-supremotribunal-supremotribunalfederal"},{"@type":"BreadcrumbList","@id":"https:\/\/nk7-testes.com.br\/agazeta\/stf-autoriza-prisao-apos-condenacao-em-2-instancia\/#breadcrumb","itemListElement":[{"@type":"ListItem","position":1,"name":"In\u00edcio","item":"https:\/\/nk7-testes.com.br\/agazeta\/"},{"@type":"ListItem","position":2,"name":"STF autoriza pris\u00e3o ap\u00f3s condena\u00e7\u00e3o em 2\u00aa inst\u00e2ncia"}]},{"@type":"WebSite","@id":"https:\/\/nk7-testes.com.br\/agazeta\/#website","url":"https:\/\/nk7-testes.com.br\/agazeta\/","name":"Agazeta.net","description":"Agazeta.net - Not\u00edcias de Rio Branco\/AC","potentialAction":[{"@type":"SearchAction","target":{"@type":"EntryPoint","urlTemplate":"https:\/\/nk7-testes.com.br\/agazeta\/?s={search_term_string}"},"query-input":{"@type":"PropertyValueSpecification","valueRequired":true,"valueName":"search_term_string"}}],"inLanguage":"pt-BR"},{"@type":"Person","@id":"https:\/\/nk7-testes.com.br\/agazeta\/#\/schema\/person\/6d6e25cb0435eb4a02fd44d30b4e3020","name":"Agazeta.Net","url":"https:\/\/nk7-testes.com.br\/agazeta\/author\/agazeta\/"}]}},"_links":{"self":[{"href":"https:\/\/nk7-testes.com.br\/agazeta\/wp-json\/wp\/v2\/posts\/21135","targetHints":{"allow":["GET"]}}],"collection":[{"href":"https:\/\/nk7-testes.com.br\/agazeta\/wp-json\/wp\/v2\/posts"}],"about":[{"href":"https:\/\/nk7-testes.com.br\/agazeta\/wp-json\/wp\/v2\/types\/post"}],"author":[{"embeddable":true,"href":"https:\/\/nk7-testes.com.br\/agazeta\/wp-json\/wp\/v2\/users\/4"}],"replies":[{"embeddable":true,"href":"https:\/\/nk7-testes.com.br\/agazeta\/wp-json\/wp\/v2\/comments?post=21135"}],"version-history":[{"count":0,"href":"https:\/\/nk7-testes.com.br\/agazeta\/wp-json\/wp\/v2\/posts\/21135\/revisions"}],"wp:featuredmedia":[{"embeddable":true,"href":"https:\/\/nk7-testes.com.br\/agazeta\/wp-json\/wp\/v2\/media\/21134"}],"wp:attachment":[{"href":"https:\/\/nk7-testes.com.br\/agazeta\/wp-json\/wp\/v2\/media?parent=21135"}],"wp:term":[{"taxonomy":"category","embeddable":true,"href":"https:\/\/nk7-testes.com.br\/agazeta\/wp-json\/wp\/v2\/categories?post=21135"},{"taxonomy":"post_tag","embeddable":true,"href":"https:\/\/nk7-testes.com.br\/agazeta\/wp-json\/wp\/v2\/tags?post=21135"}],"curies":[{"name":"wp","href":"https:\/\/api.w.org\/{rel}","templated":true}]}}