{"id":21125,"date":"2016-02-17T20:42:40","date_gmt":"2016-02-17T20:42:40","guid":{"rendered":"https:\/\/abarevegan.com.br\/index.php\/2016\/02\/17\/sindicato-dos-caminhoneiros-vai-a-sesp-pedir-fiscalizacao-na-fronteira\/"},"modified":"2016-02-17T20:42:40","modified_gmt":"2016-02-17T20:42:40","slug":"sindicato-dos-caminhoneiros-vai-a-sesp-pedir-fiscalizacao-na-fronteira","status":"publish","type":"post","link":"https:\/\/nk7-testes.com.br\/agazeta\/sindicato-dos-caminhoneiros-vai-a-sesp-pedir-fiscalizacao-na-fronteira\/","title":{"rendered":"Sindicato dos caminhoneiros vai a Sesp pedir fiscaliza\u00e7\u00e3o na fronteira"},"content":{"rendered":"<p style=\"text-align: justify;\">Motoristas relatam abuso de autoridade da pol\u00edcia boliviana<\/p>\n<p style=\"text-align: justify;\">Temendo novos assaltos, caminhoneiros ligados ao sindicato da categoria foram na manh\u00e3 desta quarta-feira (17), ao gabinete do Secret\u00e1rio de Seguran\u00e7a P\u00fablica. Como aumentaram nos \u00faltimos meses os casos de roubosa ve\u00edculos leves e caminhonetes e agora, alguns caminh\u00f5es de pequeno porte tamb\u00e9m passaram a ser alvo dos bandidos, os propriet\u00e1rios dessa categoria, querem se resguardar.<\/p>\n<p style=\"text-align: justify;\">Segundo o presidente do Sindicato dos Propriet\u00e1rios de Caminh\u00f5es e M\u00e1quinas Pesadas (Sintraba), J\u00falio Farias, n\u00e3o era comum esse tipo de roubo, entre os associados. Contudo, na \u00faltima semana, com o registro de mais um assalto, a categoria decidiu reagir. \u201cA pol\u00edcia vai ter que ser mais r\u00e1pida, mais \u00e1gil. N\u00f3s estamos cobrando fiscaliza\u00e7\u00e3o na fronteira\u201d, disse.<\/p>\n<p style=\"text-align: justify;\">A reportagem da TV Gazeta relatou o caso do caminhoneiro que foi assaltado ao atender um telefonema solicitando frete. O assalto iniciou pr\u00f3ximo a rotat\u00f3ria da corrente, no \u00faltimo dia 12, quando tr\u00eas elementos entraram no caminh\u00e3o. \u201cFiquei com p\u00e9s e m\u00e3os amarrados com minhas pr\u00f3prias roupas. Eles me levaram no ramal da Galil\u00e9ia e l\u00e1 fiquei de duas da tarde \u00e0s sete da noite, quando confirmaram por telefone, que o caminh\u00e3o j\u00e1 havia cruzado a Bol\u00edvia\u201d, explica.<\/p>\n<p style=\"text-align: justify;\">O trabalhador se emocionou ao relembrar os momentos de tens\u00e3o que passou ao cruzar a fronteira com a Bol\u00edvia. \u201cN\u00f3s chegamos de madrugada, no s\u00e1bado, por volta de quatro horas, andamos por tr\u00eas delegacias at\u00e9 encontrar. Come\u00e7ou uma negocia\u00e7\u00e3o. Os policiais bolivianos queriam sete mil reais para liberar, ofereci seis mil e eles liberaram meu caminh\u00e3o\u201d, disse.<\/p>\n<p style=\"text-align: justify;\">A extors\u00e3o que o caminhoneiro afirma que sofreu foi relatada ao Secret\u00e1rio de Seguran\u00e7a, Emylson Farias. O Secret\u00e1rio admitiu ser uma situa\u00e7\u00e3o delicada, mas que as medidas de prote\u00e7\u00e3o, ser\u00e3o tomadas. \u201cAbuso de autoridade por policiais bolivianos diz respeito \u00e0 soberania do pa\u00eds, precisamos ter alguns cuidados. Agora, estamos com barreira fixa em Pl\u00e1cido de Castro, estamos instalando barreira fixa com homens postados em Brasil\u00e9ia e Epitaciol\u00e2ndia e tamb\u00e9m estamos colocando v\u00eddeo monitoramento em Brasil\u00e9ia e Epitaciol\u00e2ndia\u201d, explicou Farias.<\/p>\n<p style=\"text-align: justify;\">Segundo o Sintraba, se n\u00e3o houver respostas, a categoria vai mobilizar um protesto fechando acessos na fronteira.<\/p>\n","protected":false},"excerpt":{"rendered":"<p style=\"text-align: justify;\">Motoristas relatam abuso de autoridade da pol\u00edcia boliviana<\/p>\n","protected":false},"author":4,"featured_media":21124,"comment_status":"open","ping_status":"open","sticky":false,"template":"","format":"standard","meta":{"jnews-multi-image_gallery":[],"jnews_single_post":[],"jnews_primary_category":[],"jnews_social_meta":[],"jnews_review":[],"enable_review":"","type":"","name":"","summary":"","brand":"","sku":"","good":[],"bad":[],"score_override":"","override_value":"","rating":[],"price":[],"footnotes":""},"categories":[44],"tags":[],"class_list":["post-21125","post","type-post","status-publish","format-standard","has-post-thumbnail","hentry","category-policia"],"yoast_head":"<!-- This site is optimized with the Yoast SEO plugin v26.5 - https:\/\/yoast.com\/wordpress\/plugins\/seo\/ -->\n<title>Sindicato dos caminhoneiros vai a Sesp pedir fiscaliza\u00e7\u00e3o na fronteira - Agazeta.net<\/title>\n<meta name=\"robots\" content=\"index, follow, max-snippet:-1, max-image-preview:large, max-video-preview:-1\" \/>\n<link rel=\"canonical\" href=\"https:\/\/nk7-testes.com.br\/agazeta\/sindicato-dos-caminhoneiros-vai-a-sesp-pedir-fiscalizacao-na-fronteira\/\" \/>\n<meta property=\"og:locale\" content=\"pt_BR\" \/>\n<meta property=\"og:type\" content=\"article\" \/>\n<meta property=\"og:title\" content=\"Sindicato dos caminhoneiros vai a Sesp pedir fiscaliza\u00e7\u00e3o na fronteira - Agazeta.net\" \/>\n<meta property=\"og:description\" content=\"Motoristas relatam abuso de autoridade da pol\u00edcia boliviana\" \/>\n<meta property=\"og:url\" content=\"https:\/\/nk7-testes.com.br\/agazeta\/sindicato-dos-caminhoneiros-vai-a-sesp-pedir-fiscalizacao-na-fronteira\/\" \/>\n<meta property=\"og:site_name\" content=\"Agazeta.net\" \/>\n<meta property=\"article:published_time\" content=\"2016-02-17T20:42:40+00:00\" \/>\n<meta property=\"og:image\" content=\"https:\/\/nk7-testes.com.br\/agazeta\/wp-content\/uploads\/2016\/02\/170216-policia-segurancacaminhoneiros.jpg\" \/>\n\t<meta property=\"og:image:width\" content=\"458\" \/>\n\t<meta property=\"og:image:height\" content=\"340\" \/>\n\t<meta property=\"og:image:type\" content=\"image\/jpeg\" \/>\n<meta name=\"author\" content=\"Agazeta.Net\" \/>\n<meta name=\"twitter:card\" content=\"summary_large_image\" \/>\n<meta name=\"twitter:label1\" content=\"Escrito por\" \/>\n\t<meta name=\"twitter:data1\" content=\"Agazeta.Net\" \/>\n\t<meta name=\"twitter:label2\" content=\"Est. tempo de leitura\" \/>\n\t<meta name=\"twitter:data2\" content=\"2 minutos\" \/>\n<script type=\"application\/ld+json\" class=\"yoast-schema-graph\">{\"@context\":\"https:\/\/schema.org\",\"@graph\":[{\"@type\":\"WebPage\",\"@id\":\"https:\/\/nk7-testes.com.br\/agazeta\/sindicato-dos-caminhoneiros-vai-a-sesp-pedir-fiscalizacao-na-fronteira\/\",\"url\":\"https:\/\/nk7-testes.com.br\/agazeta\/sindicato-dos-caminhoneiros-vai-a-sesp-pedir-fiscalizacao-na-fronteira\/\",\"name\":\"Sindicato dos caminhoneiros vai a Sesp pedir fiscaliza\u00e7\u00e3o na fronteira - Agazeta.net\",\"isPartOf\":{\"@id\":\"https:\/\/nk7-testes.com.br\/agazeta\/#website\"},\"primaryImageOfPage\":{\"@id\":\"https:\/\/nk7-testes.com.br\/agazeta\/sindicato-dos-caminhoneiros-vai-a-sesp-pedir-fiscalizacao-na-fronteira\/#primaryimage\"},\"image\":{\"@id\":\"https:\/\/nk7-testes.com.br\/agazeta\/sindicato-dos-caminhoneiros-vai-a-sesp-pedir-fiscalizacao-na-fronteira\/#primaryimage\"},\"thumbnailUrl\":\"https:\/\/nk7-testes.com.br\/agazeta\/wp-content\/uploads\/2016\/02\/170216-policia-segurancacaminhoneiros.jpg\",\"datePublished\":\"2016-02-17T20:42:40+00:00\",\"author\":{\"@id\":\"https:\/\/nk7-testes.com.br\/agazeta\/#\/schema\/person\/6d6e25cb0435eb4a02fd44d30b4e3020\"},\"breadcrumb\":{\"@id\":\"https:\/\/nk7-testes.com.br\/agazeta\/sindicato-dos-caminhoneiros-vai-a-sesp-pedir-fiscalizacao-na-fronteira\/#breadcrumb\"},\"inLanguage\":\"pt-BR\",\"potentialAction\":[{\"@type\":\"ReadAction\",\"target\":[\"https:\/\/nk7-testes.com.br\/agazeta\/sindicato-dos-caminhoneiros-vai-a-sesp-pedir-fiscalizacao-na-fronteira\/\"]}]},{\"@type\":\"ImageObject\",\"inLanguage\":\"pt-BR\",\"@id\":\"https:\/\/nk7-testes.com.br\/agazeta\/sindicato-dos-caminhoneiros-vai-a-sesp-pedir-fiscalizacao-na-fronteira\/#primaryimage\",\"url\":\"https:\/\/nk7-testes.com.br\/agazeta\/wp-content\/uploads\/2016\/02\/170216-policia-segurancacaminhoneiros.jpg\",\"contentUrl\":\"https:\/\/nk7-testes.com.br\/agazeta\/wp-content\/uploads\/2016\/02\/170216-policia-segurancacaminhoneiros.jpg\",\"width\":458,\"height\":340,\"caption\":\"170216-policia-seguran\u00e7acaminhoneiros\"},{\"@type\":\"BreadcrumbList\",\"@id\":\"https:\/\/nk7-testes.com.br\/agazeta\/sindicato-dos-caminhoneiros-vai-a-sesp-pedir-fiscalizacao-na-fronteira\/#breadcrumb\",\"itemListElement\":[{\"@type\":\"ListItem\",\"position\":1,\"name\":\"In\u00edcio\",\"item\":\"https:\/\/nk7-testes.com.br\/agazeta\/\"},{\"@type\":\"ListItem\",\"position\":2,\"name\":\"Sindicato dos caminhoneiros vai a Sesp pedir fiscaliza\u00e7\u00e3o na fronteira\"}]},{\"@type\":\"WebSite\",\"@id\":\"https:\/\/nk7-testes.com.br\/agazeta\/#website\",\"url\":\"https:\/\/nk7-testes.com.br\/agazeta\/\",\"name\":\"Agazeta.net\",\"description\":\"Agazeta.net - Not\u00edcias de Rio Branco\/AC\",\"potentialAction\":[{\"@type\":\"SearchAction\",\"target\":{\"@type\":\"EntryPoint\",\"urlTemplate\":\"https:\/\/nk7-testes.com.br\/agazeta\/?s={search_term_string}\"},\"query-input\":{\"@type\":\"PropertyValueSpecification\",\"valueRequired\":true,\"valueName\":\"search_term_string\"}}],\"inLanguage\":\"pt-BR\"},{\"@type\":\"Person\",\"@id\":\"https:\/\/nk7-testes.com.br\/agazeta\/#\/schema\/person\/6d6e25cb0435eb4a02fd44d30b4e3020\",\"name\":\"Agazeta.Net\",\"url\":\"https:\/\/nk7-testes.com.br\/agazeta\/author\/agazeta\/\"}]}<\/script>\n<!-- \/ Yoast SEO plugin. -->","yoast_head_json":{"title":"Sindicato dos caminhoneiros vai a Sesp pedir fiscaliza\u00e7\u00e3o na fronteira - Agazeta.net","robots":{"index":"index","follow":"follow","max-snippet":"max-snippet:-1","max-image-preview":"max-image-preview:large","max-video-preview":"max-video-preview:-1"},"canonical":"https:\/\/nk7-testes.com.br\/agazeta\/sindicato-dos-caminhoneiros-vai-a-sesp-pedir-fiscalizacao-na-fronteira\/","og_locale":"pt_BR","og_type":"article","og_title":"Sindicato dos caminhoneiros vai a Sesp pedir fiscaliza\u00e7\u00e3o na fronteira - Agazeta.net","og_description":"Motoristas relatam abuso de autoridade da pol\u00edcia boliviana","og_url":"https:\/\/nk7-testes.com.br\/agazeta\/sindicato-dos-caminhoneiros-vai-a-sesp-pedir-fiscalizacao-na-fronteira\/","og_site_name":"Agazeta.net","article_published_time":"2016-02-17T20:42:40+00:00","og_image":[{"width":458,"height":340,"url":"https:\/\/nk7-testes.com.br\/agazeta\/wp-content\/uploads\/2016\/02\/170216-policia-segurancacaminhoneiros.jpg","type":"image\/jpeg"}],"author":"Agazeta.Net","twitter_card":"summary_large_image","twitter_misc":{"Escrito por":"Agazeta.Net","Est. tempo de leitura":"2 minutos"},"schema":{"@context":"https:\/\/schema.org","@graph":[{"@type":"WebPage","@id":"https:\/\/nk7-testes.com.br\/agazeta\/sindicato-dos-caminhoneiros-vai-a-sesp-pedir-fiscalizacao-na-fronteira\/","url":"https:\/\/nk7-testes.com.br\/agazeta\/sindicato-dos-caminhoneiros-vai-a-sesp-pedir-fiscalizacao-na-fronteira\/","name":"Sindicato dos caminhoneiros vai a Sesp pedir fiscaliza\u00e7\u00e3o na fronteira - Agazeta.net","isPartOf":{"@id":"https:\/\/nk7-testes.com.br\/agazeta\/#website"},"primaryImageOfPage":{"@id":"https:\/\/nk7-testes.com.br\/agazeta\/sindicato-dos-caminhoneiros-vai-a-sesp-pedir-fiscalizacao-na-fronteira\/#primaryimage"},"image":{"@id":"https:\/\/nk7-testes.com.br\/agazeta\/sindicato-dos-caminhoneiros-vai-a-sesp-pedir-fiscalizacao-na-fronteira\/#primaryimage"},"thumbnailUrl":"https:\/\/nk7-testes.com.br\/agazeta\/wp-content\/uploads\/2016\/02\/170216-policia-segurancacaminhoneiros.jpg","datePublished":"2016-02-17T20:42:40+00:00","author":{"@id":"https:\/\/nk7-testes.com.br\/agazeta\/#\/schema\/person\/6d6e25cb0435eb4a02fd44d30b4e3020"},"breadcrumb":{"@id":"https:\/\/nk7-testes.com.br\/agazeta\/sindicato-dos-caminhoneiros-vai-a-sesp-pedir-fiscalizacao-na-fronteira\/#breadcrumb"},"inLanguage":"pt-BR","potentialAction":[{"@type":"ReadAction","target":["https:\/\/nk7-testes.com.br\/agazeta\/sindicato-dos-caminhoneiros-vai-a-sesp-pedir-fiscalizacao-na-fronteira\/"]}]},{"@type":"ImageObject","inLanguage":"pt-BR","@id":"https:\/\/nk7-testes.com.br\/agazeta\/sindicato-dos-caminhoneiros-vai-a-sesp-pedir-fiscalizacao-na-fronteira\/#primaryimage","url":"https:\/\/nk7-testes.com.br\/agazeta\/wp-content\/uploads\/2016\/02\/170216-policia-segurancacaminhoneiros.jpg","contentUrl":"https:\/\/nk7-testes.com.br\/agazeta\/wp-content\/uploads\/2016\/02\/170216-policia-segurancacaminhoneiros.jpg","width":458,"height":340,"caption":"170216-policia-seguran\u00e7acaminhoneiros"},{"@type":"BreadcrumbList","@id":"https:\/\/nk7-testes.com.br\/agazeta\/sindicato-dos-caminhoneiros-vai-a-sesp-pedir-fiscalizacao-na-fronteira\/#breadcrumb","itemListElement":[{"@type":"ListItem","position":1,"name":"In\u00edcio","item":"https:\/\/nk7-testes.com.br\/agazeta\/"},{"@type":"ListItem","position":2,"name":"Sindicato dos caminhoneiros vai a Sesp pedir fiscaliza\u00e7\u00e3o na fronteira"}]},{"@type":"WebSite","@id":"https:\/\/nk7-testes.com.br\/agazeta\/#website","url":"https:\/\/nk7-testes.com.br\/agazeta\/","name":"Agazeta.net","description":"Agazeta.net - Not\u00edcias de Rio Branco\/AC","potentialAction":[{"@type":"SearchAction","target":{"@type":"EntryPoint","urlTemplate":"https:\/\/nk7-testes.com.br\/agazeta\/?s={search_term_string}"},"query-input":{"@type":"PropertyValueSpecification","valueRequired":true,"valueName":"search_term_string"}}],"inLanguage":"pt-BR"},{"@type":"Person","@id":"https:\/\/nk7-testes.com.br\/agazeta\/#\/schema\/person\/6d6e25cb0435eb4a02fd44d30b4e3020","name":"Agazeta.Net","url":"https:\/\/nk7-testes.com.br\/agazeta\/author\/agazeta\/"}]}},"_links":{"self":[{"href":"https:\/\/nk7-testes.com.br\/agazeta\/wp-json\/wp\/v2\/posts\/21125","targetHints":{"allow":["GET"]}}],"collection":[{"href":"https:\/\/nk7-testes.com.br\/agazeta\/wp-json\/wp\/v2\/posts"}],"about":[{"href":"https:\/\/nk7-testes.com.br\/agazeta\/wp-json\/wp\/v2\/types\/post"}],"author":[{"embeddable":true,"href":"https:\/\/nk7-testes.com.br\/agazeta\/wp-json\/wp\/v2\/users\/4"}],"replies":[{"embeddable":true,"href":"https:\/\/nk7-testes.com.br\/agazeta\/wp-json\/wp\/v2\/comments?post=21125"}],"version-history":[{"count":0,"href":"https:\/\/nk7-testes.com.br\/agazeta\/wp-json\/wp\/v2\/posts\/21125\/revisions"}],"wp:featuredmedia":[{"embeddable":true,"href":"https:\/\/nk7-testes.com.br\/agazeta\/wp-json\/wp\/v2\/media\/21124"}],"wp:attachment":[{"href":"https:\/\/nk7-testes.com.br\/agazeta\/wp-json\/wp\/v2\/media?parent=21125"}],"wp:term":[{"taxonomy":"category","embeddable":true,"href":"https:\/\/nk7-testes.com.br\/agazeta\/wp-json\/wp\/v2\/categories?post=21125"},{"taxonomy":"post_tag","embeddable":true,"href":"https:\/\/nk7-testes.com.br\/agazeta\/wp-json\/wp\/v2\/tags?post=21125"}],"curies":[{"name":"wp","href":"https:\/\/api.w.org\/{rel}","templated":true}]}}