{"id":21121,"date":"2016-02-17T20:31:29","date_gmt":"2016-02-17T20:31:29","guid":{"rendered":"https:\/\/abarevegan.com.br\/index.php\/2016\/02\/17\/cnc-aponta-que-1200-lojas-fecharam-no-acre-entre-2014-2015\/"},"modified":"2016-02-17T20:31:29","modified_gmt":"2016-02-17T20:31:29","slug":"cnc-aponta-que-1200-lojas-fecharam-no-acre-entre-2014-2015","status":"publish","type":"post","link":"https:\/\/nk7-testes.com.br\/agazeta\/cnc-aponta-que-1200-lojas-fecharam-no-acre-entre-2014-2015\/","title":{"rendered":"CNC aponta que 1200 lojas fecharam no Acre entre 2014,2015"},"content":{"rendered":"<p style=\"text-align: justify;\">N\u00famero representa 7,4% de empresas do estado<\/p>\n<p style=\"text-align: justify;\">Segundo dados da Confedera\u00e7\u00e3o Nacional do Com\u00e9rcio (CNC), 7,4% das empresas do Acre fecharam as portas entre 2014 e 2015. Para o setor, os custos operacionais e a carga tribut\u00e1ria s\u00e3o algumas das causas que desestimulam os empres\u00e1rios.<\/p>\n<p style=\"text-align: justify;\">N\u00e3o \u00e9 preciso andar muito pelo centro de Rio Branco, para constatar que a situa\u00e7\u00e3o n\u00e3o \u00e9 favor\u00e1vel para o com\u00e9rcio varejista. V\u00e1rias lojas fecharam as portas, e algumas empresas, enxugaram o aluguel de im\u00f3veis, reduzindo o n\u00famero de filiais.<\/p>\n<p style=\"text-align: justify;\">Segundo a pesquisa da CNC, entre 2014 e 2015, 1200 empreendimentos do com\u00e9rcio varejista fecharam as portas. S\u00f3 no primeiro semestre do ano passado, 500 lojas encerraram suas atividades.<\/p>\n<p style=\"text-align: justify;\">De acordo com a junta comercial do Estado, 1330 empresas pediram \u201cbaixa\u201d. Por outro lado, 1285 empreendimentos foram abertos. O presidente do \u00f3rg\u00e3o, Leandro Domingos, avalia que a diferen\u00e7a negativa de 55 empresas n\u00e3o est\u00e1 relacionada \u00e0 crise econ\u00f4mica.<\/p>\n<p style=\"text-align: justify;\">Para ele, houve um aumento nos pedidos de encerramento de atividades, devido a uma nova lei que extinguiu a exig\u00eancia de certid\u00f5es negativas de d\u00e9bito junto aos \u00f3rg\u00e3os federais. \u201cEm circunst\u00e2ncias normais, antes da san\u00e7\u00e3o da lei e da crise, de cada duas empresas constitu\u00eddas, uma era fechada. Ent\u00e3o, em torno de 50% de baixa. Hoje subiu um pouco, mas a gente espera que essa situa\u00e7\u00e3o seja revertida imediatamente por conta de que muitos empres\u00e1rios que queriam baixar suas empresas, j\u00e1 o fizeram\u201d, disse.<\/p>\n<p style=\"text-align: justify;\">A Associa\u00e7\u00e3o Comercial do Acre (Acisa) fala um dos motivos para a desist\u00eancia de muitos empreendedores no mundo dos neg\u00f3cios foi o aumento de custos. \u201cS\u00e3o 1300 empresas fechadas e a\u00ed voc\u00ea coloca o n\u00famero de pessoas desempregadas. Isso acaba afetando todos os segmentos de um modo geral, e isso \u00e9 muito ruim\u201d, opina o presidente da Acisa, Celestino Oliveira.<\/p>\n<p style=\"text-align: justify;\">A entidade tamb\u00e9m acredita que o pa\u00eds precisa retomar ao eixo o mais breve poss\u00edvel. Para a Acisa, o governo caminha na contra m\u00e3o do crescimento. \u201cEst\u00e3o fazendo exatamente o contr\u00e1rio, aumentando juros. Como voc\u00ea busca recursos para investir com juros t\u00e3o altos? Aumentando impostos, voc\u00ea limita suas vendas por que tem que repassar o aumento ao consumidor\u201d, argumenta.<\/p>\n","protected":false},"excerpt":{"rendered":"<p style=\"text-align: justify;\">N\u00famero representa 7,4% de empresas do estado<\/p>\n","protected":false},"author":4,"featured_media":21120,"comment_status":"open","ping_status":"open","sticky":false,"template":"","format":"standard","meta":{"jnews-multi-image_gallery":[],"jnews_single_post":[],"jnews_primary_category":[],"jnews_social_meta":[],"jnews_review":[],"enable_review":"","type":"","name":"","summary":"","brand":"","sku":"","good":[],"bad":[],"score_override":"","override_value":"","rating":[],"price":[],"footnotes":""},"categories":[54],"tags":[],"class_list":["post-21121","post","type-post","status-publish","format-standard","has-post-thumbnail","hentry","category-cotidiano"],"yoast_head":"<!-- This site is optimized with the Yoast SEO plugin v26.5 - https:\/\/yoast.com\/wordpress\/plugins\/seo\/ -->\n<title>CNC aponta que 1200 lojas fecharam no Acre entre 2014,2015 - Agazeta.net<\/title>\n<meta name=\"robots\" content=\"index, follow, max-snippet:-1, max-image-preview:large, max-video-preview:-1\" \/>\n<link rel=\"canonical\" href=\"https:\/\/nk7-testes.com.br\/agazeta\/cnc-aponta-que-1200-lojas-fecharam-no-acre-entre-2014-2015\/\" \/>\n<meta property=\"og:locale\" content=\"pt_BR\" \/>\n<meta property=\"og:type\" content=\"article\" \/>\n<meta property=\"og:title\" content=\"CNC aponta que 1200 lojas fecharam no Acre entre 2014,2015 - Agazeta.net\" \/>\n<meta property=\"og:description\" content=\"N\u00famero representa 7,4% de empresas do estado\" \/>\n<meta property=\"og:url\" content=\"https:\/\/nk7-testes.com.br\/agazeta\/cnc-aponta-que-1200-lojas-fecharam-no-acre-entre-2014-2015\/\" \/>\n<meta property=\"og:site_name\" content=\"Agazeta.net\" \/>\n<meta property=\"article:published_time\" content=\"2016-02-17T20:31:29+00:00\" \/>\n<meta property=\"og:image\" content=\"https:\/\/nk7-testes.com.br\/agazeta\/wp-content\/uploads\/2016\/02\/170216-cotidiano-lojasfechadas.jpg\" \/>\n\t<meta property=\"og:image:width\" content=\"458\" \/>\n\t<meta property=\"og:image:height\" content=\"340\" \/>\n\t<meta property=\"og:image:type\" content=\"image\/jpeg\" \/>\n<meta name=\"author\" content=\"Agazeta.Net\" \/>\n<meta name=\"twitter:card\" content=\"summary_large_image\" \/>\n<meta name=\"twitter:label1\" content=\"Escrito por\" \/>\n\t<meta name=\"twitter:data1\" content=\"Agazeta.Net\" \/>\n\t<meta name=\"twitter:label2\" content=\"Est. tempo de leitura\" \/>\n\t<meta name=\"twitter:data2\" content=\"2 minutos\" \/>\n<script type=\"application\/ld+json\" class=\"yoast-schema-graph\">{\"@context\":\"https:\/\/schema.org\",\"@graph\":[{\"@type\":\"WebPage\",\"@id\":\"https:\/\/nk7-testes.com.br\/agazeta\/cnc-aponta-que-1200-lojas-fecharam-no-acre-entre-2014-2015\/\",\"url\":\"https:\/\/nk7-testes.com.br\/agazeta\/cnc-aponta-que-1200-lojas-fecharam-no-acre-entre-2014-2015\/\",\"name\":\"CNC aponta que 1200 lojas fecharam no Acre entre 2014,2015 - Agazeta.net\",\"isPartOf\":{\"@id\":\"https:\/\/nk7-testes.com.br\/agazeta\/#website\"},\"primaryImageOfPage\":{\"@id\":\"https:\/\/nk7-testes.com.br\/agazeta\/cnc-aponta-que-1200-lojas-fecharam-no-acre-entre-2014-2015\/#primaryimage\"},\"image\":{\"@id\":\"https:\/\/nk7-testes.com.br\/agazeta\/cnc-aponta-que-1200-lojas-fecharam-no-acre-entre-2014-2015\/#primaryimage\"},\"thumbnailUrl\":\"https:\/\/nk7-testes.com.br\/agazeta\/wp-content\/uploads\/2016\/02\/170216-cotidiano-lojasfechadas.jpg\",\"datePublished\":\"2016-02-17T20:31:29+00:00\",\"author\":{\"@id\":\"https:\/\/nk7-testes.com.br\/agazeta\/#\/schema\/person\/6d6e25cb0435eb4a02fd44d30b4e3020\"},\"breadcrumb\":{\"@id\":\"https:\/\/nk7-testes.com.br\/agazeta\/cnc-aponta-que-1200-lojas-fecharam-no-acre-entre-2014-2015\/#breadcrumb\"},\"inLanguage\":\"pt-BR\",\"potentialAction\":[{\"@type\":\"ReadAction\",\"target\":[\"https:\/\/nk7-testes.com.br\/agazeta\/cnc-aponta-que-1200-lojas-fecharam-no-acre-entre-2014-2015\/\"]}]},{\"@type\":\"ImageObject\",\"inLanguage\":\"pt-BR\",\"@id\":\"https:\/\/nk7-testes.com.br\/agazeta\/cnc-aponta-que-1200-lojas-fecharam-no-acre-entre-2014-2015\/#primaryimage\",\"url\":\"https:\/\/nk7-testes.com.br\/agazeta\/wp-content\/uploads\/2016\/02\/170216-cotidiano-lojasfechadas.jpg\",\"contentUrl\":\"https:\/\/nk7-testes.com.br\/agazeta\/wp-content\/uploads\/2016\/02\/170216-cotidiano-lojasfechadas.jpg\",\"width\":458,\"height\":340,\"caption\":\"170216-cotidiano-lojasfechadas\"},{\"@type\":\"BreadcrumbList\",\"@id\":\"https:\/\/nk7-testes.com.br\/agazeta\/cnc-aponta-que-1200-lojas-fecharam-no-acre-entre-2014-2015\/#breadcrumb\",\"itemListElement\":[{\"@type\":\"ListItem\",\"position\":1,\"name\":\"In\u00edcio\",\"item\":\"https:\/\/nk7-testes.com.br\/agazeta\/\"},{\"@type\":\"ListItem\",\"position\":2,\"name\":\"CNC aponta que 1200 lojas fecharam no Acre entre 2014,2015\"}]},{\"@type\":\"WebSite\",\"@id\":\"https:\/\/nk7-testes.com.br\/agazeta\/#website\",\"url\":\"https:\/\/nk7-testes.com.br\/agazeta\/\",\"name\":\"Agazeta.net\",\"description\":\"Agazeta.net - Not\u00edcias de Rio Branco\/AC\",\"potentialAction\":[{\"@type\":\"SearchAction\",\"target\":{\"@type\":\"EntryPoint\",\"urlTemplate\":\"https:\/\/nk7-testes.com.br\/agazeta\/?s={search_term_string}\"},\"query-input\":{\"@type\":\"PropertyValueSpecification\",\"valueRequired\":true,\"valueName\":\"search_term_string\"}}],\"inLanguage\":\"pt-BR\"},{\"@type\":\"Person\",\"@id\":\"https:\/\/nk7-testes.com.br\/agazeta\/#\/schema\/person\/6d6e25cb0435eb4a02fd44d30b4e3020\",\"name\":\"Agazeta.Net\",\"url\":\"https:\/\/nk7-testes.com.br\/agazeta\/author\/agazeta\/\"}]}<\/script>\n<!-- \/ Yoast SEO plugin. -->","yoast_head_json":{"title":"CNC aponta que 1200 lojas fecharam no Acre entre 2014,2015 - Agazeta.net","robots":{"index":"index","follow":"follow","max-snippet":"max-snippet:-1","max-image-preview":"max-image-preview:large","max-video-preview":"max-video-preview:-1"},"canonical":"https:\/\/nk7-testes.com.br\/agazeta\/cnc-aponta-que-1200-lojas-fecharam-no-acre-entre-2014-2015\/","og_locale":"pt_BR","og_type":"article","og_title":"CNC aponta que 1200 lojas fecharam no Acre entre 2014,2015 - Agazeta.net","og_description":"N\u00famero representa 7,4% de empresas do estado","og_url":"https:\/\/nk7-testes.com.br\/agazeta\/cnc-aponta-que-1200-lojas-fecharam-no-acre-entre-2014-2015\/","og_site_name":"Agazeta.net","article_published_time":"2016-02-17T20:31:29+00:00","og_image":[{"width":458,"height":340,"url":"https:\/\/nk7-testes.com.br\/agazeta\/wp-content\/uploads\/2016\/02\/170216-cotidiano-lojasfechadas.jpg","type":"image\/jpeg"}],"author":"Agazeta.Net","twitter_card":"summary_large_image","twitter_misc":{"Escrito por":"Agazeta.Net","Est. tempo de leitura":"2 minutos"},"schema":{"@context":"https:\/\/schema.org","@graph":[{"@type":"WebPage","@id":"https:\/\/nk7-testes.com.br\/agazeta\/cnc-aponta-que-1200-lojas-fecharam-no-acre-entre-2014-2015\/","url":"https:\/\/nk7-testes.com.br\/agazeta\/cnc-aponta-que-1200-lojas-fecharam-no-acre-entre-2014-2015\/","name":"CNC aponta que 1200 lojas fecharam no Acre entre 2014,2015 - Agazeta.net","isPartOf":{"@id":"https:\/\/nk7-testes.com.br\/agazeta\/#website"},"primaryImageOfPage":{"@id":"https:\/\/nk7-testes.com.br\/agazeta\/cnc-aponta-que-1200-lojas-fecharam-no-acre-entre-2014-2015\/#primaryimage"},"image":{"@id":"https:\/\/nk7-testes.com.br\/agazeta\/cnc-aponta-que-1200-lojas-fecharam-no-acre-entre-2014-2015\/#primaryimage"},"thumbnailUrl":"https:\/\/nk7-testes.com.br\/agazeta\/wp-content\/uploads\/2016\/02\/170216-cotidiano-lojasfechadas.jpg","datePublished":"2016-02-17T20:31:29+00:00","author":{"@id":"https:\/\/nk7-testes.com.br\/agazeta\/#\/schema\/person\/6d6e25cb0435eb4a02fd44d30b4e3020"},"breadcrumb":{"@id":"https:\/\/nk7-testes.com.br\/agazeta\/cnc-aponta-que-1200-lojas-fecharam-no-acre-entre-2014-2015\/#breadcrumb"},"inLanguage":"pt-BR","potentialAction":[{"@type":"ReadAction","target":["https:\/\/nk7-testes.com.br\/agazeta\/cnc-aponta-que-1200-lojas-fecharam-no-acre-entre-2014-2015\/"]}]},{"@type":"ImageObject","inLanguage":"pt-BR","@id":"https:\/\/nk7-testes.com.br\/agazeta\/cnc-aponta-que-1200-lojas-fecharam-no-acre-entre-2014-2015\/#primaryimage","url":"https:\/\/nk7-testes.com.br\/agazeta\/wp-content\/uploads\/2016\/02\/170216-cotidiano-lojasfechadas.jpg","contentUrl":"https:\/\/nk7-testes.com.br\/agazeta\/wp-content\/uploads\/2016\/02\/170216-cotidiano-lojasfechadas.jpg","width":458,"height":340,"caption":"170216-cotidiano-lojasfechadas"},{"@type":"BreadcrumbList","@id":"https:\/\/nk7-testes.com.br\/agazeta\/cnc-aponta-que-1200-lojas-fecharam-no-acre-entre-2014-2015\/#breadcrumb","itemListElement":[{"@type":"ListItem","position":1,"name":"In\u00edcio","item":"https:\/\/nk7-testes.com.br\/agazeta\/"},{"@type":"ListItem","position":2,"name":"CNC aponta que 1200 lojas fecharam no Acre entre 2014,2015"}]},{"@type":"WebSite","@id":"https:\/\/nk7-testes.com.br\/agazeta\/#website","url":"https:\/\/nk7-testes.com.br\/agazeta\/","name":"Agazeta.net","description":"Agazeta.net - Not\u00edcias de Rio Branco\/AC","potentialAction":[{"@type":"SearchAction","target":{"@type":"EntryPoint","urlTemplate":"https:\/\/nk7-testes.com.br\/agazeta\/?s={search_term_string}"},"query-input":{"@type":"PropertyValueSpecification","valueRequired":true,"valueName":"search_term_string"}}],"inLanguage":"pt-BR"},{"@type":"Person","@id":"https:\/\/nk7-testes.com.br\/agazeta\/#\/schema\/person\/6d6e25cb0435eb4a02fd44d30b4e3020","name":"Agazeta.Net","url":"https:\/\/nk7-testes.com.br\/agazeta\/author\/agazeta\/"}]}},"_links":{"self":[{"href":"https:\/\/nk7-testes.com.br\/agazeta\/wp-json\/wp\/v2\/posts\/21121","targetHints":{"allow":["GET"]}}],"collection":[{"href":"https:\/\/nk7-testes.com.br\/agazeta\/wp-json\/wp\/v2\/posts"}],"about":[{"href":"https:\/\/nk7-testes.com.br\/agazeta\/wp-json\/wp\/v2\/types\/post"}],"author":[{"embeddable":true,"href":"https:\/\/nk7-testes.com.br\/agazeta\/wp-json\/wp\/v2\/users\/4"}],"replies":[{"embeddable":true,"href":"https:\/\/nk7-testes.com.br\/agazeta\/wp-json\/wp\/v2\/comments?post=21121"}],"version-history":[{"count":0,"href":"https:\/\/nk7-testes.com.br\/agazeta\/wp-json\/wp\/v2\/posts\/21121\/revisions"}],"wp:featuredmedia":[{"embeddable":true,"href":"https:\/\/nk7-testes.com.br\/agazeta\/wp-json\/wp\/v2\/media\/21120"}],"wp:attachment":[{"href":"https:\/\/nk7-testes.com.br\/agazeta\/wp-json\/wp\/v2\/media?parent=21121"}],"wp:term":[{"taxonomy":"category","embeddable":true,"href":"https:\/\/nk7-testes.com.br\/agazeta\/wp-json\/wp\/v2\/categories?post=21121"},{"taxonomy":"post_tag","embeddable":true,"href":"https:\/\/nk7-testes.com.br\/agazeta\/wp-json\/wp\/v2\/tags?post=21121"}],"curies":[{"name":"wp","href":"https:\/\/api.w.org\/{rel}","templated":true}]}}