{"id":21119,"date":"2016-02-17T18:19:26","date_gmt":"2016-02-17T18:19:26","guid":{"rendered":"https:\/\/abarevegan.com.br\/index.php\/2016\/02\/17\/ms-casos-de-microcefalia-em-investigacao-chegam-a-3-935-no-pais\/"},"modified":"2016-02-17T18:19:26","modified_gmt":"2016-02-17T18:19:26","slug":"ms-casos-de-microcefalia-em-investigacao-chegam-a-3-935-no-pais","status":"publish","type":"post","link":"https:\/\/nk7-testes.com.br\/agazeta\/ms-casos-de-microcefalia-em-investigacao-chegam-a-3-935-no-pais\/","title":{"rendered":"MS: 3.935 casos de microcefalia s\u00e3o investigados no pa\u00eds"},"content":{"rendered":"<p style=\"text-align: justify;\">No Acre foram notificados 22 casos suspeitos<\/p>\n<p style=\"text-align: justify;\">O Minist\u00e9rio da Sa\u00fade e os estados investigam 3.935 casos suspeitos de microcefalia em todo o pa\u00eds. Desse total, 60,1% dos casos (3.174) foram notificados em 2015 e 39,9% (2.106) no ano de 2016. O novo boletim divulgado nesta quarta-feira (17) aponta, tamb\u00e9m, que 508 casos j\u00e1 tiveram confirma\u00e7\u00e3o de microcefalia e\/ou outras altera\u00e7\u00f5es do sistema nervoso central, sugestivos de infec\u00e7\u00e3o cong\u00eanita. No Acre foram registrados 22 casos suspeitos, nenhum foi confirmado ou descartado ainda.<\/p>\n<p style=\"text-align: justify;\">Outros 837 casos notificados j\u00e1 foram descartados por apresentarem exames normais, ou apresentarem microcefalias e\/ou altera\u00e7\u00f5es no sistema nervoso central por causas n\u00e3o infeciosas. Amap\u00e1 e Amazonas s\u00e3o os \u00fanicos estados da federa\u00e7\u00e3o que n\u00e3o tem nenhum registro de casos.<\/p>\n<p style=\"text-align: justify;\">Os 508 casos confirmados ocorreram em 203 munic\u00edpios, localizados em 13 unidades da federa\u00e7\u00e3o: Alagoas, Bahia, Cear\u00e1, Esp\u00edrito Santo, Goi\u00e1s, Mato Grosso do Sul, Par\u00e1, Para\u00edba, Pernambuco, Piau\u00ed, Rio Grande do Norte, Rio de Janeiro e Rio Grande do Sul.<\/p>\n<p style=\"text-align: justify;\">No total, foram notificados 108 \u00f3bitos por microcefalia e\/ou altera\u00e7\u00e3o do sistema nervoso central ap\u00f3s o parto (natimorto) ou durante a gesta\u00e7\u00e3o (abortamento ou natimorto). Destes, 27 foram investigados e confirmados para microcefalia e\/ou altera\u00e7\u00e3o do sistema nervoso central. Outros 70 continuam em investiga\u00e7\u00e3o e 11 j\u00e1 foram descartados. Ao todo, 5.280 casos suspeitos de microcefalia foram registrados desde o in\u00edcio das investiga\u00e7\u00f5es em 22 de outubro de 2015 at\u00e9 13 de fevereiro de 2016.<\/p>\n<p style=\"text-align: justify;\">Cabe esclarecer que o Minist\u00e9rio da Sa\u00fade est\u00e1 investigando todos os casos de microcefalia e outras altera\u00e7\u00f5es do sistema nervoso central, informados pelos estados e a poss\u00edvel rela\u00e7\u00e3o com o v\u00edrus Zika e outras infec\u00e7\u00f5es cong\u00eanitas. A microcefalia pode ter como causa diversos agentes infecciosos al\u00e9m do Zika, como S\u00edfilis, Toxoplasmose, Outros Agentes Infecciosos, Rub\u00e9ola, Citomegalov\u00edrus e Herpes Viral.<\/p>\n<p style=\"text-align: justify;\">At\u00e9 o momento, est\u00e3o com circula\u00e7\u00e3o aut\u00f3ctone do v\u00edrus Zika 22 unidades da federa\u00e7\u00e3o. S\u00e3o elas: Goi\u00e1s, Minas Gerais, Distrito Federal, Mato Grosso do Sul, Roraima, Amazonas, Par\u00e1, Rond\u00f4nia, Mato Grosso, Tocantins, Maranh\u00e3o, Piau\u00ed, Cear\u00e1, Rio Grande do Norte, Para\u00edba, Pernambuco, Alagoas, Bahia, Esp\u00edrito Santo, Rio de Janeiro, S\u00e3o Paulo e Paran\u00e1.<\/p>\n<p style=\"text-align: justify;\">Orienta\u00e7\u00e3o<\/p>\n<p style=\"text-align: justify;\">O Minist\u00e9rio da Sa\u00fade orienta as gestantes adotarem medidas que possam reduzir a presen\u00e7a do mosquito Aedes aegypti, com a elimina\u00e7\u00e3o de criadouros, e proteger-se da exposi\u00e7\u00e3o de mosquitos, como manter portas e janelas fechadas ou teladas, usar cal\u00e7a e camisa de manga comprida e utilizar repelentes permitidos para gestantes.<\/p>\n","protected":false},"excerpt":{"rendered":"<p style=\"text-align: justify;\">No Acre foram notificados 22 casos suspeitos<\/p>\n","protected":false},"author":4,"featured_media":21118,"comment_status":"open","ping_status":"open","sticky":false,"template":"","format":"standard","meta":{"jnews-multi-image_gallery":[],"jnews_single_post":[],"jnews_primary_category":[],"jnews_social_meta":[],"jnews_review":[],"enable_review":"","type":"","name":"","summary":"","brand":"","sku":"","good":[],"bad":[],"score_override":"","override_value":"","rating":[],"price":[],"footnotes":""},"categories":[54],"tags":[],"class_list":["post-21119","post","type-post","status-publish","format-standard","has-post-thumbnail","hentry","category-cotidiano"],"yoast_head":"<!-- This site is optimized with the Yoast SEO plugin v26.5 - https:\/\/yoast.com\/wordpress\/plugins\/seo\/ -->\n<title>MS: 3.935 casos de microcefalia s\u00e3o investigados no pa\u00eds - Agazeta.net<\/title>\n<meta name=\"robots\" content=\"index, follow, max-snippet:-1, max-image-preview:large, max-video-preview:-1\" \/>\n<link rel=\"canonical\" href=\"https:\/\/nk7-testes.com.br\/agazeta\/ms-casos-de-microcefalia-em-investigacao-chegam-a-3-935-no-pais\/\" \/>\n<meta property=\"og:locale\" content=\"pt_BR\" \/>\n<meta property=\"og:type\" content=\"article\" \/>\n<meta property=\"og:title\" content=\"MS: 3.935 casos de microcefalia s\u00e3o investigados no pa\u00eds - Agazeta.net\" \/>\n<meta property=\"og:description\" content=\"No Acre foram notificados 22 casos suspeitos\" \/>\n<meta property=\"og:url\" content=\"https:\/\/nk7-testes.com.br\/agazeta\/ms-casos-de-microcefalia-em-investigacao-chegam-a-3-935-no-pais\/\" \/>\n<meta property=\"og:site_name\" content=\"Agazeta.net\" \/>\n<meta property=\"article:published_time\" content=\"2016-02-17T18:19:26+00:00\" \/>\n<meta property=\"og:image\" content=\"https:\/\/nk7-testes.com.br\/agazeta\/wp-content\/uploads\/2016\/02\/101215-cotidiano-microcefalia_410_305.jpg\" \/>\n\t<meta property=\"og:image:width\" content=\"410\" \/>\n\t<meta property=\"og:image:height\" content=\"305\" \/>\n\t<meta property=\"og:image:type\" content=\"image\/jpeg\" \/>\n<meta name=\"author\" content=\"Agazeta.Net\" \/>\n<meta name=\"twitter:card\" content=\"summary_large_image\" \/>\n<meta name=\"twitter:label1\" content=\"Escrito por\" \/>\n\t<meta name=\"twitter:data1\" content=\"Agazeta.Net\" \/>\n\t<meta name=\"twitter:label2\" content=\"Est. tempo de leitura\" \/>\n\t<meta name=\"twitter:data2\" content=\"2 minutos\" \/>\n<script type=\"application\/ld+json\" class=\"yoast-schema-graph\">{\"@context\":\"https:\/\/schema.org\",\"@graph\":[{\"@type\":\"WebPage\",\"@id\":\"https:\/\/nk7-testes.com.br\/agazeta\/ms-casos-de-microcefalia-em-investigacao-chegam-a-3-935-no-pais\/\",\"url\":\"https:\/\/nk7-testes.com.br\/agazeta\/ms-casos-de-microcefalia-em-investigacao-chegam-a-3-935-no-pais\/\",\"name\":\"MS: 3.935 casos de microcefalia s\u00e3o investigados no pa\u00eds - Agazeta.net\",\"isPartOf\":{\"@id\":\"https:\/\/nk7-testes.com.br\/agazeta\/#website\"},\"primaryImageOfPage\":{\"@id\":\"https:\/\/nk7-testes.com.br\/agazeta\/ms-casos-de-microcefalia-em-investigacao-chegam-a-3-935-no-pais\/#primaryimage\"},\"image\":{\"@id\":\"https:\/\/nk7-testes.com.br\/agazeta\/ms-casos-de-microcefalia-em-investigacao-chegam-a-3-935-no-pais\/#primaryimage\"},\"thumbnailUrl\":\"https:\/\/nk7-testes.com.br\/agazeta\/wp-content\/uploads\/2016\/02\/101215-cotidiano-microcefalia_410_305.jpg\",\"datePublished\":\"2016-02-17T18:19:26+00:00\",\"author\":{\"@id\":\"https:\/\/nk7-testes.com.br\/agazeta\/#\/schema\/person\/6d6e25cb0435eb4a02fd44d30b4e3020\"},\"breadcrumb\":{\"@id\":\"https:\/\/nk7-testes.com.br\/agazeta\/ms-casos-de-microcefalia-em-investigacao-chegam-a-3-935-no-pais\/#breadcrumb\"},\"inLanguage\":\"pt-BR\",\"potentialAction\":[{\"@type\":\"ReadAction\",\"target\":[\"https:\/\/nk7-testes.com.br\/agazeta\/ms-casos-de-microcefalia-em-investigacao-chegam-a-3-935-no-pais\/\"]}]},{\"@type\":\"ImageObject\",\"inLanguage\":\"pt-BR\",\"@id\":\"https:\/\/nk7-testes.com.br\/agazeta\/ms-casos-de-microcefalia-em-investigacao-chegam-a-3-935-no-pais\/#primaryimage\",\"url\":\"https:\/\/nk7-testes.com.br\/agazeta\/wp-content\/uploads\/2016\/02\/101215-cotidiano-microcefalia_410_305.jpg\",\"contentUrl\":\"https:\/\/nk7-testes.com.br\/agazeta\/wp-content\/uploads\/2016\/02\/101215-cotidiano-microcefalia_410_305.jpg\",\"width\":410,\"height\":305,\"caption\":\"101215-cotidiano-microcefalia 410 305\"},{\"@type\":\"BreadcrumbList\",\"@id\":\"https:\/\/nk7-testes.com.br\/agazeta\/ms-casos-de-microcefalia-em-investigacao-chegam-a-3-935-no-pais\/#breadcrumb\",\"itemListElement\":[{\"@type\":\"ListItem\",\"position\":1,\"name\":\"In\u00edcio\",\"item\":\"https:\/\/nk7-testes.com.br\/agazeta\/\"},{\"@type\":\"ListItem\",\"position\":2,\"name\":\"MS: 3.935 casos de microcefalia s\u00e3o investigados no pa\u00eds\"}]},{\"@type\":\"WebSite\",\"@id\":\"https:\/\/nk7-testes.com.br\/agazeta\/#website\",\"url\":\"https:\/\/nk7-testes.com.br\/agazeta\/\",\"name\":\"Agazeta.net\",\"description\":\"Agazeta.net - Not\u00edcias de Rio Branco\/AC\",\"potentialAction\":[{\"@type\":\"SearchAction\",\"target\":{\"@type\":\"EntryPoint\",\"urlTemplate\":\"https:\/\/nk7-testes.com.br\/agazeta\/?s={search_term_string}\"},\"query-input\":{\"@type\":\"PropertyValueSpecification\",\"valueRequired\":true,\"valueName\":\"search_term_string\"}}],\"inLanguage\":\"pt-BR\"},{\"@type\":\"Person\",\"@id\":\"https:\/\/nk7-testes.com.br\/agazeta\/#\/schema\/person\/6d6e25cb0435eb4a02fd44d30b4e3020\",\"name\":\"Agazeta.Net\",\"url\":\"https:\/\/nk7-testes.com.br\/agazeta\/author\/agazeta\/\"}]}<\/script>\n<!-- \/ Yoast SEO plugin. -->","yoast_head_json":{"title":"MS: 3.935 casos de microcefalia s\u00e3o investigados no pa\u00eds - Agazeta.net","robots":{"index":"index","follow":"follow","max-snippet":"max-snippet:-1","max-image-preview":"max-image-preview:large","max-video-preview":"max-video-preview:-1"},"canonical":"https:\/\/nk7-testes.com.br\/agazeta\/ms-casos-de-microcefalia-em-investigacao-chegam-a-3-935-no-pais\/","og_locale":"pt_BR","og_type":"article","og_title":"MS: 3.935 casos de microcefalia s\u00e3o investigados no pa\u00eds - Agazeta.net","og_description":"No Acre foram notificados 22 casos suspeitos","og_url":"https:\/\/nk7-testes.com.br\/agazeta\/ms-casos-de-microcefalia-em-investigacao-chegam-a-3-935-no-pais\/","og_site_name":"Agazeta.net","article_published_time":"2016-02-17T18:19:26+00:00","og_image":[{"width":410,"height":305,"url":"https:\/\/nk7-testes.com.br\/agazeta\/wp-content\/uploads\/2016\/02\/101215-cotidiano-microcefalia_410_305.jpg","type":"image\/jpeg"}],"author":"Agazeta.Net","twitter_card":"summary_large_image","twitter_misc":{"Escrito por":"Agazeta.Net","Est. tempo de leitura":"2 minutos"},"schema":{"@context":"https:\/\/schema.org","@graph":[{"@type":"WebPage","@id":"https:\/\/nk7-testes.com.br\/agazeta\/ms-casos-de-microcefalia-em-investigacao-chegam-a-3-935-no-pais\/","url":"https:\/\/nk7-testes.com.br\/agazeta\/ms-casos-de-microcefalia-em-investigacao-chegam-a-3-935-no-pais\/","name":"MS: 3.935 casos de microcefalia s\u00e3o investigados no pa\u00eds - Agazeta.net","isPartOf":{"@id":"https:\/\/nk7-testes.com.br\/agazeta\/#website"},"primaryImageOfPage":{"@id":"https:\/\/nk7-testes.com.br\/agazeta\/ms-casos-de-microcefalia-em-investigacao-chegam-a-3-935-no-pais\/#primaryimage"},"image":{"@id":"https:\/\/nk7-testes.com.br\/agazeta\/ms-casos-de-microcefalia-em-investigacao-chegam-a-3-935-no-pais\/#primaryimage"},"thumbnailUrl":"https:\/\/nk7-testes.com.br\/agazeta\/wp-content\/uploads\/2016\/02\/101215-cotidiano-microcefalia_410_305.jpg","datePublished":"2016-02-17T18:19:26+00:00","author":{"@id":"https:\/\/nk7-testes.com.br\/agazeta\/#\/schema\/person\/6d6e25cb0435eb4a02fd44d30b4e3020"},"breadcrumb":{"@id":"https:\/\/nk7-testes.com.br\/agazeta\/ms-casos-de-microcefalia-em-investigacao-chegam-a-3-935-no-pais\/#breadcrumb"},"inLanguage":"pt-BR","potentialAction":[{"@type":"ReadAction","target":["https:\/\/nk7-testes.com.br\/agazeta\/ms-casos-de-microcefalia-em-investigacao-chegam-a-3-935-no-pais\/"]}]},{"@type":"ImageObject","inLanguage":"pt-BR","@id":"https:\/\/nk7-testes.com.br\/agazeta\/ms-casos-de-microcefalia-em-investigacao-chegam-a-3-935-no-pais\/#primaryimage","url":"https:\/\/nk7-testes.com.br\/agazeta\/wp-content\/uploads\/2016\/02\/101215-cotidiano-microcefalia_410_305.jpg","contentUrl":"https:\/\/nk7-testes.com.br\/agazeta\/wp-content\/uploads\/2016\/02\/101215-cotidiano-microcefalia_410_305.jpg","width":410,"height":305,"caption":"101215-cotidiano-microcefalia 410 305"},{"@type":"BreadcrumbList","@id":"https:\/\/nk7-testes.com.br\/agazeta\/ms-casos-de-microcefalia-em-investigacao-chegam-a-3-935-no-pais\/#breadcrumb","itemListElement":[{"@type":"ListItem","position":1,"name":"In\u00edcio","item":"https:\/\/nk7-testes.com.br\/agazeta\/"},{"@type":"ListItem","position":2,"name":"MS: 3.935 casos de microcefalia s\u00e3o investigados no pa\u00eds"}]},{"@type":"WebSite","@id":"https:\/\/nk7-testes.com.br\/agazeta\/#website","url":"https:\/\/nk7-testes.com.br\/agazeta\/","name":"Agazeta.net","description":"Agazeta.net - Not\u00edcias de Rio Branco\/AC","potentialAction":[{"@type":"SearchAction","target":{"@type":"EntryPoint","urlTemplate":"https:\/\/nk7-testes.com.br\/agazeta\/?s={search_term_string}"},"query-input":{"@type":"PropertyValueSpecification","valueRequired":true,"valueName":"search_term_string"}}],"inLanguage":"pt-BR"},{"@type":"Person","@id":"https:\/\/nk7-testes.com.br\/agazeta\/#\/schema\/person\/6d6e25cb0435eb4a02fd44d30b4e3020","name":"Agazeta.Net","url":"https:\/\/nk7-testes.com.br\/agazeta\/author\/agazeta\/"}]}},"_links":{"self":[{"href":"https:\/\/nk7-testes.com.br\/agazeta\/wp-json\/wp\/v2\/posts\/21119","targetHints":{"allow":["GET"]}}],"collection":[{"href":"https:\/\/nk7-testes.com.br\/agazeta\/wp-json\/wp\/v2\/posts"}],"about":[{"href":"https:\/\/nk7-testes.com.br\/agazeta\/wp-json\/wp\/v2\/types\/post"}],"author":[{"embeddable":true,"href":"https:\/\/nk7-testes.com.br\/agazeta\/wp-json\/wp\/v2\/users\/4"}],"replies":[{"embeddable":true,"href":"https:\/\/nk7-testes.com.br\/agazeta\/wp-json\/wp\/v2\/comments?post=21119"}],"version-history":[{"count":0,"href":"https:\/\/nk7-testes.com.br\/agazeta\/wp-json\/wp\/v2\/posts\/21119\/revisions"}],"wp:featuredmedia":[{"embeddable":true,"href":"https:\/\/nk7-testes.com.br\/agazeta\/wp-json\/wp\/v2\/media\/21118"}],"wp:attachment":[{"href":"https:\/\/nk7-testes.com.br\/agazeta\/wp-json\/wp\/v2\/media?parent=21119"}],"wp:term":[{"taxonomy":"category","embeddable":true,"href":"https:\/\/nk7-testes.com.br\/agazeta\/wp-json\/wp\/v2\/categories?post=21119"},{"taxonomy":"post_tag","embeddable":true,"href":"https:\/\/nk7-testes.com.br\/agazeta\/wp-json\/wp\/v2\/tags?post=21119"}],"curies":[{"name":"wp","href":"https:\/\/api.w.org\/{rel}","templated":true}]}}