{"id":21109,"date":"2016-02-16T23:12:27","date_gmt":"2016-02-16T23:12:27","guid":{"rendered":"https:\/\/abarevegan.com.br\/index.php\/2016\/02\/16\/violencia-motiva-protesto-de-caminhoneiros\/"},"modified":"2016-02-16T23:12:27","modified_gmt":"2016-02-16T23:12:27","slug":"violencia-motiva-protesto-de-caminhoneiros","status":"publish","type":"post","link":"https:\/\/nk7-testes.com.br\/agazeta\/violencia-motiva-protesto-de-caminhoneiros\/","title":{"rendered":"Viol\u00eancia motiva protesto de caminhoneiros"},"content":{"rendered":"<p style=\"text-align: justify;\">Eles amea\u00e7am a fechar fronteira<\/p>\n<p style=\"text-align: justify;\">Al\u00e9m da onda de roubos a ve\u00edculos, motos e caminhonetes, que aflige o Acre, agora os caminhoneiros temem que esteja iniciando uma sequ\u00eancia de roubos a caminh\u00f5es. O sindicato da categoria est\u00e1 amea\u00e7ando fechar as fronteiras com a Bol\u00edvia no Estado e em Rond\u00f4nia, para cobrar medidas en\u00e9rgicas de seguran\u00e7a.<\/p>\n<p style=\"text-align: justify;\">H\u00e1 15 anos no of\u00edcio, o caminhoneiro Abdias Mour\u00e3o, afirma que nunca se sentiu t\u00e3o inseguro. Ele \u00e9 propriet\u00e1rio de um caminh\u00e3o ba\u00fa, onde tira o sustento da fam\u00edlia com fretes, e at\u00e9 mudou a rotina de trabalho por conta do medo. \u201c\u00c0s seis da tarde eu j\u00e1 vou pra casa, por que \u00e9 melhor ficar em seguran\u00e7a\u201d, afirma.<\/p>\n<p style=\"text-align: justify;\">O medo do trabalhador n\u00e3o \u00e9 a toa. Nos \u00faltimos dias, tem ouvido entre os colegas, que a onda de roubos e assaltos chegou \u00e0 categoria.<\/p>\n<p style=\"text-align: justify;\">A \u00faltima v\u00edtima foi atra\u00edda para a rotat\u00f3ria da corrente, na \u00faltima sexta-feira (12). Era uma chamada para um frete. \u201cFui acionado por telefone por uma mulher e cheguei l\u00e1 eram tr\u00eas elementos. Fui fazer um frete e fui assaltado\u201d, disse o homem que pediu para n\u00e3o ser identificado.<\/p>\n<p style=\"text-align: justify;\">O caminhoneiro foi levada at\u00e9 um ramal e l\u00e1 ficou amarrado com as pr\u00f3prias roupas. \u201cMe desamarrei r\u00e1pido, cerca de cinco minutos depois que eles sa\u00edram. Consegui pedir socorro em uma ch\u00e1cara e avisaram a pol\u00edcia\u201d, relatou na delegacia.<\/p>\n<p style=\"text-align: justify;\">O filho de seu Jos\u00e9 Pereira n\u00e3o teve a mesma sorte. Em junho do ano passado, atra\u00eddo para um frete, Emerson Mauro de Souza (34) foi atingido por um tiro, logo que ouviu a voz de assalto.<\/p>\n<p style=\"text-align: justify;\">Os relatos do que verdadeiramente aconteceu foram do pr\u00f3prio filho, um adolescente de 13 anos de idade, que estava acompanhando o pai no frete. O menino tamb\u00e9m foi atingido por um tiro e sobreviveu. O pai, n\u00e3o resistiu ao ferimento.<\/p>\n<p style=\"text-align: justify;\">\u201cO interesse deles era pelo caminh\u00e3o. Chegaram a comentar que fazia mais de m\u00eas que andavam atr\u00e1s. Eu queria que tivessem levado o caminh\u00e3o e deixado meu filho. O caminh\u00e3o n\u00e3o me importava, mas a vida dele sim\u201d, explica.<\/p>\n<p style=\"text-align: justify;\">Seu Jos\u00e9 tamb\u00e9m trabalha no mesmo of\u00edcio do f\u00edlho. A experi\u00eancia fez ele selecionar o tipo de frete. \u201cS\u00f3 fa\u00e7o frete se conhecer a pessoa pessoalmente. Por telefone n\u00e3o vou. A situa\u00e7\u00e3o ta dif\u00edcil, mas \u00e9 melhor preservar a vida\u201d, argumenta.<\/p>\n<p style=\"text-align: justify;\">O sindicato da categoria est\u00e1 mobilizando um manifesto pedindo seguran\u00e7a, que deve acontecer nos pr\u00f3ximos dias nas fronteiras do Acre com a Bol\u00edvia. O movimento se estende ainda \u00e0 fronteira de Guajar\u00e1 Mirim em Rond\u00f4nia.<\/p>\n<p style=\"text-align: justify;\">As sugest\u00f5es \u00e0s autoridades, os trabalhadores j\u00e1 tem na ponta da l\u00edngua. \u201cChega l\u00e1 p\u00e1ra, de l\u00e1 pra c\u00e1 para. Se identifica com documento, ent\u00e3o acho que seria melhor assim pra n\u00f3s\u201d, sugere Abdias Mour\u00e3o.<\/p>\n","protected":false},"excerpt":{"rendered":"<p style=\"text-align: justify;\">Eles amea\u00e7am a fechar fronteira<\/p>\n","protected":false},"author":4,"featured_media":21108,"comment_status":"open","ping_status":"open","sticky":false,"template":"","format":"standard","meta":{"jnews-multi-image_gallery":[],"jnews_single_post":[],"jnews_primary_category":[],"jnews_social_meta":[],"jnews_review":[],"enable_review":"","type":"","name":"","summary":"","brand":"","sku":"","good":[],"bad":[],"score_override":"","override_value":"","rating":[],"price":[],"footnotes":""},"categories":[54],"tags":[],"class_list":["post-21109","post","type-post","status-publish","format-standard","has-post-thumbnail","hentry","category-cotidiano"],"yoast_head":"<!-- This site is optimized with the Yoast SEO plugin v26.5 - https:\/\/yoast.com\/wordpress\/plugins\/seo\/ -->\n<title>Viol\u00eancia motiva protesto de caminhoneiros - Agazeta.net<\/title>\n<meta name=\"robots\" content=\"index, follow, max-snippet:-1, max-image-preview:large, max-video-preview:-1\" \/>\n<link rel=\"canonical\" href=\"https:\/\/nk7-testes.com.br\/agazeta\/violencia-motiva-protesto-de-caminhoneiros\/\" \/>\n<meta property=\"og:locale\" content=\"pt_BR\" \/>\n<meta property=\"og:type\" content=\"article\" \/>\n<meta property=\"og:title\" content=\"Viol\u00eancia motiva protesto de caminhoneiros - Agazeta.net\" \/>\n<meta property=\"og:description\" content=\"Eles amea\u00e7am a fechar fronteira\" \/>\n<meta property=\"og:url\" content=\"https:\/\/nk7-testes.com.br\/agazeta\/violencia-motiva-protesto-de-caminhoneiros\/\" \/>\n<meta property=\"og:site_name\" content=\"Agazeta.net\" \/>\n<meta property=\"article:published_time\" content=\"2016-02-16T23:12:27+00:00\" \/>\n<meta property=\"og:image\" content=\"https:\/\/nk7-testes.com.br\/agazeta\/wp-content\/uploads\/2016\/02\/160216-cotidiano-protestocaminhoneiros-tvgazeta.jpg\" \/>\n\t<meta property=\"og:image:width\" content=\"458\" \/>\n\t<meta property=\"og:image:height\" content=\"340\" \/>\n\t<meta property=\"og:image:type\" content=\"image\/jpeg\" \/>\n<meta name=\"author\" content=\"Agazeta.Net\" \/>\n<meta name=\"twitter:card\" content=\"summary_large_image\" \/>\n<meta name=\"twitter:label1\" content=\"Escrito por\" \/>\n\t<meta name=\"twitter:data1\" content=\"Agazeta.Net\" \/>\n\t<meta name=\"twitter:label2\" content=\"Est. tempo de leitura\" \/>\n\t<meta name=\"twitter:data2\" content=\"3 minutos\" \/>\n<script type=\"application\/ld+json\" class=\"yoast-schema-graph\">{\"@context\":\"https:\/\/schema.org\",\"@graph\":[{\"@type\":\"WebPage\",\"@id\":\"https:\/\/nk7-testes.com.br\/agazeta\/violencia-motiva-protesto-de-caminhoneiros\/\",\"url\":\"https:\/\/nk7-testes.com.br\/agazeta\/violencia-motiva-protesto-de-caminhoneiros\/\",\"name\":\"Viol\u00eancia motiva protesto de caminhoneiros - Agazeta.net\",\"isPartOf\":{\"@id\":\"https:\/\/nk7-testes.com.br\/agazeta\/#website\"},\"primaryImageOfPage\":{\"@id\":\"https:\/\/nk7-testes.com.br\/agazeta\/violencia-motiva-protesto-de-caminhoneiros\/#primaryimage\"},\"image\":{\"@id\":\"https:\/\/nk7-testes.com.br\/agazeta\/violencia-motiva-protesto-de-caminhoneiros\/#primaryimage\"},\"thumbnailUrl\":\"https:\/\/nk7-testes.com.br\/agazeta\/wp-content\/uploads\/2016\/02\/160216-cotidiano-protestocaminhoneiros-tvgazeta.jpg\",\"datePublished\":\"2016-02-16T23:12:27+00:00\",\"author\":{\"@id\":\"https:\/\/nk7-testes.com.br\/agazeta\/#\/schema\/person\/6d6e25cb0435eb4a02fd44d30b4e3020\"},\"breadcrumb\":{\"@id\":\"https:\/\/nk7-testes.com.br\/agazeta\/violencia-motiva-protesto-de-caminhoneiros\/#breadcrumb\"},\"inLanguage\":\"pt-BR\",\"potentialAction\":[{\"@type\":\"ReadAction\",\"target\":[\"https:\/\/nk7-testes.com.br\/agazeta\/violencia-motiva-protesto-de-caminhoneiros\/\"]}]},{\"@type\":\"ImageObject\",\"inLanguage\":\"pt-BR\",\"@id\":\"https:\/\/nk7-testes.com.br\/agazeta\/violencia-motiva-protesto-de-caminhoneiros\/#primaryimage\",\"url\":\"https:\/\/nk7-testes.com.br\/agazeta\/wp-content\/uploads\/2016\/02\/160216-cotidiano-protestocaminhoneiros-tvgazeta.jpg\",\"contentUrl\":\"https:\/\/nk7-testes.com.br\/agazeta\/wp-content\/uploads\/2016\/02\/160216-cotidiano-protestocaminhoneiros-tvgazeta.jpg\",\"width\":458,\"height\":340,\"caption\":\"160216-cotidiano-protestocaminhoneiros-tvgazeta\"},{\"@type\":\"BreadcrumbList\",\"@id\":\"https:\/\/nk7-testes.com.br\/agazeta\/violencia-motiva-protesto-de-caminhoneiros\/#breadcrumb\",\"itemListElement\":[{\"@type\":\"ListItem\",\"position\":1,\"name\":\"In\u00edcio\",\"item\":\"https:\/\/nk7-testes.com.br\/agazeta\/\"},{\"@type\":\"ListItem\",\"position\":2,\"name\":\"Viol\u00eancia motiva protesto de caminhoneiros\"}]},{\"@type\":\"WebSite\",\"@id\":\"https:\/\/nk7-testes.com.br\/agazeta\/#website\",\"url\":\"https:\/\/nk7-testes.com.br\/agazeta\/\",\"name\":\"Agazeta.net\",\"description\":\"Agazeta.net - Not\u00edcias de Rio Branco\/AC\",\"potentialAction\":[{\"@type\":\"SearchAction\",\"target\":{\"@type\":\"EntryPoint\",\"urlTemplate\":\"https:\/\/nk7-testes.com.br\/agazeta\/?s={search_term_string}\"},\"query-input\":{\"@type\":\"PropertyValueSpecification\",\"valueRequired\":true,\"valueName\":\"search_term_string\"}}],\"inLanguage\":\"pt-BR\"},{\"@type\":\"Person\",\"@id\":\"https:\/\/nk7-testes.com.br\/agazeta\/#\/schema\/person\/6d6e25cb0435eb4a02fd44d30b4e3020\",\"name\":\"Agazeta.Net\",\"url\":\"https:\/\/nk7-testes.com.br\/agazeta\/author\/agazeta\/\"}]}<\/script>\n<!-- \/ Yoast SEO plugin. -->","yoast_head_json":{"title":"Viol\u00eancia motiva protesto de caminhoneiros - Agazeta.net","robots":{"index":"index","follow":"follow","max-snippet":"max-snippet:-1","max-image-preview":"max-image-preview:large","max-video-preview":"max-video-preview:-1"},"canonical":"https:\/\/nk7-testes.com.br\/agazeta\/violencia-motiva-protesto-de-caminhoneiros\/","og_locale":"pt_BR","og_type":"article","og_title":"Viol\u00eancia motiva protesto de caminhoneiros - Agazeta.net","og_description":"Eles amea\u00e7am a fechar fronteira","og_url":"https:\/\/nk7-testes.com.br\/agazeta\/violencia-motiva-protesto-de-caminhoneiros\/","og_site_name":"Agazeta.net","article_published_time":"2016-02-16T23:12:27+00:00","og_image":[{"width":458,"height":340,"url":"https:\/\/nk7-testes.com.br\/agazeta\/wp-content\/uploads\/2016\/02\/160216-cotidiano-protestocaminhoneiros-tvgazeta.jpg","type":"image\/jpeg"}],"author":"Agazeta.Net","twitter_card":"summary_large_image","twitter_misc":{"Escrito por":"Agazeta.Net","Est. tempo de leitura":"3 minutos"},"schema":{"@context":"https:\/\/schema.org","@graph":[{"@type":"WebPage","@id":"https:\/\/nk7-testes.com.br\/agazeta\/violencia-motiva-protesto-de-caminhoneiros\/","url":"https:\/\/nk7-testes.com.br\/agazeta\/violencia-motiva-protesto-de-caminhoneiros\/","name":"Viol\u00eancia motiva protesto de caminhoneiros - Agazeta.net","isPartOf":{"@id":"https:\/\/nk7-testes.com.br\/agazeta\/#website"},"primaryImageOfPage":{"@id":"https:\/\/nk7-testes.com.br\/agazeta\/violencia-motiva-protesto-de-caminhoneiros\/#primaryimage"},"image":{"@id":"https:\/\/nk7-testes.com.br\/agazeta\/violencia-motiva-protesto-de-caminhoneiros\/#primaryimage"},"thumbnailUrl":"https:\/\/nk7-testes.com.br\/agazeta\/wp-content\/uploads\/2016\/02\/160216-cotidiano-protestocaminhoneiros-tvgazeta.jpg","datePublished":"2016-02-16T23:12:27+00:00","author":{"@id":"https:\/\/nk7-testes.com.br\/agazeta\/#\/schema\/person\/6d6e25cb0435eb4a02fd44d30b4e3020"},"breadcrumb":{"@id":"https:\/\/nk7-testes.com.br\/agazeta\/violencia-motiva-protesto-de-caminhoneiros\/#breadcrumb"},"inLanguage":"pt-BR","potentialAction":[{"@type":"ReadAction","target":["https:\/\/nk7-testes.com.br\/agazeta\/violencia-motiva-protesto-de-caminhoneiros\/"]}]},{"@type":"ImageObject","inLanguage":"pt-BR","@id":"https:\/\/nk7-testes.com.br\/agazeta\/violencia-motiva-protesto-de-caminhoneiros\/#primaryimage","url":"https:\/\/nk7-testes.com.br\/agazeta\/wp-content\/uploads\/2016\/02\/160216-cotidiano-protestocaminhoneiros-tvgazeta.jpg","contentUrl":"https:\/\/nk7-testes.com.br\/agazeta\/wp-content\/uploads\/2016\/02\/160216-cotidiano-protestocaminhoneiros-tvgazeta.jpg","width":458,"height":340,"caption":"160216-cotidiano-protestocaminhoneiros-tvgazeta"},{"@type":"BreadcrumbList","@id":"https:\/\/nk7-testes.com.br\/agazeta\/violencia-motiva-protesto-de-caminhoneiros\/#breadcrumb","itemListElement":[{"@type":"ListItem","position":1,"name":"In\u00edcio","item":"https:\/\/nk7-testes.com.br\/agazeta\/"},{"@type":"ListItem","position":2,"name":"Viol\u00eancia motiva protesto de caminhoneiros"}]},{"@type":"WebSite","@id":"https:\/\/nk7-testes.com.br\/agazeta\/#website","url":"https:\/\/nk7-testes.com.br\/agazeta\/","name":"Agazeta.net","description":"Agazeta.net - Not\u00edcias de Rio Branco\/AC","potentialAction":[{"@type":"SearchAction","target":{"@type":"EntryPoint","urlTemplate":"https:\/\/nk7-testes.com.br\/agazeta\/?s={search_term_string}"},"query-input":{"@type":"PropertyValueSpecification","valueRequired":true,"valueName":"search_term_string"}}],"inLanguage":"pt-BR"},{"@type":"Person","@id":"https:\/\/nk7-testes.com.br\/agazeta\/#\/schema\/person\/6d6e25cb0435eb4a02fd44d30b4e3020","name":"Agazeta.Net","url":"https:\/\/nk7-testes.com.br\/agazeta\/author\/agazeta\/"}]}},"_links":{"self":[{"href":"https:\/\/nk7-testes.com.br\/agazeta\/wp-json\/wp\/v2\/posts\/21109","targetHints":{"allow":["GET"]}}],"collection":[{"href":"https:\/\/nk7-testes.com.br\/agazeta\/wp-json\/wp\/v2\/posts"}],"about":[{"href":"https:\/\/nk7-testes.com.br\/agazeta\/wp-json\/wp\/v2\/types\/post"}],"author":[{"embeddable":true,"href":"https:\/\/nk7-testes.com.br\/agazeta\/wp-json\/wp\/v2\/users\/4"}],"replies":[{"embeddable":true,"href":"https:\/\/nk7-testes.com.br\/agazeta\/wp-json\/wp\/v2\/comments?post=21109"}],"version-history":[{"count":0,"href":"https:\/\/nk7-testes.com.br\/agazeta\/wp-json\/wp\/v2\/posts\/21109\/revisions"}],"wp:featuredmedia":[{"embeddable":true,"href":"https:\/\/nk7-testes.com.br\/agazeta\/wp-json\/wp\/v2\/media\/21108"}],"wp:attachment":[{"href":"https:\/\/nk7-testes.com.br\/agazeta\/wp-json\/wp\/v2\/media?parent=21109"}],"wp:term":[{"taxonomy":"category","embeddable":true,"href":"https:\/\/nk7-testes.com.br\/agazeta\/wp-json\/wp\/v2\/categories?post=21109"},{"taxonomy":"post_tag","embeddable":true,"href":"https:\/\/nk7-testes.com.br\/agazeta\/wp-json\/wp\/v2\/tags?post=21109"}],"curies":[{"name":"wp","href":"https:\/\/api.w.org\/{rel}","templated":true}]}}