{"id":21090,"date":"2016-02-15T20:59:31","date_gmt":"2016-02-15T20:59:31","guid":{"rendered":"https:\/\/abarevegan.com.br\/index.php\/2016\/02\/15\/com-aluguel-social-atrasado-manifestantes-bloqueiam-avenida-ceara\/"},"modified":"2016-02-15T20:59:31","modified_gmt":"2016-02-15T20:59:31","slug":"com-aluguel-social-atrasado-manifestantes-bloqueiam-avenida-ceara","status":"publish","type":"post","link":"https:\/\/nk7-testes.com.br\/agazeta\/com-aluguel-social-atrasado-manifestantes-bloqueiam-avenida-ceara\/","title":{"rendered":"Com aluguel social atrasado, fam\u00edlias bloqueiam Avenida Cear\u00e1"},"content":{"rendered":"<p style=\"text-align: justify;\">Tens\u00e3o entre manifestantes e motoristas marca protesto<\/p>\n<p style=\"text-align: justify;\">Por volta das 14 horas desta segunda-feira (15), os manifestantes bloquearam a avenida em tr\u00eas locais. Com ajuda de troncos que retiraram em um terreno baldio pr\u00f3ximo, fecharam a rua Omar Sabino, e os dois sentidos da Avenida Cear\u00e1.<\/p>\n<p style=\"text-align: justify;\">Como a madeira n\u00e3o foi suficiente, os moradores fizeram corrente humana para impedir que os ve\u00edculos avan\u00e7assem. A ideia se mostrou perigosa logo no in\u00edcio. Alguns motoristas que n\u00e3o queriam esperar tentaram ultrapassar a barreira. Uma caminhonete oficial, por exemplo, por pouco n\u00e3o causou um acidente. O condutor quase atropelou algumas mulheres que seguravam cartazes.<\/p>\n<p style=\"text-align: justify;\">De uma lado houve quem apoiasse o movimento. \u201c\u00c9 um direito constitucional. A gente precisa entender\u201d, disse o professor Leandro Brasil.<\/p>\n<p style=\"text-align: justify;\">De outro, motoristas mostraram indigna\u00e7\u00e3o com a in\u00e9rcia do poder p\u00fablico. \u201cSe eles est\u00e3o a\u00ed \u00e9 por que o governo deixou de atender uma necessidade. E n\u00f3s temos cerceado o direito de ir e vir, com isso\u201d, disse a secret\u00e1ria, Josilda Lima.<\/p>\n<p style=\"text-align: justify;\">Quem n\u00e3o podia esperar arriscou passar pelo canteiro central. V\u00e1rios carros, devido \u00e0 altura ficaram enroscados.<\/p>\n<p style=\"text-align: justify;\">O protesto marcado pela tens\u00e3o foi promovido por antigos moradores do Conjunto Esperan\u00e7a, sendo a maioria, fam\u00edlias que habitavam em becos do bairro, locais considerados \u00e1rea de risco.<\/p>\n<p style=\"text-align: justify;\">Durante o protesto, com ajuda de um megafone, o l\u00edder comunit\u00e1rio Arivaldo Mendes, informava aos motoristas, a raz\u00e3o da manifesta\u00e7\u00e3o. \u201cNosso aluguel social est\u00e1 atrasado. Temos casos de fam\u00edlias com at\u00e9 cinco meses de atraso\u201d, comunicava.<\/p>\n<p style=\"text-align: justify;\">Segundo o presidente da associa\u00e7\u00e3o de moradores, cerca de 120 fam\u00edlias est\u00e3o em casas com aluguel social em atraso. \u201cA situa\u00e7\u00e3o \u00e9 constrangedora, fora que muitos perdem m\u00f3veis com tantas mudan\u00e7as, j\u00e1 que s\u00e3o despejados\u201d, disse.<\/p>\n<p style=\"text-align: justify;\">No m\u00eas de outubro do ano passado, de acordo com os manifestantes, houve uma reuni\u00e3o com a Secretaria de Habita\u00e7\u00e3o, justamente para tratar do mesmo assunto: atraso do aluguel social. Agora, eles pedem que o problema seja solucionado, ou que as moradias prometidas sejam entregues. \u201cQueremos que regularizem de vez essa situa\u00e7\u00e3o ou ent\u00e3o, que parem de vender nossas casas\u201d, disse o carpinteiro Edison Silva.<\/p>\n<p><strong>Fim do protesto<\/strong><\/p>\n<p>A avenida s\u00f3 foi liberada duas horas depois do in\u00edcio do protesto, com a chegada do Secret\u00e1rio de habita\u00e7\u00e3o, Jamil Asfury.<\/p>\n<p>Segundo os manifetantes, foi garantido que amanh\u00e3 haver\u00e1 uma reuni\u00e3o \u00e0s 5 da tarde no Conjunto Habitacional Andir\u00e1, localizado na comunidade Apol\u00f4nio Sales, onde casas est\u00e3o em fase de constru\u00e7\u00e3o. Supostamente, o local de moradia das fam\u00edlias que se manifestaram.<\/p>\n<p style=\"text-align: justify;\">{youtube}d3RkuLQy_dQ{\/youtube}<\/p>\n","protected":false},"excerpt":{"rendered":"<p style=\"text-align: justify;\">Tens\u00e3o entre manifestantes e motoristas marca protesto<\/p>\n","protected":false},"author":4,"featured_media":21089,"comment_status":"open","ping_status":"open","sticky":false,"template":"","format":"standard","meta":{"jnews-multi-image_gallery":[],"jnews_single_post":[],"jnews_primary_category":[],"jnews_social_meta":[],"jnews_review":[],"enable_review":"","type":"","name":"","summary":"","brand":"","sku":"","good":[],"bad":[],"score_override":"","override_value":"","rating":[],"price":[],"footnotes":""},"categories":[54],"tags":[],"class_list":["post-21090","post","type-post","status-publish","format-standard","has-post-thumbnail","hentry","category-cotidiano"],"yoast_head":"<!-- This site is optimized with the Yoast SEO plugin v26.5 - https:\/\/yoast.com\/wordpress\/plugins\/seo\/ -->\n<title>Com aluguel social atrasado, fam\u00edlias bloqueiam Avenida Cear\u00e1 - Agazeta.net<\/title>\n<meta name=\"robots\" content=\"index, follow, max-snippet:-1, max-image-preview:large, max-video-preview:-1\" \/>\n<link rel=\"canonical\" href=\"https:\/\/nk7-testes.com.br\/agazeta\/com-aluguel-social-atrasado-manifestantes-bloqueiam-avenida-ceara\/\" \/>\n<meta property=\"og:locale\" content=\"pt_BR\" \/>\n<meta property=\"og:type\" content=\"article\" \/>\n<meta property=\"og:title\" content=\"Com aluguel social atrasado, fam\u00edlias bloqueiam Avenida Cear\u00e1 - Agazeta.net\" \/>\n<meta property=\"og:description\" content=\"Tens\u00e3o entre manifestantes e motoristas marca protesto\" \/>\n<meta property=\"og:url\" content=\"https:\/\/nk7-testes.com.br\/agazeta\/com-aluguel-social-atrasado-manifestantes-bloqueiam-avenida-ceara\/\" \/>\n<meta property=\"og:site_name\" content=\"Agazeta.net\" \/>\n<meta property=\"article:published_time\" content=\"2016-02-15T20:59:31+00:00\" \/>\n<meta property=\"og:image\" content=\"https:\/\/nk7-testes.com.br\/agazeta\/wp-content\/uploads\/2016\/02\/150216-cotidiano-manifesto.jpg\" \/>\n\t<meta property=\"og:image:width\" content=\"458\" \/>\n\t<meta property=\"og:image:height\" content=\"340\" \/>\n\t<meta property=\"og:image:type\" content=\"image\/jpeg\" \/>\n<meta name=\"author\" content=\"Agazeta.Net\" \/>\n<meta name=\"twitter:card\" content=\"summary_large_image\" \/>\n<meta name=\"twitter:label1\" content=\"Escrito por\" \/>\n\t<meta name=\"twitter:data1\" content=\"Agazeta.Net\" \/>\n\t<meta name=\"twitter:label2\" content=\"Est. tempo de leitura\" \/>\n\t<meta name=\"twitter:data2\" content=\"2 minutos\" \/>\n<script type=\"application\/ld+json\" class=\"yoast-schema-graph\">{\"@context\":\"https:\/\/schema.org\",\"@graph\":[{\"@type\":\"WebPage\",\"@id\":\"https:\/\/nk7-testes.com.br\/agazeta\/com-aluguel-social-atrasado-manifestantes-bloqueiam-avenida-ceara\/\",\"url\":\"https:\/\/nk7-testes.com.br\/agazeta\/com-aluguel-social-atrasado-manifestantes-bloqueiam-avenida-ceara\/\",\"name\":\"Com aluguel social atrasado, fam\u00edlias bloqueiam Avenida Cear\u00e1 - Agazeta.net\",\"isPartOf\":{\"@id\":\"https:\/\/nk7-testes.com.br\/agazeta\/#website\"},\"primaryImageOfPage\":{\"@id\":\"https:\/\/nk7-testes.com.br\/agazeta\/com-aluguel-social-atrasado-manifestantes-bloqueiam-avenida-ceara\/#primaryimage\"},\"image\":{\"@id\":\"https:\/\/nk7-testes.com.br\/agazeta\/com-aluguel-social-atrasado-manifestantes-bloqueiam-avenida-ceara\/#primaryimage\"},\"thumbnailUrl\":\"https:\/\/nk7-testes.com.br\/agazeta\/wp-content\/uploads\/2016\/02\/150216-cotidiano-manifesto.jpg\",\"datePublished\":\"2016-02-15T20:59:31+00:00\",\"author\":{\"@id\":\"https:\/\/nk7-testes.com.br\/agazeta\/#\/schema\/person\/6d6e25cb0435eb4a02fd44d30b4e3020\"},\"breadcrumb\":{\"@id\":\"https:\/\/nk7-testes.com.br\/agazeta\/com-aluguel-social-atrasado-manifestantes-bloqueiam-avenida-ceara\/#breadcrumb\"},\"inLanguage\":\"pt-BR\",\"potentialAction\":[{\"@type\":\"ReadAction\",\"target\":[\"https:\/\/nk7-testes.com.br\/agazeta\/com-aluguel-social-atrasado-manifestantes-bloqueiam-avenida-ceara\/\"]}]},{\"@type\":\"ImageObject\",\"inLanguage\":\"pt-BR\",\"@id\":\"https:\/\/nk7-testes.com.br\/agazeta\/com-aluguel-social-atrasado-manifestantes-bloqueiam-avenida-ceara\/#primaryimage\",\"url\":\"https:\/\/nk7-testes.com.br\/agazeta\/wp-content\/uploads\/2016\/02\/150216-cotidiano-manifesto.jpg\",\"contentUrl\":\"https:\/\/nk7-testes.com.br\/agazeta\/wp-content\/uploads\/2016\/02\/150216-cotidiano-manifesto.jpg\",\"width\":458,\"height\":340,\"caption\":\"150216-cotidiano-manifesto\"},{\"@type\":\"BreadcrumbList\",\"@id\":\"https:\/\/nk7-testes.com.br\/agazeta\/com-aluguel-social-atrasado-manifestantes-bloqueiam-avenida-ceara\/#breadcrumb\",\"itemListElement\":[{\"@type\":\"ListItem\",\"position\":1,\"name\":\"In\u00edcio\",\"item\":\"https:\/\/nk7-testes.com.br\/agazeta\/\"},{\"@type\":\"ListItem\",\"position\":2,\"name\":\"Com aluguel social atrasado, fam\u00edlias bloqueiam Avenida Cear\u00e1\"}]},{\"@type\":\"WebSite\",\"@id\":\"https:\/\/nk7-testes.com.br\/agazeta\/#website\",\"url\":\"https:\/\/nk7-testes.com.br\/agazeta\/\",\"name\":\"Agazeta.net\",\"description\":\"Agazeta.net - Not\u00edcias de Rio Branco\/AC\",\"potentialAction\":[{\"@type\":\"SearchAction\",\"target\":{\"@type\":\"EntryPoint\",\"urlTemplate\":\"https:\/\/nk7-testes.com.br\/agazeta\/?s={search_term_string}\"},\"query-input\":{\"@type\":\"PropertyValueSpecification\",\"valueRequired\":true,\"valueName\":\"search_term_string\"}}],\"inLanguage\":\"pt-BR\"},{\"@type\":\"Person\",\"@id\":\"https:\/\/nk7-testes.com.br\/agazeta\/#\/schema\/person\/6d6e25cb0435eb4a02fd44d30b4e3020\",\"name\":\"Agazeta.Net\",\"url\":\"https:\/\/nk7-testes.com.br\/agazeta\/author\/agazeta\/\"}]}<\/script>\n<!-- \/ Yoast SEO plugin. -->","yoast_head_json":{"title":"Com aluguel social atrasado, fam\u00edlias bloqueiam Avenida Cear\u00e1 - Agazeta.net","robots":{"index":"index","follow":"follow","max-snippet":"max-snippet:-1","max-image-preview":"max-image-preview:large","max-video-preview":"max-video-preview:-1"},"canonical":"https:\/\/nk7-testes.com.br\/agazeta\/com-aluguel-social-atrasado-manifestantes-bloqueiam-avenida-ceara\/","og_locale":"pt_BR","og_type":"article","og_title":"Com aluguel social atrasado, fam\u00edlias bloqueiam Avenida Cear\u00e1 - Agazeta.net","og_description":"Tens\u00e3o entre manifestantes e motoristas marca protesto","og_url":"https:\/\/nk7-testes.com.br\/agazeta\/com-aluguel-social-atrasado-manifestantes-bloqueiam-avenida-ceara\/","og_site_name":"Agazeta.net","article_published_time":"2016-02-15T20:59:31+00:00","og_image":[{"width":458,"height":340,"url":"https:\/\/nk7-testes.com.br\/agazeta\/wp-content\/uploads\/2016\/02\/150216-cotidiano-manifesto.jpg","type":"image\/jpeg"}],"author":"Agazeta.Net","twitter_card":"summary_large_image","twitter_misc":{"Escrito por":"Agazeta.Net","Est. tempo de leitura":"2 minutos"},"schema":{"@context":"https:\/\/schema.org","@graph":[{"@type":"WebPage","@id":"https:\/\/nk7-testes.com.br\/agazeta\/com-aluguel-social-atrasado-manifestantes-bloqueiam-avenida-ceara\/","url":"https:\/\/nk7-testes.com.br\/agazeta\/com-aluguel-social-atrasado-manifestantes-bloqueiam-avenida-ceara\/","name":"Com aluguel social atrasado, fam\u00edlias bloqueiam Avenida Cear\u00e1 - Agazeta.net","isPartOf":{"@id":"https:\/\/nk7-testes.com.br\/agazeta\/#website"},"primaryImageOfPage":{"@id":"https:\/\/nk7-testes.com.br\/agazeta\/com-aluguel-social-atrasado-manifestantes-bloqueiam-avenida-ceara\/#primaryimage"},"image":{"@id":"https:\/\/nk7-testes.com.br\/agazeta\/com-aluguel-social-atrasado-manifestantes-bloqueiam-avenida-ceara\/#primaryimage"},"thumbnailUrl":"https:\/\/nk7-testes.com.br\/agazeta\/wp-content\/uploads\/2016\/02\/150216-cotidiano-manifesto.jpg","datePublished":"2016-02-15T20:59:31+00:00","author":{"@id":"https:\/\/nk7-testes.com.br\/agazeta\/#\/schema\/person\/6d6e25cb0435eb4a02fd44d30b4e3020"},"breadcrumb":{"@id":"https:\/\/nk7-testes.com.br\/agazeta\/com-aluguel-social-atrasado-manifestantes-bloqueiam-avenida-ceara\/#breadcrumb"},"inLanguage":"pt-BR","potentialAction":[{"@type":"ReadAction","target":["https:\/\/nk7-testes.com.br\/agazeta\/com-aluguel-social-atrasado-manifestantes-bloqueiam-avenida-ceara\/"]}]},{"@type":"ImageObject","inLanguage":"pt-BR","@id":"https:\/\/nk7-testes.com.br\/agazeta\/com-aluguel-social-atrasado-manifestantes-bloqueiam-avenida-ceara\/#primaryimage","url":"https:\/\/nk7-testes.com.br\/agazeta\/wp-content\/uploads\/2016\/02\/150216-cotidiano-manifesto.jpg","contentUrl":"https:\/\/nk7-testes.com.br\/agazeta\/wp-content\/uploads\/2016\/02\/150216-cotidiano-manifesto.jpg","width":458,"height":340,"caption":"150216-cotidiano-manifesto"},{"@type":"BreadcrumbList","@id":"https:\/\/nk7-testes.com.br\/agazeta\/com-aluguel-social-atrasado-manifestantes-bloqueiam-avenida-ceara\/#breadcrumb","itemListElement":[{"@type":"ListItem","position":1,"name":"In\u00edcio","item":"https:\/\/nk7-testes.com.br\/agazeta\/"},{"@type":"ListItem","position":2,"name":"Com aluguel social atrasado, fam\u00edlias bloqueiam Avenida Cear\u00e1"}]},{"@type":"WebSite","@id":"https:\/\/nk7-testes.com.br\/agazeta\/#website","url":"https:\/\/nk7-testes.com.br\/agazeta\/","name":"Agazeta.net","description":"Agazeta.net - Not\u00edcias de Rio Branco\/AC","potentialAction":[{"@type":"SearchAction","target":{"@type":"EntryPoint","urlTemplate":"https:\/\/nk7-testes.com.br\/agazeta\/?s={search_term_string}"},"query-input":{"@type":"PropertyValueSpecification","valueRequired":true,"valueName":"search_term_string"}}],"inLanguage":"pt-BR"},{"@type":"Person","@id":"https:\/\/nk7-testes.com.br\/agazeta\/#\/schema\/person\/6d6e25cb0435eb4a02fd44d30b4e3020","name":"Agazeta.Net","url":"https:\/\/nk7-testes.com.br\/agazeta\/author\/agazeta\/"}]}},"_links":{"self":[{"href":"https:\/\/nk7-testes.com.br\/agazeta\/wp-json\/wp\/v2\/posts\/21090","targetHints":{"allow":["GET"]}}],"collection":[{"href":"https:\/\/nk7-testes.com.br\/agazeta\/wp-json\/wp\/v2\/posts"}],"about":[{"href":"https:\/\/nk7-testes.com.br\/agazeta\/wp-json\/wp\/v2\/types\/post"}],"author":[{"embeddable":true,"href":"https:\/\/nk7-testes.com.br\/agazeta\/wp-json\/wp\/v2\/users\/4"}],"replies":[{"embeddable":true,"href":"https:\/\/nk7-testes.com.br\/agazeta\/wp-json\/wp\/v2\/comments?post=21090"}],"version-history":[{"count":0,"href":"https:\/\/nk7-testes.com.br\/agazeta\/wp-json\/wp\/v2\/posts\/21090\/revisions"}],"wp:featuredmedia":[{"embeddable":true,"href":"https:\/\/nk7-testes.com.br\/agazeta\/wp-json\/wp\/v2\/media\/21089"}],"wp:attachment":[{"href":"https:\/\/nk7-testes.com.br\/agazeta\/wp-json\/wp\/v2\/media?parent=21090"}],"wp:term":[{"taxonomy":"category","embeddable":true,"href":"https:\/\/nk7-testes.com.br\/agazeta\/wp-json\/wp\/v2\/categories?post=21090"},{"taxonomy":"post_tag","embeddable":true,"href":"https:\/\/nk7-testes.com.br\/agazeta\/wp-json\/wp\/v2\/tags?post=21090"}],"curies":[{"name":"wp","href":"https:\/\/api.w.org\/{rel}","templated":true}]}}