{"id":21085,"date":"2016-02-15T20:33:36","date_gmt":"2016-02-15T20:33:36","guid":{"rendered":"https:\/\/abarevegan.com.br\/index.php\/2016\/02\/15\/ano-letivo-comeca-sem-conflitos-na-rede-publica\/"},"modified":"2016-02-15T20:33:36","modified_gmt":"2016-02-15T20:33:36","slug":"ano-letivo-comeca-sem-conflitos-na-rede-publica","status":"publish","type":"post","link":"https:\/\/nk7-testes.com.br\/agazeta\/ano-letivo-comeca-sem-conflitos-na-rede-publica\/","title":{"rendered":"Ano letivo come\u00e7a sem conflitos na rede p\u00fablica"},"content":{"rendered":"<p style=\"text-align: justify;\">Amea\u00e7a de greve n\u00e3o se concretiza<\/p>\n<p style=\"text-align: justify;\">Na rede estadual, cerca de 160 mil alunos, em 650 institui\u00e7\u00f5es de ensino, come\u00e7aram as aulas nesta segunda-feira (15). A previs\u00e3o \u00e9 que o ano letivo termine no dia 16 de dezembro.<\/p>\n<p style=\"text-align: justify;\">Na rede municipal s\u00e3o pelo menos 92 escolas que iniciaram o ano letivo. Cerca de 23 mil alunos est\u00e3o matriculados. As unidades da zona rural ainda n\u00e3o iniciaram as aulas devido \u00e0s chuvas.<\/p>\n<p style=\"text-align: justify;\">\u201cA perspectiva \u00e9 muito positiva para o ano letivo de 2016. Estamos come\u00e7ando mais cedo, diferente do ano passado que tivemos a alaga\u00e7\u00e3o\u201d, disse o Secret\u00e1rio Municipal de Educa\u00e7\u00e3o, M\u00e1rcio Batista.<\/p>\n<p style=\"text-align: justify;\">Gr\u00e1vida de oito meses, Larissa Silva saiu cedo de casa para acompanhar o filho no primeiro dia de aula. O pequeno Miguel est\u00e1 prestes a completar tr\u00eas anos. Como a m\u00e3e ainda teme a adapta\u00e7\u00e3o do filho a esse mundo ainda desconhecido para ele, decidiu ficar no seu primeiro dia na creche.<\/p>\n<p style=\"text-align: justify;\">\u201cEspero que ele se adapte a escolinha pra eu ficar mais tranquila e tamb\u00e9m para que ele se desenvolva melhor\u201d.<\/p>\n<p style=\"text-align: justify;\">De acordo com o Secret\u00e1rio de Estadual Educa\u00e7\u00e3o, Marco Brand\u00e3o, existem algumas unidades que v\u00e3o abrir em outra data porque foram afetadas com a enchente do ano passado ou ainda passam por reforma.<\/p>\n<p style=\"text-align: justify;\"><strong>Greve?<\/strong><\/p>\n<p style=\"text-align: justify;\">Na semana passada, o Sindicato dos Trabalhadores em Educa\u00e7\u00e3o, o Sinteac, iria se reunir para deliberar sobre uma poss\u00edvel greve, o que n\u00e3o aconteceu devido \u00e0 falta de qu\u00f3rum na Assembleia, apesar de n\u00e3o haver data prevista, a presidente do Sinteac n\u00e3o descartou uma greve para este ano.<\/p>\n<p style=\"text-align: justify;\">J\u00e1 o secret\u00e1rio disse que vai buscar negocia\u00e7\u00e3o e que est\u00e1 confiante de que a categoria e governo cheguem a um acordo positivo, \u201cassinalamos uma perspectiva de reajuste, apresentamos a proposta e estamos aguardando a contraproposta dos sindicatos. Estamos confiantes de que chegaremos num consenso e que n\u00e3o haver\u00e1 nenhum contratempo para prejudicar nossos alunos\u201d.<\/p>\n","protected":false},"excerpt":{"rendered":"<p style=\"text-align: justify;\">Amea\u00e7a de greve n\u00e3o se concretiza<\/p>\n","protected":false},"author":4,"featured_media":21084,"comment_status":"open","ping_status":"open","sticky":false,"template":"","format":"standard","meta":{"jnews-multi-image_gallery":[],"jnews_single_post":[],"jnews_primary_category":[],"jnews_social_meta":[],"jnews_review":[],"enable_review":"","type":"","name":"","summary":"","brand":"","sku":"","good":[],"bad":[],"score_override":"","override_value":"","rating":[],"price":[],"footnotes":""},"categories":[54],"tags":[],"class_list":["post-21085","post","type-post","status-publish","format-standard","has-post-thumbnail","hentry","category-cotidiano"],"yoast_head":"<!-- This site is optimized with the Yoast SEO plugin v26.5 - https:\/\/yoast.com\/wordpress\/plugins\/seo\/ -->\n<title>Ano letivo come\u00e7a sem conflitos na rede p\u00fablica - Agazeta.net<\/title>\n<meta name=\"robots\" content=\"index, follow, max-snippet:-1, max-image-preview:large, max-video-preview:-1\" \/>\n<link rel=\"canonical\" href=\"https:\/\/nk7-testes.com.br\/agazeta\/ano-letivo-comeca-sem-conflitos-na-rede-publica\/\" \/>\n<meta property=\"og:locale\" content=\"pt_BR\" \/>\n<meta property=\"og:type\" content=\"article\" \/>\n<meta property=\"og:title\" content=\"Ano letivo come\u00e7a sem conflitos na rede p\u00fablica - Agazeta.net\" \/>\n<meta property=\"og:description\" content=\"Amea\u00e7a de greve n\u00e3o se concretiza\" \/>\n<meta property=\"og:url\" content=\"https:\/\/nk7-testes.com.br\/agazeta\/ano-letivo-comeca-sem-conflitos-na-rede-publica\/\" \/>\n<meta property=\"og:site_name\" content=\"Agazeta.net\" \/>\n<meta property=\"article:published_time\" content=\"2016-02-15T20:33:36+00:00\" \/>\n<meta property=\"og:image\" content=\"https:\/\/nk7-testes.com.br\/agazeta\/wp-content\/uploads\/2016\/02\/150216-cotidiano-voltaasaulas-mirianeteles.jpg\" \/>\n\t<meta property=\"og:image:width\" content=\"458\" \/>\n\t<meta property=\"og:image:height\" content=\"340\" \/>\n\t<meta property=\"og:image:type\" content=\"image\/jpeg\" \/>\n<meta name=\"author\" content=\"Agazeta.Net\" \/>\n<meta name=\"twitter:card\" content=\"summary_large_image\" \/>\n<meta name=\"twitter:label1\" content=\"Escrito por\" \/>\n\t<meta name=\"twitter:data1\" content=\"Agazeta.Net\" \/>\n\t<meta name=\"twitter:label2\" content=\"Est. tempo de leitura\" \/>\n\t<meta name=\"twitter:data2\" content=\"2 minutos\" \/>\n<script type=\"application\/ld+json\" class=\"yoast-schema-graph\">{\"@context\":\"https:\/\/schema.org\",\"@graph\":[{\"@type\":\"WebPage\",\"@id\":\"https:\/\/nk7-testes.com.br\/agazeta\/ano-letivo-comeca-sem-conflitos-na-rede-publica\/\",\"url\":\"https:\/\/nk7-testes.com.br\/agazeta\/ano-letivo-comeca-sem-conflitos-na-rede-publica\/\",\"name\":\"Ano letivo come\u00e7a sem conflitos na rede p\u00fablica - Agazeta.net\",\"isPartOf\":{\"@id\":\"https:\/\/nk7-testes.com.br\/agazeta\/#website\"},\"primaryImageOfPage\":{\"@id\":\"https:\/\/nk7-testes.com.br\/agazeta\/ano-letivo-comeca-sem-conflitos-na-rede-publica\/#primaryimage\"},\"image\":{\"@id\":\"https:\/\/nk7-testes.com.br\/agazeta\/ano-letivo-comeca-sem-conflitos-na-rede-publica\/#primaryimage\"},\"thumbnailUrl\":\"https:\/\/nk7-testes.com.br\/agazeta\/wp-content\/uploads\/2016\/02\/150216-cotidiano-voltaasaulas-mirianeteles.jpg\",\"datePublished\":\"2016-02-15T20:33:36+00:00\",\"author\":{\"@id\":\"https:\/\/nk7-testes.com.br\/agazeta\/#\/schema\/person\/6d6e25cb0435eb4a02fd44d30b4e3020\"},\"breadcrumb\":{\"@id\":\"https:\/\/nk7-testes.com.br\/agazeta\/ano-letivo-comeca-sem-conflitos-na-rede-publica\/#breadcrumb\"},\"inLanguage\":\"pt-BR\",\"potentialAction\":[{\"@type\":\"ReadAction\",\"target\":[\"https:\/\/nk7-testes.com.br\/agazeta\/ano-letivo-comeca-sem-conflitos-na-rede-publica\/\"]}]},{\"@type\":\"ImageObject\",\"inLanguage\":\"pt-BR\",\"@id\":\"https:\/\/nk7-testes.com.br\/agazeta\/ano-letivo-comeca-sem-conflitos-na-rede-publica\/#primaryimage\",\"url\":\"https:\/\/nk7-testes.com.br\/agazeta\/wp-content\/uploads\/2016\/02\/150216-cotidiano-voltaasaulas-mirianeteles.jpg\",\"contentUrl\":\"https:\/\/nk7-testes.com.br\/agazeta\/wp-content\/uploads\/2016\/02\/150216-cotidiano-voltaasaulas-mirianeteles.jpg\",\"width\":458,\"height\":340,\"caption\":\"150216-cotidiano-voltaasaulas-mirianeteles\"},{\"@type\":\"BreadcrumbList\",\"@id\":\"https:\/\/nk7-testes.com.br\/agazeta\/ano-letivo-comeca-sem-conflitos-na-rede-publica\/#breadcrumb\",\"itemListElement\":[{\"@type\":\"ListItem\",\"position\":1,\"name\":\"In\u00edcio\",\"item\":\"https:\/\/nk7-testes.com.br\/agazeta\/\"},{\"@type\":\"ListItem\",\"position\":2,\"name\":\"Ano letivo come\u00e7a sem conflitos na rede p\u00fablica\"}]},{\"@type\":\"WebSite\",\"@id\":\"https:\/\/nk7-testes.com.br\/agazeta\/#website\",\"url\":\"https:\/\/nk7-testes.com.br\/agazeta\/\",\"name\":\"Agazeta.net\",\"description\":\"Agazeta.net - Not\u00edcias de Rio Branco\/AC\",\"potentialAction\":[{\"@type\":\"SearchAction\",\"target\":{\"@type\":\"EntryPoint\",\"urlTemplate\":\"https:\/\/nk7-testes.com.br\/agazeta\/?s={search_term_string}\"},\"query-input\":{\"@type\":\"PropertyValueSpecification\",\"valueRequired\":true,\"valueName\":\"search_term_string\"}}],\"inLanguage\":\"pt-BR\"},{\"@type\":\"Person\",\"@id\":\"https:\/\/nk7-testes.com.br\/agazeta\/#\/schema\/person\/6d6e25cb0435eb4a02fd44d30b4e3020\",\"name\":\"Agazeta.Net\",\"url\":\"https:\/\/nk7-testes.com.br\/agazeta\/author\/agazeta\/\"}]}<\/script>\n<!-- \/ Yoast SEO plugin. -->","yoast_head_json":{"title":"Ano letivo come\u00e7a sem conflitos na rede p\u00fablica - Agazeta.net","robots":{"index":"index","follow":"follow","max-snippet":"max-snippet:-1","max-image-preview":"max-image-preview:large","max-video-preview":"max-video-preview:-1"},"canonical":"https:\/\/nk7-testes.com.br\/agazeta\/ano-letivo-comeca-sem-conflitos-na-rede-publica\/","og_locale":"pt_BR","og_type":"article","og_title":"Ano letivo come\u00e7a sem conflitos na rede p\u00fablica - Agazeta.net","og_description":"Amea\u00e7a de greve n\u00e3o se concretiza","og_url":"https:\/\/nk7-testes.com.br\/agazeta\/ano-letivo-comeca-sem-conflitos-na-rede-publica\/","og_site_name":"Agazeta.net","article_published_time":"2016-02-15T20:33:36+00:00","og_image":[{"width":458,"height":340,"url":"https:\/\/nk7-testes.com.br\/agazeta\/wp-content\/uploads\/2016\/02\/150216-cotidiano-voltaasaulas-mirianeteles.jpg","type":"image\/jpeg"}],"author":"Agazeta.Net","twitter_card":"summary_large_image","twitter_misc":{"Escrito por":"Agazeta.Net","Est. tempo de leitura":"2 minutos"},"schema":{"@context":"https:\/\/schema.org","@graph":[{"@type":"WebPage","@id":"https:\/\/nk7-testes.com.br\/agazeta\/ano-letivo-comeca-sem-conflitos-na-rede-publica\/","url":"https:\/\/nk7-testes.com.br\/agazeta\/ano-letivo-comeca-sem-conflitos-na-rede-publica\/","name":"Ano letivo come\u00e7a sem conflitos na rede p\u00fablica - Agazeta.net","isPartOf":{"@id":"https:\/\/nk7-testes.com.br\/agazeta\/#website"},"primaryImageOfPage":{"@id":"https:\/\/nk7-testes.com.br\/agazeta\/ano-letivo-comeca-sem-conflitos-na-rede-publica\/#primaryimage"},"image":{"@id":"https:\/\/nk7-testes.com.br\/agazeta\/ano-letivo-comeca-sem-conflitos-na-rede-publica\/#primaryimage"},"thumbnailUrl":"https:\/\/nk7-testes.com.br\/agazeta\/wp-content\/uploads\/2016\/02\/150216-cotidiano-voltaasaulas-mirianeteles.jpg","datePublished":"2016-02-15T20:33:36+00:00","author":{"@id":"https:\/\/nk7-testes.com.br\/agazeta\/#\/schema\/person\/6d6e25cb0435eb4a02fd44d30b4e3020"},"breadcrumb":{"@id":"https:\/\/nk7-testes.com.br\/agazeta\/ano-letivo-comeca-sem-conflitos-na-rede-publica\/#breadcrumb"},"inLanguage":"pt-BR","potentialAction":[{"@type":"ReadAction","target":["https:\/\/nk7-testes.com.br\/agazeta\/ano-letivo-comeca-sem-conflitos-na-rede-publica\/"]}]},{"@type":"ImageObject","inLanguage":"pt-BR","@id":"https:\/\/nk7-testes.com.br\/agazeta\/ano-letivo-comeca-sem-conflitos-na-rede-publica\/#primaryimage","url":"https:\/\/nk7-testes.com.br\/agazeta\/wp-content\/uploads\/2016\/02\/150216-cotidiano-voltaasaulas-mirianeteles.jpg","contentUrl":"https:\/\/nk7-testes.com.br\/agazeta\/wp-content\/uploads\/2016\/02\/150216-cotidiano-voltaasaulas-mirianeteles.jpg","width":458,"height":340,"caption":"150216-cotidiano-voltaasaulas-mirianeteles"},{"@type":"BreadcrumbList","@id":"https:\/\/nk7-testes.com.br\/agazeta\/ano-letivo-comeca-sem-conflitos-na-rede-publica\/#breadcrumb","itemListElement":[{"@type":"ListItem","position":1,"name":"In\u00edcio","item":"https:\/\/nk7-testes.com.br\/agazeta\/"},{"@type":"ListItem","position":2,"name":"Ano letivo come\u00e7a sem conflitos na rede p\u00fablica"}]},{"@type":"WebSite","@id":"https:\/\/nk7-testes.com.br\/agazeta\/#website","url":"https:\/\/nk7-testes.com.br\/agazeta\/","name":"Agazeta.net","description":"Agazeta.net - Not\u00edcias de Rio Branco\/AC","potentialAction":[{"@type":"SearchAction","target":{"@type":"EntryPoint","urlTemplate":"https:\/\/nk7-testes.com.br\/agazeta\/?s={search_term_string}"},"query-input":{"@type":"PropertyValueSpecification","valueRequired":true,"valueName":"search_term_string"}}],"inLanguage":"pt-BR"},{"@type":"Person","@id":"https:\/\/nk7-testes.com.br\/agazeta\/#\/schema\/person\/6d6e25cb0435eb4a02fd44d30b4e3020","name":"Agazeta.Net","url":"https:\/\/nk7-testes.com.br\/agazeta\/author\/agazeta\/"}]}},"_links":{"self":[{"href":"https:\/\/nk7-testes.com.br\/agazeta\/wp-json\/wp\/v2\/posts\/21085","targetHints":{"allow":["GET"]}}],"collection":[{"href":"https:\/\/nk7-testes.com.br\/agazeta\/wp-json\/wp\/v2\/posts"}],"about":[{"href":"https:\/\/nk7-testes.com.br\/agazeta\/wp-json\/wp\/v2\/types\/post"}],"author":[{"embeddable":true,"href":"https:\/\/nk7-testes.com.br\/agazeta\/wp-json\/wp\/v2\/users\/4"}],"replies":[{"embeddable":true,"href":"https:\/\/nk7-testes.com.br\/agazeta\/wp-json\/wp\/v2\/comments?post=21085"}],"version-history":[{"count":0,"href":"https:\/\/nk7-testes.com.br\/agazeta\/wp-json\/wp\/v2\/posts\/21085\/revisions"}],"wp:featuredmedia":[{"embeddable":true,"href":"https:\/\/nk7-testes.com.br\/agazeta\/wp-json\/wp\/v2\/media\/21084"}],"wp:attachment":[{"href":"https:\/\/nk7-testes.com.br\/agazeta\/wp-json\/wp\/v2\/media?parent=21085"}],"wp:term":[{"taxonomy":"category","embeddable":true,"href":"https:\/\/nk7-testes.com.br\/agazeta\/wp-json\/wp\/v2\/categories?post=21085"},{"taxonomy":"post_tag","embeddable":true,"href":"https:\/\/nk7-testes.com.br\/agazeta\/wp-json\/wp\/v2\/tags?post=21085"}],"curies":[{"name":"wp","href":"https:\/\/api.w.org\/{rel}","templated":true}]}}